{"id":5003,"date":"2026-03-12T00:59:00","date_gmt":"2026-03-12T07:59:00","guid":{"rendered":"https:\/\/buenosdiasbcs.com\/?p=5003"},"modified":"2026-03-11T19:00:50","modified_gmt":"2026-03-12T02:00:50","slug":"hablan-sheinbaum-y-petro-critica-exclusion-en-cumbre-antinarco-de-trump","status":"publish","type":"post","link":"https:\/\/buenosdiasbcs.com\/?p=5003","title":{"rendered":"Hablan Sheinbaum y Petro; critica exclusi\u00f3n en cumbre \u201cantinarco\u201d de Trump"},"content":{"rendered":"\n<h2 class=\"wp-block-heading\" id=\"h-dias-despues-de-la-cumbre-escudo-de-las-americas-donde-fueron-excluidos-sheinbaum-y-petro-dialogaron-sobre-integracion-latinoamericana\">D\u00edas despu\u00e9s de la cumbre Escudo de las Am\u00e9ricas, donde fueron excluidos, Sheinbaum y Petro dialogaron sobre integraci\u00f3n latinoamericana.<\/h2>\n\n\n\n<p><strong>Ciudad de M\u00e9xico.-<\/strong>&nbsp;La Presidenta&nbsp;<strong>Claudia Sheinbaum<\/strong>&nbsp;sostuvo este mi\u00e9rcoles una conversaci\u00f3n telef\u00f3nica con su hom\u00f3logo de Colombia,&nbsp;<strong>Gustavo Petro<\/strong>, inform\u00f3 la Presidencia de ese Pa\u00eds.<\/p>\n\n\n\n<p>El Gobierno colombiano dio a conocer el di\u00e1logo a trav\u00e9s de sus redes sociales y se\u00f1al\u00f3 que&nbsp;<strong>ambos Mandatarios abordaron temas internacionales<\/strong>&nbsp;y de integraci\u00f3n regional.<\/p>\n\n\n\n<blockquote class=\"wp-block-quote is-layout-flow wp-block-quote-is-layout-flow\">\n<p>\u201c&nbsp;El Presidente&nbsp;<strong>@PetroGustavo<\/strong>&nbsp;convers\u00f3 este mi\u00e9rcoles con la presidenta de M\u00e9xico,&nbsp;<strong>@Claudiashein.<\/strong>&nbsp;Durante el di\u00e1logo, ambos mandatarios abordaron temas como el conflicto en Medio Oriente, la uni\u00f3n latinoamericana, entre otros\u201d, inform\u00f3 la Presidencia de&nbsp;<strong>Colombia.<\/strong><\/p>\n<\/blockquote>\n\n\n\n<p>De manera paralela,&nbsp;<strong>Petro<\/strong>&nbsp;public\u00f3 en sus redes personales un mensaje en el que critic\u00f3 la cumbre antinarco convocada por el Presidente de Estados Unidos,&nbsp;<strong>Donald Trump<\/strong>.<\/p>\n\n\n\n<blockquote class=\"wp-block-quote is-layout-flow wp-block-quote-is-layout-flow\">\n<p>\u201c&nbsp;<strong>Ni a Brasil ni a M\u00e9xico ni a Colombia<\/strong>, claves en una lucha contra el narcotr\u00e1fico, nos invitaron y<strong>&nbsp;no fue por voluntad del Presidente Trump<\/strong>\u201c, escribi\u00f3 el Mandatario colombiano.<\/p>\n<\/blockquote>\n\n\n\n<p>El Presidente de&nbsp;<strong>Colombia<\/strong>&nbsp;cuestion\u00f3 que la cooperaci\u00f3n regional contra el narcotr\u00e1fico se convierta en un bloque ideol\u00f3gico.<\/p>\n\n\n\n<blockquote class=\"wp-block-quote is-layout-flow wp-block-quote-is-layout-flow\">\n<p>\u201c&nbsp;<strong>Transformar una alianza anti narcotraficante en una alianza ideol\u00f3gica<\/strong>es un error sustancial\u201d, sostuvo.<\/p>\n<\/blockquote>\n\n\n\n<blockquote class=\"wp-block-quote is-layout-flow wp-block-quote-is-layout-flow\">\n<p>\u201c&nbsp;La alianza contra el narcotr\u00e1fico&nbsp;<strong>debe ser de todos los pa\u00edses de las Am\u00e9ricas<\/strong>&nbsp;sin exclusi\u00f3n\u201d.<\/p>\n<\/blockquote>\n\n\n\n<p>La cumbre denominada&nbsp;<strong>Escudo de las Am\u00e9ricas<\/strong>&nbsp;se realiz\u00f3 el pasado fin de semana en&nbsp;<strong>Florida,<\/strong>&nbsp;convocada por&nbsp;<strong>Trump,<\/strong>&nbsp;con la participaci\u00f3n de representantes de 17 pa\u00edses del hemisferio.<\/p>\n\n\n\n<p>Durante el encuentro,&nbsp;<strong>el Mandatario estadounidense anunci\u00f3 la creaci\u00f3n de una alianza regional<\/strong>&nbsp;para coordinar acciones contra los c\u00e1rteles del narcotr\u00e1fico y promover la cooperaci\u00f3n entre fuerzas de seguridad de los pa\u00edses participantes.<\/p>\n\n\n\n<p><strong>M\u00e9xico, Brasil y Colombia no participaron<\/strong>&nbsp;en la reuni\u00f3n convocada por la Casa Blanca, en la que tampoco estuvieron presentes&nbsp;<strong>Cuba<\/strong>&nbsp;y&nbsp;<strong>Venezuela.<\/strong><\/p>\n\n\n\n<p>El pasado lunes,&nbsp;<strong>Sheinbaum<\/strong>&nbsp;tambi\u00e9n sostuvo una conversaci\u00f3n telef\u00f3nica con el Presidente de Brasil,&nbsp;<strong>Luiz In\u00e1cio Lula da Silva<\/strong>, quien asegur\u00f3 que la Mandataria acept\u00f3 realizar una visita a esa naci\u00f3n.<\/p>\n","protected":false},"excerpt":{"rendered":"<p>D\u00edas despu\u00e9s de la cumbre Escudo de las Am\u00e9ricas, donde fueron excluidos, Sheinbaum y Petro dialogaron sobre integraci\u00f3n latinoamericana. Ciudad&#8230;<\/p>\n","protected":false},"author":2,"featured_media":5004,"comment_status":"open","ping_status":"open","sticky":false,"template":"","format":"standard","meta":{"footnotes":""},"categories":[32],"tags":[],"class_list":["post-5003","post","type-post","status-publish","format-standard","has-post-thumbnail","hentry","category-la-nacion"],"yoast_head":"<!-- This site is optimized with the Yoast SEO Premium plugin v26.8 (Yoast SEO v27.4) - https:\/\/yoast.com\/product\/yoast-seo-premium-wordpress\/ -->\n<title>Hablan Sheinbaum y Petro; critica exclusi\u00f3n en cumbre \u201cantinarco\u201d de Trump - Buenos D&iacute;as BCS<\/title>\n<meta name=\"robots\" content=\"index, follow, max-snippet:-1, max-image-preview:large, max-video-preview:-1\" \/>\n<link rel=\"canonical\" href=\"https:\/\/buenosdiasbcs.com\/?p=5003\" \/>\n<meta property=\"og:locale\" content=\"es_ES\" \/>\n<meta property=\"og:type\" content=\"article\" \/>\n<meta property=\"og:title\" content=\"Hablan Sheinbaum y Petro; critica exclusi\u00f3n en cumbre \u201cantinarco\u201d de Trump\" \/>\n<meta property=\"og:description\" content=\"D\u00edas despu\u00e9s de la cumbre Escudo de las Am\u00e9ricas, donde fueron excluidos, Sheinbaum y Petro dialogaron sobre integraci\u00f3n latinoamericana. Ciudad...\" \/>\n<meta property=\"og:url\" content=\"https:\/\/buenosdiasbcs.com\/?p=5003\" \/>\n<meta property=\"og:site_name\" content=\"Buenos D&iacute;as BCS\" \/>\n<meta property=\"article:published_time\" content=\"2026-03-12T07:59:00+00:00\" \/>\n<meta property=\"og:image\" content=\"https:\/\/buenosdiasbcs.com\/wp-content\/uploads\/2026\/03\/petro-sheinbaum.jpg\" \/>\n\t<meta property=\"og:image:width\" content=\"650\" \/>\n\t<meta property=\"og:image:height\" content=\"417\" \/>\n\t<meta property=\"og:image:type\" content=\"image\/jpeg\" \/>\n<meta name=\"author\" content=\"Edici\u00f3n Buenos D\u00edas\" \/>\n<meta name=\"twitter:card\" content=\"summary_large_image\" \/>\n<meta name=\"twitter:label1\" content=\"Escrito por\" \/>\n\t<meta name=\"twitter:data1\" content=\"Edici\u00f3n Buenos D\u00edas\" \/>\n\t<meta name=\"twitter:label2\" content=\"Tiempo de lectura\" \/>\n\t<meta name=\"twitter:data2\" content=\"2 minutos\" \/>\n<script type=\"application\/ld+json\" class=\"yoast-schema-graph\">{\"@context\":\"https:\\\/\\\/schema.org\",\"@graph\":[{\"@type\":\"Article\",\"@id\":\"https:\\\/\\\/buenosdiasbcs.com\\\/?p=5003#article\",\"isPartOf\":{\"@id\":\"https:\\\/\\\/buenosdiasbcs.com\\\/?p=5003\"},\"author\":{\"name\":\"Edici\u00f3n Buenos D\u00edas\",\"@id\":\"https:\\\/\\\/buenosdiasbcs.com\\\/#\\\/schema\\\/person\\\/15aedc247eab7070ee5d76d6d069a821\"},\"headline\":\"Hablan Sheinbaum y Petro; critica exclusi\u00f3n en cumbre \u201cantinarco\u201d de Trump\",\"datePublished\":\"2026-03-12T07:59:00+00:00\",\"mainEntityOfPage\":{\"@id\":\"https:\\\/\\\/buenosdiasbcs.com\\\/?p=5003\"},\"wordCount\":419,\"commentCount\":0,\"publisher\":{\"@id\":\"https:\\\/\\\/buenosdiasbcs.com\\\/#organization\"},\"image\":{\"@id\":\"https:\\\/\\\/buenosdiasbcs.com\\\/?p=5003#primaryimage\"},\"thumbnailUrl\":\"https:\\\/\\\/buenosdiasbcs.com\\\/wp-content\\\/uploads\\\/2026\\\/03\\\/petro-sheinbaum.jpg\",\"articleSection\":[\"La Naci\u00f3n\"],\"inLanguage\":\"es\",\"potentialAction\":[{\"@type\":\"CommentAction\",\"name\":\"Comment\",\"target\":[\"https:\\\/\\\/buenosdiasbcs.com\\\/?p=5003#respond\"]}]},{\"@type\":\"WebPage\",\"@id\":\"https:\\\/\\\/buenosdiasbcs.com\\\/?p=5003\",\"url\":\"https:\\\/\\\/buenosdiasbcs.com\\\/?p=5003\",\"name\":\"Hablan Sheinbaum y Petro; critica exclusi\u00f3n en cumbre \u201cantinarco\u201d de Trump - Buenos D&iacute;as BCS\",\"isPartOf\":{\"@id\":\"https:\\\/\\\/buenosdiasbcs.com\\\/#website\"},\"primaryImageOfPage\":{\"@id\":\"https:\\\/\\\/buenosdiasbcs.com\\\/?p=5003#primaryimage\"},\"image\":{\"@id\":\"https:\\\/\\\/buenosdiasbcs.com\\\/?p=5003#primaryimage\"},\"thumbnailUrl\":\"https:\\\/\\\/buenosdiasbcs.com\\\/wp-content\\\/uploads\\\/2026\\\/03\\\/petro-sheinbaum.jpg\",\"datePublished\":\"2026-03-12T07:59:00+00:00\",\"breadcrumb\":{\"@id\":\"https:\\\/\\\/buenosdiasbcs.com\\\/?p=5003#breadcrumb\"},\"inLanguage\":\"es\",\"potentialAction\":[{\"@type\":\"ReadAction\",\"target\":[\"https:\\\/\\\/buenosdiasbcs.com\\\/?p=5003\"]}]},{\"@type\":\"ImageObject\",\"inLanguage\":\"es\",\"@id\":\"https:\\\/\\\/buenosdiasbcs.com\\\/?p=5003#primaryimage\",\"url\":\"https:\\\/\\\/buenosdiasbcs.com\\\/wp-content\\\/uploads\\\/2026\\\/03\\\/petro-sheinbaum.jpg\",\"contentUrl\":\"https:\\\/\\\/buenosdiasbcs.com\\\/wp-content\\\/uploads\\\/2026\\\/03\\\/petro-sheinbaum.jpg\",\"width\":650,\"height\":417},{\"@type\":\"BreadcrumbList\",\"@id\":\"https:\\\/\\\/buenosdiasbcs.com\\\/?p=5003#breadcrumb\",\"itemListElement\":[{\"@type\":\"ListItem\",\"position\":1,\"name\":\"Portada\",\"item\":\"https:\\\/\\\/buenosdiasbcs.com\\\/\"},{\"@type\":\"ListItem\",\"position\":2,\"name\":\"Hablan Sheinbaum y Petro; critica exclusi\u00f3n en cumbre \u201cantinarco\u201d de Trump\"}]},{\"@type\":\"WebSite\",\"@id\":\"https:\\\/\\\/buenosdiasbcs.com\\\/#website\",\"url\":\"https:\\\/\\\/buenosdiasbcs.com\\\/\",\"name\":\"Buenos D\u00edas BCS\",\"description\":\"\",\"publisher\":{\"@id\":\"https:\\\/\\\/buenosdiasbcs.com\\\/#organization\"},\"potentialAction\":[{\"@type\":\"SearchAction\",\"target\":{\"@type\":\"EntryPoint\",\"urlTemplate\":\"https:\\\/\\\/buenosdiasbcs.com\\\/?s={search_term_string}\"},\"query-input\":{\"@type\":\"PropertyValueSpecification\",\"valueRequired\":true,\"valueName\":\"search_term_string\"}}],\"inLanguage\":\"es\"},{\"@type\":\"Organization\",\"@id\":\"https:\\\/\\\/buenosdiasbcs.com\\\/#organization\",\"name\":\"Buenos D\u00edas BCS\",\"url\":\"https:\\\/\\\/buenosdiasbcs.com\\\/\",\"logo\":{\"@type\":\"ImageObject\",\"inLanguage\":\"es\",\"@id\":\"https:\\\/\\\/buenosdiasbcs.com\\\/#\\\/schema\\\/logo\\\/image\\\/\",\"url\":\"https:\\\/\\\/buenosdiasbcs.com\\\/wp-content\\\/uploads\\\/2026\\\/01\\\/logo-buenos-dias-40-01.png\",\"contentUrl\":\"https:\\\/\\\/buenosdiasbcs.com\\\/wp-content\\\/uploads\\\/2026\\\/01\\\/logo-buenos-dias-40-01.png\",\"width\":277,\"height\":40,\"caption\":\"Buenos D\u00edas BCS\"},\"image\":{\"@id\":\"https:\\\/\\\/buenosdiasbcs.com\\\/#\\\/schema\\\/logo\\\/image\\\/\"}},{\"@type\":\"Person\",\"@id\":\"https:\\\/\\\/buenosdiasbcs.com\\\/#\\\/schema\\\/person\\\/15aedc247eab7070ee5d76d6d069a821\",\"name\":\"Edici\u00f3n Buenos D\u00edas\",\"image\":{\"@type\":\"ImageObject\",\"inLanguage\":\"es\",\"@id\":\"https:\\\/\\\/buenosdiasbcs.com\\\/wp-content\\\/uploads\\\/2026\\\/01\\\/cropped-sol-96x96.png\",\"url\":\"https:\\\/\\\/buenosdiasbcs.com\\\/wp-content\\\/uploads\\\/2026\\\/01\\\/cropped-sol-96x96.png\",\"contentUrl\":\"https:\\\/\\\/buenosdiasbcs.com\\\/wp-content\\\/uploads\\\/2026\\\/01\\\/cropped-sol-96x96.png\",\"caption\":\"Edici\u00f3n Buenos D\u00edas\"},\"url\":\"https:\\\/\\\/buenosdiasbcs.com\\\/?author=2\"}]}<\/script>\n<!-- \/ Yoast SEO Premium plugin. -->","yoast_head_json":{"title":"Hablan Sheinbaum y Petro; critica exclusi\u00f3n en cumbre \u201cantinarco\u201d de Trump - Buenos D&iacute;as BCS","robots":{"index":"index","follow":"follow","max-snippet":"max-snippet:-1","max-image-preview":"max-image-preview:large","max-video-preview":"max-video-preview:-1"},"canonical":"https:\/\/buenosdiasbcs.com\/?p=5003","og_locale":"es_ES","og_type":"article","og_title":"Hablan Sheinbaum y Petro; critica exclusi\u00f3n en cumbre \u201cantinarco\u201d de Trump","og_description":"D\u00edas despu\u00e9s de la cumbre Escudo de las Am\u00e9ricas, donde fueron excluidos, Sheinbaum y Petro dialogaron sobre integraci\u00f3n latinoamericana. Ciudad...","og_url":"https:\/\/buenosdiasbcs.com\/?p=5003","og_site_name":"Buenos D&iacute;as BCS","article_published_time":"2026-03-12T07:59:00+00:00","og_image":[{"width":650,"height":417,"url":"https:\/\/buenosdiasbcs.com\/wp-content\/uploads\/2026\/03\/petro-sheinbaum.jpg","type":"image\/jpeg"}],"author":"Edici\u00f3n Buenos D\u00edas","twitter_card":"summary_large_image","twitter_misc":{"Escrito por":"Edici\u00f3n Buenos D\u00edas","Tiempo de lectura":"2 minutos"},"schema":{"@context":"https:\/\/schema.org","@graph":[{"@type":"Article","@id":"https:\/\/buenosdiasbcs.com\/?p=5003#article","isPartOf":{"@id":"https:\/\/buenosdiasbcs.com\/?p=5003"},"author":{"name":"Edici\u00f3n Buenos D\u00edas","@id":"https:\/\/buenosdiasbcs.com\/#\/schema\/person\/15aedc247eab7070ee5d76d6d069a821"},"headline":"Hablan Sheinbaum y Petro; critica exclusi\u00f3n en cumbre \u201cantinarco\u201d de Trump","datePublished":"2026-03-12T07:59:00+00:00","mainEntityOfPage":{"@id":"https:\/\/buenosdiasbcs.com\/?p=5003"},"wordCount":419,"commentCount":0,"publisher":{"@id":"https:\/\/buenosdiasbcs.com\/#organization"},"image":{"@id":"https:\/\/buenosdiasbcs.com\/?p=5003#primaryimage"},"thumbnailUrl":"https:\/\/buenosdiasbcs.com\/wp-content\/uploads\/2026\/03\/petro-sheinbaum.jpg","articleSection":["La Naci\u00f3n"],"inLanguage":"es","potentialAction":[{"@type":"CommentAction","name":"Comment","target":["https:\/\/buenosdiasbcs.com\/?p=5003#respond"]}]},{"@type":"WebPage","@id":"https:\/\/buenosdiasbcs.com\/?p=5003","url":"https:\/\/buenosdiasbcs.com\/?p=5003","name":"Hablan Sheinbaum y Petro; critica exclusi\u00f3n en cumbre \u201cantinarco\u201d de Trump - Buenos D&iacute;as BCS","isPartOf":{"@id":"https:\/\/buenosdiasbcs.com\/#website"},"primaryImageOfPage":{"@id":"https:\/\/buenosdiasbcs.com\/?p=5003#primaryimage"},"image":{"@id":"https:\/\/buenosdiasbcs.com\/?p=5003#primaryimage"},"thumbnailUrl":"https:\/\/buenosdiasbcs.com\/wp-content\/uploads\/2026\/03\/petro-sheinbaum.jpg","datePublished":"2026-03-12T07:59:00+00:00","breadcrumb":{"@id":"https:\/\/buenosdiasbcs.com\/?p=5003#breadcrumb"},"inLanguage":"es","potentialAction":[{"@type":"ReadAction","target":["https:\/\/buenosdiasbcs.com\/?p=5003"]}]},{"@type":"ImageObject","inLanguage":"es","@id":"https:\/\/buenosdiasbcs.com\/?p=5003#primaryimage","url":"https:\/\/buenosdiasbcs.com\/wp-content\/uploads\/2026\/03\/petro-sheinbaum.jpg","contentUrl":"https:\/\/buenosdiasbcs.com\/wp-content\/uploads\/2026\/03\/petro-sheinbaum.jpg","width":650,"height":417},{"@type":"BreadcrumbList","@id":"https:\/\/buenosdiasbcs.com\/?p=5003#breadcrumb","itemListElement":[{"@type":"ListItem","position":1,"name":"Portada","item":"https:\/\/buenosdiasbcs.com\/"},{"@type":"ListItem","position":2,"name":"Hablan Sheinbaum y Petro; critica exclusi\u00f3n en cumbre \u201cantinarco\u201d de Trump"}]},{"@type":"WebSite","@id":"https:\/\/buenosdiasbcs.com\/#website","url":"https:\/\/buenosdiasbcs.com\/","name":"Buenos D\u00edas BCS","description":"","publisher":{"@id":"https:\/\/buenosdiasbcs.com\/#organization"},"potentialAction":[{"@type":"SearchAction","target":{"@type":"EntryPoint","urlTemplate":"https:\/\/buenosdiasbcs.com\/?s={search_term_string}"},"query-input":{"@type":"PropertyValueSpecification","valueRequired":true,"valueName":"search_term_string"}}],"inLanguage":"es"},{"@type":"Organization","@id":"https:\/\/buenosdiasbcs.com\/#organization","name":"Buenos D\u00edas BCS","url":"https:\/\/buenosdiasbcs.com\/","logo":{"@type":"ImageObject","inLanguage":"es","@id":"https:\/\/buenosdiasbcs.com\/#\/schema\/logo\/image\/","url":"https:\/\/buenosdiasbcs.com\/wp-content\/uploads\/2026\/01\/logo-buenos-dias-40-01.png","contentUrl":"https:\/\/buenosdiasbcs.com\/wp-content\/uploads\/2026\/01\/logo-buenos-dias-40-01.png","width":277,"height":40,"caption":"Buenos D\u00edas BCS"},"image":{"@id":"https:\/\/buenosdiasbcs.com\/#\/schema\/logo\/image\/"}},{"@type":"Person","@id":"https:\/\/buenosdiasbcs.com\/#\/schema\/person\/15aedc247eab7070ee5d76d6d069a821","name":"Edici\u00f3n Buenos D\u00edas","image":{"@type":"ImageObject","inLanguage":"es","@id":"https:\/\/buenosdiasbcs.com\/wp-content\/uploads\/2026\/01\/cropped-sol-96x96.png","url":"https:\/\/buenosdiasbcs.com\/wp-content\/uploads\/2026\/01\/cropped-sol-96x96.png","contentUrl":"https:\/\/buenosdiasbcs.com\/wp-content\/uploads\/2026\/01\/cropped-sol-96x96.png","caption":"Edici\u00f3n Buenos D\u00edas"},"url":"https:\/\/buenosdiasbcs.com\/?author=2"}]}},"amp_enabled":true,"_links":{"self":[{"href":"https:\/\/buenosdiasbcs.com\/index.php?rest_route=\/wp\/v2\/posts\/5003","targetHints":{"allow":["GET"]}}],"collection":[{"href":"https:\/\/buenosdiasbcs.com\/index.php?rest_route=\/wp\/v2\/posts"}],"about":[{"href":"https:\/\/buenosdiasbcs.com\/index.php?rest_route=\/wp\/v2\/types\/post"}],"author":[{"embeddable":true,"href":"https:\/\/buenosdiasbcs.com\/index.php?rest_route=\/wp\/v2\/users\/2"}],"replies":[{"embeddable":true,"href":"https:\/\/buenosdiasbcs.com\/index.php?rest_route=%2Fwp%2Fv2%2Fcomments&post=5003"}],"version-history":[{"count":1,"href":"https:\/\/buenosdiasbcs.com\/index.php?rest_route=\/wp\/v2\/posts\/5003\/revisions"}],"predecessor-version":[{"id":5005,"href":"https:\/\/buenosdiasbcs.com\/index.php?rest_route=\/wp\/v2\/posts\/5003\/revisions\/5005"}],"wp:featuredmedia":[{"embeddable":true,"href":"https:\/\/buenosdiasbcs.com\/index.php?rest_route=\/wp\/v2\/media\/5004"}],"wp:attachment":[{"href":"https:\/\/buenosdiasbcs.com\/index.php?rest_route=%2Fwp%2Fv2%2Fmedia&parent=5003"}],"wp:term":[{"taxonomy":"category","embeddable":true,"href":"https:\/\/buenosdiasbcs.com\/index.php?rest_route=%2Fwp%2Fv2%2Fcategories&post=5003"},{"taxonomy":"post_tag","embeddable":true,"href":"https:\/\/buenosdiasbcs.com\/index.php?rest_route=%2Fwp%2Fv2%2Ftags&post=5003"}],"curies":[{"name":"wp","href":"https:\/\/api.w.org\/{rel}","templated":true}]}}