{"id":4997,"date":"2026-03-12T00:54:00","date_gmt":"2026-03-12T07:54:00","guid":{"rendered":"https:\/\/buenosdiasbcs.com\/?p=4997"},"modified":"2026-03-11T18:55:41","modified_gmt":"2026-03-12T01:55:41","slug":"se-salvo-sheinbaum-no-demandara-a-elon-musk-pese-a-acusaciones","status":"publish","type":"post","link":"https:\/\/buenosdiasbcs.com\/?p=4997","title":{"rendered":"Se salv\u00f3: Sheinbaum no demandar\u00e1 a Elon Musk pese a acusaciones"},"content":{"rendered":"\n<h2 class=\"wp-block-heading\" id=\"h-aunque-la-presidenta-claudia-sheinbaum-decidio-no-proceder-por-ahora-contra-musk-dejo-abierta-la-puerta-a-reconsiderar-la-medida-si-la-situacion-escala\">Aunque la presidenta Claudia Sheinbaum decidi\u00f3 no proceder por ahora contra Musk, dej\u00f3 abierta la puerta a reconsiderar la medida si la situaci\u00f3n escala.<a href=\"https:\/\/images.sipse.com\/h_UvbG6YpNqcFGaG8TGoxn3MuVA=\/1640x1016\/smart\/filters:format(webp)\/2026\/03\/11\/1773247910044.png\"><\/a><\/h2>\n\n\n\n<p>De la que se salv\u00f3. Hoy, la presidenta Claudia Sheinbaum revel\u00f3 que no presentar\u00e1 una demanda civil contra Elon Musk, luego de que \u00e9ste insinuara en redes sociales que la mandataria tendr\u00eda v\u00ednculos con el crimen organizado.<\/p>\n\n\n\n<h2 class=\"wp-block-heading\" id=\"h-no-habra-demanda-aclara-sheinbaum-en-palacio-nacional\">No habr\u00e1 demanda, aclara Sheinbaum en Palacio Nacional<\/h2>\n\n\n\n<p>Durante su conferencia en Palacio Nacional, la mandataria coment\u00f3 que, aunque su equipo jur\u00eddico analiz\u00f3 la posibilidad de emprender acciones legales contra el due\u00f1o de X (Twitter), se decidi\u00f3 no proceder por ahora. No obstante, dej\u00f3 abierta la puerta a reconsiderar la medida si la situaci\u00f3n escala.<\/p>\n\n\n\n<blockquote class=\"wp-block-quote is-layout-flow wp-block-quote-is-layout-flow\">\n<p><em>\u201cTom\u00e9 la decisi\u00f3n de finalmente no denunciar, no presentar la demanda civil. Ya vemos si sigue, lo reevaluaremos\u201d.<\/em><\/p>\n<\/blockquote>\n\n\n\n<p>Sheinbaum se\u00f1al\u00f3 que en M\u00e9xico es necesario abrir un debate m\u00e1s profundo sobre los l\u00edmites entre los insultos y la libertad de expresi\u00f3n, aclarando que esta discusi\u00f3n no implica aplicar sanciones ni detener a Musk, sino reflexionar sobre c\u00f3mo se ejerce el discurso p\u00fablico.<\/p>\n\n\n\n<blockquote class=\"wp-block-quote is-layout-flow wp-block-quote-is-layout-flow\">\n<p><em>\u201cSon debates que en el pa\u00eds tenemos que dar y no tiene que ver solamente con un partido pol\u00edtico o una plataforma\u201d, detall\u00f3.<\/em><\/p>\n<\/blockquote>\n\n\n\n<h2 class=\"wp-block-heading\" id=\"h-por-ordenes-del-narco\">Por \u00f3rdenes del \u2018narco\u2019<\/h2>\n\n\n\n<p>La controversia surgi\u00f3 luego de que se difundiera un video en el que Sheinbaum puntualiz\u00f3 que rechaza la idea de declarar una guerra contra el narcotr\u00e1fico. Ante esta postura, Musk declar\u00f3 en la plataforma X que la mandataria mexicana recibe \u00f3rdenes de l\u00edderes del crimen organizado.&nbsp;<\/p>\n\n\n\n<blockquote class=\"wp-block-quote is-layout-flow wp-block-quote-is-layout-flow\">\n<p><em>\u201cSolo dice lo que le dicen sus jefes del c\u00e1rtel. Digamos que su castigo por desobediencia es un poco peor que un \u2018plan de mejora del rendimiento\u201d, escribi\u00f3 el empresario en aquella ocasi\u00f3n.<\/em><\/p>\n<\/blockquote>\n\n\n\n<h2 class=\"wp-block-heading\" id=\"h-no-vale-la-pena-pelearse-con-elon-musk-sheinbaum\">\u2018No vale la pena\u2019 pelearse con Elon Musk: Sheinbaum<\/h2>\n\n\n\n<p>A finales del mes pasado, la mandataria mexicana dej\u00f3 en claro que no val\u00eda la pena pelearse con Musk, a quien considera un buen empresario.<\/p>\n\n\n\n<blockquote class=\"wp-block-quote is-layout-flow wp-block-quote-is-layout-flow\">\n<p><em>\u201cVamos a ver, no creo que valga la pena entablar un debate. Est\u00e1n valorando los abogados, pero como pol\u00edtico es muy buen empresario\u201d, se\u00f1al\u00f3 en su conferencia del 26 de febrero.<\/em><\/p>\n<\/blockquote>\n\n\n\n<p>Con informaci\u00f3n de Infobae<\/p>\n","protected":false},"excerpt":{"rendered":"<p>Aunque la presidenta Claudia Sheinbaum decidi\u00f3 no proceder por ahora contra Musk, dej\u00f3 abierta la puerta a reconsiderar la medida&#8230;<\/p>\n","protected":false},"author":2,"featured_media":4998,"comment_status":"open","ping_status":"open","sticky":false,"template":"","format":"standard","meta":{"footnotes":""},"categories":[32],"tags":[],"class_list":["post-4997","post","type-post","status-publish","format-standard","has-post-thumbnail","hentry","category-la-nacion"],"yoast_head":"<!-- This site is optimized with the Yoast SEO Premium plugin v26.8 (Yoast SEO v27.4) - https:\/\/yoast.com\/product\/yoast-seo-premium-wordpress\/ -->\n<title>Se salv\u00f3: Sheinbaum no demandar\u00e1 a Elon Musk pese a acusaciones - Buenos D&iacute;as BCS<\/title>\n<meta name=\"robots\" content=\"index, follow, max-snippet:-1, max-image-preview:large, max-video-preview:-1\" \/>\n<link rel=\"canonical\" href=\"https:\/\/buenosdiasbcs.com\/?p=4997\" \/>\n<meta property=\"og:locale\" content=\"es_ES\" \/>\n<meta property=\"og:type\" content=\"article\" \/>\n<meta property=\"og:title\" content=\"Se salv\u00f3: Sheinbaum no demandar\u00e1 a Elon Musk pese a acusaciones\" \/>\n<meta property=\"og:description\" content=\"Aunque la presidenta Claudia Sheinbaum decidi\u00f3 no proceder por ahora contra Musk, dej\u00f3 abierta la puerta a reconsiderar la medida...\" \/>\n<meta property=\"og:url\" content=\"https:\/\/buenosdiasbcs.com\/?p=4997\" \/>\n<meta property=\"og:site_name\" content=\"Buenos D&iacute;as BCS\" \/>\n<meta property=\"article:published_time\" content=\"2026-03-12T07:54:00+00:00\" \/>\n<meta property=\"og:image\" content=\"https:\/\/buenosdiasbcs.com\/wp-content\/uploads\/2026\/03\/1773247910044.png.webp\" \/>\n\t<meta property=\"og:image:width\" content=\"820\" \/>\n\t<meta property=\"og:image:height\" content=\"508\" \/>\n\t<meta property=\"og:image:type\" content=\"image\/webp\" \/>\n<meta name=\"author\" content=\"Edici\u00f3n Buenos D\u00edas\" \/>\n<meta name=\"twitter:card\" content=\"summary_large_image\" \/>\n<meta name=\"twitter:label1\" content=\"Escrito por\" \/>\n\t<meta name=\"twitter:data1\" content=\"Edici\u00f3n Buenos D\u00edas\" \/>\n\t<meta name=\"twitter:label2\" content=\"Tiempo de lectura\" \/>\n\t<meta name=\"twitter:data2\" content=\"2 minutos\" \/>\n<script type=\"application\/ld+json\" class=\"yoast-schema-graph\">{\"@context\":\"https:\\\/\\\/schema.org\",\"@graph\":[{\"@type\":\"Article\",\"@id\":\"https:\\\/\\\/buenosdiasbcs.com\\\/?p=4997#article\",\"isPartOf\":{\"@id\":\"https:\\\/\\\/buenosdiasbcs.com\\\/?p=4997\"},\"author\":{\"name\":\"Edici\u00f3n Buenos D\u00edas\",\"@id\":\"https:\\\/\\\/buenosdiasbcs.com\\\/#\\\/schema\\\/person\\\/15aedc247eab7070ee5d76d6d069a821\"},\"headline\":\"Se salv\u00f3: Sheinbaum no demandar\u00e1 a Elon Musk pese a acusaciones\",\"datePublished\":\"2026-03-12T07:54:00+00:00\",\"mainEntityOfPage\":{\"@id\":\"https:\\\/\\\/buenosdiasbcs.com\\\/?p=4997\"},\"wordCount\":390,\"commentCount\":0,\"publisher\":{\"@id\":\"https:\\\/\\\/buenosdiasbcs.com\\\/#organization\"},\"image\":{\"@id\":\"https:\\\/\\\/buenosdiasbcs.com\\\/?p=4997#primaryimage\"},\"thumbnailUrl\":\"https:\\\/\\\/buenosdiasbcs.com\\\/wp-content\\\/uploads\\\/2026\\\/03\\\/1773247910044.png.webp\",\"articleSection\":[\"La Naci\u00f3n\"],\"inLanguage\":\"es\",\"potentialAction\":[{\"@type\":\"CommentAction\",\"name\":\"Comment\",\"target\":[\"https:\\\/\\\/buenosdiasbcs.com\\\/?p=4997#respond\"]}]},{\"@type\":\"WebPage\",\"@id\":\"https:\\\/\\\/buenosdiasbcs.com\\\/?p=4997\",\"url\":\"https:\\\/\\\/buenosdiasbcs.com\\\/?p=4997\",\"name\":\"Se salv\u00f3: Sheinbaum no demandar\u00e1 a Elon Musk pese a acusaciones - Buenos D&iacute;as BCS\",\"isPartOf\":{\"@id\":\"https:\\\/\\\/buenosdiasbcs.com\\\/#website\"},\"primaryImageOfPage\":{\"@id\":\"https:\\\/\\\/buenosdiasbcs.com\\\/?p=4997#primaryimage\"},\"image\":{\"@id\":\"https:\\\/\\\/buenosdiasbcs.com\\\/?p=4997#primaryimage\"},\"thumbnailUrl\":\"https:\\\/\\\/buenosdiasbcs.com\\\/wp-content\\\/uploads\\\/2026\\\/03\\\/1773247910044.png.webp\",\"datePublished\":\"2026-03-12T07:54:00+00:00\",\"breadcrumb\":{\"@id\":\"https:\\\/\\\/buenosdiasbcs.com\\\/?p=4997#breadcrumb\"},\"inLanguage\":\"es\",\"potentialAction\":[{\"@type\":\"ReadAction\",\"target\":[\"https:\\\/\\\/buenosdiasbcs.com\\\/?p=4997\"]}]},{\"@type\":\"ImageObject\",\"inLanguage\":\"es\",\"@id\":\"https:\\\/\\\/buenosdiasbcs.com\\\/?p=4997#primaryimage\",\"url\":\"https:\\\/\\\/buenosdiasbcs.com\\\/wp-content\\\/uploads\\\/2026\\\/03\\\/1773247910044.png.webp\",\"contentUrl\":\"https:\\\/\\\/buenosdiasbcs.com\\\/wp-content\\\/uploads\\\/2026\\\/03\\\/1773247910044.png.webp\",\"width\":820,\"height\":508},{\"@type\":\"BreadcrumbList\",\"@id\":\"https:\\\/\\\/buenosdiasbcs.com\\\/?p=4997#breadcrumb\",\"itemListElement\":[{\"@type\":\"ListItem\",\"position\":1,\"name\":\"Portada\",\"item\":\"https:\\\/\\\/buenosdiasbcs.com\\\/\"},{\"@type\":\"ListItem\",\"position\":2,\"name\":\"Se salv\u00f3: Sheinbaum no demandar\u00e1 a Elon Musk pese a acusaciones\"}]},{\"@type\":\"WebSite\",\"@id\":\"https:\\\/\\\/buenosdiasbcs.com\\\/#website\",\"url\":\"https:\\\/\\\/buenosdiasbcs.com\\\/\",\"name\":\"Buenos D\u00edas BCS\",\"description\":\"\",\"publisher\":{\"@id\":\"https:\\\/\\\/buenosdiasbcs.com\\\/#organization\"},\"potentialAction\":[{\"@type\":\"SearchAction\",\"target\":{\"@type\":\"EntryPoint\",\"urlTemplate\":\"https:\\\/\\\/buenosdiasbcs.com\\\/?s={search_term_string}\"},\"query-input\":{\"@type\":\"PropertyValueSpecification\",\"valueRequired\":true,\"valueName\":\"search_term_string\"}}],\"inLanguage\":\"es\"},{\"@type\":\"Organization\",\"@id\":\"https:\\\/\\\/buenosdiasbcs.com\\\/#organization\",\"name\":\"Buenos D\u00edas BCS\",\"url\":\"https:\\\/\\\/buenosdiasbcs.com\\\/\",\"logo\":{\"@type\":\"ImageObject\",\"inLanguage\":\"es\",\"@id\":\"https:\\\/\\\/buenosdiasbcs.com\\\/#\\\/schema\\\/logo\\\/image\\\/\",\"url\":\"https:\\\/\\\/buenosdiasbcs.com\\\/wp-content\\\/uploads\\\/2026\\\/01\\\/logo-buenos-dias-40-01.png\",\"contentUrl\":\"https:\\\/\\\/buenosdiasbcs.com\\\/wp-content\\\/uploads\\\/2026\\\/01\\\/logo-buenos-dias-40-01.png\",\"width\":277,\"height\":40,\"caption\":\"Buenos D\u00edas BCS\"},\"image\":{\"@id\":\"https:\\\/\\\/buenosdiasbcs.com\\\/#\\\/schema\\\/logo\\\/image\\\/\"}},{\"@type\":\"Person\",\"@id\":\"https:\\\/\\\/buenosdiasbcs.com\\\/#\\\/schema\\\/person\\\/15aedc247eab7070ee5d76d6d069a821\",\"name\":\"Edici\u00f3n Buenos D\u00edas\",\"image\":{\"@type\":\"ImageObject\",\"inLanguage\":\"es\",\"@id\":\"https:\\\/\\\/buenosdiasbcs.com\\\/wp-content\\\/uploads\\\/2026\\\/01\\\/cropped-sol-96x96.png\",\"url\":\"https:\\\/\\\/buenosdiasbcs.com\\\/wp-content\\\/uploads\\\/2026\\\/01\\\/cropped-sol-96x96.png\",\"contentUrl\":\"https:\\\/\\\/buenosdiasbcs.com\\\/wp-content\\\/uploads\\\/2026\\\/01\\\/cropped-sol-96x96.png\",\"caption\":\"Edici\u00f3n Buenos D\u00edas\"},\"url\":\"https:\\\/\\\/buenosdiasbcs.com\\\/?author=2\"}]}<\/script>\n<!-- \/ Yoast SEO Premium plugin. -->","yoast_head_json":{"title":"Se salv\u00f3: Sheinbaum no demandar\u00e1 a Elon Musk pese a acusaciones - Buenos D&iacute;as BCS","robots":{"index":"index","follow":"follow","max-snippet":"max-snippet:-1","max-image-preview":"max-image-preview:large","max-video-preview":"max-video-preview:-1"},"canonical":"https:\/\/buenosdiasbcs.com\/?p=4997","og_locale":"es_ES","og_type":"article","og_title":"Se salv\u00f3: Sheinbaum no demandar\u00e1 a Elon Musk pese a acusaciones","og_description":"Aunque la presidenta Claudia Sheinbaum decidi\u00f3 no proceder por ahora contra Musk, dej\u00f3 abierta la puerta a reconsiderar la medida...","og_url":"https:\/\/buenosdiasbcs.com\/?p=4997","og_site_name":"Buenos D&iacute;as BCS","article_published_time":"2026-03-12T07:54:00+00:00","og_image":[{"width":820,"height":508,"url":"https:\/\/buenosdiasbcs.com\/wp-content\/uploads\/2026\/03\/1773247910044.png.webp","type":"image\/webp"}],"author":"Edici\u00f3n Buenos D\u00edas","twitter_card":"summary_large_image","twitter_misc":{"Escrito por":"Edici\u00f3n Buenos D\u00edas","Tiempo de lectura":"2 minutos"},"schema":{"@context":"https:\/\/schema.org","@graph":[{"@type":"Article","@id":"https:\/\/buenosdiasbcs.com\/?p=4997#article","isPartOf":{"@id":"https:\/\/buenosdiasbcs.com\/?p=4997"},"author":{"name":"Edici\u00f3n Buenos D\u00edas","@id":"https:\/\/buenosdiasbcs.com\/#\/schema\/person\/15aedc247eab7070ee5d76d6d069a821"},"headline":"Se salv\u00f3: Sheinbaum no demandar\u00e1 a Elon Musk pese a acusaciones","datePublished":"2026-03-12T07:54:00+00:00","mainEntityOfPage":{"@id":"https:\/\/buenosdiasbcs.com\/?p=4997"},"wordCount":390,"commentCount":0,"publisher":{"@id":"https:\/\/buenosdiasbcs.com\/#organization"},"image":{"@id":"https:\/\/buenosdiasbcs.com\/?p=4997#primaryimage"},"thumbnailUrl":"https:\/\/buenosdiasbcs.com\/wp-content\/uploads\/2026\/03\/1773247910044.png.webp","articleSection":["La Naci\u00f3n"],"inLanguage":"es","potentialAction":[{"@type":"CommentAction","name":"Comment","target":["https:\/\/buenosdiasbcs.com\/?p=4997#respond"]}]},{"@type":"WebPage","@id":"https:\/\/buenosdiasbcs.com\/?p=4997","url":"https:\/\/buenosdiasbcs.com\/?p=4997","name":"Se salv\u00f3: Sheinbaum no demandar\u00e1 a Elon Musk pese a acusaciones - Buenos D&iacute;as BCS","isPartOf":{"@id":"https:\/\/buenosdiasbcs.com\/#website"},"primaryImageOfPage":{"@id":"https:\/\/buenosdiasbcs.com\/?p=4997#primaryimage"},"image":{"@id":"https:\/\/buenosdiasbcs.com\/?p=4997#primaryimage"},"thumbnailUrl":"https:\/\/buenosdiasbcs.com\/wp-content\/uploads\/2026\/03\/1773247910044.png.webp","datePublished":"2026-03-12T07:54:00+00:00","breadcrumb":{"@id":"https:\/\/buenosdiasbcs.com\/?p=4997#breadcrumb"},"inLanguage":"es","potentialAction":[{"@type":"ReadAction","target":["https:\/\/buenosdiasbcs.com\/?p=4997"]}]},{"@type":"ImageObject","inLanguage":"es","@id":"https:\/\/buenosdiasbcs.com\/?p=4997#primaryimage","url":"https:\/\/buenosdiasbcs.com\/wp-content\/uploads\/2026\/03\/1773247910044.png.webp","contentUrl":"https:\/\/buenosdiasbcs.com\/wp-content\/uploads\/2026\/03\/1773247910044.png.webp","width":820,"height":508},{"@type":"BreadcrumbList","@id":"https:\/\/buenosdiasbcs.com\/?p=4997#breadcrumb","itemListElement":[{"@type":"ListItem","position":1,"name":"Portada","item":"https:\/\/buenosdiasbcs.com\/"},{"@type":"ListItem","position":2,"name":"Se salv\u00f3: Sheinbaum no demandar\u00e1 a Elon Musk pese a acusaciones"}]},{"@type":"WebSite","@id":"https:\/\/buenosdiasbcs.com\/#website","url":"https:\/\/buenosdiasbcs.com\/","name":"Buenos D\u00edas BCS","description":"","publisher":{"@id":"https:\/\/buenosdiasbcs.com\/#organization"},"potentialAction":[{"@type":"SearchAction","target":{"@type":"EntryPoint","urlTemplate":"https:\/\/buenosdiasbcs.com\/?s={search_term_string}"},"query-input":{"@type":"PropertyValueSpecification","valueRequired":true,"valueName":"search_term_string"}}],"inLanguage":"es"},{"@type":"Organization","@id":"https:\/\/buenosdiasbcs.com\/#organization","name":"Buenos D\u00edas BCS","url":"https:\/\/buenosdiasbcs.com\/","logo":{"@type":"ImageObject","inLanguage":"es","@id":"https:\/\/buenosdiasbcs.com\/#\/schema\/logo\/image\/","url":"https:\/\/buenosdiasbcs.com\/wp-content\/uploads\/2026\/01\/logo-buenos-dias-40-01.png","contentUrl":"https:\/\/buenosdiasbcs.com\/wp-content\/uploads\/2026\/01\/logo-buenos-dias-40-01.png","width":277,"height":40,"caption":"Buenos D\u00edas BCS"},"image":{"@id":"https:\/\/buenosdiasbcs.com\/#\/schema\/logo\/image\/"}},{"@type":"Person","@id":"https:\/\/buenosdiasbcs.com\/#\/schema\/person\/15aedc247eab7070ee5d76d6d069a821","name":"Edici\u00f3n Buenos D\u00edas","image":{"@type":"ImageObject","inLanguage":"es","@id":"https:\/\/buenosdiasbcs.com\/wp-content\/uploads\/2026\/01\/cropped-sol-96x96.png","url":"https:\/\/buenosdiasbcs.com\/wp-content\/uploads\/2026\/01\/cropped-sol-96x96.png","contentUrl":"https:\/\/buenosdiasbcs.com\/wp-content\/uploads\/2026\/01\/cropped-sol-96x96.png","caption":"Edici\u00f3n Buenos D\u00edas"},"url":"https:\/\/buenosdiasbcs.com\/?author=2"}]}},"amp_enabled":true,"_links":{"self":[{"href":"https:\/\/buenosdiasbcs.com\/index.php?rest_route=\/wp\/v2\/posts\/4997","targetHints":{"allow":["GET"]}}],"collection":[{"href":"https:\/\/buenosdiasbcs.com\/index.php?rest_route=\/wp\/v2\/posts"}],"about":[{"href":"https:\/\/buenosdiasbcs.com\/index.php?rest_route=\/wp\/v2\/types\/post"}],"author":[{"embeddable":true,"href":"https:\/\/buenosdiasbcs.com\/index.php?rest_route=\/wp\/v2\/users\/2"}],"replies":[{"embeddable":true,"href":"https:\/\/buenosdiasbcs.com\/index.php?rest_route=%2Fwp%2Fv2%2Fcomments&post=4997"}],"version-history":[{"count":1,"href":"https:\/\/buenosdiasbcs.com\/index.php?rest_route=\/wp\/v2\/posts\/4997\/revisions"}],"predecessor-version":[{"id":4999,"href":"https:\/\/buenosdiasbcs.com\/index.php?rest_route=\/wp\/v2\/posts\/4997\/revisions\/4999"}],"wp:featuredmedia":[{"embeddable":true,"href":"https:\/\/buenosdiasbcs.com\/index.php?rest_route=\/wp\/v2\/media\/4998"}],"wp:attachment":[{"href":"https:\/\/buenosdiasbcs.com\/index.php?rest_route=%2Fwp%2Fv2%2Fmedia&parent=4997"}],"wp:term":[{"taxonomy":"category","embeddable":true,"href":"https:\/\/buenosdiasbcs.com\/index.php?rest_route=%2Fwp%2Fv2%2Fcategories&post=4997"},{"taxonomy":"post_tag","embeddable":true,"href":"https:\/\/buenosdiasbcs.com\/index.php?rest_route=%2Fwp%2Fv2%2Ftags&post=4997"}],"curies":[{"name":"wp","href":"https:\/\/api.w.org\/{rel}","templated":true}]}}