{"id":4991,"date":"2026-03-12T00:49:00","date_gmt":"2026-03-12T07:49:00","guid":{"rendered":"https:\/\/buenosdiasbcs.com\/?p=4991"},"modified":"2026-03-11T18:51:11","modified_gmt":"2026-03-12T01:51:11","slug":"con-votos-en-contra-del-pt-y-verde-diputados-rechazan-reforma-electoral","status":"publish","type":"post","link":"https:\/\/buenosdiasbcs.com\/?p=4991","title":{"rendered":"Con votos en contra del PT y Verde, diputados rechazan reforma electoral"},"content":{"rendered":"\n<h2 class=\"wp-block-heading\" id=\"h-la-votacion-de-la-propuesta-de-reforma-enviada-por-la-presidenta-claudia-sheinbaum-quedo-en-259-votos-a-favor-234-en-contra-y-una-abstencion\">La votaci\u00f3n de la propuesta de reforma enviada por la presidenta Claudia Sheinbaum qued\u00f3 en 259 votos a favor, 234 en contra y una abstenci\u00f3n.<a href=\"https:\/\/images.sipse.com\/F-lEsmfEvUxwfgb_oQvThG18llM=\/1640x1016\/smart\/filters:format(webp)\/2026\/03\/11\/1773262121055.jpeg\"><\/a><\/h2>\n\n\n\n<p>No pas\u00f3: la reforma electoral de la presidenta Claudia Sheinbaum Pardo fue rechazada en el pleno de la C\u00e1mara de Diputados: la votaci\u00f3n qued\u00f3 en 259 votos a favor, 234 en contra y una abstenci\u00f3n.<\/p>\n\n\n\n<p>La reforma electoral propuesta por la presidenta tuvo los votos en favor de Morena, pero al no contar con los sufragios de sus aliados Partido del Trabajo (PT) y Verde Ecologista de M\u00e9xico (PVEM), fue rechazada en San L\u00e1zaro. Necesitaban al menos 334 votos para alcanzar la mayor\u00eda calificada, necesaria para reformar los art\u00edculos de la Constituci\u00f3n.&nbsp;<\/p>\n\n\n\n<p>Como anunciaron y recalcaron en sus posturas, la oposici\u00f3n vot\u00f3 en contra de la reforma al considerar que trastoca el marco democr\u00e1tico y no fiscaliza de forma apropiada para evitar la financiaci\u00f3n del crimen organizado en las elecciones y candidaturas.&nbsp;<\/p>\n\n\n\n<h2 class=\"wp-block-heading\" id=\"h-que-proponia-la-reforma-electoral-enviada-por-claudia-sheinbaum-nbsp\">Qu\u00e9 propon\u00eda la reforma electoral enviada por Claudia Sheinbaum&nbsp;<\/h2>\n\n\n\n<p><strong>Reestructuraci\u00f3n del Poder Legislativo<\/strong><\/p>\n\n\n\n<p>C\u00e1mara de Diputados: Se mantiene en 500 integrantes electos por voto directo. 300 ser\u00e1n por mayor\u00eda relativa y 200 por representaci\u00f3n proporcional (con un nuevo mecanismo que incluye a los &#8220;mejores perdedores&#8221;, listas por circunscripci\u00f3n con paridad de g\u00e9nero y esca\u00f1os para residentes en el extranjero).<\/p>\n\n\n\n<p>Senado: Se mantiene en 96 esca\u00f1os (64 de mayor\u00eda relativa y 32 de primera minor\u00eda).<\/p>\n\n\n\n<p><strong>Austeridad y Reducci\u00f3n de Costos<\/strong><\/p>\n\n\n\n<p>Recortes: Se propone reducir un 25% el presupuesto del INE, partidos pol\u00edticos, organismos locales (OPLES) y tribunales electorales.<\/p>\n\n\n\n<p>Salarios: Ning\u00fan funcionario electoral podr\u00e1 ganar m\u00e1s que la Presidenta de la Rep\u00fablica.<\/p>\n\n\n\n<p>Ayuntamientos: Se limita el n\u00famero de regidur\u00edas en los municipios a un m\u00e1ximo de 15, dependiendo de la poblaci\u00f3n.<\/p>\n\n\n\n<p><strong>Fiscalizaci\u00f3n y Control Financiero<\/strong><\/p>\n\n\n\n<p>Transparencia: El INE tendr\u00e1 mayor acceso a las finanzas de partidos y candidatos.<\/p>\n\n\n\n<p>Efectivo prohibido: Todas las aportaciones deben realizarse a trav\u00e9s del sistema financiero; se proh\u00edbe el uso de dinero en efectivo.<\/p>\n\n\n\n<p><strong>Innovaci\u00f3n Tecnol\u00f3gica y Comunicaci\u00f3n<\/strong><\/p>\n\n\n\n<p>IA y Redes Sociales: Se regula el uso de Inteligencia Artificial y se proh\u00edbe el uso de bots en campa\u00f1as.<\/p>\n\n\n\n<p>Voto Electr\u00f3nico: Se promueve el uso de tecnolog\u00edas para la votaci\u00f3n y se agilizan los c\u00f3mputos distritales al cierre de la jornada.<\/p>\n\n\n\n<p>Medios: Se reducen los tiempos oficiales de los partidos en radio y televisi\u00f3n (de 48 a 35 minutos diarios).<\/p>\n\n\n\n<p><strong>Democracia Participativa y Reglas de Elecci\u00f3n<\/strong><\/p>\n\n\n\n<p>Mecanismos ciudadanos: Se busca expandir el refer\u00e9ndum, plebiscito y revocaci\u00f3n de mandato a niveles estatales y municipales.<\/p>\n\n\n\n<p>Fin de la reelecci\u00f3n: Se propone eliminar la reelecci\u00f3n consecutiva para todos los cargos de elecci\u00f3n popular a partir de 2030.<\/p>\n\n\n\n<p>Antinepotismo: Se proh\u00edbe estrictamente que los cargos p\u00fablicos sean heredados a familiares directos o parejas.<\/p>\n","protected":false},"excerpt":{"rendered":"<p>La votaci\u00f3n de la propuesta de reforma enviada por la presidenta Claudia Sheinbaum qued\u00f3 en 259 votos a favor, 234&#8230;<\/p>\n","protected":false},"author":2,"featured_media":4992,"comment_status":"open","ping_status":"open","sticky":false,"template":"","format":"standard","meta":{"footnotes":""},"categories":[32],"tags":[],"class_list":["post-4991","post","type-post","status-publish","format-standard","has-post-thumbnail","hentry","category-la-nacion"],"yoast_head":"<!-- This site is optimized with the Yoast SEO Premium plugin v26.8 (Yoast SEO v27.4) - https:\/\/yoast.com\/product\/yoast-seo-premium-wordpress\/ -->\n<title>Con votos en contra del PT y Verde, diputados rechazan reforma electoral - Buenos D&iacute;as BCS<\/title>\n<meta name=\"robots\" content=\"index, follow, max-snippet:-1, max-image-preview:large, max-video-preview:-1\" \/>\n<link rel=\"canonical\" href=\"https:\/\/buenosdiasbcs.com\/?p=4991\" \/>\n<meta property=\"og:locale\" content=\"es_ES\" \/>\n<meta property=\"og:type\" content=\"article\" \/>\n<meta property=\"og:title\" content=\"Con votos en contra del PT y Verde, diputados rechazan reforma electoral\" \/>\n<meta property=\"og:description\" content=\"La votaci\u00f3n de la propuesta de reforma enviada por la presidenta Claudia Sheinbaum qued\u00f3 en 259 votos a favor, 234...\" \/>\n<meta property=\"og:url\" content=\"https:\/\/buenosdiasbcs.com\/?p=4991\" \/>\n<meta property=\"og:site_name\" content=\"Buenos D&iacute;as BCS\" \/>\n<meta property=\"article:published_time\" content=\"2026-03-12T07:49:00+00:00\" \/>\n<meta property=\"og:image\" content=\"https:\/\/buenosdiasbcs.com\/wp-content\/uploads\/2026\/03\/1773262121055.jpeg.webp\" \/>\n\t<meta property=\"og:image:width\" content=\"820\" \/>\n\t<meta property=\"og:image:height\" content=\"508\" \/>\n\t<meta property=\"og:image:type\" content=\"image\/webp\" \/>\n<meta name=\"author\" content=\"Edici\u00f3n Buenos D\u00edas\" \/>\n<meta name=\"twitter:card\" content=\"summary_large_image\" \/>\n<meta name=\"twitter:label1\" content=\"Escrito por\" \/>\n\t<meta name=\"twitter:data1\" content=\"Edici\u00f3n Buenos D\u00edas\" \/>\n\t<meta name=\"twitter:label2\" content=\"Tiempo de lectura\" \/>\n\t<meta name=\"twitter:data2\" content=\"3 minutos\" \/>\n<script type=\"application\/ld+json\" class=\"yoast-schema-graph\">{\"@context\":\"https:\\\/\\\/schema.org\",\"@graph\":[{\"@type\":\"Article\",\"@id\":\"https:\\\/\\\/buenosdiasbcs.com\\\/?p=4991#article\",\"isPartOf\":{\"@id\":\"https:\\\/\\\/buenosdiasbcs.com\\\/?p=4991\"},\"author\":{\"name\":\"Edici\u00f3n Buenos D\u00edas\",\"@id\":\"https:\\\/\\\/buenosdiasbcs.com\\\/#\\\/schema\\\/person\\\/15aedc247eab7070ee5d76d6d069a821\"},\"headline\":\"Con votos en contra del PT y Verde, diputados rechazan reforma electoral\",\"datePublished\":\"2026-03-12T07:49:00+00:00\",\"mainEntityOfPage\":{\"@id\":\"https:\\\/\\\/buenosdiasbcs.com\\\/?p=4991\"},\"wordCount\":501,\"commentCount\":0,\"publisher\":{\"@id\":\"https:\\\/\\\/buenosdiasbcs.com\\\/#organization\"},\"image\":{\"@id\":\"https:\\\/\\\/buenosdiasbcs.com\\\/?p=4991#primaryimage\"},\"thumbnailUrl\":\"https:\\\/\\\/buenosdiasbcs.com\\\/wp-content\\\/uploads\\\/2026\\\/03\\\/1773262121055.jpeg.webp\",\"articleSection\":[\"La Naci\u00f3n\"],\"inLanguage\":\"es\",\"potentialAction\":[{\"@type\":\"CommentAction\",\"name\":\"Comment\",\"target\":[\"https:\\\/\\\/buenosdiasbcs.com\\\/?p=4991#respond\"]}]},{\"@type\":\"WebPage\",\"@id\":\"https:\\\/\\\/buenosdiasbcs.com\\\/?p=4991\",\"url\":\"https:\\\/\\\/buenosdiasbcs.com\\\/?p=4991\",\"name\":\"Con votos en contra del PT y Verde, diputados rechazan reforma electoral - Buenos D&iacute;as BCS\",\"isPartOf\":{\"@id\":\"https:\\\/\\\/buenosdiasbcs.com\\\/#website\"},\"primaryImageOfPage\":{\"@id\":\"https:\\\/\\\/buenosdiasbcs.com\\\/?p=4991#primaryimage\"},\"image\":{\"@id\":\"https:\\\/\\\/buenosdiasbcs.com\\\/?p=4991#primaryimage\"},\"thumbnailUrl\":\"https:\\\/\\\/buenosdiasbcs.com\\\/wp-content\\\/uploads\\\/2026\\\/03\\\/1773262121055.jpeg.webp\",\"datePublished\":\"2026-03-12T07:49:00+00:00\",\"breadcrumb\":{\"@id\":\"https:\\\/\\\/buenosdiasbcs.com\\\/?p=4991#breadcrumb\"},\"inLanguage\":\"es\",\"potentialAction\":[{\"@type\":\"ReadAction\",\"target\":[\"https:\\\/\\\/buenosdiasbcs.com\\\/?p=4991\"]}]},{\"@type\":\"ImageObject\",\"inLanguage\":\"es\",\"@id\":\"https:\\\/\\\/buenosdiasbcs.com\\\/?p=4991#primaryimage\",\"url\":\"https:\\\/\\\/buenosdiasbcs.com\\\/wp-content\\\/uploads\\\/2026\\\/03\\\/1773262121055.jpeg.webp\",\"contentUrl\":\"https:\\\/\\\/buenosdiasbcs.com\\\/wp-content\\\/uploads\\\/2026\\\/03\\\/1773262121055.jpeg.webp\",\"width\":820,\"height\":508},{\"@type\":\"BreadcrumbList\",\"@id\":\"https:\\\/\\\/buenosdiasbcs.com\\\/?p=4991#breadcrumb\",\"itemListElement\":[{\"@type\":\"ListItem\",\"position\":1,\"name\":\"Portada\",\"item\":\"https:\\\/\\\/buenosdiasbcs.com\\\/\"},{\"@type\":\"ListItem\",\"position\":2,\"name\":\"Con votos en contra del PT y Verde, diputados rechazan reforma electoral\"}]},{\"@type\":\"WebSite\",\"@id\":\"https:\\\/\\\/buenosdiasbcs.com\\\/#website\",\"url\":\"https:\\\/\\\/buenosdiasbcs.com\\\/\",\"name\":\"Buenos D\u00edas BCS\",\"description\":\"\",\"publisher\":{\"@id\":\"https:\\\/\\\/buenosdiasbcs.com\\\/#organization\"},\"potentialAction\":[{\"@type\":\"SearchAction\",\"target\":{\"@type\":\"EntryPoint\",\"urlTemplate\":\"https:\\\/\\\/buenosdiasbcs.com\\\/?s={search_term_string}\"},\"query-input\":{\"@type\":\"PropertyValueSpecification\",\"valueRequired\":true,\"valueName\":\"search_term_string\"}}],\"inLanguage\":\"es\"},{\"@type\":\"Organization\",\"@id\":\"https:\\\/\\\/buenosdiasbcs.com\\\/#organization\",\"name\":\"Buenos D\u00edas BCS\",\"url\":\"https:\\\/\\\/buenosdiasbcs.com\\\/\",\"logo\":{\"@type\":\"ImageObject\",\"inLanguage\":\"es\",\"@id\":\"https:\\\/\\\/buenosdiasbcs.com\\\/#\\\/schema\\\/logo\\\/image\\\/\",\"url\":\"https:\\\/\\\/buenosdiasbcs.com\\\/wp-content\\\/uploads\\\/2026\\\/01\\\/logo-buenos-dias-40-01.png\",\"contentUrl\":\"https:\\\/\\\/buenosdiasbcs.com\\\/wp-content\\\/uploads\\\/2026\\\/01\\\/logo-buenos-dias-40-01.png\",\"width\":277,\"height\":40,\"caption\":\"Buenos D\u00edas BCS\"},\"image\":{\"@id\":\"https:\\\/\\\/buenosdiasbcs.com\\\/#\\\/schema\\\/logo\\\/image\\\/\"}},{\"@type\":\"Person\",\"@id\":\"https:\\\/\\\/buenosdiasbcs.com\\\/#\\\/schema\\\/person\\\/15aedc247eab7070ee5d76d6d069a821\",\"name\":\"Edici\u00f3n Buenos D\u00edas\",\"image\":{\"@type\":\"ImageObject\",\"inLanguage\":\"es\",\"@id\":\"https:\\\/\\\/buenosdiasbcs.com\\\/wp-content\\\/uploads\\\/2026\\\/01\\\/cropped-sol-96x96.png\",\"url\":\"https:\\\/\\\/buenosdiasbcs.com\\\/wp-content\\\/uploads\\\/2026\\\/01\\\/cropped-sol-96x96.png\",\"contentUrl\":\"https:\\\/\\\/buenosdiasbcs.com\\\/wp-content\\\/uploads\\\/2026\\\/01\\\/cropped-sol-96x96.png\",\"caption\":\"Edici\u00f3n Buenos D\u00edas\"},\"url\":\"https:\\\/\\\/buenosdiasbcs.com\\\/?author=2\"}]}<\/script>\n<!-- \/ Yoast SEO Premium plugin. -->","yoast_head_json":{"title":"Con votos en contra del PT y Verde, diputados rechazan reforma electoral - Buenos D&iacute;as BCS","robots":{"index":"index","follow":"follow","max-snippet":"max-snippet:-1","max-image-preview":"max-image-preview:large","max-video-preview":"max-video-preview:-1"},"canonical":"https:\/\/buenosdiasbcs.com\/?p=4991","og_locale":"es_ES","og_type":"article","og_title":"Con votos en contra del PT y Verde, diputados rechazan reforma electoral","og_description":"La votaci\u00f3n de la propuesta de reforma enviada por la presidenta Claudia Sheinbaum qued\u00f3 en 259 votos a favor, 234...","og_url":"https:\/\/buenosdiasbcs.com\/?p=4991","og_site_name":"Buenos D&iacute;as BCS","article_published_time":"2026-03-12T07:49:00+00:00","og_image":[{"width":820,"height":508,"url":"https:\/\/buenosdiasbcs.com\/wp-content\/uploads\/2026\/03\/1773262121055.jpeg.webp","type":"image\/webp"}],"author":"Edici\u00f3n Buenos D\u00edas","twitter_card":"summary_large_image","twitter_misc":{"Escrito por":"Edici\u00f3n Buenos D\u00edas","Tiempo de lectura":"3 minutos"},"schema":{"@context":"https:\/\/schema.org","@graph":[{"@type":"Article","@id":"https:\/\/buenosdiasbcs.com\/?p=4991#article","isPartOf":{"@id":"https:\/\/buenosdiasbcs.com\/?p=4991"},"author":{"name":"Edici\u00f3n Buenos D\u00edas","@id":"https:\/\/buenosdiasbcs.com\/#\/schema\/person\/15aedc247eab7070ee5d76d6d069a821"},"headline":"Con votos en contra del PT y Verde, diputados rechazan reforma electoral","datePublished":"2026-03-12T07:49:00+00:00","mainEntityOfPage":{"@id":"https:\/\/buenosdiasbcs.com\/?p=4991"},"wordCount":501,"commentCount":0,"publisher":{"@id":"https:\/\/buenosdiasbcs.com\/#organization"},"image":{"@id":"https:\/\/buenosdiasbcs.com\/?p=4991#primaryimage"},"thumbnailUrl":"https:\/\/buenosdiasbcs.com\/wp-content\/uploads\/2026\/03\/1773262121055.jpeg.webp","articleSection":["La Naci\u00f3n"],"inLanguage":"es","potentialAction":[{"@type":"CommentAction","name":"Comment","target":["https:\/\/buenosdiasbcs.com\/?p=4991#respond"]}]},{"@type":"WebPage","@id":"https:\/\/buenosdiasbcs.com\/?p=4991","url":"https:\/\/buenosdiasbcs.com\/?p=4991","name":"Con votos en contra del PT y Verde, diputados rechazan reforma electoral - Buenos D&iacute;as BCS","isPartOf":{"@id":"https:\/\/buenosdiasbcs.com\/#website"},"primaryImageOfPage":{"@id":"https:\/\/buenosdiasbcs.com\/?p=4991#primaryimage"},"image":{"@id":"https:\/\/buenosdiasbcs.com\/?p=4991#primaryimage"},"thumbnailUrl":"https:\/\/buenosdiasbcs.com\/wp-content\/uploads\/2026\/03\/1773262121055.jpeg.webp","datePublished":"2026-03-12T07:49:00+00:00","breadcrumb":{"@id":"https:\/\/buenosdiasbcs.com\/?p=4991#breadcrumb"},"inLanguage":"es","potentialAction":[{"@type":"ReadAction","target":["https:\/\/buenosdiasbcs.com\/?p=4991"]}]},{"@type":"ImageObject","inLanguage":"es","@id":"https:\/\/buenosdiasbcs.com\/?p=4991#primaryimage","url":"https:\/\/buenosdiasbcs.com\/wp-content\/uploads\/2026\/03\/1773262121055.jpeg.webp","contentUrl":"https:\/\/buenosdiasbcs.com\/wp-content\/uploads\/2026\/03\/1773262121055.jpeg.webp","width":820,"height":508},{"@type":"BreadcrumbList","@id":"https:\/\/buenosdiasbcs.com\/?p=4991#breadcrumb","itemListElement":[{"@type":"ListItem","position":1,"name":"Portada","item":"https:\/\/buenosdiasbcs.com\/"},{"@type":"ListItem","position":2,"name":"Con votos en contra del PT y Verde, diputados rechazan reforma electoral"}]},{"@type":"WebSite","@id":"https:\/\/buenosdiasbcs.com\/#website","url":"https:\/\/buenosdiasbcs.com\/","name":"Buenos D\u00edas BCS","description":"","publisher":{"@id":"https:\/\/buenosdiasbcs.com\/#organization"},"potentialAction":[{"@type":"SearchAction","target":{"@type":"EntryPoint","urlTemplate":"https:\/\/buenosdiasbcs.com\/?s={search_term_string}"},"query-input":{"@type":"PropertyValueSpecification","valueRequired":true,"valueName":"search_term_string"}}],"inLanguage":"es"},{"@type":"Organization","@id":"https:\/\/buenosdiasbcs.com\/#organization","name":"Buenos D\u00edas BCS","url":"https:\/\/buenosdiasbcs.com\/","logo":{"@type":"ImageObject","inLanguage":"es","@id":"https:\/\/buenosdiasbcs.com\/#\/schema\/logo\/image\/","url":"https:\/\/buenosdiasbcs.com\/wp-content\/uploads\/2026\/01\/logo-buenos-dias-40-01.png","contentUrl":"https:\/\/buenosdiasbcs.com\/wp-content\/uploads\/2026\/01\/logo-buenos-dias-40-01.png","width":277,"height":40,"caption":"Buenos D\u00edas BCS"},"image":{"@id":"https:\/\/buenosdiasbcs.com\/#\/schema\/logo\/image\/"}},{"@type":"Person","@id":"https:\/\/buenosdiasbcs.com\/#\/schema\/person\/15aedc247eab7070ee5d76d6d069a821","name":"Edici\u00f3n Buenos D\u00edas","image":{"@type":"ImageObject","inLanguage":"es","@id":"https:\/\/buenosdiasbcs.com\/wp-content\/uploads\/2026\/01\/cropped-sol-96x96.png","url":"https:\/\/buenosdiasbcs.com\/wp-content\/uploads\/2026\/01\/cropped-sol-96x96.png","contentUrl":"https:\/\/buenosdiasbcs.com\/wp-content\/uploads\/2026\/01\/cropped-sol-96x96.png","caption":"Edici\u00f3n Buenos D\u00edas"},"url":"https:\/\/buenosdiasbcs.com\/?author=2"}]}},"amp_enabled":true,"_links":{"self":[{"href":"https:\/\/buenosdiasbcs.com\/index.php?rest_route=\/wp\/v2\/posts\/4991","targetHints":{"allow":["GET"]}}],"collection":[{"href":"https:\/\/buenosdiasbcs.com\/index.php?rest_route=\/wp\/v2\/posts"}],"about":[{"href":"https:\/\/buenosdiasbcs.com\/index.php?rest_route=\/wp\/v2\/types\/post"}],"author":[{"embeddable":true,"href":"https:\/\/buenosdiasbcs.com\/index.php?rest_route=\/wp\/v2\/users\/2"}],"replies":[{"embeddable":true,"href":"https:\/\/buenosdiasbcs.com\/index.php?rest_route=%2Fwp%2Fv2%2Fcomments&post=4991"}],"version-history":[{"count":1,"href":"https:\/\/buenosdiasbcs.com\/index.php?rest_route=\/wp\/v2\/posts\/4991\/revisions"}],"predecessor-version":[{"id":4993,"href":"https:\/\/buenosdiasbcs.com\/index.php?rest_route=\/wp\/v2\/posts\/4991\/revisions\/4993"}],"wp:featuredmedia":[{"embeddable":true,"href":"https:\/\/buenosdiasbcs.com\/index.php?rest_route=\/wp\/v2\/media\/4992"}],"wp:attachment":[{"href":"https:\/\/buenosdiasbcs.com\/index.php?rest_route=%2Fwp%2Fv2%2Fmedia&parent=4991"}],"wp:term":[{"taxonomy":"category","embeddable":true,"href":"https:\/\/buenosdiasbcs.com\/index.php?rest_route=%2Fwp%2Fv2%2Fcategories&post=4991"},{"taxonomy":"post_tag","embeddable":true,"href":"https:\/\/buenosdiasbcs.com\/index.php?rest_route=%2Fwp%2Fv2%2Ftags&post=4991"}],"curies":[{"name":"wp","href":"https:\/\/api.w.org\/{rel}","templated":true}]}}