{"id":4988,"date":"2026-03-12T00:43:00","date_gmt":"2026-03-12T07:43:00","guid":{"rendered":"https:\/\/buenosdiasbcs.com\/?p=4988"},"modified":"2026-03-11T18:45:56","modified_gmt":"2026-03-12T01:45:56","slug":"destaca-christian-agundez-acciones-para-promover-y-garantizar-una-cultura-de-respeto-inclusion-y-dignidad-humana","status":"publish","type":"post","link":"https:\/\/buenosdiasbcs.com\/?p=4988","title":{"rendered":"Destaca Christian Ag\u00fandez acciones para promover y garantizar una cultura de respeto inclusi\u00f3n y dignidad humana"},"content":{"rendered":"\n<h2 class=\"wp-block-heading\" id=\"h-agundez-gomez-enfatizo-que-el-respeto-a-la-inclusion-no-solo-es-un-llamado-a-la-conciencia-sino-tambien-un-paso-fundamental-para-construir-una-sociedad-donde-todas-las-voces-sean-escuchadas-y-tomadas-en-cuenta\">Ag\u00fandez G\u00f3mez,\u00a0enfatiz\u00f3 que el respeto a la inclusi\u00f3n no solo es un llamado a la conciencia, sino tambi\u00e9n un paso fundamental para construir una sociedad donde todas las voces sean escuchadas y tomadas en cuenta.\u00a0<\/h2>\n\n\n\n<p>Los Cabos, Baja California Sur.\u2013&nbsp;Durante el encuentro de baloncesto en sillas de ruedas, al que asisti\u00f3 el presidente municipal de Los Cabos, Christian Ag\u00fandez G\u00f3mez,&nbsp;en respuesta al reto de deportistas y personal del&nbsp;Instituto para el Desarrollo e inclusi\u00f3n de Personas con Discapacidad de Los Cabos&nbsp;(IMDIS), destac\u00f3 el compromiso del Gobierno&nbsp;de Los Cabos para&nbsp;garantizar y promover una cultura de respeto, inclusi\u00f3n y dignidad humana.&nbsp;<\/p>\n\n\n\n<p>En este contexto,&nbsp;el alcalde&nbsp;reafirm\u00f3 la importancia de construir un espacio municipal para la atenci\u00f3n y bienestar de las personas con discapacidad;&nbsp;hizo menci\u00f3n del reciente proyecto del Centro de Rehabilitaci\u00f3n e Inclusi\u00f3n Infantil Telet\u00f3n (CRIT) que opera en el municipio, reiterando su compromiso de edificar un espacio municipal propio de inclusi\u00f3n a trav\u00e9s del IMDIS&nbsp;bajo la direcci\u00f3n de&nbsp;Fernando Ulises Altamirano Valdez.<\/p>\n\n\n\n<p>Este proyecto&nbsp;dijo,&nbsp;se suma a otras iniciativas que el gobierno local est\u00e1 implementando para garantizar su plena participaci\u00f3n en todos los \u00e1mbitos de la sociedad.&nbsp;Subray\u00f3 que para el Gobierno Municipal es prioridad implementar obras que incorporen elementos de accesibilidad, garantizando este principio como un derecho universal y un motor de desarrollo inclusivo para el municipio.&nbsp;<\/p>\n\n\n\n<p>Ag\u00fandez G\u00f3mez,&nbsp;enfatiz\u00f3 que el respeto a la inclusi\u00f3n no solo es un llamado a la conciencia, sino tambi\u00e9n un paso fundamental para construir una sociedad donde todas las voces sean escuchadas y tomadas en cuenta.&nbsp;<\/p>\n\n\n\n<p>Durante el encuentro, los deportistas demostraron su talento y determinaci\u00f3n, lo que subray\u00f3 la relevancia de fomentar actividades inclusivas que propicien el desarrollo integral de las personas con discapacidad.&nbsp;En esta actividad se cont\u00f3 con la participaci\u00f3n del contralor municipal&nbsp;Mario Alejandro Fern\u00e1ndez Brise\u00f1o; la directora general del Instituto de&nbsp;Instituto de la Cultura y las Artes del Municipio de Los Cabos&nbsp;(ICA)&nbsp;Tanya Covarrubias Mart\u00ednez; el director general del&nbsp;Instituto del Deporte del Municipio de Los Cabos&nbsp;(INDEM)&nbsp;Elton Emmanuel Olachea Arce; el secretario t\u00e9cnico de Presidencia Salvador Castellanos y&nbsp;el director municipal de Gobierno&nbsp;Amado Ruiz Espinoza.<\/p>\n\n\n\n<p>Para finalizar,&nbsp;invit\u00f3 a la comunidad en general a sensibilizarse sobre la importancia de la inclusi\u00f3n y trabajar&nbsp;en conjunto&nbsp;para eliminar barreras, promoviendo un entorno donde todas las personas, sin importar sus capacidades, puedan disfrutar de las mismas oportunidades y derechos.<\/p>\n","protected":false},"excerpt":{"rendered":"<p>Ag\u00fandez G\u00f3mez,\u00a0enfatiz\u00f3 que el respeto a la inclusi\u00f3n no solo es un llamado a la conciencia, sino tambi\u00e9n un paso&#8230;<\/p>\n","protected":false},"author":2,"featured_media":4989,"comment_status":"open","ping_status":"open","sticky":false,"template":"","format":"standard","meta":{"footnotes":""},"categories":[31],"tags":[],"class_list":["post-4988","post","type-post","status-publish","format-standard","has-post-thumbnail","hentry","category-los-cabos"],"yoast_head":"<!-- This site is optimized with the Yoast SEO Premium plugin v26.8 (Yoast SEO v27.4) - https:\/\/yoast.com\/product\/yoast-seo-premium-wordpress\/ -->\n<title>Destaca Christian Ag\u00fandez acciones para promover y garantizar una cultura de respeto inclusi\u00f3n y dignidad humana - Buenos D&iacute;as BCS<\/title>\n<meta name=\"robots\" content=\"index, follow, max-snippet:-1, max-image-preview:large, max-video-preview:-1\" \/>\n<link rel=\"canonical\" href=\"https:\/\/buenosdiasbcs.com\/?p=4988\" \/>\n<meta property=\"og:locale\" content=\"es_ES\" \/>\n<meta property=\"og:type\" content=\"article\" \/>\n<meta property=\"og:title\" content=\"Destaca Christian Ag\u00fandez acciones para promover y garantizar una cultura de respeto inclusi\u00f3n y dignidad humana\" \/>\n<meta property=\"og:description\" content=\"Ag\u00fandez G\u00f3mez,\u00a0enfatiz\u00f3 que el respeto a la inclusi\u00f3n no solo es un llamado a la conciencia, sino tambi\u00e9n un paso...\" \/>\n<meta property=\"og:url\" content=\"https:\/\/buenosdiasbcs.com\/?p=4988\" \/>\n<meta property=\"og:site_name\" content=\"Buenos D&iacute;as BCS\" \/>\n<meta property=\"article:published_time\" content=\"2026-03-12T07:43:00+00:00\" \/>\n<meta property=\"og:image\" content=\"https:\/\/buenosdiasbcs.com\/wp-content\/uploads\/2026\/03\/WhatsApp-Image-2026-03-10-at-8.39.38-p.m-scaled-1.jpeg\" \/>\n\t<meta property=\"og:image:width\" content=\"1024\" \/>\n\t<meta property=\"og:image:height\" content=\"682\" \/>\n\t<meta property=\"og:image:type\" content=\"image\/jpeg\" \/>\n<meta name=\"author\" content=\"Edici\u00f3n Buenos D\u00edas\" \/>\n<meta name=\"twitter:card\" content=\"summary_large_image\" \/>\n<meta name=\"twitter:label1\" content=\"Escrito por\" \/>\n\t<meta name=\"twitter:data1\" content=\"Edici\u00f3n Buenos D\u00edas\" \/>\n\t<meta name=\"twitter:label2\" content=\"Tiempo de lectura\" \/>\n\t<meta name=\"twitter:data2\" content=\"3 minutos\" \/>\n<script type=\"application\/ld+json\" class=\"yoast-schema-graph\">{\"@context\":\"https:\\\/\\\/schema.org\",\"@graph\":[{\"@type\":\"Article\",\"@id\":\"https:\\\/\\\/buenosdiasbcs.com\\\/?p=4988#article\",\"isPartOf\":{\"@id\":\"https:\\\/\\\/buenosdiasbcs.com\\\/?p=4988\"},\"author\":{\"name\":\"Edici\u00f3n Buenos D\u00edas\",\"@id\":\"https:\\\/\\\/buenosdiasbcs.com\\\/#\\\/schema\\\/person\\\/15aedc247eab7070ee5d76d6d069a821\"},\"headline\":\"Destaca Christian Ag\u00fandez acciones para promover y garantizar una cultura de respeto inclusi\u00f3n y dignidad humana\",\"datePublished\":\"2026-03-12T07:43:00+00:00\",\"mainEntityOfPage\":{\"@id\":\"https:\\\/\\\/buenosdiasbcs.com\\\/?p=4988\"},\"wordCount\":481,\"commentCount\":0,\"publisher\":{\"@id\":\"https:\\\/\\\/buenosdiasbcs.com\\\/#organization\"},\"image\":{\"@id\":\"https:\\\/\\\/buenosdiasbcs.com\\\/?p=4988#primaryimage\"},\"thumbnailUrl\":\"https:\\\/\\\/buenosdiasbcs.com\\\/wp-content\\\/uploads\\\/2026\\\/03\\\/WhatsApp-Image-2026-03-10-at-8.39.38-p.m-scaled-1.jpeg\",\"articleSection\":[\"Los Cabos\"],\"inLanguage\":\"es\",\"potentialAction\":[{\"@type\":\"CommentAction\",\"name\":\"Comment\",\"target\":[\"https:\\\/\\\/buenosdiasbcs.com\\\/?p=4988#respond\"]}]},{\"@type\":\"WebPage\",\"@id\":\"https:\\\/\\\/buenosdiasbcs.com\\\/?p=4988\",\"url\":\"https:\\\/\\\/buenosdiasbcs.com\\\/?p=4988\",\"name\":\"Destaca Christian Ag\u00fandez acciones para promover y garantizar una cultura de respeto inclusi\u00f3n y dignidad humana - Buenos D&iacute;as BCS\",\"isPartOf\":{\"@id\":\"https:\\\/\\\/buenosdiasbcs.com\\\/#website\"},\"primaryImageOfPage\":{\"@id\":\"https:\\\/\\\/buenosdiasbcs.com\\\/?p=4988#primaryimage\"},\"image\":{\"@id\":\"https:\\\/\\\/buenosdiasbcs.com\\\/?p=4988#primaryimage\"},\"thumbnailUrl\":\"https:\\\/\\\/buenosdiasbcs.com\\\/wp-content\\\/uploads\\\/2026\\\/03\\\/WhatsApp-Image-2026-03-10-at-8.39.38-p.m-scaled-1.jpeg\",\"datePublished\":\"2026-03-12T07:43:00+00:00\",\"breadcrumb\":{\"@id\":\"https:\\\/\\\/buenosdiasbcs.com\\\/?p=4988#breadcrumb\"},\"inLanguage\":\"es\",\"potentialAction\":[{\"@type\":\"ReadAction\",\"target\":[\"https:\\\/\\\/buenosdiasbcs.com\\\/?p=4988\"]}]},{\"@type\":\"ImageObject\",\"inLanguage\":\"es\",\"@id\":\"https:\\\/\\\/buenosdiasbcs.com\\\/?p=4988#primaryimage\",\"url\":\"https:\\\/\\\/buenosdiasbcs.com\\\/wp-content\\\/uploads\\\/2026\\\/03\\\/WhatsApp-Image-2026-03-10-at-8.39.38-p.m-scaled-1.jpeg\",\"contentUrl\":\"https:\\\/\\\/buenosdiasbcs.com\\\/wp-content\\\/uploads\\\/2026\\\/03\\\/WhatsApp-Image-2026-03-10-at-8.39.38-p.m-scaled-1.jpeg\",\"width\":1024,\"height\":682},{\"@type\":\"BreadcrumbList\",\"@id\":\"https:\\\/\\\/buenosdiasbcs.com\\\/?p=4988#breadcrumb\",\"itemListElement\":[{\"@type\":\"ListItem\",\"position\":1,\"name\":\"Portada\",\"item\":\"https:\\\/\\\/buenosdiasbcs.com\\\/\"},{\"@type\":\"ListItem\",\"position\":2,\"name\":\"Destaca Christian Ag\u00fandez acciones para promover y garantizar una cultura de respeto inclusi\u00f3n y dignidad humana\"}]},{\"@type\":\"WebSite\",\"@id\":\"https:\\\/\\\/buenosdiasbcs.com\\\/#website\",\"url\":\"https:\\\/\\\/buenosdiasbcs.com\\\/\",\"name\":\"Buenos D\u00edas BCS\",\"description\":\"\",\"publisher\":{\"@id\":\"https:\\\/\\\/buenosdiasbcs.com\\\/#organization\"},\"potentialAction\":[{\"@type\":\"SearchAction\",\"target\":{\"@type\":\"EntryPoint\",\"urlTemplate\":\"https:\\\/\\\/buenosdiasbcs.com\\\/?s={search_term_string}\"},\"query-input\":{\"@type\":\"PropertyValueSpecification\",\"valueRequired\":true,\"valueName\":\"search_term_string\"}}],\"inLanguage\":\"es\"},{\"@type\":\"Organization\",\"@id\":\"https:\\\/\\\/buenosdiasbcs.com\\\/#organization\",\"name\":\"Buenos D\u00edas BCS\",\"url\":\"https:\\\/\\\/buenosdiasbcs.com\\\/\",\"logo\":{\"@type\":\"ImageObject\",\"inLanguage\":\"es\",\"@id\":\"https:\\\/\\\/buenosdiasbcs.com\\\/#\\\/schema\\\/logo\\\/image\\\/\",\"url\":\"https:\\\/\\\/buenosdiasbcs.com\\\/wp-content\\\/uploads\\\/2026\\\/01\\\/logo-buenos-dias-40-01.png\",\"contentUrl\":\"https:\\\/\\\/buenosdiasbcs.com\\\/wp-content\\\/uploads\\\/2026\\\/01\\\/logo-buenos-dias-40-01.png\",\"width\":277,\"height\":40,\"caption\":\"Buenos D\u00edas BCS\"},\"image\":{\"@id\":\"https:\\\/\\\/buenosdiasbcs.com\\\/#\\\/schema\\\/logo\\\/image\\\/\"}},{\"@type\":\"Person\",\"@id\":\"https:\\\/\\\/buenosdiasbcs.com\\\/#\\\/schema\\\/person\\\/15aedc247eab7070ee5d76d6d069a821\",\"name\":\"Edici\u00f3n Buenos D\u00edas\",\"image\":{\"@type\":\"ImageObject\",\"inLanguage\":\"es\",\"@id\":\"https:\\\/\\\/buenosdiasbcs.com\\\/wp-content\\\/uploads\\\/2026\\\/01\\\/cropped-sol-96x96.png\",\"url\":\"https:\\\/\\\/buenosdiasbcs.com\\\/wp-content\\\/uploads\\\/2026\\\/01\\\/cropped-sol-96x96.png\",\"contentUrl\":\"https:\\\/\\\/buenosdiasbcs.com\\\/wp-content\\\/uploads\\\/2026\\\/01\\\/cropped-sol-96x96.png\",\"caption\":\"Edici\u00f3n Buenos D\u00edas\"},\"url\":\"https:\\\/\\\/buenosdiasbcs.com\\\/?author=2\"}]}<\/script>\n<!-- \/ Yoast SEO Premium plugin. -->","yoast_head_json":{"title":"Destaca Christian Ag\u00fandez acciones para promover y garantizar una cultura de respeto inclusi\u00f3n y dignidad humana - Buenos D&iacute;as BCS","robots":{"index":"index","follow":"follow","max-snippet":"max-snippet:-1","max-image-preview":"max-image-preview:large","max-video-preview":"max-video-preview:-1"},"canonical":"https:\/\/buenosdiasbcs.com\/?p=4988","og_locale":"es_ES","og_type":"article","og_title":"Destaca Christian Ag\u00fandez acciones para promover y garantizar una cultura de respeto inclusi\u00f3n y dignidad humana","og_description":"Ag\u00fandez G\u00f3mez,\u00a0enfatiz\u00f3 que el respeto a la inclusi\u00f3n no solo es un llamado a la conciencia, sino tambi\u00e9n un paso...","og_url":"https:\/\/buenosdiasbcs.com\/?p=4988","og_site_name":"Buenos D&iacute;as BCS","article_published_time":"2026-03-12T07:43:00+00:00","og_image":[{"width":1024,"height":682,"url":"https:\/\/buenosdiasbcs.com\/wp-content\/uploads\/2026\/03\/WhatsApp-Image-2026-03-10-at-8.39.38-p.m-scaled-1.jpeg","type":"image\/jpeg"}],"author":"Edici\u00f3n Buenos D\u00edas","twitter_card":"summary_large_image","twitter_misc":{"Escrito por":"Edici\u00f3n Buenos D\u00edas","Tiempo de lectura":"3 minutos"},"schema":{"@context":"https:\/\/schema.org","@graph":[{"@type":"Article","@id":"https:\/\/buenosdiasbcs.com\/?p=4988#article","isPartOf":{"@id":"https:\/\/buenosdiasbcs.com\/?p=4988"},"author":{"name":"Edici\u00f3n Buenos D\u00edas","@id":"https:\/\/buenosdiasbcs.com\/#\/schema\/person\/15aedc247eab7070ee5d76d6d069a821"},"headline":"Destaca Christian Ag\u00fandez acciones para promover y garantizar una cultura de respeto inclusi\u00f3n y dignidad humana","datePublished":"2026-03-12T07:43:00+00:00","mainEntityOfPage":{"@id":"https:\/\/buenosdiasbcs.com\/?p=4988"},"wordCount":481,"commentCount":0,"publisher":{"@id":"https:\/\/buenosdiasbcs.com\/#organization"},"image":{"@id":"https:\/\/buenosdiasbcs.com\/?p=4988#primaryimage"},"thumbnailUrl":"https:\/\/buenosdiasbcs.com\/wp-content\/uploads\/2026\/03\/WhatsApp-Image-2026-03-10-at-8.39.38-p.m-scaled-1.jpeg","articleSection":["Los Cabos"],"inLanguage":"es","potentialAction":[{"@type":"CommentAction","name":"Comment","target":["https:\/\/buenosdiasbcs.com\/?p=4988#respond"]}]},{"@type":"WebPage","@id":"https:\/\/buenosdiasbcs.com\/?p=4988","url":"https:\/\/buenosdiasbcs.com\/?p=4988","name":"Destaca Christian Ag\u00fandez acciones para promover y garantizar una cultura de respeto inclusi\u00f3n y dignidad humana - Buenos D&iacute;as BCS","isPartOf":{"@id":"https:\/\/buenosdiasbcs.com\/#website"},"primaryImageOfPage":{"@id":"https:\/\/buenosdiasbcs.com\/?p=4988#primaryimage"},"image":{"@id":"https:\/\/buenosdiasbcs.com\/?p=4988#primaryimage"},"thumbnailUrl":"https:\/\/buenosdiasbcs.com\/wp-content\/uploads\/2026\/03\/WhatsApp-Image-2026-03-10-at-8.39.38-p.m-scaled-1.jpeg","datePublished":"2026-03-12T07:43:00+00:00","breadcrumb":{"@id":"https:\/\/buenosdiasbcs.com\/?p=4988#breadcrumb"},"inLanguage":"es","potentialAction":[{"@type":"ReadAction","target":["https:\/\/buenosdiasbcs.com\/?p=4988"]}]},{"@type":"ImageObject","inLanguage":"es","@id":"https:\/\/buenosdiasbcs.com\/?p=4988#primaryimage","url":"https:\/\/buenosdiasbcs.com\/wp-content\/uploads\/2026\/03\/WhatsApp-Image-2026-03-10-at-8.39.38-p.m-scaled-1.jpeg","contentUrl":"https:\/\/buenosdiasbcs.com\/wp-content\/uploads\/2026\/03\/WhatsApp-Image-2026-03-10-at-8.39.38-p.m-scaled-1.jpeg","width":1024,"height":682},{"@type":"BreadcrumbList","@id":"https:\/\/buenosdiasbcs.com\/?p=4988#breadcrumb","itemListElement":[{"@type":"ListItem","position":1,"name":"Portada","item":"https:\/\/buenosdiasbcs.com\/"},{"@type":"ListItem","position":2,"name":"Destaca Christian Ag\u00fandez acciones para promover y garantizar una cultura de respeto inclusi\u00f3n y dignidad humana"}]},{"@type":"WebSite","@id":"https:\/\/buenosdiasbcs.com\/#website","url":"https:\/\/buenosdiasbcs.com\/","name":"Buenos D\u00edas BCS","description":"","publisher":{"@id":"https:\/\/buenosdiasbcs.com\/#organization"},"potentialAction":[{"@type":"SearchAction","target":{"@type":"EntryPoint","urlTemplate":"https:\/\/buenosdiasbcs.com\/?s={search_term_string}"},"query-input":{"@type":"PropertyValueSpecification","valueRequired":true,"valueName":"search_term_string"}}],"inLanguage":"es"},{"@type":"Organization","@id":"https:\/\/buenosdiasbcs.com\/#organization","name":"Buenos D\u00edas BCS","url":"https:\/\/buenosdiasbcs.com\/","logo":{"@type":"ImageObject","inLanguage":"es","@id":"https:\/\/buenosdiasbcs.com\/#\/schema\/logo\/image\/","url":"https:\/\/buenosdiasbcs.com\/wp-content\/uploads\/2026\/01\/logo-buenos-dias-40-01.png","contentUrl":"https:\/\/buenosdiasbcs.com\/wp-content\/uploads\/2026\/01\/logo-buenos-dias-40-01.png","width":277,"height":40,"caption":"Buenos D\u00edas BCS"},"image":{"@id":"https:\/\/buenosdiasbcs.com\/#\/schema\/logo\/image\/"}},{"@type":"Person","@id":"https:\/\/buenosdiasbcs.com\/#\/schema\/person\/15aedc247eab7070ee5d76d6d069a821","name":"Edici\u00f3n Buenos D\u00edas","image":{"@type":"ImageObject","inLanguage":"es","@id":"https:\/\/buenosdiasbcs.com\/wp-content\/uploads\/2026\/01\/cropped-sol-96x96.png","url":"https:\/\/buenosdiasbcs.com\/wp-content\/uploads\/2026\/01\/cropped-sol-96x96.png","contentUrl":"https:\/\/buenosdiasbcs.com\/wp-content\/uploads\/2026\/01\/cropped-sol-96x96.png","caption":"Edici\u00f3n Buenos D\u00edas"},"url":"https:\/\/buenosdiasbcs.com\/?author=2"}]}},"amp_enabled":true,"_links":{"self":[{"href":"https:\/\/buenosdiasbcs.com\/index.php?rest_route=\/wp\/v2\/posts\/4988","targetHints":{"allow":["GET"]}}],"collection":[{"href":"https:\/\/buenosdiasbcs.com\/index.php?rest_route=\/wp\/v2\/posts"}],"about":[{"href":"https:\/\/buenosdiasbcs.com\/index.php?rest_route=\/wp\/v2\/types\/post"}],"author":[{"embeddable":true,"href":"https:\/\/buenosdiasbcs.com\/index.php?rest_route=\/wp\/v2\/users\/2"}],"replies":[{"embeddable":true,"href":"https:\/\/buenosdiasbcs.com\/index.php?rest_route=%2Fwp%2Fv2%2Fcomments&post=4988"}],"version-history":[{"count":1,"href":"https:\/\/buenosdiasbcs.com\/index.php?rest_route=\/wp\/v2\/posts\/4988\/revisions"}],"predecessor-version":[{"id":4990,"href":"https:\/\/buenosdiasbcs.com\/index.php?rest_route=\/wp\/v2\/posts\/4988\/revisions\/4990"}],"wp:featuredmedia":[{"embeddable":true,"href":"https:\/\/buenosdiasbcs.com\/index.php?rest_route=\/wp\/v2\/media\/4989"}],"wp:attachment":[{"href":"https:\/\/buenosdiasbcs.com\/index.php?rest_route=%2Fwp%2Fv2%2Fmedia&parent=4988"}],"wp:term":[{"taxonomy":"category","embeddable":true,"href":"https:\/\/buenosdiasbcs.com\/index.php?rest_route=%2Fwp%2Fv2%2Fcategories&post=4988"},{"taxonomy":"post_tag","embeddable":true,"href":"https:\/\/buenosdiasbcs.com\/index.php?rest_route=%2Fwp%2Fv2%2Ftags&post=4988"}],"curies":[{"name":"wp","href":"https:\/\/api.w.org\/{rel}","templated":true}]}}