{"id":4961,"date":"2026-03-11T00:59:00","date_gmt":"2026-03-11T07:59:00","guid":{"rendered":"https:\/\/buenosdiasbcs.com\/?p=4961"},"modified":"2026-03-11T00:09:29","modified_gmt":"2026-03-11T07:09:29","slug":"lesion-de-malagon-revive-a-ochoa-decian-que-ya-estaba-retirado","status":"publish","type":"post","link":"https:\/\/buenosdiasbcs.com\/?p=4961","title":{"rendered":"Lesi\u00f3n de Malag\u00f3n revive a Ochoa: &#8220;\u00bfDec\u00edan que ya estaba retirado?&#8221;"},"content":{"rendered":"\n<h2 class=\"wp-block-heading\" id=\"h-luis-angel-malagon-salio-lesionado-durante-el-partido-entre-america-y-philadelphia-union-en-la-concacaf-champions-cup-generando-preocupacion-en-el-club-y-la-seleccion-mexicana\">Luis \u00c1ngel Malag\u00f3n sali\u00f3 lesionado durante el partido entre Am\u00e9rica y Philadelphia Union en la Concacaf Champions Cup, generando preocupaci\u00f3n en el club y la Selecci\u00f3n Mexicana.<\/h2>\n\n\n\n<p>El portero del&nbsp;<strong>Club Am\u00e9rica<\/strong>,&nbsp;<strong>Luis \u00c1ngel Malag\u00f3n<\/strong>, tuvo que abandonar el partido ante&nbsp;<strong>Philadelphia Union<\/strong>&nbsp;tras sufrir una lesi\u00f3n durante el duelo correspondiente a los&nbsp;<strong>octavos de final de la Concacaf Champions Cup 2026<\/strong>. El incidente ocurri\u00f3 en el primer tiempo del encuentro disputado en&nbsp;<strong>Subaru Park<\/strong>, en Estados Unidos.&nbsp;<\/p>\n\n\n\n<p>La jugada se produjo cuando el guardameta intent\u00f3 despejar el bal\u00f3n cerca del final de la primera mitad. Al hacerlo,&nbsp;<strong>su pie qued\u00f3 atorado y se lastim\u00f3 el tobillo<\/strong>, por lo que cay\u00f3 al c\u00e9sped y tuvo que recibir atenci\u00f3n m\u00e9dica.<\/p>\n\n\n\n<h2 class=\"wp-block-heading\" id=\"h-salio-del-campo-entre-gestos-de-dolor\">Sali\u00f3 del campo entre gestos de dolor<\/h2>\n\n\n\n<p>Tras varios minutos en el terreno de juego, Malag\u00f3n&nbsp;<strong>no pudo continuar y abandon\u00f3 el partido entre gestos de dolor<\/strong>, siendo sustituido por&nbsp;<strong>Rodolfo Cota<\/strong>, quien ingres\u00f3 para defender la porter\u00eda azulcrema.&nbsp;<\/p>\n\n\n\n<p>Las im\u00e1genes mostraron al arquero&nbsp;<strong>visiblemente afectado e incluso con l\u00e1grimas<\/strong>, lo que increment\u00f3 la preocupaci\u00f3n entre el cuerpo t\u00e9cnico y los aficionados del equipo.<\/p>\n\n\n\n<blockquote class=\"twitter-tweet\"><p lang=\"es\" dir=\"ltr\">\u00a1\u00a1LO PEOR QUE LE POD\u00cdA PASAR!! \ud83e\udd79\ud83e\udd85<br><br>Luis \u00c1ngel Malag\u00f3n sali\u00f3 LESIONADO del partido ante Philadelphia y parece que ser\u00e1 algo grave.<br><br>Est\u00e1 en medio de un mal momento y ahora sufre una lesi\u00f3n que pone en riesgo su participaci\u00f3n en el MUNDIAL. \u274c<a href=\"https:\/\/t.co\/zTdgp7PWAL\">pic.twitter.com\/zTdgp7PWAL<\/a><\/p>&mdash; \ud83e\udd85\ud83c\udfc6 El HINCHA \ud83c\udfc6\ud83e\udd85\u26bd (@El_Hincha12) <a href=\"https:\/\/twitter.com\/El_Hincha12\/status\/2031518340338843923?ref_src=twsrc%5Etfw\">March 10, 2026<\/a><\/blockquote> <script async src=\"https:\/\/platform.twitter.com\/widgets.js\" charset=\"utf-8\"><\/script>\n\n\n\n<h2 class=\"wp-block-heading\" id=\"h-primeros-reportes-apuntan-a-una-lesion-grave\">Primeros reportes apuntan a una lesi\u00f3n grave<\/h2>\n\n\n\n<p>Los primeros reportes m\u00e9dicos indican que el arquero podr\u00eda haber sufrido&nbsp;<strong>una rotura del tend\u00f3n de Aquiles<\/strong>, aunque el diagn\u00f3stico definitivo se confirmar\u00e1 tras estudios m\u00e9dicos m\u00e1s detallados cuando el equipo regrese a M\u00e9xico.&nbsp;<\/p>\n\n\n\n<p>En caso de confirmarse, el tiempo de recuperaci\u00f3n podr\u00eda ser&nbsp;<strong>de varios meses<\/strong>, lo que pondr\u00eda en riesgo su participaci\u00f3n en lo que resta del a\u00f1o futbol\u00edstico.&nbsp;<\/p>\n\n\n\n<h2 class=\"wp-block-heading\" id=\"h-america-logra-ventaja-pese-al-susto\">Am\u00e9rica logra ventaja pese al susto<\/h2>\n\n\n\n<p>A pesar del golpe an\u00edmico que signific\u00f3 la lesi\u00f3n del arquero,&nbsp;<strong>Am\u00e9rica logr\u00f3 imponerse 1-0 a Philadelphia Union<\/strong>, resultado que le da ventaja para el partido de vuelta de la serie de octavos de final del torneo continental.&nbsp;<\/p>\n\n\n\n<p>El conjunto dirigido por&nbsp;<strong>Andr\u00e9 Jardine<\/strong>&nbsp;consigui\u00f3 mantener la ventaja y regresar a casa con un resultado favorable, aunque la preocupaci\u00f3n principal qued\u00f3 centrada en el estado f\u00edsico de su guardameta titular.&nbsp;<\/p>\n\n\n\n<h2 class=\"wp-block-heading\" id=\"h-un-portero-clave-para-america-y-la-seleccion\">Un portero clave para Am\u00e9rica y la Selecci\u00f3n<\/h2>\n\n\n\n<p>Luis \u00c1ngel Malag\u00f3n se ha consolidado como&nbsp;<strong>uno de los porteros m\u00e1s importantes del futbol mexicano<\/strong>, siendo titular con Am\u00e9rica y habitual convocado a la&nbsp;<strong>Selecci\u00f3n Mexicana<\/strong>, con la que incluso ha ganado torneos de Concacaf.&nbsp;<\/p>\n\n\n\n<p><em>Con informaci\u00f3n de Mediotiempo.<\/em><\/p>\n\n\n\n<p><\/p>\n","protected":false},"excerpt":{"rendered":"<p>Luis \u00c1ngel Malag\u00f3n sali\u00f3 lesionado durante el partido entre Am\u00e9rica y Philadelphia Union en la Concacaf Champions Cup, generando preocupaci\u00f3n&#8230;<\/p>\n","protected":false},"author":2,"featured_media":4962,"comment_status":"open","ping_status":"open","sticky":false,"template":"","format":"standard","meta":{"footnotes":""},"categories":[34],"tags":[],"class_list":["post-4961","post","type-post","status-publish","format-standard","has-post-thumbnail","hentry","category-deportes"],"yoast_head":"<!-- This site is optimized with the Yoast SEO Premium plugin v26.8 (Yoast SEO v27.4) - https:\/\/yoast.com\/product\/yoast-seo-premium-wordpress\/ -->\n<title>Lesi\u00f3n de Malag\u00f3n revive a Ochoa: &quot;\u00bfDec\u00edan que ya estaba retirado?&quot; - Buenos D&iacute;as BCS<\/title>\n<meta name=\"robots\" content=\"index, follow, max-snippet:-1, max-image-preview:large, max-video-preview:-1\" \/>\n<link rel=\"canonical\" href=\"https:\/\/buenosdiasbcs.com\/?p=4961\" \/>\n<meta property=\"og:locale\" content=\"es_ES\" \/>\n<meta property=\"og:type\" content=\"article\" \/>\n<meta property=\"og:title\" content=\"Lesi\u00f3n de Malag\u00f3n revive a Ochoa: &quot;\u00bfDec\u00edan que ya estaba retirado?&quot;\" \/>\n<meta property=\"og:description\" content=\"Luis \u00c1ngel Malag\u00f3n sali\u00f3 lesionado durante el partido entre Am\u00e9rica y Philadelphia Union en la Concacaf Champions Cup, generando preocupaci\u00f3n...\" \/>\n<meta property=\"og:url\" content=\"https:\/\/buenosdiasbcs.com\/?p=4961\" \/>\n<meta property=\"og:site_name\" content=\"Buenos D&iacute;as BCS\" \/>\n<meta property=\"article:published_time\" content=\"2026-03-11T07:59:00+00:00\" \/>\n<meta property=\"og:image\" content=\"https:\/\/buenosdiasbcs.com\/wp-content\/uploads\/2026\/03\/1773193635792.jpg.webp\" \/>\n\t<meta property=\"og:image:width\" content=\"856\" \/>\n\t<meta property=\"og:image:height\" content=\"748\" \/>\n\t<meta property=\"og:image:type\" content=\"image\/webp\" \/>\n<meta name=\"author\" content=\"Edici\u00f3n Buenos D\u00edas\" \/>\n<meta name=\"twitter:card\" content=\"summary_large_image\" \/>\n<meta name=\"twitter:label1\" content=\"Escrito por\" \/>\n\t<meta name=\"twitter:data1\" content=\"Edici\u00f3n Buenos D\u00edas\" \/>\n\t<meta name=\"twitter:label2\" content=\"Tiempo de lectura\" \/>\n\t<meta name=\"twitter:data2\" content=\"2 minutos\" \/>\n<script type=\"application\/ld+json\" class=\"yoast-schema-graph\">{\"@context\":\"https:\\\/\\\/schema.org\",\"@graph\":[{\"@type\":\"Article\",\"@id\":\"https:\\\/\\\/buenosdiasbcs.com\\\/?p=4961#article\",\"isPartOf\":{\"@id\":\"https:\\\/\\\/buenosdiasbcs.com\\\/?p=4961\"},\"author\":{\"name\":\"Edici\u00f3n Buenos D\u00edas\",\"@id\":\"https:\\\/\\\/buenosdiasbcs.com\\\/#\\\/schema\\\/person\\\/15aedc247eab7070ee5d76d6d069a821\"},\"headline\":\"Lesi\u00f3n de Malag\u00f3n revive a Ochoa: &#8220;\u00bfDec\u00edan que ya estaba retirado?&#8221;\",\"datePublished\":\"2026-03-11T07:59:00+00:00\",\"mainEntityOfPage\":{\"@id\":\"https:\\\/\\\/buenosdiasbcs.com\\\/?p=4961\"},\"wordCount\":513,\"commentCount\":0,\"publisher\":{\"@id\":\"https:\\\/\\\/buenosdiasbcs.com\\\/#organization\"},\"image\":{\"@id\":\"https:\\\/\\\/buenosdiasbcs.com\\\/?p=4961#primaryimage\"},\"thumbnailUrl\":\"https:\\\/\\\/buenosdiasbcs.com\\\/wp-content\\\/uploads\\\/2026\\\/03\\\/1773193635792.jpg.webp\",\"articleSection\":[\"Deportes\"],\"inLanguage\":\"es\",\"potentialAction\":[{\"@type\":\"CommentAction\",\"name\":\"Comment\",\"target\":[\"https:\\\/\\\/buenosdiasbcs.com\\\/?p=4961#respond\"]}]},{\"@type\":\"WebPage\",\"@id\":\"https:\\\/\\\/buenosdiasbcs.com\\\/?p=4961\",\"url\":\"https:\\\/\\\/buenosdiasbcs.com\\\/?p=4961\",\"name\":\"Lesi\u00f3n de Malag\u00f3n revive a Ochoa: \\\"\u00bfDec\u00edan que ya estaba retirado?\\\" - Buenos D&iacute;as BCS\",\"isPartOf\":{\"@id\":\"https:\\\/\\\/buenosdiasbcs.com\\\/#website\"},\"primaryImageOfPage\":{\"@id\":\"https:\\\/\\\/buenosdiasbcs.com\\\/?p=4961#primaryimage\"},\"image\":{\"@id\":\"https:\\\/\\\/buenosdiasbcs.com\\\/?p=4961#primaryimage\"},\"thumbnailUrl\":\"https:\\\/\\\/buenosdiasbcs.com\\\/wp-content\\\/uploads\\\/2026\\\/03\\\/1773193635792.jpg.webp\",\"datePublished\":\"2026-03-11T07:59:00+00:00\",\"breadcrumb\":{\"@id\":\"https:\\\/\\\/buenosdiasbcs.com\\\/?p=4961#breadcrumb\"},\"inLanguage\":\"es\",\"potentialAction\":[{\"@type\":\"ReadAction\",\"target\":[\"https:\\\/\\\/buenosdiasbcs.com\\\/?p=4961\"]}]},{\"@type\":\"ImageObject\",\"inLanguage\":\"es\",\"@id\":\"https:\\\/\\\/buenosdiasbcs.com\\\/?p=4961#primaryimage\",\"url\":\"https:\\\/\\\/buenosdiasbcs.com\\\/wp-content\\\/uploads\\\/2026\\\/03\\\/1773193635792.jpg.webp\",\"contentUrl\":\"https:\\\/\\\/buenosdiasbcs.com\\\/wp-content\\\/uploads\\\/2026\\\/03\\\/1773193635792.jpg.webp\",\"width\":856,\"height\":748},{\"@type\":\"BreadcrumbList\",\"@id\":\"https:\\\/\\\/buenosdiasbcs.com\\\/?p=4961#breadcrumb\",\"itemListElement\":[{\"@type\":\"ListItem\",\"position\":1,\"name\":\"Portada\",\"item\":\"https:\\\/\\\/buenosdiasbcs.com\\\/\"},{\"@type\":\"ListItem\",\"position\":2,\"name\":\"Lesi\u00f3n de Malag\u00f3n revive a Ochoa: &#8220;\u00bfDec\u00edan que ya estaba retirado?&#8221;\"}]},{\"@type\":\"WebSite\",\"@id\":\"https:\\\/\\\/buenosdiasbcs.com\\\/#website\",\"url\":\"https:\\\/\\\/buenosdiasbcs.com\\\/\",\"name\":\"Buenos D\u00edas BCS\",\"description\":\"\",\"publisher\":{\"@id\":\"https:\\\/\\\/buenosdiasbcs.com\\\/#organization\"},\"potentialAction\":[{\"@type\":\"SearchAction\",\"target\":{\"@type\":\"EntryPoint\",\"urlTemplate\":\"https:\\\/\\\/buenosdiasbcs.com\\\/?s={search_term_string}\"},\"query-input\":{\"@type\":\"PropertyValueSpecification\",\"valueRequired\":true,\"valueName\":\"search_term_string\"}}],\"inLanguage\":\"es\"},{\"@type\":\"Organization\",\"@id\":\"https:\\\/\\\/buenosdiasbcs.com\\\/#organization\",\"name\":\"Buenos D\u00edas BCS\",\"url\":\"https:\\\/\\\/buenosdiasbcs.com\\\/\",\"logo\":{\"@type\":\"ImageObject\",\"inLanguage\":\"es\",\"@id\":\"https:\\\/\\\/buenosdiasbcs.com\\\/#\\\/schema\\\/logo\\\/image\\\/\",\"url\":\"https:\\\/\\\/buenosdiasbcs.com\\\/wp-content\\\/uploads\\\/2026\\\/01\\\/logo-buenos-dias-40-01.png\",\"contentUrl\":\"https:\\\/\\\/buenosdiasbcs.com\\\/wp-content\\\/uploads\\\/2026\\\/01\\\/logo-buenos-dias-40-01.png\",\"width\":277,\"height\":40,\"caption\":\"Buenos D\u00edas BCS\"},\"image\":{\"@id\":\"https:\\\/\\\/buenosdiasbcs.com\\\/#\\\/schema\\\/logo\\\/image\\\/\"}},{\"@type\":\"Person\",\"@id\":\"https:\\\/\\\/buenosdiasbcs.com\\\/#\\\/schema\\\/person\\\/15aedc247eab7070ee5d76d6d069a821\",\"name\":\"Edici\u00f3n Buenos D\u00edas\",\"image\":{\"@type\":\"ImageObject\",\"inLanguage\":\"es\",\"@id\":\"https:\\\/\\\/buenosdiasbcs.com\\\/wp-content\\\/uploads\\\/2026\\\/01\\\/cropped-sol-96x96.png\",\"url\":\"https:\\\/\\\/buenosdiasbcs.com\\\/wp-content\\\/uploads\\\/2026\\\/01\\\/cropped-sol-96x96.png\",\"contentUrl\":\"https:\\\/\\\/buenosdiasbcs.com\\\/wp-content\\\/uploads\\\/2026\\\/01\\\/cropped-sol-96x96.png\",\"caption\":\"Edici\u00f3n Buenos D\u00edas\"},\"url\":\"https:\\\/\\\/buenosdiasbcs.com\\\/?author=2\"}]}<\/script>\n<!-- \/ Yoast SEO Premium plugin. -->","yoast_head_json":{"title":"Lesi\u00f3n de Malag\u00f3n revive a Ochoa: \"\u00bfDec\u00edan que ya estaba retirado?\" - Buenos D&iacute;as BCS","robots":{"index":"index","follow":"follow","max-snippet":"max-snippet:-1","max-image-preview":"max-image-preview:large","max-video-preview":"max-video-preview:-1"},"canonical":"https:\/\/buenosdiasbcs.com\/?p=4961","og_locale":"es_ES","og_type":"article","og_title":"Lesi\u00f3n de Malag\u00f3n revive a Ochoa: \"\u00bfDec\u00edan que ya estaba retirado?\"","og_description":"Luis \u00c1ngel Malag\u00f3n sali\u00f3 lesionado durante el partido entre Am\u00e9rica y Philadelphia Union en la Concacaf Champions Cup, generando preocupaci\u00f3n...","og_url":"https:\/\/buenosdiasbcs.com\/?p=4961","og_site_name":"Buenos D&iacute;as BCS","article_published_time":"2026-03-11T07:59:00+00:00","og_image":[{"width":856,"height":748,"url":"https:\/\/buenosdiasbcs.com\/wp-content\/uploads\/2026\/03\/1773193635792.jpg.webp","type":"image\/webp"}],"author":"Edici\u00f3n Buenos D\u00edas","twitter_card":"summary_large_image","twitter_misc":{"Escrito por":"Edici\u00f3n Buenos D\u00edas","Tiempo de lectura":"2 minutos"},"schema":{"@context":"https:\/\/schema.org","@graph":[{"@type":"Article","@id":"https:\/\/buenosdiasbcs.com\/?p=4961#article","isPartOf":{"@id":"https:\/\/buenosdiasbcs.com\/?p=4961"},"author":{"name":"Edici\u00f3n Buenos D\u00edas","@id":"https:\/\/buenosdiasbcs.com\/#\/schema\/person\/15aedc247eab7070ee5d76d6d069a821"},"headline":"Lesi\u00f3n de Malag\u00f3n revive a Ochoa: &#8220;\u00bfDec\u00edan que ya estaba retirado?&#8221;","datePublished":"2026-03-11T07:59:00+00:00","mainEntityOfPage":{"@id":"https:\/\/buenosdiasbcs.com\/?p=4961"},"wordCount":513,"commentCount":0,"publisher":{"@id":"https:\/\/buenosdiasbcs.com\/#organization"},"image":{"@id":"https:\/\/buenosdiasbcs.com\/?p=4961#primaryimage"},"thumbnailUrl":"https:\/\/buenosdiasbcs.com\/wp-content\/uploads\/2026\/03\/1773193635792.jpg.webp","articleSection":["Deportes"],"inLanguage":"es","potentialAction":[{"@type":"CommentAction","name":"Comment","target":["https:\/\/buenosdiasbcs.com\/?p=4961#respond"]}]},{"@type":"WebPage","@id":"https:\/\/buenosdiasbcs.com\/?p=4961","url":"https:\/\/buenosdiasbcs.com\/?p=4961","name":"Lesi\u00f3n de Malag\u00f3n revive a Ochoa: \"\u00bfDec\u00edan que ya estaba retirado?\" - Buenos D&iacute;as BCS","isPartOf":{"@id":"https:\/\/buenosdiasbcs.com\/#website"},"primaryImageOfPage":{"@id":"https:\/\/buenosdiasbcs.com\/?p=4961#primaryimage"},"image":{"@id":"https:\/\/buenosdiasbcs.com\/?p=4961#primaryimage"},"thumbnailUrl":"https:\/\/buenosdiasbcs.com\/wp-content\/uploads\/2026\/03\/1773193635792.jpg.webp","datePublished":"2026-03-11T07:59:00+00:00","breadcrumb":{"@id":"https:\/\/buenosdiasbcs.com\/?p=4961#breadcrumb"},"inLanguage":"es","potentialAction":[{"@type":"ReadAction","target":["https:\/\/buenosdiasbcs.com\/?p=4961"]}]},{"@type":"ImageObject","inLanguage":"es","@id":"https:\/\/buenosdiasbcs.com\/?p=4961#primaryimage","url":"https:\/\/buenosdiasbcs.com\/wp-content\/uploads\/2026\/03\/1773193635792.jpg.webp","contentUrl":"https:\/\/buenosdiasbcs.com\/wp-content\/uploads\/2026\/03\/1773193635792.jpg.webp","width":856,"height":748},{"@type":"BreadcrumbList","@id":"https:\/\/buenosdiasbcs.com\/?p=4961#breadcrumb","itemListElement":[{"@type":"ListItem","position":1,"name":"Portada","item":"https:\/\/buenosdiasbcs.com\/"},{"@type":"ListItem","position":2,"name":"Lesi\u00f3n de Malag\u00f3n revive a Ochoa: &#8220;\u00bfDec\u00edan que ya estaba retirado?&#8221;"}]},{"@type":"WebSite","@id":"https:\/\/buenosdiasbcs.com\/#website","url":"https:\/\/buenosdiasbcs.com\/","name":"Buenos D\u00edas BCS","description":"","publisher":{"@id":"https:\/\/buenosdiasbcs.com\/#organization"},"potentialAction":[{"@type":"SearchAction","target":{"@type":"EntryPoint","urlTemplate":"https:\/\/buenosdiasbcs.com\/?s={search_term_string}"},"query-input":{"@type":"PropertyValueSpecification","valueRequired":true,"valueName":"search_term_string"}}],"inLanguage":"es"},{"@type":"Organization","@id":"https:\/\/buenosdiasbcs.com\/#organization","name":"Buenos D\u00edas BCS","url":"https:\/\/buenosdiasbcs.com\/","logo":{"@type":"ImageObject","inLanguage":"es","@id":"https:\/\/buenosdiasbcs.com\/#\/schema\/logo\/image\/","url":"https:\/\/buenosdiasbcs.com\/wp-content\/uploads\/2026\/01\/logo-buenos-dias-40-01.png","contentUrl":"https:\/\/buenosdiasbcs.com\/wp-content\/uploads\/2026\/01\/logo-buenos-dias-40-01.png","width":277,"height":40,"caption":"Buenos D\u00edas BCS"},"image":{"@id":"https:\/\/buenosdiasbcs.com\/#\/schema\/logo\/image\/"}},{"@type":"Person","@id":"https:\/\/buenosdiasbcs.com\/#\/schema\/person\/15aedc247eab7070ee5d76d6d069a821","name":"Edici\u00f3n Buenos D\u00edas","image":{"@type":"ImageObject","inLanguage":"es","@id":"https:\/\/buenosdiasbcs.com\/wp-content\/uploads\/2026\/01\/cropped-sol-96x96.png","url":"https:\/\/buenosdiasbcs.com\/wp-content\/uploads\/2026\/01\/cropped-sol-96x96.png","contentUrl":"https:\/\/buenosdiasbcs.com\/wp-content\/uploads\/2026\/01\/cropped-sol-96x96.png","caption":"Edici\u00f3n Buenos D\u00edas"},"url":"https:\/\/buenosdiasbcs.com\/?author=2"}]}},"amp_enabled":true,"_links":{"self":[{"href":"https:\/\/buenosdiasbcs.com\/index.php?rest_route=\/wp\/v2\/posts\/4961","targetHints":{"allow":["GET"]}}],"collection":[{"href":"https:\/\/buenosdiasbcs.com\/index.php?rest_route=\/wp\/v2\/posts"}],"about":[{"href":"https:\/\/buenosdiasbcs.com\/index.php?rest_route=\/wp\/v2\/types\/post"}],"author":[{"embeddable":true,"href":"https:\/\/buenosdiasbcs.com\/index.php?rest_route=\/wp\/v2\/users\/2"}],"replies":[{"embeddable":true,"href":"https:\/\/buenosdiasbcs.com\/index.php?rest_route=%2Fwp%2Fv2%2Fcomments&post=4961"}],"version-history":[{"count":1,"href":"https:\/\/buenosdiasbcs.com\/index.php?rest_route=\/wp\/v2\/posts\/4961\/revisions"}],"predecessor-version":[{"id":4963,"href":"https:\/\/buenosdiasbcs.com\/index.php?rest_route=\/wp\/v2\/posts\/4961\/revisions\/4963"}],"wp:featuredmedia":[{"embeddable":true,"href":"https:\/\/buenosdiasbcs.com\/index.php?rest_route=\/wp\/v2\/media\/4962"}],"wp:attachment":[{"href":"https:\/\/buenosdiasbcs.com\/index.php?rest_route=%2Fwp%2Fv2%2Fmedia&parent=4961"}],"wp:term":[{"taxonomy":"category","embeddable":true,"href":"https:\/\/buenosdiasbcs.com\/index.php?rest_route=%2Fwp%2Fv2%2Fcategories&post=4961"},{"taxonomy":"post_tag","embeddable":true,"href":"https:\/\/buenosdiasbcs.com\/index.php?rest_route=%2Fwp%2Fv2%2Ftags&post=4961"}],"curies":[{"name":"wp","href":"https:\/\/api.w.org\/{rel}","templated":true}]}}