{"id":4931,"date":"2026-03-11T00:25:00","date_gmt":"2026-03-11T07:25:00","guid":{"rendered":"https:\/\/buenosdiasbcs.com\/?p=4931"},"modified":"2026-03-10T23:29:06","modified_gmt":"2026-03-11T06:29:06","slug":"custodios-le-avisaron-que-eu-lo-busca-y-ahora-bermudez-requena-se-ampara","status":"publish","type":"post","link":"https:\/\/buenosdiasbcs.com\/?p=4931","title":{"rendered":"Custodios le avisaron que EU lo busca y ahora Berm\u00fadez Requena se ampara"},"content":{"rendered":"\n<h2 class=\"wp-block-heading\" id=\"h-hernan-bermudez-requena-presunto-lider-de-la-barredora-se-ampara-para-evitar-ser-extraditado-a-estados-unidos-donde-enfrentaria-cargos-por-narcotrafico\">Hern\u00e1n Berm\u00fadez Requena, presunto l\u00edder de La Barredora, se ampara para evitar ser extraditado a Estados Unidos, donde enfrentar\u00eda cargos por narcotr\u00e1fico.<\/h2>\n\n\n\n<p>El exsecretario de Seguridad P\u00fablica de Tabasco&nbsp;<strong>Hern\u00e1n Berm\u00fadez Requena solicit\u00f3 un amparo para evitar una posible extradici\u00f3n a Estados Unidos<\/strong>, luego de que custodios del&nbsp;<strong>Centro Federal de Readaptaci\u00f3n Social No. 1, conocido como el penal del Altiplano<\/strong>, le informaran que se encontraba en proceso de ser enviado a ese pa\u00eds. La solicitud fue presentada ante un juzgado federal, de acuerdo con registros judiciales consultados el&nbsp;<strong>10 de marzo de 2026<\/strong>.&nbsp;<\/p>\n\n\n\n<p>Seg\u00fan el expediente, Berm\u00fadez Requena afirm\u00f3 que&nbsp;<strong>el 5 de marzo escuch\u00f3 a custodios del penal decir que estaba en tr\u00e1mite su traslado a Estados Unidos<\/strong>, por lo que decidi\u00f3 promover el recurso legal para intentar frenar ese procedimiento.<\/p>\n\n\n\n<h2 class=\"wp-block-heading\" id=\"h-juez-desecha-la-demanda-de-amparo\">Juez desecha la demanda de amparo<\/h2>\n\n\n\n<p>El caso fue turnado al&nbsp;<strong>Juzgado Cuarto de Distrito en Materia Penal en el Estado de M\u00e9xico<\/strong>, cuyo titular es&nbsp;<strong>Daniel Marcelino Ni\u00f1o Jim\u00e9nez<\/strong>. El juez recibi\u00f3 la demanda de garant\u00edas presentada por el exfuncionario, pero&nbsp;<strong>determin\u00f3 desechar el amparo<\/strong>, de acuerdo con la informaci\u00f3n del expediente judicial.&nbsp;<\/p>\n\n\n\n<blockquote class=\"twitter-tweet\"><p lang=\"es\" dir=\"ltr\">Cercano a Hern\u00e1n Berm\u00fadez financi\u00f3 a Ad\u00e1n Augusto en precampa\u00f1a<br><br>Pese a sus antecedentes Paniagua se present\u00f3 como un donador ante Morena<a href=\"https:\/\/t.co\/Dn16UlKGzs\">https:\/\/t.co\/Dn16UlKGzs<\/a> <a href=\"https:\/\/t.co\/zP9Tb9AsX4\">pic.twitter.com\/zP9Tb9AsX4<\/a><\/p>&mdash; El Siglo de Torre\u00f3n (@torreon) <a href=\"https:\/\/twitter.com\/torreon\/status\/2031397562238783989?ref_src=twsrc%5Etfw\">March 10, 2026<\/a><\/blockquote> <script async src=\"https:\/\/platform.twitter.com\/widgets.js\" charset=\"utf-8\"><\/script>\n\n\n\n<p>La resoluci\u00f3n implica que el recurso no fue admitido a tr\u00e1mite en esa etapa, por lo que&nbsp;<strong>no se otorg\u00f3 una protecci\u00f3n judicial contra una posible extradici\u00f3n<\/strong>, aunque el proceso legal podr\u00eda continuar mediante otros medios de defensa.&nbsp;<\/p>\n\n\n\n<h2 class=\"wp-block-heading\" id=\"h-quien-es-hernan-bermudez-requena\">Qui\u00e9n es Hern\u00e1n Berm\u00fadez Requena<\/h2>\n\n\n\n<p>Hern\u00e1n Berm\u00fadez Requena fue&nbsp;<strong>secretario de Seguridad P\u00fablica de Tabasco<\/strong>&nbsp;y es se\u00f1alado por autoridades como&nbsp;<strong>presunto l\u00edder del grupo criminal \u201cLa Barredora\u201d<\/strong>, organizaci\u00f3n vinculada con el crimen organizado en la entidad.&nbsp;<\/p>\n\n\n\n<p>Tras ser localizado en&nbsp;<strong>Paraguay en septiembre de 2025<\/strong>, fue detenido por autoridades de ese pa\u00eds y posteriormente&nbsp;<strong>expulsado a M\u00e9xico<\/strong>, donde qued\u00f3 bajo custodia y fue trasladado al penal federal del Altiplano.&nbsp;<\/p>\n\n\n\n<h2 class=\"wp-block-heading\" id=\"h-proceso-judicial-en-su-contra\">Proceso judicial en su contra<\/h2>\n\n\n\n<p>El exfuncionario enfrenta&nbsp;<strong>acusaciones por delitos como asociaci\u00f3n delictuosa, secuestro agravado y extorsi\u00f3n<\/strong>, por los cuales permanece sujeto a proceso penal en M\u00e9xico.&nbsp;<\/p>\n\n\n\n<p>Hasta el momento,&nbsp;<strong>las autoridades no han confirmado oficialmente una solicitud formal de extradici\u00f3n por parte de Estados Unidos<\/strong>, aunque la solicitud de amparo se present\u00f3 ante la posibilidad de que dicho procedimiento se inicie.&nbsp;<\/p>\n\n\n\n<p><em>Con informaci\u00f3n de Infobae.<\/em><\/p>\n","protected":false},"excerpt":{"rendered":"<p>Hern\u00e1n Berm\u00fadez Requena, presunto l\u00edder de La Barredora, se ampara para evitar ser extraditado a Estados Unidos, donde enfrentar\u00eda cargos&#8230;<\/p>\n","protected":false},"author":2,"featured_media":4932,"comment_status":"open","ping_status":"open","sticky":false,"template":"","format":"standard","meta":{"footnotes":""},"categories":[32],"tags":[],"class_list":["post-4931","post","type-post","status-publish","format-standard","has-post-thumbnail","hentry","category-la-nacion"],"yoast_head":"<!-- This site is optimized with the Yoast SEO Premium plugin v26.8 (Yoast SEO v27.4) - https:\/\/yoast.com\/product\/yoast-seo-premium-wordpress\/ -->\n<title>Custodios le avisaron que EU lo busca y ahora Berm\u00fadez Requena se ampara - Buenos D&iacute;as BCS<\/title>\n<meta name=\"robots\" content=\"index, follow, max-snippet:-1, max-image-preview:large, max-video-preview:-1\" \/>\n<link rel=\"canonical\" href=\"https:\/\/buenosdiasbcs.com\/?p=4931\" \/>\n<meta property=\"og:locale\" content=\"es_ES\" \/>\n<meta property=\"og:type\" content=\"article\" \/>\n<meta property=\"og:title\" content=\"Custodios le avisaron que EU lo busca y ahora Berm\u00fadez Requena se ampara\" \/>\n<meta property=\"og:description\" content=\"Hern\u00e1n Berm\u00fadez Requena, presunto l\u00edder de La Barredora, se ampara para evitar ser extraditado a Estados Unidos, donde enfrentar\u00eda cargos...\" \/>\n<meta property=\"og:url\" content=\"https:\/\/buenosdiasbcs.com\/?p=4931\" \/>\n<meta property=\"og:site_name\" content=\"Buenos D&iacute;as BCS\" \/>\n<meta property=\"article:published_time\" content=\"2026-03-11T07:25:00+00:00\" \/>\n<meta property=\"og:image\" content=\"https:\/\/buenosdiasbcs.com\/wp-content\/uploads\/2026\/03\/2E6FW3T4L5HGFBZJI6FDXSNZ4E.jpg\" \/>\n\t<meta property=\"og:image:width\" content=\"1600\" \/>\n\t<meta property=\"og:image:height\" content=\"1066\" \/>\n\t<meta property=\"og:image:type\" content=\"image\/jpeg\" \/>\n<meta name=\"author\" content=\"Edici\u00f3n Buenos D\u00edas\" \/>\n<meta name=\"twitter:card\" content=\"summary_large_image\" \/>\n<meta name=\"twitter:label1\" content=\"Escrito por\" \/>\n\t<meta name=\"twitter:data1\" content=\"Edici\u00f3n Buenos D\u00edas\" \/>\n\t<meta name=\"twitter:label2\" content=\"Tiempo de lectura\" \/>\n\t<meta name=\"twitter:data2\" content=\"2 minutos\" \/>\n<script type=\"application\/ld+json\" class=\"yoast-schema-graph\">{\"@context\":\"https:\\\/\\\/schema.org\",\"@graph\":[{\"@type\":\"Article\",\"@id\":\"https:\\\/\\\/buenosdiasbcs.com\\\/?p=4931#article\",\"isPartOf\":{\"@id\":\"https:\\\/\\\/buenosdiasbcs.com\\\/?p=4931\"},\"author\":{\"name\":\"Edici\u00f3n Buenos D\u00edas\",\"@id\":\"https:\\\/\\\/buenosdiasbcs.com\\\/#\\\/schema\\\/person\\\/15aedc247eab7070ee5d76d6d069a821\"},\"headline\":\"Custodios le avisaron que EU lo busca y ahora Berm\u00fadez Requena se ampara\",\"datePublished\":\"2026-03-11T07:25:00+00:00\",\"mainEntityOfPage\":{\"@id\":\"https:\\\/\\\/buenosdiasbcs.com\\\/?p=4931\"},\"wordCount\":477,\"commentCount\":0,\"publisher\":{\"@id\":\"https:\\\/\\\/buenosdiasbcs.com\\\/#organization\"},\"image\":{\"@id\":\"https:\\\/\\\/buenosdiasbcs.com\\\/?p=4931#primaryimage\"},\"thumbnailUrl\":\"https:\\\/\\\/buenosdiasbcs.com\\\/wp-content\\\/uploads\\\/2026\\\/03\\\/2E6FW3T4L5HGFBZJI6FDXSNZ4E.jpg\",\"articleSection\":[\"La Naci\u00f3n\"],\"inLanguage\":\"es\",\"potentialAction\":[{\"@type\":\"CommentAction\",\"name\":\"Comment\",\"target\":[\"https:\\\/\\\/buenosdiasbcs.com\\\/?p=4931#respond\"]}]},{\"@type\":\"WebPage\",\"@id\":\"https:\\\/\\\/buenosdiasbcs.com\\\/?p=4931\",\"url\":\"https:\\\/\\\/buenosdiasbcs.com\\\/?p=4931\",\"name\":\"Custodios le avisaron que EU lo busca y ahora Berm\u00fadez Requena se ampara - Buenos D&iacute;as BCS\",\"isPartOf\":{\"@id\":\"https:\\\/\\\/buenosdiasbcs.com\\\/#website\"},\"primaryImageOfPage\":{\"@id\":\"https:\\\/\\\/buenosdiasbcs.com\\\/?p=4931#primaryimage\"},\"image\":{\"@id\":\"https:\\\/\\\/buenosdiasbcs.com\\\/?p=4931#primaryimage\"},\"thumbnailUrl\":\"https:\\\/\\\/buenosdiasbcs.com\\\/wp-content\\\/uploads\\\/2026\\\/03\\\/2E6FW3T4L5HGFBZJI6FDXSNZ4E.jpg\",\"datePublished\":\"2026-03-11T07:25:00+00:00\",\"breadcrumb\":{\"@id\":\"https:\\\/\\\/buenosdiasbcs.com\\\/?p=4931#breadcrumb\"},\"inLanguage\":\"es\",\"potentialAction\":[{\"@type\":\"ReadAction\",\"target\":[\"https:\\\/\\\/buenosdiasbcs.com\\\/?p=4931\"]}]},{\"@type\":\"ImageObject\",\"inLanguage\":\"es\",\"@id\":\"https:\\\/\\\/buenosdiasbcs.com\\\/?p=4931#primaryimage\",\"url\":\"https:\\\/\\\/buenosdiasbcs.com\\\/wp-content\\\/uploads\\\/2026\\\/03\\\/2E6FW3T4L5HGFBZJI6FDXSNZ4E.jpg\",\"contentUrl\":\"https:\\\/\\\/buenosdiasbcs.com\\\/wp-content\\\/uploads\\\/2026\\\/03\\\/2E6FW3T4L5HGFBZJI6FDXSNZ4E.jpg\",\"width\":1600,\"height\":1066},{\"@type\":\"BreadcrumbList\",\"@id\":\"https:\\\/\\\/buenosdiasbcs.com\\\/?p=4931#breadcrumb\",\"itemListElement\":[{\"@type\":\"ListItem\",\"position\":1,\"name\":\"Portada\",\"item\":\"https:\\\/\\\/buenosdiasbcs.com\\\/\"},{\"@type\":\"ListItem\",\"position\":2,\"name\":\"Custodios le avisaron que EU lo busca y ahora Berm\u00fadez Requena se ampara\"}]},{\"@type\":\"WebSite\",\"@id\":\"https:\\\/\\\/buenosdiasbcs.com\\\/#website\",\"url\":\"https:\\\/\\\/buenosdiasbcs.com\\\/\",\"name\":\"Buenos D\u00edas BCS\",\"description\":\"\",\"publisher\":{\"@id\":\"https:\\\/\\\/buenosdiasbcs.com\\\/#organization\"},\"potentialAction\":[{\"@type\":\"SearchAction\",\"target\":{\"@type\":\"EntryPoint\",\"urlTemplate\":\"https:\\\/\\\/buenosdiasbcs.com\\\/?s={search_term_string}\"},\"query-input\":{\"@type\":\"PropertyValueSpecification\",\"valueRequired\":true,\"valueName\":\"search_term_string\"}}],\"inLanguage\":\"es\"},{\"@type\":\"Organization\",\"@id\":\"https:\\\/\\\/buenosdiasbcs.com\\\/#organization\",\"name\":\"Buenos D\u00edas BCS\",\"url\":\"https:\\\/\\\/buenosdiasbcs.com\\\/\",\"logo\":{\"@type\":\"ImageObject\",\"inLanguage\":\"es\",\"@id\":\"https:\\\/\\\/buenosdiasbcs.com\\\/#\\\/schema\\\/logo\\\/image\\\/\",\"url\":\"https:\\\/\\\/buenosdiasbcs.com\\\/wp-content\\\/uploads\\\/2026\\\/01\\\/logo-buenos-dias-40-01.png\",\"contentUrl\":\"https:\\\/\\\/buenosdiasbcs.com\\\/wp-content\\\/uploads\\\/2026\\\/01\\\/logo-buenos-dias-40-01.png\",\"width\":277,\"height\":40,\"caption\":\"Buenos D\u00edas BCS\"},\"image\":{\"@id\":\"https:\\\/\\\/buenosdiasbcs.com\\\/#\\\/schema\\\/logo\\\/image\\\/\"}},{\"@type\":\"Person\",\"@id\":\"https:\\\/\\\/buenosdiasbcs.com\\\/#\\\/schema\\\/person\\\/15aedc247eab7070ee5d76d6d069a821\",\"name\":\"Edici\u00f3n Buenos D\u00edas\",\"image\":{\"@type\":\"ImageObject\",\"inLanguage\":\"es\",\"@id\":\"https:\\\/\\\/buenosdiasbcs.com\\\/wp-content\\\/uploads\\\/2026\\\/01\\\/cropped-sol-96x96.png\",\"url\":\"https:\\\/\\\/buenosdiasbcs.com\\\/wp-content\\\/uploads\\\/2026\\\/01\\\/cropped-sol-96x96.png\",\"contentUrl\":\"https:\\\/\\\/buenosdiasbcs.com\\\/wp-content\\\/uploads\\\/2026\\\/01\\\/cropped-sol-96x96.png\",\"caption\":\"Edici\u00f3n Buenos D\u00edas\"},\"url\":\"https:\\\/\\\/buenosdiasbcs.com\\\/?author=2\"}]}<\/script>\n<!-- \/ Yoast SEO Premium plugin. -->","yoast_head_json":{"title":"Custodios le avisaron que EU lo busca y ahora Berm\u00fadez Requena se ampara - Buenos D&iacute;as BCS","robots":{"index":"index","follow":"follow","max-snippet":"max-snippet:-1","max-image-preview":"max-image-preview:large","max-video-preview":"max-video-preview:-1"},"canonical":"https:\/\/buenosdiasbcs.com\/?p=4931","og_locale":"es_ES","og_type":"article","og_title":"Custodios le avisaron que EU lo busca y ahora Berm\u00fadez Requena se ampara","og_description":"Hern\u00e1n Berm\u00fadez Requena, presunto l\u00edder de La Barredora, se ampara para evitar ser extraditado a Estados Unidos, donde enfrentar\u00eda cargos...","og_url":"https:\/\/buenosdiasbcs.com\/?p=4931","og_site_name":"Buenos D&iacute;as BCS","article_published_time":"2026-03-11T07:25:00+00:00","og_image":[{"width":1600,"height":1066,"url":"https:\/\/buenosdiasbcs.com\/wp-content\/uploads\/2026\/03\/2E6FW3T4L5HGFBZJI6FDXSNZ4E.jpg","type":"image\/jpeg"}],"author":"Edici\u00f3n Buenos D\u00edas","twitter_card":"summary_large_image","twitter_misc":{"Escrito por":"Edici\u00f3n Buenos D\u00edas","Tiempo de lectura":"2 minutos"},"schema":{"@context":"https:\/\/schema.org","@graph":[{"@type":"Article","@id":"https:\/\/buenosdiasbcs.com\/?p=4931#article","isPartOf":{"@id":"https:\/\/buenosdiasbcs.com\/?p=4931"},"author":{"name":"Edici\u00f3n Buenos D\u00edas","@id":"https:\/\/buenosdiasbcs.com\/#\/schema\/person\/15aedc247eab7070ee5d76d6d069a821"},"headline":"Custodios le avisaron que EU lo busca y ahora Berm\u00fadez Requena se ampara","datePublished":"2026-03-11T07:25:00+00:00","mainEntityOfPage":{"@id":"https:\/\/buenosdiasbcs.com\/?p=4931"},"wordCount":477,"commentCount":0,"publisher":{"@id":"https:\/\/buenosdiasbcs.com\/#organization"},"image":{"@id":"https:\/\/buenosdiasbcs.com\/?p=4931#primaryimage"},"thumbnailUrl":"https:\/\/buenosdiasbcs.com\/wp-content\/uploads\/2026\/03\/2E6FW3T4L5HGFBZJI6FDXSNZ4E.jpg","articleSection":["La Naci\u00f3n"],"inLanguage":"es","potentialAction":[{"@type":"CommentAction","name":"Comment","target":["https:\/\/buenosdiasbcs.com\/?p=4931#respond"]}]},{"@type":"WebPage","@id":"https:\/\/buenosdiasbcs.com\/?p=4931","url":"https:\/\/buenosdiasbcs.com\/?p=4931","name":"Custodios le avisaron que EU lo busca y ahora Berm\u00fadez Requena se ampara - Buenos D&iacute;as BCS","isPartOf":{"@id":"https:\/\/buenosdiasbcs.com\/#website"},"primaryImageOfPage":{"@id":"https:\/\/buenosdiasbcs.com\/?p=4931#primaryimage"},"image":{"@id":"https:\/\/buenosdiasbcs.com\/?p=4931#primaryimage"},"thumbnailUrl":"https:\/\/buenosdiasbcs.com\/wp-content\/uploads\/2026\/03\/2E6FW3T4L5HGFBZJI6FDXSNZ4E.jpg","datePublished":"2026-03-11T07:25:00+00:00","breadcrumb":{"@id":"https:\/\/buenosdiasbcs.com\/?p=4931#breadcrumb"},"inLanguage":"es","potentialAction":[{"@type":"ReadAction","target":["https:\/\/buenosdiasbcs.com\/?p=4931"]}]},{"@type":"ImageObject","inLanguage":"es","@id":"https:\/\/buenosdiasbcs.com\/?p=4931#primaryimage","url":"https:\/\/buenosdiasbcs.com\/wp-content\/uploads\/2026\/03\/2E6FW3T4L5HGFBZJI6FDXSNZ4E.jpg","contentUrl":"https:\/\/buenosdiasbcs.com\/wp-content\/uploads\/2026\/03\/2E6FW3T4L5HGFBZJI6FDXSNZ4E.jpg","width":1600,"height":1066},{"@type":"BreadcrumbList","@id":"https:\/\/buenosdiasbcs.com\/?p=4931#breadcrumb","itemListElement":[{"@type":"ListItem","position":1,"name":"Portada","item":"https:\/\/buenosdiasbcs.com\/"},{"@type":"ListItem","position":2,"name":"Custodios le avisaron que EU lo busca y ahora Berm\u00fadez Requena se ampara"}]},{"@type":"WebSite","@id":"https:\/\/buenosdiasbcs.com\/#website","url":"https:\/\/buenosdiasbcs.com\/","name":"Buenos D\u00edas BCS","description":"","publisher":{"@id":"https:\/\/buenosdiasbcs.com\/#organization"},"potentialAction":[{"@type":"SearchAction","target":{"@type":"EntryPoint","urlTemplate":"https:\/\/buenosdiasbcs.com\/?s={search_term_string}"},"query-input":{"@type":"PropertyValueSpecification","valueRequired":true,"valueName":"search_term_string"}}],"inLanguage":"es"},{"@type":"Organization","@id":"https:\/\/buenosdiasbcs.com\/#organization","name":"Buenos D\u00edas BCS","url":"https:\/\/buenosdiasbcs.com\/","logo":{"@type":"ImageObject","inLanguage":"es","@id":"https:\/\/buenosdiasbcs.com\/#\/schema\/logo\/image\/","url":"https:\/\/buenosdiasbcs.com\/wp-content\/uploads\/2026\/01\/logo-buenos-dias-40-01.png","contentUrl":"https:\/\/buenosdiasbcs.com\/wp-content\/uploads\/2026\/01\/logo-buenos-dias-40-01.png","width":277,"height":40,"caption":"Buenos D\u00edas BCS"},"image":{"@id":"https:\/\/buenosdiasbcs.com\/#\/schema\/logo\/image\/"}},{"@type":"Person","@id":"https:\/\/buenosdiasbcs.com\/#\/schema\/person\/15aedc247eab7070ee5d76d6d069a821","name":"Edici\u00f3n Buenos D\u00edas","image":{"@type":"ImageObject","inLanguage":"es","@id":"https:\/\/buenosdiasbcs.com\/wp-content\/uploads\/2026\/01\/cropped-sol-96x96.png","url":"https:\/\/buenosdiasbcs.com\/wp-content\/uploads\/2026\/01\/cropped-sol-96x96.png","contentUrl":"https:\/\/buenosdiasbcs.com\/wp-content\/uploads\/2026\/01\/cropped-sol-96x96.png","caption":"Edici\u00f3n Buenos D\u00edas"},"url":"https:\/\/buenosdiasbcs.com\/?author=2"}]}},"amp_enabled":true,"_links":{"self":[{"href":"https:\/\/buenosdiasbcs.com\/index.php?rest_route=\/wp\/v2\/posts\/4931","targetHints":{"allow":["GET"]}}],"collection":[{"href":"https:\/\/buenosdiasbcs.com\/index.php?rest_route=\/wp\/v2\/posts"}],"about":[{"href":"https:\/\/buenosdiasbcs.com\/index.php?rest_route=\/wp\/v2\/types\/post"}],"author":[{"embeddable":true,"href":"https:\/\/buenosdiasbcs.com\/index.php?rest_route=\/wp\/v2\/users\/2"}],"replies":[{"embeddable":true,"href":"https:\/\/buenosdiasbcs.com\/index.php?rest_route=%2Fwp%2Fv2%2Fcomments&post=4931"}],"version-history":[{"count":1,"href":"https:\/\/buenosdiasbcs.com\/index.php?rest_route=\/wp\/v2\/posts\/4931\/revisions"}],"predecessor-version":[{"id":4933,"href":"https:\/\/buenosdiasbcs.com\/index.php?rest_route=\/wp\/v2\/posts\/4931\/revisions\/4933"}],"wp:featuredmedia":[{"embeddable":true,"href":"https:\/\/buenosdiasbcs.com\/index.php?rest_route=\/wp\/v2\/media\/4932"}],"wp:attachment":[{"href":"https:\/\/buenosdiasbcs.com\/index.php?rest_route=%2Fwp%2Fv2%2Fmedia&parent=4931"}],"wp:term":[{"taxonomy":"category","embeddable":true,"href":"https:\/\/buenosdiasbcs.com\/index.php?rest_route=%2Fwp%2Fv2%2Fcategories&post=4931"},{"taxonomy":"post_tag","embeddable":true,"href":"https:\/\/buenosdiasbcs.com\/index.php?rest_route=%2Fwp%2Fv2%2Ftags&post=4931"}],"curies":[{"name":"wp","href":"https:\/\/api.w.org\/{rel}","templated":true}]}}