{"id":4925,"date":"2026-03-11T00:18:00","date_gmt":"2026-03-11T07:18:00","guid":{"rendered":"https:\/\/buenosdiasbcs.com\/?p=4925"},"modified":"2026-03-10T23:21:20","modified_gmt":"2026-03-11T06:21:20","slug":"agricultores-amenazan-con-bloqueos-durante-el-mundial-si-no-los-atienden","status":"publish","type":"post","link":"https:\/\/buenosdiasbcs.com\/?p=4925","title":{"rendered":"Agricultores amenazan con bloqueos durante el Mundial si no los atienden"},"content":{"rendered":"\n<h2 class=\"wp-block-heading\" id=\"h-el-dirigente-campesino-explico-que-los-productores-mexicanos-compiten-en-condiciones-desiguales-frente-a-labriegos-de-otras-naciones-que-reciben-mas-subsidios-y-apoyos-gubernamentales\">El dirigente campesino explic\u00f3 que los productores mexicanos compiten en condiciones desiguales frente a labriegos de otras naciones que reciben m\u00e1s subsidios y apoyos gubernamentales.<\/h2>\n\n\n\n<p>Productores agr\u00edcolas adheridos al Frente Nacional para el Rescate del Campo Mexicano (FNRCM) enviaron una carta a los organizadores del Mundial de Futbol 2026 para advertir que si el gobierno federal no atiende sus demandas y la crisis que enfrenta el campo, durante la justa deportiva bloquear\u00e1n carreteras, e incluso, dependiendo de la respuesta de las autoridades, analizan obstaculizar la operaci\u00f3n de los aeropuertos.<\/p>\n\n\n\n<p>En entrevista con&nbsp;<em>La Jornada,&nbsp;<\/em>Baltazar Valdez Armentia, presidente de la organizaci\u00f3n Campesinos Unidos de Sinaloa, explic\u00f3 que el documento se envi\u00f3 para alertar sobre la posibilidad de que se intensifiquen las protestas en los pr\u00f3ximos meses ante la falta de soluciones a los problemas de rentabilidad que enfrentan las cosechas de los agricultores.<\/p>\n\n\n\n<p>\u201cEsperemos no llegar a ese punto, pero hemos advertido que podr\u00edamos intensificar las manifestaciones en junio, coincidiendo con el desarrollo del Mundial de Futbol; las carreteras podr\u00edan estar obstruidas si no hay respuestas del gobierno\u201d, advirti\u00f3.<\/p>\n\n\n\n<p>Valdez Armentia puntualiz\u00f3 que la amenaza no busca generar conflicto, sino visibilizar la gravedad de la situaci\u00f3n que atraviesa el sector primario en el pa\u00eds. Expuso que los labriegos llevan alrededor de tres a\u00f1os enfrentando una crisis de utilidades en la mayor\u00eda de sus cultivos, principalmente en granos b\u00e1sicos como ma\u00edz, trigo, sorgo y frijol. \u201cEn este momento pr\u00e1cticamente no hay rentabilidad, el campo poco a poco est\u00e1 siendo devastado\u201d, alert\u00f3.<\/p>\n\n\n\n<p>El 28 de febrero pasado representantes de productores agr\u00edcolas sostuvieron una reuni\u00f3n con la presidenta Claudia Sheinbaum Pardo, en la que expusieron la crisis en el campo mexicano y las principales demandas del sector.<\/p>\n\n\n\n<p>En dicho encuentro \u201chablamos del tema del precio del ma\u00edz en Sinaloa; se comprometi\u00f3 a un di\u00e1logo con los industriales del sector pecuario para conformar un precio rentable teniendo como base la Bolsa de Chicago, m\u00e1s una aportaci\u00f3n de los industriales y del gobierno sin que precisar\u00e1 un precio, adem\u00e1s de regular las importaciones\u201d.<\/p>\n\n\n\n<p>Mencion\u00f3 que la libre importaci\u00f3n del maiz los pone en indefension frente al precio competitivo de agricultores americanos, \u201cque est\u00e1n llenos de subsidios, frente al nacional que no cuentan con los suficientes apoyos\u201d.<\/p>\n\n\n\n<p><strong>\u201cNo conocen la realidad del agro mexicano\u201d<\/strong><\/p>\n\n\n\n<p>En este contexto, Valdez Armentia se\u00f1al\u00f3 que el titular de la Secretar\u00eda de Agricultura y Desarrollo Rural, Julio Berdegu\u00e9, \u201cse opone al rescate del campo. El a\u00f1o pasado firmamos acuerdos y no se han cumplido, incluso la Presidenta design\u00f3 ahora al subsecretario de Agricultura (Leonel Cota Monta\u00f1o) y a su secretario particular, Carlos Morales, como interlocutores con los agricultores de Sinaloa para el tema del precio del ma\u00edz, y eso habla muy mal del secretario. Desde mi punto de vista no conoce la realidad del campo mexicano\u201d, consider\u00f3.<\/p>\n\n\n\n<p>Ante este escenario, el FNRCM prev\u00e9 realizar una serie de movilizaciones y bloqueos el pr\u00f3ximo 23 de marzo. Estaban planeados para el d\u00eda 20, pero los reprogramaron, pues tienen una reuni\u00f3n el 19 con acad\u00e9micos y productores de Estados Unidos y Chile, en la Facultad de Econom\u00eda de la Universidad Nacional Aut\u00f3noma de M\u00e9xico.<\/p>\n\n\n\n<p><strong>Excluir del T-MEC granos b\u00e1sicos, entre las demandas<\/strong><\/p>\n\n\n\n<p>Entre las principales demandas del frente est\u00e1 la exclusi\u00f3n de los granos b\u00e1sicos del Tratado de Libre Comercio M\u00e9xico, Estados Unidos y Canad\u00e1 (T-MEC), ya que los agricultores consideran que la libre importaci\u00f3n permitir\u00e1 recuperar los costos de producci\u00f3n junto a una ganancia razonable, sin afectar el precio al mercado para el consumidor.<\/p>\n\n\n\n<p>El dirigente campesino explic\u00f3 que los productores mexicanos compiten en condiciones desiguales frente a labriegos de otras naciones que reciben m\u00e1s subsidios y apoyos gubernamentales.<\/p>\n\n\n\n<p>\u201cEl ma\u00edz es un ejemplo claro, mientras los consumidores siguen pagando productos derivados del ma\u00edz calculados con precios de hasta siete pesos por kilo, los productores actualmente venden su grano alrededor de 4.30 pesos de acuerdo con la Bolsa de Chicago\u201d, explic\u00f3.<\/p>\n\n\n\n<p>Entre los puntos a destacar del pliego petitorio de los agricultores se encuentran establecer una pol\u00edtica de precios de garant\u00eda y revisar la cadena de suministro de los granos b\u00e1sicos para redistribuir la rentabilidad hacia los productores m\u00e1s afectados.<\/p>\n\n\n\n<p>\u201cEl rescate del campo deber\u00eda ser un tema de inter\u00e9s nacional, para nosotros es una cuesti\u00f3n de sobrevivir o desaparecer de la actividad agr\u00edcola\u201d, concluy\u00f3 el presidente de Campesinos Unidos de Sinaloa.<\/p>\n","protected":false},"excerpt":{"rendered":"<p>El dirigente campesino explic\u00f3 que los productores mexicanos compiten en condiciones desiguales frente a labriegos de otras naciones que reciben&#8230;<\/p>\n","protected":false},"author":2,"featured_media":4926,"comment_status":"open","ping_status":"open","sticky":false,"template":"","format":"standard","meta":{"footnotes":""},"categories":[32],"tags":[],"class_list":["post-4925","post","type-post","status-publish","format-standard","has-post-thumbnail","hentry","category-la-nacion"],"yoast_head":"<!-- This site is optimized with the Yoast SEO Premium plugin v26.8 (Yoast SEO v27.4) - https:\/\/yoast.com\/product\/yoast-seo-premium-wordpress\/ -->\n<title>Agricultores amenazan con bloqueos durante el Mundial si no los atienden - Buenos D&iacute;as BCS<\/title>\n<meta name=\"robots\" content=\"index, follow, max-snippet:-1, max-image-preview:large, max-video-preview:-1\" \/>\n<link rel=\"canonical\" href=\"https:\/\/buenosdiasbcs.com\/?p=4925\" \/>\n<meta property=\"og:locale\" content=\"es_ES\" \/>\n<meta property=\"og:type\" content=\"article\" \/>\n<meta property=\"og:title\" content=\"Agricultores amenazan con bloqueos durante el Mundial si no los atienden\" \/>\n<meta property=\"og:description\" content=\"El dirigente campesino explic\u00f3 que los productores mexicanos compiten en condiciones desiguales frente a labriegos de otras naciones que reciben...\" \/>\n<meta property=\"og:url\" content=\"https:\/\/buenosdiasbcs.com\/?p=4925\" \/>\n<meta property=\"og:site_name\" content=\"Buenos D&iacute;as BCS\" \/>\n<meta property=\"article:published_time\" content=\"2026-03-11T07:18:00+00:00\" \/>\n<meta property=\"og:image\" content=\"https:\/\/buenosdiasbcs.com\/wp-content\/uploads\/2026\/03\/WKJV3YBNIZBKFDQLGW6JU2FSBE.jpg\" \/>\n\t<meta property=\"og:image:width\" content=\"1100\" \/>\n\t<meta property=\"og:image:height\" content=\"550\" \/>\n\t<meta property=\"og:image:type\" content=\"image\/jpeg\" \/>\n<meta name=\"author\" content=\"Edici\u00f3n Buenos D\u00edas\" \/>\n<meta name=\"twitter:card\" content=\"summary_large_image\" \/>\n<meta name=\"twitter:label1\" content=\"Escrito por\" \/>\n\t<meta name=\"twitter:data1\" content=\"Edici\u00f3n Buenos D\u00edas\" \/>\n\t<meta name=\"twitter:label2\" content=\"Tiempo de lectura\" \/>\n\t<meta name=\"twitter:data2\" content=\"4 minutos\" \/>\n<script type=\"application\/ld+json\" class=\"yoast-schema-graph\">{\"@context\":\"https:\\\/\\\/schema.org\",\"@graph\":[{\"@type\":\"Article\",\"@id\":\"https:\\\/\\\/buenosdiasbcs.com\\\/?p=4925#article\",\"isPartOf\":{\"@id\":\"https:\\\/\\\/buenosdiasbcs.com\\\/?p=4925\"},\"author\":{\"name\":\"Edici\u00f3n Buenos D\u00edas\",\"@id\":\"https:\\\/\\\/buenosdiasbcs.com\\\/#\\\/schema\\\/person\\\/15aedc247eab7070ee5d76d6d069a821\"},\"headline\":\"Agricultores amenazan con bloqueos durante el Mundial si no los atienden\",\"datePublished\":\"2026-03-11T07:18:00+00:00\",\"mainEntityOfPage\":{\"@id\":\"https:\\\/\\\/buenosdiasbcs.com\\\/?p=4925\"},\"wordCount\":779,\"commentCount\":0,\"publisher\":{\"@id\":\"https:\\\/\\\/buenosdiasbcs.com\\\/#organization\"},\"image\":{\"@id\":\"https:\\\/\\\/buenosdiasbcs.com\\\/?p=4925#primaryimage\"},\"thumbnailUrl\":\"https:\\\/\\\/buenosdiasbcs.com\\\/wp-content\\\/uploads\\\/2026\\\/03\\\/WKJV3YBNIZBKFDQLGW6JU2FSBE.jpg\",\"articleSection\":[\"La Naci\u00f3n\"],\"inLanguage\":\"es\",\"potentialAction\":[{\"@type\":\"CommentAction\",\"name\":\"Comment\",\"target\":[\"https:\\\/\\\/buenosdiasbcs.com\\\/?p=4925#respond\"]}]},{\"@type\":\"WebPage\",\"@id\":\"https:\\\/\\\/buenosdiasbcs.com\\\/?p=4925\",\"url\":\"https:\\\/\\\/buenosdiasbcs.com\\\/?p=4925\",\"name\":\"Agricultores amenazan con bloqueos durante el Mundial si no los atienden - Buenos D&iacute;as BCS\",\"isPartOf\":{\"@id\":\"https:\\\/\\\/buenosdiasbcs.com\\\/#website\"},\"primaryImageOfPage\":{\"@id\":\"https:\\\/\\\/buenosdiasbcs.com\\\/?p=4925#primaryimage\"},\"image\":{\"@id\":\"https:\\\/\\\/buenosdiasbcs.com\\\/?p=4925#primaryimage\"},\"thumbnailUrl\":\"https:\\\/\\\/buenosdiasbcs.com\\\/wp-content\\\/uploads\\\/2026\\\/03\\\/WKJV3YBNIZBKFDQLGW6JU2FSBE.jpg\",\"datePublished\":\"2026-03-11T07:18:00+00:00\",\"breadcrumb\":{\"@id\":\"https:\\\/\\\/buenosdiasbcs.com\\\/?p=4925#breadcrumb\"},\"inLanguage\":\"es\",\"potentialAction\":[{\"@type\":\"ReadAction\",\"target\":[\"https:\\\/\\\/buenosdiasbcs.com\\\/?p=4925\"]}]},{\"@type\":\"ImageObject\",\"inLanguage\":\"es\",\"@id\":\"https:\\\/\\\/buenosdiasbcs.com\\\/?p=4925#primaryimage\",\"url\":\"https:\\\/\\\/buenosdiasbcs.com\\\/wp-content\\\/uploads\\\/2026\\\/03\\\/WKJV3YBNIZBKFDQLGW6JU2FSBE.jpg\",\"contentUrl\":\"https:\\\/\\\/buenosdiasbcs.com\\\/wp-content\\\/uploads\\\/2026\\\/03\\\/WKJV3YBNIZBKFDQLGW6JU2FSBE.jpg\",\"width\":1100,\"height\":550},{\"@type\":\"BreadcrumbList\",\"@id\":\"https:\\\/\\\/buenosdiasbcs.com\\\/?p=4925#breadcrumb\",\"itemListElement\":[{\"@type\":\"ListItem\",\"position\":1,\"name\":\"Portada\",\"item\":\"https:\\\/\\\/buenosdiasbcs.com\\\/\"},{\"@type\":\"ListItem\",\"position\":2,\"name\":\"Agricultores amenazan con bloqueos durante el Mundial si no los atienden\"}]},{\"@type\":\"WebSite\",\"@id\":\"https:\\\/\\\/buenosdiasbcs.com\\\/#website\",\"url\":\"https:\\\/\\\/buenosdiasbcs.com\\\/\",\"name\":\"Buenos D\u00edas BCS\",\"description\":\"\",\"publisher\":{\"@id\":\"https:\\\/\\\/buenosdiasbcs.com\\\/#organization\"},\"potentialAction\":[{\"@type\":\"SearchAction\",\"target\":{\"@type\":\"EntryPoint\",\"urlTemplate\":\"https:\\\/\\\/buenosdiasbcs.com\\\/?s={search_term_string}\"},\"query-input\":{\"@type\":\"PropertyValueSpecification\",\"valueRequired\":true,\"valueName\":\"search_term_string\"}}],\"inLanguage\":\"es\"},{\"@type\":\"Organization\",\"@id\":\"https:\\\/\\\/buenosdiasbcs.com\\\/#organization\",\"name\":\"Buenos D\u00edas BCS\",\"url\":\"https:\\\/\\\/buenosdiasbcs.com\\\/\",\"logo\":{\"@type\":\"ImageObject\",\"inLanguage\":\"es\",\"@id\":\"https:\\\/\\\/buenosdiasbcs.com\\\/#\\\/schema\\\/logo\\\/image\\\/\",\"url\":\"https:\\\/\\\/buenosdiasbcs.com\\\/wp-content\\\/uploads\\\/2026\\\/01\\\/logo-buenos-dias-40-01.png\",\"contentUrl\":\"https:\\\/\\\/buenosdiasbcs.com\\\/wp-content\\\/uploads\\\/2026\\\/01\\\/logo-buenos-dias-40-01.png\",\"width\":277,\"height\":40,\"caption\":\"Buenos D\u00edas BCS\"},\"image\":{\"@id\":\"https:\\\/\\\/buenosdiasbcs.com\\\/#\\\/schema\\\/logo\\\/image\\\/\"}},{\"@type\":\"Person\",\"@id\":\"https:\\\/\\\/buenosdiasbcs.com\\\/#\\\/schema\\\/person\\\/15aedc247eab7070ee5d76d6d069a821\",\"name\":\"Edici\u00f3n Buenos D\u00edas\",\"image\":{\"@type\":\"ImageObject\",\"inLanguage\":\"es\",\"@id\":\"https:\\\/\\\/buenosdiasbcs.com\\\/wp-content\\\/uploads\\\/2026\\\/01\\\/cropped-sol-96x96.png\",\"url\":\"https:\\\/\\\/buenosdiasbcs.com\\\/wp-content\\\/uploads\\\/2026\\\/01\\\/cropped-sol-96x96.png\",\"contentUrl\":\"https:\\\/\\\/buenosdiasbcs.com\\\/wp-content\\\/uploads\\\/2026\\\/01\\\/cropped-sol-96x96.png\",\"caption\":\"Edici\u00f3n Buenos D\u00edas\"},\"url\":\"https:\\\/\\\/buenosdiasbcs.com\\\/?author=2\"}]}<\/script>\n<!-- \/ Yoast SEO Premium plugin. -->","yoast_head_json":{"title":"Agricultores amenazan con bloqueos durante el Mundial si no los atienden - Buenos D&iacute;as BCS","robots":{"index":"index","follow":"follow","max-snippet":"max-snippet:-1","max-image-preview":"max-image-preview:large","max-video-preview":"max-video-preview:-1"},"canonical":"https:\/\/buenosdiasbcs.com\/?p=4925","og_locale":"es_ES","og_type":"article","og_title":"Agricultores amenazan con bloqueos durante el Mundial si no los atienden","og_description":"El dirigente campesino explic\u00f3 que los productores mexicanos compiten en condiciones desiguales frente a labriegos de otras naciones que reciben...","og_url":"https:\/\/buenosdiasbcs.com\/?p=4925","og_site_name":"Buenos D&iacute;as BCS","article_published_time":"2026-03-11T07:18:00+00:00","og_image":[{"width":1100,"height":550,"url":"https:\/\/buenosdiasbcs.com\/wp-content\/uploads\/2026\/03\/WKJV3YBNIZBKFDQLGW6JU2FSBE.jpg","type":"image\/jpeg"}],"author":"Edici\u00f3n Buenos D\u00edas","twitter_card":"summary_large_image","twitter_misc":{"Escrito por":"Edici\u00f3n Buenos D\u00edas","Tiempo de lectura":"4 minutos"},"schema":{"@context":"https:\/\/schema.org","@graph":[{"@type":"Article","@id":"https:\/\/buenosdiasbcs.com\/?p=4925#article","isPartOf":{"@id":"https:\/\/buenosdiasbcs.com\/?p=4925"},"author":{"name":"Edici\u00f3n Buenos D\u00edas","@id":"https:\/\/buenosdiasbcs.com\/#\/schema\/person\/15aedc247eab7070ee5d76d6d069a821"},"headline":"Agricultores amenazan con bloqueos durante el Mundial si no los atienden","datePublished":"2026-03-11T07:18:00+00:00","mainEntityOfPage":{"@id":"https:\/\/buenosdiasbcs.com\/?p=4925"},"wordCount":779,"commentCount":0,"publisher":{"@id":"https:\/\/buenosdiasbcs.com\/#organization"},"image":{"@id":"https:\/\/buenosdiasbcs.com\/?p=4925#primaryimage"},"thumbnailUrl":"https:\/\/buenosdiasbcs.com\/wp-content\/uploads\/2026\/03\/WKJV3YBNIZBKFDQLGW6JU2FSBE.jpg","articleSection":["La Naci\u00f3n"],"inLanguage":"es","potentialAction":[{"@type":"CommentAction","name":"Comment","target":["https:\/\/buenosdiasbcs.com\/?p=4925#respond"]}]},{"@type":"WebPage","@id":"https:\/\/buenosdiasbcs.com\/?p=4925","url":"https:\/\/buenosdiasbcs.com\/?p=4925","name":"Agricultores amenazan con bloqueos durante el Mundial si no los atienden - Buenos D&iacute;as BCS","isPartOf":{"@id":"https:\/\/buenosdiasbcs.com\/#website"},"primaryImageOfPage":{"@id":"https:\/\/buenosdiasbcs.com\/?p=4925#primaryimage"},"image":{"@id":"https:\/\/buenosdiasbcs.com\/?p=4925#primaryimage"},"thumbnailUrl":"https:\/\/buenosdiasbcs.com\/wp-content\/uploads\/2026\/03\/WKJV3YBNIZBKFDQLGW6JU2FSBE.jpg","datePublished":"2026-03-11T07:18:00+00:00","breadcrumb":{"@id":"https:\/\/buenosdiasbcs.com\/?p=4925#breadcrumb"},"inLanguage":"es","potentialAction":[{"@type":"ReadAction","target":["https:\/\/buenosdiasbcs.com\/?p=4925"]}]},{"@type":"ImageObject","inLanguage":"es","@id":"https:\/\/buenosdiasbcs.com\/?p=4925#primaryimage","url":"https:\/\/buenosdiasbcs.com\/wp-content\/uploads\/2026\/03\/WKJV3YBNIZBKFDQLGW6JU2FSBE.jpg","contentUrl":"https:\/\/buenosdiasbcs.com\/wp-content\/uploads\/2026\/03\/WKJV3YBNIZBKFDQLGW6JU2FSBE.jpg","width":1100,"height":550},{"@type":"BreadcrumbList","@id":"https:\/\/buenosdiasbcs.com\/?p=4925#breadcrumb","itemListElement":[{"@type":"ListItem","position":1,"name":"Portada","item":"https:\/\/buenosdiasbcs.com\/"},{"@type":"ListItem","position":2,"name":"Agricultores amenazan con bloqueos durante el Mundial si no los atienden"}]},{"@type":"WebSite","@id":"https:\/\/buenosdiasbcs.com\/#website","url":"https:\/\/buenosdiasbcs.com\/","name":"Buenos D\u00edas BCS","description":"","publisher":{"@id":"https:\/\/buenosdiasbcs.com\/#organization"},"potentialAction":[{"@type":"SearchAction","target":{"@type":"EntryPoint","urlTemplate":"https:\/\/buenosdiasbcs.com\/?s={search_term_string}"},"query-input":{"@type":"PropertyValueSpecification","valueRequired":true,"valueName":"search_term_string"}}],"inLanguage":"es"},{"@type":"Organization","@id":"https:\/\/buenosdiasbcs.com\/#organization","name":"Buenos D\u00edas BCS","url":"https:\/\/buenosdiasbcs.com\/","logo":{"@type":"ImageObject","inLanguage":"es","@id":"https:\/\/buenosdiasbcs.com\/#\/schema\/logo\/image\/","url":"https:\/\/buenosdiasbcs.com\/wp-content\/uploads\/2026\/01\/logo-buenos-dias-40-01.png","contentUrl":"https:\/\/buenosdiasbcs.com\/wp-content\/uploads\/2026\/01\/logo-buenos-dias-40-01.png","width":277,"height":40,"caption":"Buenos D\u00edas BCS"},"image":{"@id":"https:\/\/buenosdiasbcs.com\/#\/schema\/logo\/image\/"}},{"@type":"Person","@id":"https:\/\/buenosdiasbcs.com\/#\/schema\/person\/15aedc247eab7070ee5d76d6d069a821","name":"Edici\u00f3n Buenos D\u00edas","image":{"@type":"ImageObject","inLanguage":"es","@id":"https:\/\/buenosdiasbcs.com\/wp-content\/uploads\/2026\/01\/cropped-sol-96x96.png","url":"https:\/\/buenosdiasbcs.com\/wp-content\/uploads\/2026\/01\/cropped-sol-96x96.png","contentUrl":"https:\/\/buenosdiasbcs.com\/wp-content\/uploads\/2026\/01\/cropped-sol-96x96.png","caption":"Edici\u00f3n Buenos D\u00edas"},"url":"https:\/\/buenosdiasbcs.com\/?author=2"}]}},"amp_enabled":true,"_links":{"self":[{"href":"https:\/\/buenosdiasbcs.com\/index.php?rest_route=\/wp\/v2\/posts\/4925","targetHints":{"allow":["GET"]}}],"collection":[{"href":"https:\/\/buenosdiasbcs.com\/index.php?rest_route=\/wp\/v2\/posts"}],"about":[{"href":"https:\/\/buenosdiasbcs.com\/index.php?rest_route=\/wp\/v2\/types\/post"}],"author":[{"embeddable":true,"href":"https:\/\/buenosdiasbcs.com\/index.php?rest_route=\/wp\/v2\/users\/2"}],"replies":[{"embeddable":true,"href":"https:\/\/buenosdiasbcs.com\/index.php?rest_route=%2Fwp%2Fv2%2Fcomments&post=4925"}],"version-history":[{"count":1,"href":"https:\/\/buenosdiasbcs.com\/index.php?rest_route=\/wp\/v2\/posts\/4925\/revisions"}],"predecessor-version":[{"id":4927,"href":"https:\/\/buenosdiasbcs.com\/index.php?rest_route=\/wp\/v2\/posts\/4925\/revisions\/4927"}],"wp:featuredmedia":[{"embeddable":true,"href":"https:\/\/buenosdiasbcs.com\/index.php?rest_route=\/wp\/v2\/media\/4926"}],"wp:attachment":[{"href":"https:\/\/buenosdiasbcs.com\/index.php?rest_route=%2Fwp%2Fv2%2Fmedia&parent=4925"}],"wp:term":[{"taxonomy":"category","embeddable":true,"href":"https:\/\/buenosdiasbcs.com\/index.php?rest_route=%2Fwp%2Fv2%2Fcategories&post=4925"},{"taxonomy":"post_tag","embeddable":true,"href":"https:\/\/buenosdiasbcs.com\/index.php?rest_route=%2Fwp%2Fv2%2Ftags&post=4925"}],"curies":[{"name":"wp","href":"https:\/\/api.w.org\/{rel}","templated":true}]}}