{"id":4919,"date":"2026-03-11T00:13:00","date_gmt":"2026-03-11T07:13:00","guid":{"rendered":"https:\/\/buenosdiasbcs.com\/?p=4919"},"modified":"2026-03-10T23:14:17","modified_gmt":"2026-03-11T06:14:17","slug":"tres-empresas-mismo-dueno-concentran-mas-de-4-mmp-en-contratos-del-sistema-de-abasto-alimentario","status":"publish","type":"post","link":"https:\/\/buenosdiasbcs.com\/?p=4919","title":{"rendered":"Tres empresas, mismo due\u00f1o, concentran m\u00e1s de 4 mmp en contratos del sistema de abasto alimentario"},"content":{"rendered":"\n<h2 class=\"wp-block-heading\" id=\"h-un-seguimiento-a-registros-oficiales-de-contrataciones-publicas-y-documentos-consultados-por-proceso-permiten-identificar-que-las-razones-sociales-son-soluciones-logisticas-inteligentes-agro-tecnologias-de-jalisco-asi-como-maniobras-y-almacenaje-del-centro\">Un\u00a0seguimiento a registros oficiales de contrataciones p\u00fablicas y documentos, consultados por Proceso, permiten identificar que las razones sociales son Soluciones Log\u00edsticas Inteligentes;\u00a0Agro Tecnolog\u00edas\u00a0de Jalisco, as\u00ed como Maniobras y Almacenaje del Centro.<a href=\"safari-reader:\/\/www.proceso.com.mx\/autor\/arodriguez.html\"><\/a><\/h2>\n\n\n\n<p>CIUDAD DE M\u00c9XICO&nbsp;(apro)&nbsp;.-&nbsp; Entre 2018 y 2025, las dependencias federales encargadas del abasto alimentario en M\u00e9xico asignaron contratos por m\u00e1s de 4 mil 600 millones de pesos a tres empresas propiedad de un mismo empresario: Gustavo Guzm\u00e1n Romero.&nbsp;&nbsp;<\/p>\n\n\n\n<p>Un&nbsp;seguimiento a registros oficiales de contrataciones p\u00fablicas y documentos, consultados por&nbsp;<strong>Proceso<\/strong>, permiten identificar que las razones sociales son Soluciones Log\u00edsticas Inteligentes;&nbsp;Agro Tecnolog\u00edas&nbsp;de Jalisco, as\u00ed como Maniobras y Almacenaje del Centro.&nbsp;<\/p>\n\n\n\n<p>Las adjudicaciones provinieron de entidades que forman parte del sistema de distribuci\u00f3n de alimentos del gobierno federal, entre ellas Seguridad Alimentaria Mexicana (Segalmex), Liconsa, Diconsa y la empresa estatal Alimentaci\u00f3n para el Bienestar, responsables de operar programas de suministro de productos b\u00e1sicos para poblaci\u00f3n vulnerable.&nbsp;&nbsp;<\/p>\n\n\n\n<p>A trav\u00e9s de una revisi\u00f3n de contratos, se pudo identificar que Soluciones Log\u00edsticas Inteligentes concentr\u00f3 la mayor parte de los recursos, con adjudicaciones por 4 mil 285 millones de pesos.&nbsp;&nbsp;<\/p>\n\n\n\n<p>A esta firma se suman&nbsp;Agro Tecnolog\u00edas&nbsp;de Jalisco, con tres contratos por 298.8 millones de pesos, mientras que Maniobras y Almacenaje del Centro fue beneficiada con tres contratos por 98.8 millones de pesos.&nbsp;&nbsp;<\/p>\n\n\n\n<p>En conjunto, estas empresas acumulan m\u00e1s de 4 mil 600 millones de pesos en contratos p\u00fablicos, principalmente relacionados con servicios de transporte, log\u00edstica y manejo de insumos destinados a programas federales de alimentaci\u00f3n social.&nbsp;&nbsp;<\/p>\n\n\n\n<h3 class=\"wp-block-heading\" id=\"h-concentracion-proveedora-nbsp\"><strong>Concentraci\u00f3n proveedora&nbsp;<\/strong><\/h3>\n\n\n\n<p>Del monto total identificado en contratos, Soluciones Log\u00edsticas Inteligentes S.A. de C.V. (SLI) recibi\u00f3 cerca del 91.5 por ciento de los recursos, lo que la convierte en la principal beneficiaria dentro del grupo empresarial de Guzm\u00e1n Romero.&nbsp;&nbsp;<\/p>\n\n\n\n<p>Los contratos se relacionan principalmente con servicios de fletes terrestres y traslado de productos b\u00e1sicos, entre ellos ma\u00edz, frijol y diversos insumos destinados a los programas de distribuci\u00f3n alimentaria operados por el gobierno federal.&nbsp;<\/p>\n\n\n\n<p>De acuerdo&nbsp;con&nbsp;los registros de contrataci\u00f3n p\u00fablica,&nbsp;se puede advertir que la empresa particip\u00f3 tanto en licitaciones p\u00fablicas como en procesos de adjudicaci\u00f3n directa, dependiendo del contrato y del ejercicio fiscal correspondiente.&nbsp;&nbsp;<\/p>\n\n\n\n<h3 class=\"wp-block-heading\" id=\"h-a-la-sombra-de-nbsp-segalmex-nbsp\"><strong>A la sombra de&nbsp;Segalmex&nbsp;<\/strong><\/h3>\n\n\n\n<p>El flujo de contratos hacia Soluciones Log\u00edsticas Inteligentes ocurre en el contexto de las irregularidades detectadas en Seguridad Alimentaria Mexicana (Segalmex).&nbsp;<\/p>\n\n\n\n<p>En torno a este caso, la Auditor\u00eda Superior de la Federaci\u00f3n (ASF) document\u00f3 irregularidades por m\u00e1s de 15 mil 300 millones de pesos, principalmente entre 2019 y 2020, lo que convirti\u00f3 al caso&nbsp;Segalmex&nbsp;en uno de los mayores esc\u00e1ndalos de corrupci\u00f3n en la administraci\u00f3n p\u00fablica reciente.&nbsp;&nbsp;<\/p>\n\n\n\n<p>Entre las anomal\u00edas detectadas se encuentran contratos simulados, desv\u00edos de recursos, falta de controles en inventarios y la participaci\u00f3n de empresas con irregularidades administrativas.&nbsp;&nbsp;<\/p>\n\n\n\n<p>En particular, la ASF mencion\u00f3 a Soluciones Log\u00edsticas Inteligentes en el Informe de Cumplimiento 2020-1-08JBP-19-0327-2021, donde revis\u00f3 el contrato CSS\/014\/2020, adjudicado directamente a la empresa por hasta 278 millones de pesos.&nbsp;&nbsp;<\/p>\n\n\n\n<p>De acuerdo con el \u00f3rgano auditor, la investigaci\u00f3n de mercado que sustent\u00f3 la contrataci\u00f3n fue insuficiente, ya que se bas\u00f3 \u00fanicamente en informaci\u00f3n interna del organismo, sin consultar fuentes externas que permitieran validar condiciones de competencia.&nbsp;&nbsp;<\/p>\n\n\n\n<p>La ASF tambi\u00e9n se\u00f1al\u00f3 que no se entregaron documentos fiscales esenciales, ni la relaci\u00f3n firmada de embarques ni el calendario de entregas establecidos contractualmente.&nbsp;Adem\u00e1s, se identificaron pagos por servicios de fletes correspondientes a periodos fuera de la vigencia del contrato, sin soporte legal que justificara dichos desembolsos.&nbsp;&nbsp;<\/p>\n\n\n\n<p>La auditor\u00eda document\u00f3 tambi\u00e9n retrasos de hasta 45 d\u00edas en la prestaci\u00f3n del servicio, que generaron penalizaciones que finalmente no fueron aplicadas por la dependencia.&nbsp;&nbsp;<\/p>\n\n\n\n<p>Pese a estas observaciones, los registros de contrataci\u00f3n p\u00fablica muestran que la empresa continu\u00f3 obteniendo contratos en a\u00f1os posteriores.&nbsp;&nbsp;<\/p>\n\n\n\n<h3 class=\"wp-block-heading\" id=\"h-politica-y-negocios-nbsp\"><strong>Pol\u00edtica y negocios&nbsp;<\/strong><\/h3>\n\n\n\n<p>Versiones period\u00edsticas tambi\u00e9n han apuntado posibles v\u00ednculos entre las empresas y actores pol\u00edticos o exfuncionarios del organismo. Entre los nombres mencionados se encuentra el diputado federal morenista, Francisco Javier Borrego Adame, empresario transportista y propietario de Autotransportes Grupo JB.&nbsp;&nbsp;<\/p>\n\n\n\n<p>El legislador coahuilense tambi\u00e9n ha ocupado distintos cargos dentro de la Confederaci\u00f3n Nacional de Transportistas Mexicanos (CONATRAM),&nbsp;donde ha sido presidente, vicepresidente y delegado. En esa misma organizaci\u00f3n Gustavo Guzm\u00e1n Romero funge como secretario de Organizaci\u00f3n.&nbsp;&nbsp;<\/p>\n\n\n\n<p>Registros p\u00fablicos y comunicados oficiales muestran que el legislador y Guzm\u00e1n Romero mantienen interlocuci\u00f3n, pues han sostenido diversas reuniones y proyectos conjuntos. En febrero de 2026, por ejemplo, participaron en un encuentro con la Secretar\u00eda de Educaci\u00f3n P\u00fablica&nbsp;(SEP)&nbsp;para impulsar un programa de formaci\u00f3n de operadores del autotransporte.&nbsp;&nbsp;<\/p>\n\n\n\n<p>Comunicados del propio Poder Legislativo tambi\u00e9n dan cuenta de otras reuniones en las que Borrego Adame dialog\u00f3 con representantes de la CONATRAM, entre ellos Guzm\u00e1n Romero, sobre temas regulatorios, seguridad en carreteras y la construcci\u00f3n de una agenda legislativa para el sector.&nbsp;&nbsp;<\/p>\n\n\n\n<p>Actualmente, Borrego Adame, diputado federal desde 2018, se desempe\u00f1a como secretario de la Comisi\u00f3n de Comunicaciones y Transportes de la C\u00e1mara de Diputados.&nbsp;&nbsp;<\/p>\n\n\n\n<p>El legislador ha tenido sus propios esc\u00e1ndalos ya como diputado. En 2021 se manten\u00eda vigente una orden de aprehensi\u00f3n en su contra por fraude gen\u00e9rico, dictada por el Juzgado Cuarto Penal, de Durango, pero gozaba de fuero.&nbsp;<\/p>\n\n\n\n<p>A estos se\u00f1alamientos se suman referencias a posibles conexiones entre la empresa y exfuncionarios del propio&nbsp;Segalmex, entre ellos la exgerente de operaciones Tania Alejandra Valdez Reyes y el exdirector de Precios de Garant\u00eda Miguel Carrillo Villarreal.&nbsp;&nbsp;<\/p>\n\n\n\n<h3 class=\"wp-block-heading\" id=\"h-escandalo-y-los-mismos-nbsp-nbsp\"><strong>Esc\u00e1ndalo y los mismos&nbsp;&nbsp;<\/strong><\/h3>\n\n\n\n<p>Tras el esc\u00e1ndalo de irregularidades, el gobierno federal reestructur\u00f3 el organismo y cre\u00f3 la empresa estatal Alimentaci\u00f3n para el Bienestar, que absorbi\u00f3 parte de las funciones de&nbsp;Segalmex&nbsp;y Diconsa.&nbsp;&nbsp;<\/p>\n\n\n\n<p>En el ocaso de su administraci\u00f3n, en 2024, el entonces presidente Andr\u00e9s Manuel L\u00f3pez Obrado, lament\u00f3 al menos en dos ocasiones el fraude en&nbsp;Segalmex&nbsp;que calific\u00f3 como \u201cla mancha que me llevo\u201d.&nbsp;<\/p>\n\n\n\n<p>Todav\u00eda el 5 de septiembre de 2024, L\u00f3pez Obrador se refiri\u00f3 al caso y present\u00f3 un informe en su conferencia ma\u00f1anera para mostrar que hab\u00eda detenidos y que las investigaciones continuaban.&nbsp;&nbsp;<\/p>\n\n\n\n<p>Ese d\u00eda dej\u00f3 instrucciones para que se diera seguimiento a las denuncias presentadas contra los funcionarios implicados, esto es,&nbsp;las&nbsp;47&nbsp;personas que fueron investigadas a partir de 156 denuncias, por las que se obtuvo una orden de aprehensi\u00f3n por todas ellas. En 26 casos se vincul\u00f3 a proceso penal y de \u00e9stas, nueve son exservidores p\u00fablicos y 17 particulares.&nbsp;<\/p>\n\n\n\n<p>Sin embargo, proveedores que participaron durante la etapa anterior contin\u00faan favorecidos en procesos de contrataci\u00f3n, incluida la firma Soluciones Log\u00edsticas Inteligentes.&nbsp;<\/p>\n\n\n\n<p>Uno de esos procedimientos fue la licitaci\u00f3n nacional para servicios de fletes terrestres destinados al traslado de ma\u00edz, frijol e insumos de programas sociales, en la que nuevamente aparece la empresa madre de Guzm\u00e1n Romero aparece como participante.&nbsp;<\/p>\n\n\n\n<p><\/p>\n","protected":false},"excerpt":{"rendered":"<p>Un\u00a0seguimiento a registros oficiales de contrataciones p\u00fablicas y documentos, consultados por Proceso, permiten identificar que las razones sociales son Soluciones&#8230;<\/p>\n","protected":false},"author":2,"featured_media":4920,"comment_status":"open","ping_status":"open","sticky":false,"template":"","format":"standard","meta":{"footnotes":""},"categories":[32],"tags":[],"class_list":["post-4919","post","type-post","status-publish","format-standard","has-post-thumbnail","hentry","category-la-nacion"],"yoast_head":"<!-- This site is optimized with the Yoast SEO Premium plugin v26.8 (Yoast SEO v27.4) - https:\/\/yoast.com\/product\/yoast-seo-premium-wordpress\/ -->\n<title>Tres empresas, mismo due\u00f1o, concentran m\u00e1s de 4 mmp en contratos del sistema de abasto alimentario - Buenos D&iacute;as BCS<\/title>\n<meta name=\"robots\" content=\"index, follow, max-snippet:-1, max-image-preview:large, max-video-preview:-1\" \/>\n<link rel=\"canonical\" href=\"https:\/\/buenosdiasbcs.com\/?p=4919\" \/>\n<meta property=\"og:locale\" content=\"es_ES\" \/>\n<meta property=\"og:type\" content=\"article\" \/>\n<meta property=\"og:title\" content=\"Tres empresas, mismo due\u00f1o, concentran m\u00e1s de 4 mmp en contratos del sistema de abasto alimentario\" \/>\n<meta property=\"og:description\" content=\"Un\u00a0seguimiento a registros oficiales de contrataciones p\u00fablicas y documentos, consultados por Proceso, permiten identificar que las razones sociales son Soluciones...\" \/>\n<meta property=\"og:url\" content=\"https:\/\/buenosdiasbcs.com\/?p=4919\" \/>\n<meta property=\"og:site_name\" content=\"Buenos D&iacute;as BCS\" \/>\n<meta property=\"article:published_time\" content=\"2026-03-11T07:13:00+00:00\" \/>\n<meta property=\"og:image\" content=\"https:\/\/buenosdiasbcs.com\/wp-content\/uploads\/2026\/03\/f685x385-243514_281207_5136.jpg.webp\" \/>\n\t<meta property=\"og:image:width\" content=\"685\" \/>\n\t<meta property=\"og:image:height\" content=\"385\" \/>\n\t<meta property=\"og:image:type\" content=\"image\/webp\" \/>\n<meta name=\"author\" content=\"Edici\u00f3n Buenos D\u00edas\" \/>\n<meta name=\"twitter:card\" content=\"summary_large_image\" \/>\n<meta name=\"twitter:label1\" content=\"Escrito por\" \/>\n\t<meta name=\"twitter:data1\" content=\"Edici\u00f3n Buenos D\u00edas\" \/>\n\t<meta name=\"twitter:label2\" content=\"Tiempo de lectura\" \/>\n\t<meta name=\"twitter:data2\" content=\"6 minutos\" \/>\n<script type=\"application\/ld+json\" class=\"yoast-schema-graph\">{\"@context\":\"https:\\\/\\\/schema.org\",\"@graph\":[{\"@type\":\"Article\",\"@id\":\"https:\\\/\\\/buenosdiasbcs.com\\\/?p=4919#article\",\"isPartOf\":{\"@id\":\"https:\\\/\\\/buenosdiasbcs.com\\\/?p=4919\"},\"author\":{\"name\":\"Edici\u00f3n Buenos D\u00edas\",\"@id\":\"https:\\\/\\\/buenosdiasbcs.com\\\/#\\\/schema\\\/person\\\/15aedc247eab7070ee5d76d6d069a821\"},\"headline\":\"Tres empresas, mismo due\u00f1o, concentran m\u00e1s de 4 mmp en contratos del sistema de abasto alimentario\",\"datePublished\":\"2026-03-11T07:13:00+00:00\",\"mainEntityOfPage\":{\"@id\":\"https:\\\/\\\/buenosdiasbcs.com\\\/?p=4919\"},\"wordCount\":1282,\"commentCount\":0,\"publisher\":{\"@id\":\"https:\\\/\\\/buenosdiasbcs.com\\\/#organization\"},\"image\":{\"@id\":\"https:\\\/\\\/buenosdiasbcs.com\\\/?p=4919#primaryimage\"},\"thumbnailUrl\":\"https:\\\/\\\/buenosdiasbcs.com\\\/wp-content\\\/uploads\\\/2026\\\/03\\\/f685x385-243514_281207_5136.jpg.webp\",\"articleSection\":[\"La Naci\u00f3n\"],\"inLanguage\":\"es\",\"potentialAction\":[{\"@type\":\"CommentAction\",\"name\":\"Comment\",\"target\":[\"https:\\\/\\\/buenosdiasbcs.com\\\/?p=4919#respond\"]}]},{\"@type\":\"WebPage\",\"@id\":\"https:\\\/\\\/buenosdiasbcs.com\\\/?p=4919\",\"url\":\"https:\\\/\\\/buenosdiasbcs.com\\\/?p=4919\",\"name\":\"Tres empresas, mismo due\u00f1o, concentran m\u00e1s de 4 mmp en contratos del sistema de abasto alimentario - Buenos D&iacute;as BCS\",\"isPartOf\":{\"@id\":\"https:\\\/\\\/buenosdiasbcs.com\\\/#website\"},\"primaryImageOfPage\":{\"@id\":\"https:\\\/\\\/buenosdiasbcs.com\\\/?p=4919#primaryimage\"},\"image\":{\"@id\":\"https:\\\/\\\/buenosdiasbcs.com\\\/?p=4919#primaryimage\"},\"thumbnailUrl\":\"https:\\\/\\\/buenosdiasbcs.com\\\/wp-content\\\/uploads\\\/2026\\\/03\\\/f685x385-243514_281207_5136.jpg.webp\",\"datePublished\":\"2026-03-11T07:13:00+00:00\",\"breadcrumb\":{\"@id\":\"https:\\\/\\\/buenosdiasbcs.com\\\/?p=4919#breadcrumb\"},\"inLanguage\":\"es\",\"potentialAction\":[{\"@type\":\"ReadAction\",\"target\":[\"https:\\\/\\\/buenosdiasbcs.com\\\/?p=4919\"]}]},{\"@type\":\"ImageObject\",\"inLanguage\":\"es\",\"@id\":\"https:\\\/\\\/buenosdiasbcs.com\\\/?p=4919#primaryimage\",\"url\":\"https:\\\/\\\/buenosdiasbcs.com\\\/wp-content\\\/uploads\\\/2026\\\/03\\\/f685x385-243514_281207_5136.jpg.webp\",\"contentUrl\":\"https:\\\/\\\/buenosdiasbcs.com\\\/wp-content\\\/uploads\\\/2026\\\/03\\\/f685x385-243514_281207_5136.jpg.webp\",\"width\":685,\"height\":385},{\"@type\":\"BreadcrumbList\",\"@id\":\"https:\\\/\\\/buenosdiasbcs.com\\\/?p=4919#breadcrumb\",\"itemListElement\":[{\"@type\":\"ListItem\",\"position\":1,\"name\":\"Portada\",\"item\":\"https:\\\/\\\/buenosdiasbcs.com\\\/\"},{\"@type\":\"ListItem\",\"position\":2,\"name\":\"Tres empresas, mismo due\u00f1o, concentran m\u00e1s de 4 mmp en contratos del sistema de abasto alimentario\"}]},{\"@type\":\"WebSite\",\"@id\":\"https:\\\/\\\/buenosdiasbcs.com\\\/#website\",\"url\":\"https:\\\/\\\/buenosdiasbcs.com\\\/\",\"name\":\"Buenos D\u00edas BCS\",\"description\":\"\",\"publisher\":{\"@id\":\"https:\\\/\\\/buenosdiasbcs.com\\\/#organization\"},\"potentialAction\":[{\"@type\":\"SearchAction\",\"target\":{\"@type\":\"EntryPoint\",\"urlTemplate\":\"https:\\\/\\\/buenosdiasbcs.com\\\/?s={search_term_string}\"},\"query-input\":{\"@type\":\"PropertyValueSpecification\",\"valueRequired\":true,\"valueName\":\"search_term_string\"}}],\"inLanguage\":\"es\"},{\"@type\":\"Organization\",\"@id\":\"https:\\\/\\\/buenosdiasbcs.com\\\/#organization\",\"name\":\"Buenos D\u00edas BCS\",\"url\":\"https:\\\/\\\/buenosdiasbcs.com\\\/\",\"logo\":{\"@type\":\"ImageObject\",\"inLanguage\":\"es\",\"@id\":\"https:\\\/\\\/buenosdiasbcs.com\\\/#\\\/schema\\\/logo\\\/image\\\/\",\"url\":\"https:\\\/\\\/buenosdiasbcs.com\\\/wp-content\\\/uploads\\\/2026\\\/01\\\/logo-buenos-dias-40-01.png\",\"contentUrl\":\"https:\\\/\\\/buenosdiasbcs.com\\\/wp-content\\\/uploads\\\/2026\\\/01\\\/logo-buenos-dias-40-01.png\",\"width\":277,\"height\":40,\"caption\":\"Buenos D\u00edas BCS\"},\"image\":{\"@id\":\"https:\\\/\\\/buenosdiasbcs.com\\\/#\\\/schema\\\/logo\\\/image\\\/\"}},{\"@type\":\"Person\",\"@id\":\"https:\\\/\\\/buenosdiasbcs.com\\\/#\\\/schema\\\/person\\\/15aedc247eab7070ee5d76d6d069a821\",\"name\":\"Edici\u00f3n Buenos D\u00edas\",\"image\":{\"@type\":\"ImageObject\",\"inLanguage\":\"es\",\"@id\":\"https:\\\/\\\/buenosdiasbcs.com\\\/wp-content\\\/uploads\\\/2026\\\/01\\\/cropped-sol-96x96.png\",\"url\":\"https:\\\/\\\/buenosdiasbcs.com\\\/wp-content\\\/uploads\\\/2026\\\/01\\\/cropped-sol-96x96.png\",\"contentUrl\":\"https:\\\/\\\/buenosdiasbcs.com\\\/wp-content\\\/uploads\\\/2026\\\/01\\\/cropped-sol-96x96.png\",\"caption\":\"Edici\u00f3n Buenos D\u00edas\"},\"url\":\"https:\\\/\\\/buenosdiasbcs.com\\\/?author=2\"}]}<\/script>\n<!-- \/ Yoast SEO Premium plugin. -->","yoast_head_json":{"title":"Tres empresas, mismo due\u00f1o, concentran m\u00e1s de 4 mmp en contratos del sistema de abasto alimentario - Buenos D&iacute;as BCS","robots":{"index":"index","follow":"follow","max-snippet":"max-snippet:-1","max-image-preview":"max-image-preview:large","max-video-preview":"max-video-preview:-1"},"canonical":"https:\/\/buenosdiasbcs.com\/?p=4919","og_locale":"es_ES","og_type":"article","og_title":"Tres empresas, mismo due\u00f1o, concentran m\u00e1s de 4 mmp en contratos del sistema de abasto alimentario","og_description":"Un\u00a0seguimiento a registros oficiales de contrataciones p\u00fablicas y documentos, consultados por Proceso, permiten identificar que las razones sociales son Soluciones...","og_url":"https:\/\/buenosdiasbcs.com\/?p=4919","og_site_name":"Buenos D&iacute;as BCS","article_published_time":"2026-03-11T07:13:00+00:00","og_image":[{"width":685,"height":385,"url":"https:\/\/buenosdiasbcs.com\/wp-content\/uploads\/2026\/03\/f685x385-243514_281207_5136.jpg.webp","type":"image\/webp"}],"author":"Edici\u00f3n Buenos D\u00edas","twitter_card":"summary_large_image","twitter_misc":{"Escrito por":"Edici\u00f3n Buenos D\u00edas","Tiempo de lectura":"6 minutos"},"schema":{"@context":"https:\/\/schema.org","@graph":[{"@type":"Article","@id":"https:\/\/buenosdiasbcs.com\/?p=4919#article","isPartOf":{"@id":"https:\/\/buenosdiasbcs.com\/?p=4919"},"author":{"name":"Edici\u00f3n Buenos D\u00edas","@id":"https:\/\/buenosdiasbcs.com\/#\/schema\/person\/15aedc247eab7070ee5d76d6d069a821"},"headline":"Tres empresas, mismo due\u00f1o, concentran m\u00e1s de 4 mmp en contratos del sistema de abasto alimentario","datePublished":"2026-03-11T07:13:00+00:00","mainEntityOfPage":{"@id":"https:\/\/buenosdiasbcs.com\/?p=4919"},"wordCount":1282,"commentCount":0,"publisher":{"@id":"https:\/\/buenosdiasbcs.com\/#organization"},"image":{"@id":"https:\/\/buenosdiasbcs.com\/?p=4919#primaryimage"},"thumbnailUrl":"https:\/\/buenosdiasbcs.com\/wp-content\/uploads\/2026\/03\/f685x385-243514_281207_5136.jpg.webp","articleSection":["La Naci\u00f3n"],"inLanguage":"es","potentialAction":[{"@type":"CommentAction","name":"Comment","target":["https:\/\/buenosdiasbcs.com\/?p=4919#respond"]}]},{"@type":"WebPage","@id":"https:\/\/buenosdiasbcs.com\/?p=4919","url":"https:\/\/buenosdiasbcs.com\/?p=4919","name":"Tres empresas, mismo due\u00f1o, concentran m\u00e1s de 4 mmp en contratos del sistema de abasto alimentario - Buenos D&iacute;as BCS","isPartOf":{"@id":"https:\/\/buenosdiasbcs.com\/#website"},"primaryImageOfPage":{"@id":"https:\/\/buenosdiasbcs.com\/?p=4919#primaryimage"},"image":{"@id":"https:\/\/buenosdiasbcs.com\/?p=4919#primaryimage"},"thumbnailUrl":"https:\/\/buenosdiasbcs.com\/wp-content\/uploads\/2026\/03\/f685x385-243514_281207_5136.jpg.webp","datePublished":"2026-03-11T07:13:00+00:00","breadcrumb":{"@id":"https:\/\/buenosdiasbcs.com\/?p=4919#breadcrumb"},"inLanguage":"es","potentialAction":[{"@type":"ReadAction","target":["https:\/\/buenosdiasbcs.com\/?p=4919"]}]},{"@type":"ImageObject","inLanguage":"es","@id":"https:\/\/buenosdiasbcs.com\/?p=4919#primaryimage","url":"https:\/\/buenosdiasbcs.com\/wp-content\/uploads\/2026\/03\/f685x385-243514_281207_5136.jpg.webp","contentUrl":"https:\/\/buenosdiasbcs.com\/wp-content\/uploads\/2026\/03\/f685x385-243514_281207_5136.jpg.webp","width":685,"height":385},{"@type":"BreadcrumbList","@id":"https:\/\/buenosdiasbcs.com\/?p=4919#breadcrumb","itemListElement":[{"@type":"ListItem","position":1,"name":"Portada","item":"https:\/\/buenosdiasbcs.com\/"},{"@type":"ListItem","position":2,"name":"Tres empresas, mismo due\u00f1o, concentran m\u00e1s de 4 mmp en contratos del sistema de abasto alimentario"}]},{"@type":"WebSite","@id":"https:\/\/buenosdiasbcs.com\/#website","url":"https:\/\/buenosdiasbcs.com\/","name":"Buenos D\u00edas BCS","description":"","publisher":{"@id":"https:\/\/buenosdiasbcs.com\/#organization"},"potentialAction":[{"@type":"SearchAction","target":{"@type":"EntryPoint","urlTemplate":"https:\/\/buenosdiasbcs.com\/?s={search_term_string}"},"query-input":{"@type":"PropertyValueSpecification","valueRequired":true,"valueName":"search_term_string"}}],"inLanguage":"es"},{"@type":"Organization","@id":"https:\/\/buenosdiasbcs.com\/#organization","name":"Buenos D\u00edas BCS","url":"https:\/\/buenosdiasbcs.com\/","logo":{"@type":"ImageObject","inLanguage":"es","@id":"https:\/\/buenosdiasbcs.com\/#\/schema\/logo\/image\/","url":"https:\/\/buenosdiasbcs.com\/wp-content\/uploads\/2026\/01\/logo-buenos-dias-40-01.png","contentUrl":"https:\/\/buenosdiasbcs.com\/wp-content\/uploads\/2026\/01\/logo-buenos-dias-40-01.png","width":277,"height":40,"caption":"Buenos D\u00edas BCS"},"image":{"@id":"https:\/\/buenosdiasbcs.com\/#\/schema\/logo\/image\/"}},{"@type":"Person","@id":"https:\/\/buenosdiasbcs.com\/#\/schema\/person\/15aedc247eab7070ee5d76d6d069a821","name":"Edici\u00f3n Buenos D\u00edas","image":{"@type":"ImageObject","inLanguage":"es","@id":"https:\/\/buenosdiasbcs.com\/wp-content\/uploads\/2026\/01\/cropped-sol-96x96.png","url":"https:\/\/buenosdiasbcs.com\/wp-content\/uploads\/2026\/01\/cropped-sol-96x96.png","contentUrl":"https:\/\/buenosdiasbcs.com\/wp-content\/uploads\/2026\/01\/cropped-sol-96x96.png","caption":"Edici\u00f3n Buenos D\u00edas"},"url":"https:\/\/buenosdiasbcs.com\/?author=2"}]}},"amp_enabled":true,"_links":{"self":[{"href":"https:\/\/buenosdiasbcs.com\/index.php?rest_route=\/wp\/v2\/posts\/4919","targetHints":{"allow":["GET"]}}],"collection":[{"href":"https:\/\/buenosdiasbcs.com\/index.php?rest_route=\/wp\/v2\/posts"}],"about":[{"href":"https:\/\/buenosdiasbcs.com\/index.php?rest_route=\/wp\/v2\/types\/post"}],"author":[{"embeddable":true,"href":"https:\/\/buenosdiasbcs.com\/index.php?rest_route=\/wp\/v2\/users\/2"}],"replies":[{"embeddable":true,"href":"https:\/\/buenosdiasbcs.com\/index.php?rest_route=%2Fwp%2Fv2%2Fcomments&post=4919"}],"version-history":[{"count":1,"href":"https:\/\/buenosdiasbcs.com\/index.php?rest_route=\/wp\/v2\/posts\/4919\/revisions"}],"predecessor-version":[{"id":4921,"href":"https:\/\/buenosdiasbcs.com\/index.php?rest_route=\/wp\/v2\/posts\/4919\/revisions\/4921"}],"wp:featuredmedia":[{"embeddable":true,"href":"https:\/\/buenosdiasbcs.com\/index.php?rest_route=\/wp\/v2\/media\/4920"}],"wp:attachment":[{"href":"https:\/\/buenosdiasbcs.com\/index.php?rest_route=%2Fwp%2Fv2%2Fmedia&parent=4919"}],"wp:term":[{"taxonomy":"category","embeddable":true,"href":"https:\/\/buenosdiasbcs.com\/index.php?rest_route=%2Fwp%2Fv2%2Fcategories&post=4919"},{"taxonomy":"post_tag","embeddable":true,"href":"https:\/\/buenosdiasbcs.com\/index.php?rest_route=%2Fwp%2Fv2%2Ftags&post=4919"}],"curies":[{"name":"wp","href":"https:\/\/api.w.org\/{rel}","templated":true}]}}