{"id":4910,"date":"2026-03-11T00:03:00","date_gmt":"2026-03-11T07:03:00","guid":{"rendered":"https:\/\/buenosdiasbcs.com\/?p=4910"},"modified":"2026-03-10T23:04:17","modified_gmt":"2026-03-11T06:04:17","slug":"preside-gobernador-reunion-de-la-junta-de-administracion-de-la-jec-bcs","status":"publish","type":"post","link":"https:\/\/buenosdiasbcs.com\/?p=4910","title":{"rendered":"Preside Gobernador reuni\u00f3n de la Junta de Administraci\u00f3n de la JEC BCS"},"content":{"rendered":"\n<h2 class=\"wp-block-heading\" id=\"h-durante-el-encuentro-se-dio-a-conocer-la-situacion-administrativa-y-financiera-de-la-dependencia-destacando-avances-que-han-permitido-fortalecer-su-operatividad-y-atender-con-mayor-eficiencia-las-necesidades-de-conservacion-de-la-red-carretera-estatal\">Durante el encuentro se dio a conocer la situaci\u00f3n administrativa y financiera de la dependencia, destacando avances que han permitido fortalecer su operatividad y atender con mayor eficiencia las necesidades de conservaci\u00f3n de la red carretera estatal.<\/h2>\n\n\n\n<p>El gobernador del estado, V\u00edctor Manuel Castro Cos\u00edo, presidi\u00f3 la reuni\u00f3n de la Junta de Administraci\u00f3n de la Junta Estatal de Caminos (JEC), en la que se presentaron avances en obras de pavimentaci\u00f3n, rehabilitaci\u00f3n y mantenimiento de caminos en los cinco municipios de Baja California Sur.<\/p>\n\n\n\n<p>Durante el encuentro se dio a conocer la situaci\u00f3n administrativa y financiera de la dependencia, destacando avances que han permitido fortalecer su operatividad y atender con mayor eficiencia las necesidades de conservaci\u00f3n de la red carretera estatal.<\/p>\n\n\n\n<p>Asimismo, se inform\u00f3 sobre el avance en diversas obras de pavimentaci\u00f3n y rehabilitaci\u00f3n de caminos en los cinco municipios, las cuales se encuentran pr\u00e1cticamente concluidas al cien por ciento. Entre ellas destacan los caminos Benito Ju\u00e1rez\u2013Ramaditas\u2013Villa Hidalgo, en Comond\u00fa; Santa \u00c1gueda, en Muleg\u00e9; y La Soledad\u2013San Evaristo, en el municipio de La Paz.<\/p>\n\n\n\n<p>De igual manera, se realizan trabajos de rastreo en caminos de diversas regiones del estado, acciones en las que se invierten seis millones de pesos, con el prop\u00f3sito de mejorar la conectividad y facilitar el tr\u00e1nsito de las comunidades.<\/p>\n\n\n\n<p>En la reuni\u00f3n, el mandatario estatal reconoci\u00f3 el trabajo que realizan directivos y personal de la instituci\u00f3n, a quienes convoc\u00f3 a mantener el compromiso y la disposici\u00f3n de servicio para seguir cumpliendo con la responsabilidad que el Gobierno del Estado tiene con la poblaci\u00f3n.<\/p>\n\n\n\n<p>Asimismo, el titular del Ejecutivo reiter\u00f3 la relevancia de estas acciones, ya que no solo permiten rehabilitar las v\u00edas de comunicaci\u00f3n, sino tambi\u00e9n generar mejores condiciones de bienestar para las familias sudcalifornianas.<\/p>\n\n\n\n<p>Finalmente, se\u00f1al\u00f3 que la actual administraci\u00f3n continuar\u00e1 trabajando con visi\u00f3n, compromiso y honradez para atender las necesidades de las personas que habitan en comunidades de la sierra y en localidades alejadas de los centros urbanos.<\/p>\n","protected":false},"excerpt":{"rendered":"<p>Durante el encuentro se dio a conocer la situaci\u00f3n administrativa y financiera de la dependencia, destacando avances que han permitido&#8230;<\/p>\n","protected":false},"author":2,"featured_media":4911,"comment_status":"open","ping_status":"open","sticky":false,"template":"","format":"standard","meta":{"footnotes":""},"categories":[24],"tags":[],"class_list":["post-4910","post","type-post","status-publish","format-standard","has-post-thumbnail","hentry","category-gobierno"],"yoast_head":"<!-- This site is optimized with the Yoast SEO Premium plugin v26.8 (Yoast SEO v27.4) - https:\/\/yoast.com\/product\/yoast-seo-premium-wordpress\/ -->\n<title>Preside Gobernador reuni\u00f3n de la Junta de Administraci\u00f3n de la JEC BCS - Buenos D&iacute;as BCS<\/title>\n<meta name=\"robots\" content=\"index, follow, max-snippet:-1, max-image-preview:large, max-video-preview:-1\" \/>\n<link rel=\"canonical\" href=\"https:\/\/buenosdiasbcs.com\/?p=4910\" \/>\n<meta property=\"og:locale\" content=\"es_ES\" \/>\n<meta property=\"og:type\" content=\"article\" \/>\n<meta property=\"og:title\" content=\"Preside Gobernador reuni\u00f3n de la Junta de Administraci\u00f3n de la JEC BCS\" \/>\n<meta property=\"og:description\" content=\"Durante el encuentro se dio a conocer la situaci\u00f3n administrativa y financiera de la dependencia, destacando avances que han permitido...\" \/>\n<meta property=\"og:url\" content=\"https:\/\/buenosdiasbcs.com\/?p=4910\" \/>\n<meta property=\"og:site_name\" content=\"Buenos D&iacute;as BCS\" \/>\n<meta property=\"article:published_time\" content=\"2026-03-11T07:03:00+00:00\" \/>\n<meta property=\"og:image\" content=\"https:\/\/buenosdiasbcs.com\/wp-content\/uploads\/2026\/03\/WhatsApp-Image-2026-03-10-at-4.37.23-PM.jpeg\" \/>\n\t<meta property=\"og:image:width\" content=\"1600\" \/>\n\t<meta property=\"og:image:height\" content=\"898\" \/>\n\t<meta property=\"og:image:type\" content=\"image\/jpeg\" \/>\n<meta name=\"author\" content=\"Edici\u00f3n Buenos D\u00edas\" \/>\n<meta name=\"twitter:card\" content=\"summary_large_image\" \/>\n<meta name=\"twitter:label1\" content=\"Escrito por\" \/>\n\t<meta name=\"twitter:data1\" content=\"Edici\u00f3n Buenos D\u00edas\" \/>\n\t<meta name=\"twitter:label2\" content=\"Tiempo de lectura\" \/>\n\t<meta name=\"twitter:data2\" content=\"2 minutos\" \/>\n<script type=\"application\/ld+json\" class=\"yoast-schema-graph\">{\"@context\":\"https:\\\/\\\/schema.org\",\"@graph\":[{\"@type\":\"Article\",\"@id\":\"https:\\\/\\\/buenosdiasbcs.com\\\/?p=4910#article\",\"isPartOf\":{\"@id\":\"https:\\\/\\\/buenosdiasbcs.com\\\/?p=4910\"},\"author\":{\"name\":\"Edici\u00f3n Buenos D\u00edas\",\"@id\":\"https:\\\/\\\/buenosdiasbcs.com\\\/#\\\/schema\\\/person\\\/15aedc247eab7070ee5d76d6d069a821\"},\"headline\":\"Preside Gobernador reuni\u00f3n de la Junta de Administraci\u00f3n de la JEC BCS\",\"datePublished\":\"2026-03-11T07:03:00+00:00\",\"mainEntityOfPage\":{\"@id\":\"https:\\\/\\\/buenosdiasbcs.com\\\/?p=4910\"},\"wordCount\":366,\"commentCount\":0,\"publisher\":{\"@id\":\"https:\\\/\\\/buenosdiasbcs.com\\\/#organization\"},\"image\":{\"@id\":\"https:\\\/\\\/buenosdiasbcs.com\\\/?p=4910#primaryimage\"},\"thumbnailUrl\":\"https:\\\/\\\/buenosdiasbcs.com\\\/wp-content\\\/uploads\\\/2026\\\/03\\\/WhatsApp-Image-2026-03-10-at-4.37.23-PM.jpeg\",\"articleSection\":[\"Gobierno\"],\"inLanguage\":\"es\",\"potentialAction\":[{\"@type\":\"CommentAction\",\"name\":\"Comment\",\"target\":[\"https:\\\/\\\/buenosdiasbcs.com\\\/?p=4910#respond\"]}]},{\"@type\":\"WebPage\",\"@id\":\"https:\\\/\\\/buenosdiasbcs.com\\\/?p=4910\",\"url\":\"https:\\\/\\\/buenosdiasbcs.com\\\/?p=4910\",\"name\":\"Preside Gobernador reuni\u00f3n de la Junta de Administraci\u00f3n de la JEC BCS - Buenos D&iacute;as BCS\",\"isPartOf\":{\"@id\":\"https:\\\/\\\/buenosdiasbcs.com\\\/#website\"},\"primaryImageOfPage\":{\"@id\":\"https:\\\/\\\/buenosdiasbcs.com\\\/?p=4910#primaryimage\"},\"image\":{\"@id\":\"https:\\\/\\\/buenosdiasbcs.com\\\/?p=4910#primaryimage\"},\"thumbnailUrl\":\"https:\\\/\\\/buenosdiasbcs.com\\\/wp-content\\\/uploads\\\/2026\\\/03\\\/WhatsApp-Image-2026-03-10-at-4.37.23-PM.jpeg\",\"datePublished\":\"2026-03-11T07:03:00+00:00\",\"breadcrumb\":{\"@id\":\"https:\\\/\\\/buenosdiasbcs.com\\\/?p=4910#breadcrumb\"},\"inLanguage\":\"es\",\"potentialAction\":[{\"@type\":\"ReadAction\",\"target\":[\"https:\\\/\\\/buenosdiasbcs.com\\\/?p=4910\"]}]},{\"@type\":\"ImageObject\",\"inLanguage\":\"es\",\"@id\":\"https:\\\/\\\/buenosdiasbcs.com\\\/?p=4910#primaryimage\",\"url\":\"https:\\\/\\\/buenosdiasbcs.com\\\/wp-content\\\/uploads\\\/2026\\\/03\\\/WhatsApp-Image-2026-03-10-at-4.37.23-PM.jpeg\",\"contentUrl\":\"https:\\\/\\\/buenosdiasbcs.com\\\/wp-content\\\/uploads\\\/2026\\\/03\\\/WhatsApp-Image-2026-03-10-at-4.37.23-PM.jpeg\",\"width\":1600,\"height\":898},{\"@type\":\"BreadcrumbList\",\"@id\":\"https:\\\/\\\/buenosdiasbcs.com\\\/?p=4910#breadcrumb\",\"itemListElement\":[{\"@type\":\"ListItem\",\"position\":1,\"name\":\"Portada\",\"item\":\"https:\\\/\\\/buenosdiasbcs.com\\\/\"},{\"@type\":\"ListItem\",\"position\":2,\"name\":\"Preside Gobernador reuni\u00f3n de la Junta de Administraci\u00f3n de la JEC BCS\"}]},{\"@type\":\"WebSite\",\"@id\":\"https:\\\/\\\/buenosdiasbcs.com\\\/#website\",\"url\":\"https:\\\/\\\/buenosdiasbcs.com\\\/\",\"name\":\"Buenos D\u00edas BCS\",\"description\":\"\",\"publisher\":{\"@id\":\"https:\\\/\\\/buenosdiasbcs.com\\\/#organization\"},\"potentialAction\":[{\"@type\":\"SearchAction\",\"target\":{\"@type\":\"EntryPoint\",\"urlTemplate\":\"https:\\\/\\\/buenosdiasbcs.com\\\/?s={search_term_string}\"},\"query-input\":{\"@type\":\"PropertyValueSpecification\",\"valueRequired\":true,\"valueName\":\"search_term_string\"}}],\"inLanguage\":\"es\"},{\"@type\":\"Organization\",\"@id\":\"https:\\\/\\\/buenosdiasbcs.com\\\/#organization\",\"name\":\"Buenos D\u00edas BCS\",\"url\":\"https:\\\/\\\/buenosdiasbcs.com\\\/\",\"logo\":{\"@type\":\"ImageObject\",\"inLanguage\":\"es\",\"@id\":\"https:\\\/\\\/buenosdiasbcs.com\\\/#\\\/schema\\\/logo\\\/image\\\/\",\"url\":\"https:\\\/\\\/buenosdiasbcs.com\\\/wp-content\\\/uploads\\\/2026\\\/01\\\/logo-buenos-dias-40-01.png\",\"contentUrl\":\"https:\\\/\\\/buenosdiasbcs.com\\\/wp-content\\\/uploads\\\/2026\\\/01\\\/logo-buenos-dias-40-01.png\",\"width\":277,\"height\":40,\"caption\":\"Buenos D\u00edas BCS\"},\"image\":{\"@id\":\"https:\\\/\\\/buenosdiasbcs.com\\\/#\\\/schema\\\/logo\\\/image\\\/\"}},{\"@type\":\"Person\",\"@id\":\"https:\\\/\\\/buenosdiasbcs.com\\\/#\\\/schema\\\/person\\\/15aedc247eab7070ee5d76d6d069a821\",\"name\":\"Edici\u00f3n Buenos D\u00edas\",\"image\":{\"@type\":\"ImageObject\",\"inLanguage\":\"es\",\"@id\":\"https:\\\/\\\/buenosdiasbcs.com\\\/wp-content\\\/uploads\\\/2026\\\/01\\\/cropped-sol-96x96.png\",\"url\":\"https:\\\/\\\/buenosdiasbcs.com\\\/wp-content\\\/uploads\\\/2026\\\/01\\\/cropped-sol-96x96.png\",\"contentUrl\":\"https:\\\/\\\/buenosdiasbcs.com\\\/wp-content\\\/uploads\\\/2026\\\/01\\\/cropped-sol-96x96.png\",\"caption\":\"Edici\u00f3n Buenos D\u00edas\"},\"url\":\"https:\\\/\\\/buenosdiasbcs.com\\\/?author=2\"}]}<\/script>\n<!-- \/ Yoast SEO Premium plugin. -->","yoast_head_json":{"title":"Preside Gobernador reuni\u00f3n de la Junta de Administraci\u00f3n de la JEC BCS - Buenos D&iacute;as BCS","robots":{"index":"index","follow":"follow","max-snippet":"max-snippet:-1","max-image-preview":"max-image-preview:large","max-video-preview":"max-video-preview:-1"},"canonical":"https:\/\/buenosdiasbcs.com\/?p=4910","og_locale":"es_ES","og_type":"article","og_title":"Preside Gobernador reuni\u00f3n de la Junta de Administraci\u00f3n de la JEC BCS","og_description":"Durante el encuentro se dio a conocer la situaci\u00f3n administrativa y financiera de la dependencia, destacando avances que han permitido...","og_url":"https:\/\/buenosdiasbcs.com\/?p=4910","og_site_name":"Buenos D&iacute;as BCS","article_published_time":"2026-03-11T07:03:00+00:00","og_image":[{"width":1600,"height":898,"url":"https:\/\/buenosdiasbcs.com\/wp-content\/uploads\/2026\/03\/WhatsApp-Image-2026-03-10-at-4.37.23-PM.jpeg","type":"image\/jpeg"}],"author":"Edici\u00f3n Buenos D\u00edas","twitter_card":"summary_large_image","twitter_misc":{"Escrito por":"Edici\u00f3n Buenos D\u00edas","Tiempo de lectura":"2 minutos"},"schema":{"@context":"https:\/\/schema.org","@graph":[{"@type":"Article","@id":"https:\/\/buenosdiasbcs.com\/?p=4910#article","isPartOf":{"@id":"https:\/\/buenosdiasbcs.com\/?p=4910"},"author":{"name":"Edici\u00f3n Buenos D\u00edas","@id":"https:\/\/buenosdiasbcs.com\/#\/schema\/person\/15aedc247eab7070ee5d76d6d069a821"},"headline":"Preside Gobernador reuni\u00f3n de la Junta de Administraci\u00f3n de la JEC BCS","datePublished":"2026-03-11T07:03:00+00:00","mainEntityOfPage":{"@id":"https:\/\/buenosdiasbcs.com\/?p=4910"},"wordCount":366,"commentCount":0,"publisher":{"@id":"https:\/\/buenosdiasbcs.com\/#organization"},"image":{"@id":"https:\/\/buenosdiasbcs.com\/?p=4910#primaryimage"},"thumbnailUrl":"https:\/\/buenosdiasbcs.com\/wp-content\/uploads\/2026\/03\/WhatsApp-Image-2026-03-10-at-4.37.23-PM.jpeg","articleSection":["Gobierno"],"inLanguage":"es","potentialAction":[{"@type":"CommentAction","name":"Comment","target":["https:\/\/buenosdiasbcs.com\/?p=4910#respond"]}]},{"@type":"WebPage","@id":"https:\/\/buenosdiasbcs.com\/?p=4910","url":"https:\/\/buenosdiasbcs.com\/?p=4910","name":"Preside Gobernador reuni\u00f3n de la Junta de Administraci\u00f3n de la JEC BCS - Buenos D&iacute;as BCS","isPartOf":{"@id":"https:\/\/buenosdiasbcs.com\/#website"},"primaryImageOfPage":{"@id":"https:\/\/buenosdiasbcs.com\/?p=4910#primaryimage"},"image":{"@id":"https:\/\/buenosdiasbcs.com\/?p=4910#primaryimage"},"thumbnailUrl":"https:\/\/buenosdiasbcs.com\/wp-content\/uploads\/2026\/03\/WhatsApp-Image-2026-03-10-at-4.37.23-PM.jpeg","datePublished":"2026-03-11T07:03:00+00:00","breadcrumb":{"@id":"https:\/\/buenosdiasbcs.com\/?p=4910#breadcrumb"},"inLanguage":"es","potentialAction":[{"@type":"ReadAction","target":["https:\/\/buenosdiasbcs.com\/?p=4910"]}]},{"@type":"ImageObject","inLanguage":"es","@id":"https:\/\/buenosdiasbcs.com\/?p=4910#primaryimage","url":"https:\/\/buenosdiasbcs.com\/wp-content\/uploads\/2026\/03\/WhatsApp-Image-2026-03-10-at-4.37.23-PM.jpeg","contentUrl":"https:\/\/buenosdiasbcs.com\/wp-content\/uploads\/2026\/03\/WhatsApp-Image-2026-03-10-at-4.37.23-PM.jpeg","width":1600,"height":898},{"@type":"BreadcrumbList","@id":"https:\/\/buenosdiasbcs.com\/?p=4910#breadcrumb","itemListElement":[{"@type":"ListItem","position":1,"name":"Portada","item":"https:\/\/buenosdiasbcs.com\/"},{"@type":"ListItem","position":2,"name":"Preside Gobernador reuni\u00f3n de la Junta de Administraci\u00f3n de la JEC BCS"}]},{"@type":"WebSite","@id":"https:\/\/buenosdiasbcs.com\/#website","url":"https:\/\/buenosdiasbcs.com\/","name":"Buenos D\u00edas BCS","description":"","publisher":{"@id":"https:\/\/buenosdiasbcs.com\/#organization"},"potentialAction":[{"@type":"SearchAction","target":{"@type":"EntryPoint","urlTemplate":"https:\/\/buenosdiasbcs.com\/?s={search_term_string}"},"query-input":{"@type":"PropertyValueSpecification","valueRequired":true,"valueName":"search_term_string"}}],"inLanguage":"es"},{"@type":"Organization","@id":"https:\/\/buenosdiasbcs.com\/#organization","name":"Buenos D\u00edas BCS","url":"https:\/\/buenosdiasbcs.com\/","logo":{"@type":"ImageObject","inLanguage":"es","@id":"https:\/\/buenosdiasbcs.com\/#\/schema\/logo\/image\/","url":"https:\/\/buenosdiasbcs.com\/wp-content\/uploads\/2026\/01\/logo-buenos-dias-40-01.png","contentUrl":"https:\/\/buenosdiasbcs.com\/wp-content\/uploads\/2026\/01\/logo-buenos-dias-40-01.png","width":277,"height":40,"caption":"Buenos D\u00edas BCS"},"image":{"@id":"https:\/\/buenosdiasbcs.com\/#\/schema\/logo\/image\/"}},{"@type":"Person","@id":"https:\/\/buenosdiasbcs.com\/#\/schema\/person\/15aedc247eab7070ee5d76d6d069a821","name":"Edici\u00f3n Buenos D\u00edas","image":{"@type":"ImageObject","inLanguage":"es","@id":"https:\/\/buenosdiasbcs.com\/wp-content\/uploads\/2026\/01\/cropped-sol-96x96.png","url":"https:\/\/buenosdiasbcs.com\/wp-content\/uploads\/2026\/01\/cropped-sol-96x96.png","contentUrl":"https:\/\/buenosdiasbcs.com\/wp-content\/uploads\/2026\/01\/cropped-sol-96x96.png","caption":"Edici\u00f3n Buenos D\u00edas"},"url":"https:\/\/buenosdiasbcs.com\/?author=2"}]}},"amp_enabled":true,"_links":{"self":[{"href":"https:\/\/buenosdiasbcs.com\/index.php?rest_route=\/wp\/v2\/posts\/4910","targetHints":{"allow":["GET"]}}],"collection":[{"href":"https:\/\/buenosdiasbcs.com\/index.php?rest_route=\/wp\/v2\/posts"}],"about":[{"href":"https:\/\/buenosdiasbcs.com\/index.php?rest_route=\/wp\/v2\/types\/post"}],"author":[{"embeddable":true,"href":"https:\/\/buenosdiasbcs.com\/index.php?rest_route=\/wp\/v2\/users\/2"}],"replies":[{"embeddable":true,"href":"https:\/\/buenosdiasbcs.com\/index.php?rest_route=%2Fwp%2Fv2%2Fcomments&post=4910"}],"version-history":[{"count":1,"href":"https:\/\/buenosdiasbcs.com\/index.php?rest_route=\/wp\/v2\/posts\/4910\/revisions"}],"predecessor-version":[{"id":4912,"href":"https:\/\/buenosdiasbcs.com\/index.php?rest_route=\/wp\/v2\/posts\/4910\/revisions\/4912"}],"wp:featuredmedia":[{"embeddable":true,"href":"https:\/\/buenosdiasbcs.com\/index.php?rest_route=\/wp\/v2\/media\/4911"}],"wp:attachment":[{"href":"https:\/\/buenosdiasbcs.com\/index.php?rest_route=%2Fwp%2Fv2%2Fmedia&parent=4910"}],"wp:term":[{"taxonomy":"category","embeddable":true,"href":"https:\/\/buenosdiasbcs.com\/index.php?rest_route=%2Fwp%2Fv2%2Fcategories&post=4910"},{"taxonomy":"post_tag","embeddable":true,"href":"https:\/\/buenosdiasbcs.com\/index.php?rest_route=%2Fwp%2Fv2%2Ftags&post=4910"}],"curies":[{"name":"wp","href":"https:\/\/api.w.org\/{rel}","templated":true}]}}