{"id":4904,"date":"2026-03-11T00:50:00","date_gmt":"2026-03-11T07:50:00","guid":{"rendered":"https:\/\/buenosdiasbcs.com\/?p=4904"},"modified":"2026-03-10T22:54:21","modified_gmt":"2026-03-11T05:54:21","slug":"reduccion-de-jornada-laboral-preven-incremento-de-informalidad-en-bcs","status":"publish","type":"post","link":"https:\/\/buenosdiasbcs.com\/?p=4904","title":{"rendered":"Reducci\u00f3n de jornada laboral: prev\u00e9n incremento de informalidad en BCS"},"content":{"rendered":"\n<h2 class=\"wp-block-heading\" id=\"h-a-partir-del-1-de-enero-del-2027-la-jornada-laboral-se-ira-reduciendo-dos-horas-por-ano-hasta-que-en-el-2030-quede-en-40-horas-a-la-semana\">A partir del 1 de enero del 2027, la jornada laboral se ir\u00e1 reduciendo dos horas por a\u00f1o, hasta que en el 2030 quede en 40 horas a la semana.<\/h2>\n\n\n\n<p>Ahora que la reforma constitucional que reducir\u00e1 gradualmente la jornada laboral fue publicada en el Diario Oficial de la Federaci\u00f3n (DOF), este cambio comenzar\u00e1 a aplicarse a partir de enero de 2027. Aunque actores pol\u00edticos aplauden esta modificaci\u00f3n, en el sector empresarial sudcaliforniano persiste el ambiente de incertidumbre ante las afectaciones que pueden registrar, principalmente, las Micro, Peque\u00f1as y Medianas Empresas (MIPYMES).<\/p>\n\n\n\n<p>El presidente de la Confederaci\u00f3n Patronal de la Rep\u00fablica Mexicana (Coparmex) en Baja California Sur, Paul Valdiviezo, reiter\u00f3 que como centro patronal siempre se han manifestado a favor de la propuesta, no obstante, precis\u00f3 que hay inquietudes y considera que hicieron falta consensos particulares.<a href=\"https:\/\/www.whatsapp.com\/channel\/0029Va4jPWt0wajyM8nu0i22\" target=\"_blank\" rel=\"noreferrer noopener\"><\/a><\/p>\n\n\n\n<blockquote class=\"wp-block-quote is-layout-flow wp-block-quote-is-layout-flow\">\n<p>\u201cNosotros desde Coparmex siempre manifestamos una postura favorable respecto a esta propuesta, creo que reconocer que el bienestar de las personas es un eje fundamental para el desarrollo social y el fortalecimiento del tejido familiar, que es indispensable para lograr una sociedad m\u00e1s equitativa estable y segura\u201d, expres\u00f3.<\/p>\n<\/blockquote>\n\n\n\n<p>Dijo que el sector patronal est\u00e1 consciente de que se debe brindar un mayor tiempo de convivencia entre padres, madres e hijos, para fortalecer v\u00ednculos familiares y que puedan tener un efecto positivo en la prevenci\u00f3n de problem\u00e1ticas tambi\u00e9n sociales, como la inseguridad, la deserci\u00f3n escolar o la desintegraci\u00f3n familiar.<\/p>\n\n\n\n<p>Sin embargo, recalc\u00f3 que tambi\u00e9n era fundamental tomar en cuenta la realidad operativa de las empresas, como lo hicieron en llamados respetuosos a las y los representantes legislativos.<a href=\"https:\/\/whatsapp.com\/channel\/0029Va4jPWt0wajyM8nu0i22\" target=\"_blank\" rel=\"noreferrer noopener\"><\/a><\/p>\n\n\n\n<p>Particularmente, para las MIPYMES, consideradas el motor econ\u00f3mico del pa\u00eds, la reducci\u00f3n de la jornada laboral implicar\u00eda necesariamente la contrataci\u00f3n de personas adicionales o de la reorganizaci\u00f3n de turnos.<\/p>\n\n\n\n<p>Esto conlleva costos que podr\u00edan afectar significativamente el margen de operaci\u00f3n de todos estos establecimientos, seg\u00fan el l\u00edder de Coparmex.<\/p>\n\n\n\n<p>\u201cNosotros hicimos algunas propuestas que iban acompa\u00f1adas de mecanismos que pudieran permitir la productividad laboral y optimizar el tiempo efectivo, es como el reconocimiento de tiempos no productivos y su impacto en la productividad\u201d, comparti\u00f3.<\/p>\n\n\n\n<blockquote class=\"wp-block-quote is-layout-flow wp-block-quote-is-layout-flow\">\n<p>\u201cEn muchas empresas hoy existen tiempos no productivos derivados, actividades no esenciales o prolongadas, como las conversaciones ajenas al trabajo, el consumo extendido del caf\u00e9 o alimentos fuera del tiempo de descanso, retiradas ausencias por motivos personales o urgentes, etc.\u2026\u201d, expuso.<\/p>\n<\/blockquote>\n\n\n\n<p>Paul Valdiviezo record\u00f3 que se han dado otras reformas que tambi\u00e9n representan una carga adicional para el sector empresarial.<\/p>\n\n\n\n<p>Esto incluye cargas tributarias adicionales que recaen en empresarios de Baja California Sur, como la aprobaci\u00f3n del incremento del Impuesto Sobre la N\u00f3mina (ISN) y la creaci\u00f3n del cobro de Derecho de Saneamiento Ambiental.<\/p>\n\n\n\n<p>Insiste en que todo esto puede empujar a que haya un aumento de la informalidad en el estado, ya que la presi\u00f3n de la recaudaci\u00f3n y otras disposiciones implican responsabilidades que no siempre pueden ser sostenidas con el paso del tiempo.<\/p>\n\n\n\n<p>\u201cYo creo que evaluar la posibilidad de la continuidad de estas ocho horas aumentar el tiempo de descanso a 40 minutos, podr\u00eda ser s\u00f3lo un lapso y dividirlo en dos periodos, consolidando que esta forma de descanso, si ya sea obligatorio por disposiciones con la reciente Ley Silla, que obliga a otorgar periodos de descanso sin haber quedado establecido la ley cu\u00e1nto tiempo ser\u00edan dichos periodos\u201d, indic\u00f3.<\/p>\n\n\n\n<p>Por \u00faltimo, reiter\u00f3 que aprueban una reducci\u00f3n de la jornada laboral; sin embargo, sostiene que se debi\u00f3 llevar a cabo el consenso para analizar los pro y contras.<\/p>\n\n\n\n<p>\u201cLas empresas van a tener que contratar personal o pagar horas extras o contrataci\u00f3n extraordinaria obviamente invertir en mayor capacitaci\u00f3n porque hay puestos que son espec\u00edficos y estos espec\u00edficos se ganan con la experiencia y confianza que hay entre el patr\u00f3n y trabajador. Yo creo que s\u00ed, se debi\u00f3 tomar en cuenta estos aspectos fundamentales para llevarlo a cabo\u201d, finaliz\u00f3.<\/p>\n\n\n\n<p>Por su parte, en Baja California Sur no se registraron movilizaciones para exigir que la reforma incluyera los dos d\u00edas de descanso obligatorios, como s\u00ed se report\u00f3 en otros lugares del pa\u00eds.<\/p>\n\n\n\n<p>No obstante, a trav\u00e9s de redes sociales se han hecho se\u00f1alamientos en los que se califica esta modificaci\u00f3n como un avance \u201ctibio\u201d ya que la C\u00e1mara de Diputados omiti\u00f3 esta demanda del sector obrero.<\/p>\n\n\n\n<p>A partir del 1 de enero del 2027, la jornada laboral se ir\u00e1 reduciendo dos horas por a\u00f1o, hasta que en el 2030 quede en 40 horas a la semana.<\/p>\n\n\n\n<p>Tambi\u00e9n aborda otros aspectos como la garant\u00eda de que el salario no podr\u00e1 reducirse con la disminuci\u00f3n de la jornada laboral, asimismo se fij\u00f3 un tope de 12 horas extras a la semana y cada una deber\u00e1 pagarse al 200 por ciento; las horas extras se proh\u00edben para las y los menores.<\/p>\n","protected":false},"excerpt":{"rendered":"<p>A partir del 1 de enero del 2027, la jornada laboral se ir\u00e1 reduciendo dos horas por a\u00f1o, hasta que&#8230;<\/p>\n","protected":false},"author":2,"featured_media":4905,"comment_status":"open","ping_status":"open","sticky":false,"template":"","format":"standard","meta":{"footnotes":""},"categories":[27],"tags":[],"class_list":["post-4904","post","type-post","status-publish","format-standard","has-post-thumbnail","hentry","category-finanzas"],"yoast_head":"<!-- This site is optimized with the Yoast SEO Premium plugin v26.8 (Yoast SEO v27.4) - https:\/\/yoast.com\/product\/yoast-seo-premium-wordpress\/ -->\n<title>Reducci\u00f3n de jornada laboral: prev\u00e9n incremento de informalidad en BCS - Buenos D&iacute;as BCS<\/title>\n<meta name=\"robots\" content=\"index, follow, max-snippet:-1, max-image-preview:large, max-video-preview:-1\" \/>\n<link rel=\"canonical\" href=\"https:\/\/buenosdiasbcs.com\/?p=4904\" \/>\n<meta property=\"og:locale\" content=\"es_ES\" \/>\n<meta property=\"og:type\" content=\"article\" \/>\n<meta property=\"og:title\" content=\"Reducci\u00f3n de jornada laboral: prev\u00e9n incremento de informalidad en BCS\" \/>\n<meta property=\"og:description\" content=\"A partir del 1 de enero del 2027, la jornada laboral se ir\u00e1 reduciendo dos horas por a\u00f1o, hasta que...\" \/>\n<meta property=\"og:url\" content=\"https:\/\/buenosdiasbcs.com\/?p=4904\" \/>\n<meta property=\"og:site_name\" content=\"Buenos D&iacute;as BCS\" \/>\n<meta property=\"article:published_time\" content=\"2026-03-11T07:50:00+00:00\" \/>\n<meta property=\"og:image\" content=\"https:\/\/buenosdiasbcs.com\/wp-content\/uploads\/2026\/03\/image-6.webp\" \/>\n\t<meta property=\"og:image:width\" content=\"1200\" \/>\n\t<meta property=\"og:image:height\" content=\"675\" \/>\n\t<meta property=\"og:image:type\" content=\"image\/webp\" \/>\n<meta name=\"author\" content=\"Edici\u00f3n Buenos D\u00edas\" \/>\n<meta name=\"twitter:card\" content=\"summary_large_image\" \/>\n<meta name=\"twitter:label1\" content=\"Escrito por\" \/>\n\t<meta name=\"twitter:data1\" content=\"Edici\u00f3n Buenos D\u00edas\" \/>\n\t<meta name=\"twitter:label2\" content=\"Tiempo de lectura\" \/>\n\t<meta name=\"twitter:data2\" content=\"4 minutos\" \/>\n<script type=\"application\/ld+json\" class=\"yoast-schema-graph\">{\"@context\":\"https:\\\/\\\/schema.org\",\"@graph\":[{\"@type\":\"Article\",\"@id\":\"https:\\\/\\\/buenosdiasbcs.com\\\/?p=4904#article\",\"isPartOf\":{\"@id\":\"https:\\\/\\\/buenosdiasbcs.com\\\/?p=4904\"},\"author\":{\"name\":\"Edici\u00f3n Buenos D\u00edas\",\"@id\":\"https:\\\/\\\/buenosdiasbcs.com\\\/#\\\/schema\\\/person\\\/15aedc247eab7070ee5d76d6d069a821\"},\"headline\":\"Reducci\u00f3n de jornada laboral: prev\u00e9n incremento de informalidad en BCS\",\"datePublished\":\"2026-03-11T07:50:00+00:00\",\"mainEntityOfPage\":{\"@id\":\"https:\\\/\\\/buenosdiasbcs.com\\\/?p=4904\"},\"wordCount\":837,\"commentCount\":0,\"publisher\":{\"@id\":\"https:\\\/\\\/buenosdiasbcs.com\\\/#organization\"},\"image\":{\"@id\":\"https:\\\/\\\/buenosdiasbcs.com\\\/?p=4904#primaryimage\"},\"thumbnailUrl\":\"https:\\\/\\\/buenosdiasbcs.com\\\/wp-content\\\/uploads\\\/2026\\\/03\\\/image-6.webp\",\"articleSection\":[\"Finanzas\"],\"inLanguage\":\"es\",\"potentialAction\":[{\"@type\":\"CommentAction\",\"name\":\"Comment\",\"target\":[\"https:\\\/\\\/buenosdiasbcs.com\\\/?p=4904#respond\"]}]},{\"@type\":\"WebPage\",\"@id\":\"https:\\\/\\\/buenosdiasbcs.com\\\/?p=4904\",\"url\":\"https:\\\/\\\/buenosdiasbcs.com\\\/?p=4904\",\"name\":\"Reducci\u00f3n de jornada laboral: prev\u00e9n incremento de informalidad en BCS - Buenos D&iacute;as BCS\",\"isPartOf\":{\"@id\":\"https:\\\/\\\/buenosdiasbcs.com\\\/#website\"},\"primaryImageOfPage\":{\"@id\":\"https:\\\/\\\/buenosdiasbcs.com\\\/?p=4904#primaryimage\"},\"image\":{\"@id\":\"https:\\\/\\\/buenosdiasbcs.com\\\/?p=4904#primaryimage\"},\"thumbnailUrl\":\"https:\\\/\\\/buenosdiasbcs.com\\\/wp-content\\\/uploads\\\/2026\\\/03\\\/image-6.webp\",\"datePublished\":\"2026-03-11T07:50:00+00:00\",\"breadcrumb\":{\"@id\":\"https:\\\/\\\/buenosdiasbcs.com\\\/?p=4904#breadcrumb\"},\"inLanguage\":\"es\",\"potentialAction\":[{\"@type\":\"ReadAction\",\"target\":[\"https:\\\/\\\/buenosdiasbcs.com\\\/?p=4904\"]}]},{\"@type\":\"ImageObject\",\"inLanguage\":\"es\",\"@id\":\"https:\\\/\\\/buenosdiasbcs.com\\\/?p=4904#primaryimage\",\"url\":\"https:\\\/\\\/buenosdiasbcs.com\\\/wp-content\\\/uploads\\\/2026\\\/03\\\/image-6.webp\",\"contentUrl\":\"https:\\\/\\\/buenosdiasbcs.com\\\/wp-content\\\/uploads\\\/2026\\\/03\\\/image-6.webp\",\"width\":1200,\"height\":675},{\"@type\":\"BreadcrumbList\",\"@id\":\"https:\\\/\\\/buenosdiasbcs.com\\\/?p=4904#breadcrumb\",\"itemListElement\":[{\"@type\":\"ListItem\",\"position\":1,\"name\":\"Portada\",\"item\":\"https:\\\/\\\/buenosdiasbcs.com\\\/\"},{\"@type\":\"ListItem\",\"position\":2,\"name\":\"Reducci\u00f3n de jornada laboral: prev\u00e9n incremento de informalidad en BCS\"}]},{\"@type\":\"WebSite\",\"@id\":\"https:\\\/\\\/buenosdiasbcs.com\\\/#website\",\"url\":\"https:\\\/\\\/buenosdiasbcs.com\\\/\",\"name\":\"Buenos D\u00edas BCS\",\"description\":\"\",\"publisher\":{\"@id\":\"https:\\\/\\\/buenosdiasbcs.com\\\/#organization\"},\"potentialAction\":[{\"@type\":\"SearchAction\",\"target\":{\"@type\":\"EntryPoint\",\"urlTemplate\":\"https:\\\/\\\/buenosdiasbcs.com\\\/?s={search_term_string}\"},\"query-input\":{\"@type\":\"PropertyValueSpecification\",\"valueRequired\":true,\"valueName\":\"search_term_string\"}}],\"inLanguage\":\"es\"},{\"@type\":\"Organization\",\"@id\":\"https:\\\/\\\/buenosdiasbcs.com\\\/#organization\",\"name\":\"Buenos D\u00edas BCS\",\"url\":\"https:\\\/\\\/buenosdiasbcs.com\\\/\",\"logo\":{\"@type\":\"ImageObject\",\"inLanguage\":\"es\",\"@id\":\"https:\\\/\\\/buenosdiasbcs.com\\\/#\\\/schema\\\/logo\\\/image\\\/\",\"url\":\"https:\\\/\\\/buenosdiasbcs.com\\\/wp-content\\\/uploads\\\/2026\\\/01\\\/logo-buenos-dias-40-01.png\",\"contentUrl\":\"https:\\\/\\\/buenosdiasbcs.com\\\/wp-content\\\/uploads\\\/2026\\\/01\\\/logo-buenos-dias-40-01.png\",\"width\":277,\"height\":40,\"caption\":\"Buenos D\u00edas BCS\"},\"image\":{\"@id\":\"https:\\\/\\\/buenosdiasbcs.com\\\/#\\\/schema\\\/logo\\\/image\\\/\"}},{\"@type\":\"Person\",\"@id\":\"https:\\\/\\\/buenosdiasbcs.com\\\/#\\\/schema\\\/person\\\/15aedc247eab7070ee5d76d6d069a821\",\"name\":\"Edici\u00f3n Buenos D\u00edas\",\"image\":{\"@type\":\"ImageObject\",\"inLanguage\":\"es\",\"@id\":\"https:\\\/\\\/buenosdiasbcs.com\\\/wp-content\\\/uploads\\\/2026\\\/01\\\/cropped-sol-96x96.png\",\"url\":\"https:\\\/\\\/buenosdiasbcs.com\\\/wp-content\\\/uploads\\\/2026\\\/01\\\/cropped-sol-96x96.png\",\"contentUrl\":\"https:\\\/\\\/buenosdiasbcs.com\\\/wp-content\\\/uploads\\\/2026\\\/01\\\/cropped-sol-96x96.png\",\"caption\":\"Edici\u00f3n Buenos D\u00edas\"},\"url\":\"https:\\\/\\\/buenosdiasbcs.com\\\/?author=2\"}]}<\/script>\n<!-- \/ Yoast SEO Premium plugin. -->","yoast_head_json":{"title":"Reducci\u00f3n de jornada laboral: prev\u00e9n incremento de informalidad en BCS - Buenos D&iacute;as BCS","robots":{"index":"index","follow":"follow","max-snippet":"max-snippet:-1","max-image-preview":"max-image-preview:large","max-video-preview":"max-video-preview:-1"},"canonical":"https:\/\/buenosdiasbcs.com\/?p=4904","og_locale":"es_ES","og_type":"article","og_title":"Reducci\u00f3n de jornada laboral: prev\u00e9n incremento de informalidad en BCS","og_description":"A partir del 1 de enero del 2027, la jornada laboral se ir\u00e1 reduciendo dos horas por a\u00f1o, hasta que...","og_url":"https:\/\/buenosdiasbcs.com\/?p=4904","og_site_name":"Buenos D&iacute;as BCS","article_published_time":"2026-03-11T07:50:00+00:00","og_image":[{"width":1200,"height":675,"url":"https:\/\/buenosdiasbcs.com\/wp-content\/uploads\/2026\/03\/image-6.webp","type":"image\/webp"}],"author":"Edici\u00f3n Buenos D\u00edas","twitter_card":"summary_large_image","twitter_misc":{"Escrito por":"Edici\u00f3n Buenos D\u00edas","Tiempo de lectura":"4 minutos"},"schema":{"@context":"https:\/\/schema.org","@graph":[{"@type":"Article","@id":"https:\/\/buenosdiasbcs.com\/?p=4904#article","isPartOf":{"@id":"https:\/\/buenosdiasbcs.com\/?p=4904"},"author":{"name":"Edici\u00f3n Buenos D\u00edas","@id":"https:\/\/buenosdiasbcs.com\/#\/schema\/person\/15aedc247eab7070ee5d76d6d069a821"},"headline":"Reducci\u00f3n de jornada laboral: prev\u00e9n incremento de informalidad en BCS","datePublished":"2026-03-11T07:50:00+00:00","mainEntityOfPage":{"@id":"https:\/\/buenosdiasbcs.com\/?p=4904"},"wordCount":837,"commentCount":0,"publisher":{"@id":"https:\/\/buenosdiasbcs.com\/#organization"},"image":{"@id":"https:\/\/buenosdiasbcs.com\/?p=4904#primaryimage"},"thumbnailUrl":"https:\/\/buenosdiasbcs.com\/wp-content\/uploads\/2026\/03\/image-6.webp","articleSection":["Finanzas"],"inLanguage":"es","potentialAction":[{"@type":"CommentAction","name":"Comment","target":["https:\/\/buenosdiasbcs.com\/?p=4904#respond"]}]},{"@type":"WebPage","@id":"https:\/\/buenosdiasbcs.com\/?p=4904","url":"https:\/\/buenosdiasbcs.com\/?p=4904","name":"Reducci\u00f3n de jornada laboral: prev\u00e9n incremento de informalidad en BCS - Buenos D&iacute;as BCS","isPartOf":{"@id":"https:\/\/buenosdiasbcs.com\/#website"},"primaryImageOfPage":{"@id":"https:\/\/buenosdiasbcs.com\/?p=4904#primaryimage"},"image":{"@id":"https:\/\/buenosdiasbcs.com\/?p=4904#primaryimage"},"thumbnailUrl":"https:\/\/buenosdiasbcs.com\/wp-content\/uploads\/2026\/03\/image-6.webp","datePublished":"2026-03-11T07:50:00+00:00","breadcrumb":{"@id":"https:\/\/buenosdiasbcs.com\/?p=4904#breadcrumb"},"inLanguage":"es","potentialAction":[{"@type":"ReadAction","target":["https:\/\/buenosdiasbcs.com\/?p=4904"]}]},{"@type":"ImageObject","inLanguage":"es","@id":"https:\/\/buenosdiasbcs.com\/?p=4904#primaryimage","url":"https:\/\/buenosdiasbcs.com\/wp-content\/uploads\/2026\/03\/image-6.webp","contentUrl":"https:\/\/buenosdiasbcs.com\/wp-content\/uploads\/2026\/03\/image-6.webp","width":1200,"height":675},{"@type":"BreadcrumbList","@id":"https:\/\/buenosdiasbcs.com\/?p=4904#breadcrumb","itemListElement":[{"@type":"ListItem","position":1,"name":"Portada","item":"https:\/\/buenosdiasbcs.com\/"},{"@type":"ListItem","position":2,"name":"Reducci\u00f3n de jornada laboral: prev\u00e9n incremento de informalidad en BCS"}]},{"@type":"WebSite","@id":"https:\/\/buenosdiasbcs.com\/#website","url":"https:\/\/buenosdiasbcs.com\/","name":"Buenos D\u00edas BCS","description":"","publisher":{"@id":"https:\/\/buenosdiasbcs.com\/#organization"},"potentialAction":[{"@type":"SearchAction","target":{"@type":"EntryPoint","urlTemplate":"https:\/\/buenosdiasbcs.com\/?s={search_term_string}"},"query-input":{"@type":"PropertyValueSpecification","valueRequired":true,"valueName":"search_term_string"}}],"inLanguage":"es"},{"@type":"Organization","@id":"https:\/\/buenosdiasbcs.com\/#organization","name":"Buenos D\u00edas BCS","url":"https:\/\/buenosdiasbcs.com\/","logo":{"@type":"ImageObject","inLanguage":"es","@id":"https:\/\/buenosdiasbcs.com\/#\/schema\/logo\/image\/","url":"https:\/\/buenosdiasbcs.com\/wp-content\/uploads\/2026\/01\/logo-buenos-dias-40-01.png","contentUrl":"https:\/\/buenosdiasbcs.com\/wp-content\/uploads\/2026\/01\/logo-buenos-dias-40-01.png","width":277,"height":40,"caption":"Buenos D\u00edas BCS"},"image":{"@id":"https:\/\/buenosdiasbcs.com\/#\/schema\/logo\/image\/"}},{"@type":"Person","@id":"https:\/\/buenosdiasbcs.com\/#\/schema\/person\/15aedc247eab7070ee5d76d6d069a821","name":"Edici\u00f3n Buenos D\u00edas","image":{"@type":"ImageObject","inLanguage":"es","@id":"https:\/\/buenosdiasbcs.com\/wp-content\/uploads\/2026\/01\/cropped-sol-96x96.png","url":"https:\/\/buenosdiasbcs.com\/wp-content\/uploads\/2026\/01\/cropped-sol-96x96.png","contentUrl":"https:\/\/buenosdiasbcs.com\/wp-content\/uploads\/2026\/01\/cropped-sol-96x96.png","caption":"Edici\u00f3n Buenos D\u00edas"},"url":"https:\/\/buenosdiasbcs.com\/?author=2"}]}},"amp_enabled":true,"_links":{"self":[{"href":"https:\/\/buenosdiasbcs.com\/index.php?rest_route=\/wp\/v2\/posts\/4904","targetHints":{"allow":["GET"]}}],"collection":[{"href":"https:\/\/buenosdiasbcs.com\/index.php?rest_route=\/wp\/v2\/posts"}],"about":[{"href":"https:\/\/buenosdiasbcs.com\/index.php?rest_route=\/wp\/v2\/types\/post"}],"author":[{"embeddable":true,"href":"https:\/\/buenosdiasbcs.com\/index.php?rest_route=\/wp\/v2\/users\/2"}],"replies":[{"embeddable":true,"href":"https:\/\/buenosdiasbcs.com\/index.php?rest_route=%2Fwp%2Fv2%2Fcomments&post=4904"}],"version-history":[{"count":1,"href":"https:\/\/buenosdiasbcs.com\/index.php?rest_route=\/wp\/v2\/posts\/4904\/revisions"}],"predecessor-version":[{"id":4906,"href":"https:\/\/buenosdiasbcs.com\/index.php?rest_route=\/wp\/v2\/posts\/4904\/revisions\/4906"}],"wp:featuredmedia":[{"embeddable":true,"href":"https:\/\/buenosdiasbcs.com\/index.php?rest_route=\/wp\/v2\/media\/4905"}],"wp:attachment":[{"href":"https:\/\/buenosdiasbcs.com\/index.php?rest_route=%2Fwp%2Fv2%2Fmedia&parent=4904"}],"wp:term":[{"taxonomy":"category","embeddable":true,"href":"https:\/\/buenosdiasbcs.com\/index.php?rest_route=%2Fwp%2Fv2%2Fcategories&post=4904"},{"taxonomy":"post_tag","embeddable":true,"href":"https:\/\/buenosdiasbcs.com\/index.php?rest_route=%2Fwp%2Fv2%2Ftags&post=4904"}],"curies":[{"name":"wp","href":"https:\/\/api.w.org\/{rel}","templated":true}]}}