{"id":4901,"date":"2026-03-11T00:47:00","date_gmt":"2026-03-11T07:47:00","guid":{"rendered":"https:\/\/buenosdiasbcs.com\/?p=4901"},"modified":"2026-03-10T22:49:19","modified_gmt":"2026-03-11T05:49:19","slug":"ayuntamiento-de-los-cabos-dona-terreno-para-la-construccion-de-un-teatro-en-san-jose-del-cabo","status":"publish","type":"post","link":"https:\/\/buenosdiasbcs.com\/?p=4901","title":{"rendered":"Ayuntamiento de Los Cabos dona terreno para la construcci\u00f3n de un teatro en San Jos\u00e9 del Cabo"},"content":{"rendered":"\n<h2 class=\"wp-block-heading\" id=\"resumenNota\">El Ayuntamiento anuncia el Centro Cultural Teatro Miguel Lomel\u00ed Cese\u00f1a para San Jos\u00e9 del Cabo.El Cabildo de Los Cabos autoriz\u00f3 la donaci\u00f3n de un predio para este nuevo Centro Cultural en la cabecera municipal de Los Cabos. Foto: Modesto Peralta Delgado.<\/h2>\n\n\n\n<p>Mientras recintos como&nbsp;<a href=\"https:\/\/www.posta.com.mx\/bcs\/a-40-anos-de-su-fundacion-teatro-de-la-ciudad-celebra-cuatro-decadas-con-concierto\/vl2158408\">el&nbsp;<strong>Teatro de la Ciudad de La Paz<\/strong>&nbsp;cumple 40 a\u00f1os<\/a>,&nbsp;<strong>casi ninguna ciudad de Baja California Sur posee teatros<\/strong>; sin embargo, la buena noticia es que el<strong>&nbsp;Ayuntamiento de Los Cabos<\/strong>&nbsp;don\u00f3 un predio para la construcci\u00f3n de un inmueble que ser\u00e1 algo m\u00e1s que un teatro.<\/p>\n\n\n\n<h2 class=\"wp-block-heading\" id=\"h-en-donde-estara-ubicado-el-teatro-miguel-lomeli-cesena-en-san-jose-del-cabo\">\u00bfEn d\u00f3nde estar\u00e1 ubicado el Teatro Miguel Lomel\u00ed Cese\u00f1a en San Jos\u00e9 del Cabo?<\/h2>\n\n\n\n<p>El Gobierno Municipal de<strong>&nbsp;Los Cabos<\/strong>, que encabeza&nbsp;<strong>Christian Ag\u00fandez G\u00f3mez<\/strong>, anunci\u00f3 que&nbsp;<a href=\"https:\/\/www.posta.com.mx\/amp\/bcs\/gestionan-terreno-en-san-jose-del-cabo-para-construir-la-escuela-de-medicina-de-la-uabcs\/vl2174895\">el Cabildo aprob\u00f3&nbsp;<\/a><a href=\"https:\/\/www.posta.com.mx\/amp\/bcs\/gestionan-terreno-en-san-jose-del-cabo-para-construir-la-escuela-de-medicina-de-la-uabcs\/vl2174895\">la asignaci\u00f3n formal de un predio de 26 mil 662 metros cuadrados<\/a>, ubicado en el desarrollo&nbsp;<strong>Club Campestre de San Jos\u00e9 del Cabo,&nbsp;<\/strong>para la construcci\u00f3n del&nbsp;<strong>Centro Cultural Teatro Miguel Lomel\u00ed&nbsp;Cese\u00f1a<\/strong>.<\/p>\n\n\n\n<p>Esto fue propuesto por la s\u00edndica\u00a0<strong>N\u00e9lida Dolores de Martina Alfaro Rosa<\/strong>s, con el fin de dar certeza jur\u00eddica al terreno para lo que se considera uno de los\u00a0<strong>proyectos culturales<\/strong>\u00a0m\u00e1s importantes para<strong>\u00a0Los Cabos<\/strong>.<\/p>\n\n\n\n<p>El Cabildo de Los Cabos aprob\u00f3 la donaci\u00f3n de un terreno para el Teatro Miguel Lomel\u00ed Cese\u00f1a. Foto: Ayuntamiento de Los Cabos.<\/p>\n\n\n\n<h2 class=\"wp-block-heading\" id=\"h-cual-sera-la-capacidad-del-nbsp-teatro-miguel-lomeli-cesena-en-san-jose-del-cabo\">\u00bfCu\u00e1l ser\u00e1 la capacidad del&nbsp;Teatro Miguel Lomel\u00ed Cese\u00f1a en San Jos\u00e9 del Cabo?<\/h2>\n\n\n\n<p><strong>Christian Ag\u00fandez G\u00f3mez<\/strong>&nbsp;destac\u00f3 que el \u00e1rea estar\u00e1 pensada para m\u00e1s que presentar<strong>&nbsp;obras de teatro;&nbsp;<\/strong>ser\u00e1 para cubrir necesidades art\u00edsticas, culturales y educativas en un espacio con un&nbsp;<strong>aforo de 1,500 personas<\/strong>.<\/p>\n\n\n\n<p>\u201cEl<strong>&nbsp;Teatro Miguel Lomel\u00ed&nbsp;<\/strong>va a ser al final un<strong>&nbsp;centro cultural,<\/strong>&nbsp;no solamente va a fungir como un&nbsp;<strong>teatro,<\/strong>&nbsp;sino que va a tener muchas \u00e1reas que ayudar\u00e1n mucho a la comunidad art\u00edstica&nbsp;y educativa, albergando a una cantidad de&nbsp;<strong>1,500 personas<\/strong>\u201d, dijo el&nbsp;<strong>Alcalde de Los Cabos.<\/strong><\/p>\n\n\n\n<p><strong>El teatro de San Jos\u00e9 del Cabo tendr\u00e1 m\u00e1s que funciones de teatro: ser\u00e1 un centro cultural en toda la extensi\u00f3n de la palabra. Foto Ilustrativa: Canva.<\/strong><strong><\/strong><\/p>\n\n\n\n<h2 class=\"wp-block-heading\" id=\"h-que-conflictos-habia-con-el-nbsp-teatro-miguel-lomeli-cesena-en-san-jose-del-cabo\">\u00bfQu\u00e9 conflictos hab\u00eda con el&nbsp;Teatro Miguel Lomel\u00ed Cese\u00f1a en San Jos\u00e9 del Cabo?<\/h2>\n\n\n\n<p>El&nbsp;<strong>Teatro Miguel Lomel\u00ed Cese\u00f1a es una obra negra&nbsp;<\/strong>que, obviamente, nunca se logr\u00f3 terminar, llevando casi una d\u00e9cada en abandono, se\u00f1alan medios locales.<\/p>\n\n\n\n<p>Debido a la ambici\u00f3n de contar con un<strong>&nbsp;centro cultural en San Jos\u00e9 del Cabo, Ag\u00fandez G\u00f3mez&nbsp;<\/strong>retom\u00f3 el proyecto, pero ampliado, con la expectativa de ser uno de los<strong>&nbsp;<\/strong>foros art\u00edsticos m\u00e1s importantes de<strong>&nbsp;Los Cabos.<\/strong><\/p>\n\n\n\n<p><\/p>\n","protected":false},"excerpt":{"rendered":"<p>El Ayuntamiento anuncia el Centro Cultural Teatro Miguel Lomel\u00ed Cese\u00f1a para San Jos\u00e9 del Cabo.El Cabildo de Los Cabos autoriz\u00f3&#8230;<\/p>\n","protected":false},"author":2,"featured_media":4902,"comment_status":"open","ping_status":"open","sticky":false,"template":"","format":"standard","meta":{"footnotes":""},"categories":[31],"tags":[],"class_list":["post-4901","post","type-post","status-publish","format-standard","has-post-thumbnail","hentry","category-los-cabos"],"yoast_head":"<!-- This site is optimized with the Yoast SEO Premium plugin v26.8 (Yoast SEO v27.4) - https:\/\/yoast.com\/product\/yoast-seo-premium-wordpress\/ -->\n<title>Ayuntamiento de Los Cabos dona terreno para la construcci\u00f3n de un teatro en San Jos\u00e9 del Cabo - Buenos D&iacute;as BCS<\/title>\n<meta name=\"robots\" content=\"index, follow, max-snippet:-1, max-image-preview:large, max-video-preview:-1\" \/>\n<link rel=\"canonical\" href=\"https:\/\/buenosdiasbcs.com\/?p=4901\" \/>\n<meta property=\"og:locale\" content=\"es_ES\" \/>\n<meta property=\"og:type\" content=\"article\" \/>\n<meta property=\"og:title\" content=\"Ayuntamiento de Los Cabos dona terreno para la construcci\u00f3n de un teatro en San Jos\u00e9 del Cabo\" \/>\n<meta property=\"og:description\" content=\"El Ayuntamiento anuncia el Centro Cultural Teatro Miguel Lomel\u00ed Cese\u00f1a para San Jos\u00e9 del Cabo.El Cabildo de Los Cabos autoriz\u00f3...\" \/>\n<meta property=\"og:url\" content=\"https:\/\/buenosdiasbcs.com\/?p=4901\" \/>\n<meta property=\"og:site_name\" content=\"Buenos D&iacute;as BCS\" \/>\n<meta property=\"article:published_time\" content=\"2026-03-11T07:47:00+00:00\" \/>\n<meta property=\"og:image\" content=\"https:\/\/buenosdiasbcs.com\/wp-content\/uploads\/2026\/03\/teatro-034c136d-focus-0-0-825-550.webp\" \/>\n\t<meta property=\"og:image:width\" content=\"825\" \/>\n\t<meta property=\"og:image:height\" content=\"550\" \/>\n\t<meta property=\"og:image:type\" content=\"image\/webp\" \/>\n<meta name=\"author\" content=\"Edici\u00f3n Buenos D\u00edas\" \/>\n<meta name=\"twitter:card\" content=\"summary_large_image\" \/>\n<meta name=\"twitter:label1\" content=\"Escrito por\" \/>\n\t<meta name=\"twitter:data1\" content=\"Edici\u00f3n Buenos D\u00edas\" \/>\n\t<meta name=\"twitter:label2\" content=\"Tiempo de lectura\" \/>\n\t<meta name=\"twitter:data2\" content=\"3 minutos\" \/>\n<script type=\"application\/ld+json\" class=\"yoast-schema-graph\">{\"@context\":\"https:\\\/\\\/schema.org\",\"@graph\":[{\"@type\":\"Article\",\"@id\":\"https:\\\/\\\/buenosdiasbcs.com\\\/?p=4901#article\",\"isPartOf\":{\"@id\":\"https:\\\/\\\/buenosdiasbcs.com\\\/?p=4901\"},\"author\":{\"name\":\"Edici\u00f3n Buenos D\u00edas\",\"@id\":\"https:\\\/\\\/buenosdiasbcs.com\\\/#\\\/schema\\\/person\\\/15aedc247eab7070ee5d76d6d069a821\"},\"headline\":\"Ayuntamiento de Los Cabos dona terreno para la construcci\u00f3n de un teatro en San Jos\u00e9 del Cabo\",\"datePublished\":\"2026-03-11T07:47:00+00:00\",\"mainEntityOfPage\":{\"@id\":\"https:\\\/\\\/buenosdiasbcs.com\\\/?p=4901\"},\"wordCount\":498,\"commentCount\":0,\"publisher\":{\"@id\":\"https:\\\/\\\/buenosdiasbcs.com\\\/#organization\"},\"image\":{\"@id\":\"https:\\\/\\\/buenosdiasbcs.com\\\/?p=4901#primaryimage\"},\"thumbnailUrl\":\"https:\\\/\\\/buenosdiasbcs.com\\\/wp-content\\\/uploads\\\/2026\\\/03\\\/teatro-034c136d-focus-0-0-825-550.webp\",\"articleSection\":[\"Los Cabos\"],\"inLanguage\":\"es\",\"potentialAction\":[{\"@type\":\"CommentAction\",\"name\":\"Comment\",\"target\":[\"https:\\\/\\\/buenosdiasbcs.com\\\/?p=4901#respond\"]}]},{\"@type\":\"WebPage\",\"@id\":\"https:\\\/\\\/buenosdiasbcs.com\\\/?p=4901\",\"url\":\"https:\\\/\\\/buenosdiasbcs.com\\\/?p=4901\",\"name\":\"Ayuntamiento de Los Cabos dona terreno para la construcci\u00f3n de un teatro en San Jos\u00e9 del Cabo - Buenos D&iacute;as BCS\",\"isPartOf\":{\"@id\":\"https:\\\/\\\/buenosdiasbcs.com\\\/#website\"},\"primaryImageOfPage\":{\"@id\":\"https:\\\/\\\/buenosdiasbcs.com\\\/?p=4901#primaryimage\"},\"image\":{\"@id\":\"https:\\\/\\\/buenosdiasbcs.com\\\/?p=4901#primaryimage\"},\"thumbnailUrl\":\"https:\\\/\\\/buenosdiasbcs.com\\\/wp-content\\\/uploads\\\/2026\\\/03\\\/teatro-034c136d-focus-0-0-825-550.webp\",\"datePublished\":\"2026-03-11T07:47:00+00:00\",\"breadcrumb\":{\"@id\":\"https:\\\/\\\/buenosdiasbcs.com\\\/?p=4901#breadcrumb\"},\"inLanguage\":\"es\",\"potentialAction\":[{\"@type\":\"ReadAction\",\"target\":[\"https:\\\/\\\/buenosdiasbcs.com\\\/?p=4901\"]}]},{\"@type\":\"ImageObject\",\"inLanguage\":\"es\",\"@id\":\"https:\\\/\\\/buenosdiasbcs.com\\\/?p=4901#primaryimage\",\"url\":\"https:\\\/\\\/buenosdiasbcs.com\\\/wp-content\\\/uploads\\\/2026\\\/03\\\/teatro-034c136d-focus-0-0-825-550.webp\",\"contentUrl\":\"https:\\\/\\\/buenosdiasbcs.com\\\/wp-content\\\/uploads\\\/2026\\\/03\\\/teatro-034c136d-focus-0-0-825-550.webp\",\"width\":825,\"height\":550},{\"@type\":\"BreadcrumbList\",\"@id\":\"https:\\\/\\\/buenosdiasbcs.com\\\/?p=4901#breadcrumb\",\"itemListElement\":[{\"@type\":\"ListItem\",\"position\":1,\"name\":\"Portada\",\"item\":\"https:\\\/\\\/buenosdiasbcs.com\\\/\"},{\"@type\":\"ListItem\",\"position\":2,\"name\":\"Ayuntamiento de Los Cabos dona terreno para la construcci\u00f3n de un teatro en San Jos\u00e9 del Cabo\"}]},{\"@type\":\"WebSite\",\"@id\":\"https:\\\/\\\/buenosdiasbcs.com\\\/#website\",\"url\":\"https:\\\/\\\/buenosdiasbcs.com\\\/\",\"name\":\"Buenos D\u00edas BCS\",\"description\":\"\",\"publisher\":{\"@id\":\"https:\\\/\\\/buenosdiasbcs.com\\\/#organization\"},\"potentialAction\":[{\"@type\":\"SearchAction\",\"target\":{\"@type\":\"EntryPoint\",\"urlTemplate\":\"https:\\\/\\\/buenosdiasbcs.com\\\/?s={search_term_string}\"},\"query-input\":{\"@type\":\"PropertyValueSpecification\",\"valueRequired\":true,\"valueName\":\"search_term_string\"}}],\"inLanguage\":\"es\"},{\"@type\":\"Organization\",\"@id\":\"https:\\\/\\\/buenosdiasbcs.com\\\/#organization\",\"name\":\"Buenos D\u00edas BCS\",\"url\":\"https:\\\/\\\/buenosdiasbcs.com\\\/\",\"logo\":{\"@type\":\"ImageObject\",\"inLanguage\":\"es\",\"@id\":\"https:\\\/\\\/buenosdiasbcs.com\\\/#\\\/schema\\\/logo\\\/image\\\/\",\"url\":\"https:\\\/\\\/buenosdiasbcs.com\\\/wp-content\\\/uploads\\\/2026\\\/01\\\/logo-buenos-dias-40-01.png\",\"contentUrl\":\"https:\\\/\\\/buenosdiasbcs.com\\\/wp-content\\\/uploads\\\/2026\\\/01\\\/logo-buenos-dias-40-01.png\",\"width\":277,\"height\":40,\"caption\":\"Buenos D\u00edas BCS\"},\"image\":{\"@id\":\"https:\\\/\\\/buenosdiasbcs.com\\\/#\\\/schema\\\/logo\\\/image\\\/\"}},{\"@type\":\"Person\",\"@id\":\"https:\\\/\\\/buenosdiasbcs.com\\\/#\\\/schema\\\/person\\\/15aedc247eab7070ee5d76d6d069a821\",\"name\":\"Edici\u00f3n Buenos D\u00edas\",\"image\":{\"@type\":\"ImageObject\",\"inLanguage\":\"es\",\"@id\":\"https:\\\/\\\/buenosdiasbcs.com\\\/wp-content\\\/uploads\\\/2026\\\/01\\\/cropped-sol-96x96.png\",\"url\":\"https:\\\/\\\/buenosdiasbcs.com\\\/wp-content\\\/uploads\\\/2026\\\/01\\\/cropped-sol-96x96.png\",\"contentUrl\":\"https:\\\/\\\/buenosdiasbcs.com\\\/wp-content\\\/uploads\\\/2026\\\/01\\\/cropped-sol-96x96.png\",\"caption\":\"Edici\u00f3n Buenos D\u00edas\"},\"url\":\"https:\\\/\\\/buenosdiasbcs.com\\\/?author=2\"}]}<\/script>\n<!-- \/ Yoast SEO Premium plugin. -->","yoast_head_json":{"title":"Ayuntamiento de Los Cabos dona terreno para la construcci\u00f3n de un teatro en San Jos\u00e9 del Cabo - Buenos D&iacute;as BCS","robots":{"index":"index","follow":"follow","max-snippet":"max-snippet:-1","max-image-preview":"max-image-preview:large","max-video-preview":"max-video-preview:-1"},"canonical":"https:\/\/buenosdiasbcs.com\/?p=4901","og_locale":"es_ES","og_type":"article","og_title":"Ayuntamiento de Los Cabos dona terreno para la construcci\u00f3n de un teatro en San Jos\u00e9 del Cabo","og_description":"El Ayuntamiento anuncia el Centro Cultural Teatro Miguel Lomel\u00ed Cese\u00f1a para San Jos\u00e9 del Cabo.El Cabildo de Los Cabos autoriz\u00f3...","og_url":"https:\/\/buenosdiasbcs.com\/?p=4901","og_site_name":"Buenos D&iacute;as BCS","article_published_time":"2026-03-11T07:47:00+00:00","og_image":[{"width":825,"height":550,"url":"https:\/\/buenosdiasbcs.com\/wp-content\/uploads\/2026\/03\/teatro-034c136d-focus-0-0-825-550.webp","type":"image\/webp"}],"author":"Edici\u00f3n Buenos D\u00edas","twitter_card":"summary_large_image","twitter_misc":{"Escrito por":"Edici\u00f3n Buenos D\u00edas","Tiempo de lectura":"3 minutos"},"schema":{"@context":"https:\/\/schema.org","@graph":[{"@type":"Article","@id":"https:\/\/buenosdiasbcs.com\/?p=4901#article","isPartOf":{"@id":"https:\/\/buenosdiasbcs.com\/?p=4901"},"author":{"name":"Edici\u00f3n Buenos D\u00edas","@id":"https:\/\/buenosdiasbcs.com\/#\/schema\/person\/15aedc247eab7070ee5d76d6d069a821"},"headline":"Ayuntamiento de Los Cabos dona terreno para la construcci\u00f3n de un teatro en San Jos\u00e9 del Cabo","datePublished":"2026-03-11T07:47:00+00:00","mainEntityOfPage":{"@id":"https:\/\/buenosdiasbcs.com\/?p=4901"},"wordCount":498,"commentCount":0,"publisher":{"@id":"https:\/\/buenosdiasbcs.com\/#organization"},"image":{"@id":"https:\/\/buenosdiasbcs.com\/?p=4901#primaryimage"},"thumbnailUrl":"https:\/\/buenosdiasbcs.com\/wp-content\/uploads\/2026\/03\/teatro-034c136d-focus-0-0-825-550.webp","articleSection":["Los Cabos"],"inLanguage":"es","potentialAction":[{"@type":"CommentAction","name":"Comment","target":["https:\/\/buenosdiasbcs.com\/?p=4901#respond"]}]},{"@type":"WebPage","@id":"https:\/\/buenosdiasbcs.com\/?p=4901","url":"https:\/\/buenosdiasbcs.com\/?p=4901","name":"Ayuntamiento de Los Cabos dona terreno para la construcci\u00f3n de un teatro en San Jos\u00e9 del Cabo - Buenos D&iacute;as BCS","isPartOf":{"@id":"https:\/\/buenosdiasbcs.com\/#website"},"primaryImageOfPage":{"@id":"https:\/\/buenosdiasbcs.com\/?p=4901#primaryimage"},"image":{"@id":"https:\/\/buenosdiasbcs.com\/?p=4901#primaryimage"},"thumbnailUrl":"https:\/\/buenosdiasbcs.com\/wp-content\/uploads\/2026\/03\/teatro-034c136d-focus-0-0-825-550.webp","datePublished":"2026-03-11T07:47:00+00:00","breadcrumb":{"@id":"https:\/\/buenosdiasbcs.com\/?p=4901#breadcrumb"},"inLanguage":"es","potentialAction":[{"@type":"ReadAction","target":["https:\/\/buenosdiasbcs.com\/?p=4901"]}]},{"@type":"ImageObject","inLanguage":"es","@id":"https:\/\/buenosdiasbcs.com\/?p=4901#primaryimage","url":"https:\/\/buenosdiasbcs.com\/wp-content\/uploads\/2026\/03\/teatro-034c136d-focus-0-0-825-550.webp","contentUrl":"https:\/\/buenosdiasbcs.com\/wp-content\/uploads\/2026\/03\/teatro-034c136d-focus-0-0-825-550.webp","width":825,"height":550},{"@type":"BreadcrumbList","@id":"https:\/\/buenosdiasbcs.com\/?p=4901#breadcrumb","itemListElement":[{"@type":"ListItem","position":1,"name":"Portada","item":"https:\/\/buenosdiasbcs.com\/"},{"@type":"ListItem","position":2,"name":"Ayuntamiento de Los Cabos dona terreno para la construcci\u00f3n de un teatro en San Jos\u00e9 del Cabo"}]},{"@type":"WebSite","@id":"https:\/\/buenosdiasbcs.com\/#website","url":"https:\/\/buenosdiasbcs.com\/","name":"Buenos D\u00edas BCS","description":"","publisher":{"@id":"https:\/\/buenosdiasbcs.com\/#organization"},"potentialAction":[{"@type":"SearchAction","target":{"@type":"EntryPoint","urlTemplate":"https:\/\/buenosdiasbcs.com\/?s={search_term_string}"},"query-input":{"@type":"PropertyValueSpecification","valueRequired":true,"valueName":"search_term_string"}}],"inLanguage":"es"},{"@type":"Organization","@id":"https:\/\/buenosdiasbcs.com\/#organization","name":"Buenos D\u00edas BCS","url":"https:\/\/buenosdiasbcs.com\/","logo":{"@type":"ImageObject","inLanguage":"es","@id":"https:\/\/buenosdiasbcs.com\/#\/schema\/logo\/image\/","url":"https:\/\/buenosdiasbcs.com\/wp-content\/uploads\/2026\/01\/logo-buenos-dias-40-01.png","contentUrl":"https:\/\/buenosdiasbcs.com\/wp-content\/uploads\/2026\/01\/logo-buenos-dias-40-01.png","width":277,"height":40,"caption":"Buenos D\u00edas BCS"},"image":{"@id":"https:\/\/buenosdiasbcs.com\/#\/schema\/logo\/image\/"}},{"@type":"Person","@id":"https:\/\/buenosdiasbcs.com\/#\/schema\/person\/15aedc247eab7070ee5d76d6d069a821","name":"Edici\u00f3n Buenos D\u00edas","image":{"@type":"ImageObject","inLanguage":"es","@id":"https:\/\/buenosdiasbcs.com\/wp-content\/uploads\/2026\/01\/cropped-sol-96x96.png","url":"https:\/\/buenosdiasbcs.com\/wp-content\/uploads\/2026\/01\/cropped-sol-96x96.png","contentUrl":"https:\/\/buenosdiasbcs.com\/wp-content\/uploads\/2026\/01\/cropped-sol-96x96.png","caption":"Edici\u00f3n Buenos D\u00edas"},"url":"https:\/\/buenosdiasbcs.com\/?author=2"}]}},"amp_enabled":true,"_links":{"self":[{"href":"https:\/\/buenosdiasbcs.com\/index.php?rest_route=\/wp\/v2\/posts\/4901","targetHints":{"allow":["GET"]}}],"collection":[{"href":"https:\/\/buenosdiasbcs.com\/index.php?rest_route=\/wp\/v2\/posts"}],"about":[{"href":"https:\/\/buenosdiasbcs.com\/index.php?rest_route=\/wp\/v2\/types\/post"}],"author":[{"embeddable":true,"href":"https:\/\/buenosdiasbcs.com\/index.php?rest_route=\/wp\/v2\/users\/2"}],"replies":[{"embeddable":true,"href":"https:\/\/buenosdiasbcs.com\/index.php?rest_route=%2Fwp%2Fv2%2Fcomments&post=4901"}],"version-history":[{"count":1,"href":"https:\/\/buenosdiasbcs.com\/index.php?rest_route=\/wp\/v2\/posts\/4901\/revisions"}],"predecessor-version":[{"id":4903,"href":"https:\/\/buenosdiasbcs.com\/index.php?rest_route=\/wp\/v2\/posts\/4901\/revisions\/4903"}],"wp:featuredmedia":[{"embeddable":true,"href":"https:\/\/buenosdiasbcs.com\/index.php?rest_route=\/wp\/v2\/media\/4902"}],"wp:attachment":[{"href":"https:\/\/buenosdiasbcs.com\/index.php?rest_route=%2Fwp%2Fv2%2Fmedia&parent=4901"}],"wp:term":[{"taxonomy":"category","embeddable":true,"href":"https:\/\/buenosdiasbcs.com\/index.php?rest_route=%2Fwp%2Fv2%2Fcategories&post=4901"},{"taxonomy":"post_tag","embeddable":true,"href":"https:\/\/buenosdiasbcs.com\/index.php?rest_route=%2Fwp%2Fv2%2Ftags&post=4901"}],"curies":[{"name":"wp","href":"https:\/\/api.w.org\/{rel}","templated":true}]}}