{"id":4892,"date":"2026-03-11T00:35:00","date_gmt":"2026-03-11T07:35:00","guid":{"rendered":"https:\/\/buenosdiasbcs.com\/?p=4892"},"modified":"2026-03-10T22:38:16","modified_gmt":"2026-03-11T05:38:16","slug":"banco-del-bienestar-en-la-paz-es-insuficiente-reportan-filas-desde-las-4-de-la-madrugada","status":"publish","type":"post","link":"https:\/\/buenosdiasbcs.com\/?p=4892","title":{"rendered":"Banco del Bienestar en La Paz es insuficiente: reportan filas desde las 4 de la madrugada"},"content":{"rendered":"\n<h2 class=\"wp-block-heading\" id=\"resumenNota\">Al ser la \u00fanica sucursal habilitada en la ciudad, hace que los tiempos de espera y filas sean largos.<a href=\"https:\/\/profile.google.com\/cp\/Cg0vZy8xMWI3eGpnODlu\" target=\"_blank\" rel=\"noreferrer noopener\"><\/a><\/h2>\n\n\n\n<p>&nbsp;De acuerdo con denuncias ciudadanas, en&nbsp;el&nbsp;<strong>Banco del Bienestar<\/strong>&nbsp;en&nbsp;<strong>La Paz,<\/strong>&nbsp;ciudadanos&nbsp;reportaron&nbsp;<strong>largas filas<\/strong>&nbsp;<strong>y&nbsp;<\/strong>complicaciones para realizar&nbsp;tr\u00e1mites y cobros, incluso, hubo quienes hicieron fila&nbsp;<strong>desde la madrugada<\/strong>.<\/p>\n\n\n\n<p><img fetchpriority=\"high\" decoding=\"async\" width=\"825\" height=\"464\" src=\"https:\/\/blob.posta.com.mx\/images\/2026\/03\/11\/banco-del-bienestar-en-la-paz-es-insuficiente-reportan-filas-desde-las-4-de-la-madrugada-802bc1a4-focus-0-0-825-464.webp\" alt=\"Foto: El Sudcaliforniano.\"><\/p>\n\n\n\n<h2 class=\"wp-block-heading\" id=\"h-que-fue-lo-que-nbsp-denunciaron-ciudadanos-nbsp-en-nbsp-la-paz\">\u00bfQu\u00e9 fue lo que&nbsp;<strong>denunciaron ciudadanos<\/strong>&nbsp;en&nbsp;<strong>La Paz<\/strong>?<\/h2>\n\n\n\n<p>De acuerdo con un reporte hecho a trav\u00e9s de medios locales, personas que han acudido al&nbsp;<strong>Banco de Bienestar<\/strong>en&nbsp;<strong>La Paz<\/strong>, se\u00f1alaron que&nbsp;<strong>esta sucursal es insuficiente.<\/strong><\/p>\n\n\n\n<p>Agregaron que diariamente se reparten&nbsp;<strong>alrededor de 20 fichas<\/strong>, lo que<strong>&nbsp;limita la cantidad de usuarios que pueden<\/strong>&nbsp;ser atendidos durante la&nbsp;<strong>jornada<\/strong>.<\/p>\n\n\n\n<p>Asimismo, expresaron que&nbsp;<strong>desde la madrugada,<\/strong>&nbsp;varias personas tienen que llegar al banco a&nbsp;<strong>formarse<\/strong>&nbsp;para intentar obtener una ficha de atenci\u00f3n.<\/p>\n\n\n\n<p><img decoding=\"async\" width=\"825\" height=\"550\" data-src=\"https:\/\/blob.posta.com.mx\/images\/2026\/03\/11\/que-fue-lo-que-denunciaron-ciudadanos-en-la-paz-9ec40d95-focus-0-0-825-550.webp\" alt=\"Foto: El Zalate Noticias.\" src=\"data:image\/svg+xml;base64,PHN2ZyB3aWR0aD0iMSIgaGVpZ2h0PSIxIiB4bWxucz0iaHR0cDovL3d3dy53My5vcmcvMjAwMC9zdmciPjwvc3ZnPg==\" class=\"lazyload\" style=\"--smush-placeholder-width: 825px; --smush-placeholder-aspect-ratio: 825\/550;\"><\/p>\n\n\n\n<h2 class=\"wp-block-heading\" id=\"h-en-que-banco-del-bienestar-de-la-paz-se-presento-este-problema\"><strong>\u00bfEn qu\u00e9 banco del Bienestar de La Paz se present\u00f3 este problema?<\/strong><\/h2>\n\n\n\n<p>El problema de las&nbsp;<strong>largas filas&nbsp;<\/strong>se present\u00f3 en&nbsp;<strong>la \u00fanica sucursal operativa<\/strong>&nbsp;del Banco del Bienestar que hay en la ciudad de&nbsp;<strong>La Paz<\/strong>.<\/p>\n\n\n\n<p>Esta est\u00e1&nbsp;<strong>ubicada&nbsp;<\/strong>sobre la&nbsp;calle&nbsp;<strong>Jalisco y Lic. Antonio \u00c1lvarez Rico<\/strong>, en la&nbsp;<strong>colonia Las Garzas<\/strong>. Siendo esta sucursal la primera que se construy\u00f3 en la ciudad.&nbsp;<\/p>\n\n\n\n<p>Cabe mencionar que algunos bancos,&nbsp;<strong><a href=\"https:\/\/www.posta.com.mx\/mexico\/cuanto-cobran-de-comision-estos-bancos-por-retirar-la-pension-bienestar\/vl1590793\">cobran comisi\u00f3n&nbsp;<\/a><\/strong><a href=\"https:\/\/www.posta.com.mx\/mexico\/cuanto-cobran-de-comision-estos-bancos-por-retirar-la-pension-bienestar\/vl1590793\">por retirar la pensi\u00f3n del Bienestar<\/a>.<\/p>\n\n\n\n<p><img decoding=\"async\" width=\"825\" height=\"464\" data-src=\"https:\/\/blob.posta.com.mx\/images\/2026\/03\/11\/en-que-banco-del-bienestar-de-la-paz-se-presento-este-problema-ba21c457-focus-0-0-825-464.webp\" alt=\"Foto: El Sudcaliforniano.\" src=\"data:image\/svg+xml;base64,PHN2ZyB3aWR0aD0iMSIgaGVpZ2h0PSIxIiB4bWxucz0iaHR0cDovL3d3dy53My5vcmcvMjAwMC9zdmciPjwvc3ZnPg==\" class=\"lazyload\" style=\"--smush-placeholder-width: 825px; --smush-placeholder-aspect-ratio: 825\/464;\"><\/p>\n\n\n\n<h2 class=\"wp-block-heading\" id=\"h-por-que-solo-hay-una-sucursal-del-nbsp-banco-del-bienestar-nbsp-en-nbsp-la-paz\">\u00bfPor qu\u00e9 solo hay una sucursal del&nbsp;<strong>Banco del Bienestar<\/strong>&nbsp;en&nbsp;<strong>La Paz<\/strong>?<\/h2>\n\n\n\n<p>La raz\u00f3n por la que actualmente<strong>&nbsp;solo hay un Banco del Bienestar en La Paz,&nbsp;<\/strong>se debe al&nbsp;<strong><a href=\"https:\/\/www.posta.com.mx\/bcs\/cierre-del-banco-del-bienestar-en-el-centro-de-la-paz-esto-es-lo-que-se-sabe\/vl2155736\">cierre que hubo de la sucursal ubicada en el centro de la ciudad<\/a><\/strong>, lo que provoc\u00f3 que toda la demanda se concentrara en una sola sede.&nbsp;<\/p>\n\n\n\n<p>De acuerdo con informaci\u00f3n difundida en&nbsp;<strong>enero de 2026<\/strong>, la sucursal del&nbsp;<strong>Banco del Bienestar<\/strong>&nbsp;que se encontraba en la zona Centro de&nbsp;<strong>La Paz<\/strong>&nbsp;<strong>cerr\u00f3 desde noviembre de 2025<\/strong>&nbsp;porque el&nbsp;<strong>Gobierno de M\u00e9xico<\/strong>&nbsp;<strong>dej\u00f3 de rentar el inmueble donde operaba<\/strong>.<\/p>\n\n\n\n<p>Autoridades federales explicaron que<strong>&nbsp;el cierre no es definitivo<\/strong>, sino parte de un&nbsp;<strong>proceso de reubicaci\u00f3n a otro espacio que cumpla con las condiciones necesarias para su funcionamiento<\/strong>.&nbsp;<\/p>\n\n\n\n<p>Sin embargo, mientras se concreta esa reubicaci\u00f3n, los beneficiarios de programas sociales deben acudir a&nbsp;<strong>la \u00fanica sucursal que contin\u00faa operando en la ciudad<\/strong>, lo que provoca&nbsp;<strong>saturaci\u00f3n<\/strong>&nbsp;y&nbsp;<strong>largas filas<\/strong>, especialmente<\/p>\n","protected":false},"excerpt":{"rendered":"<p>Al ser la \u00fanica sucursal habilitada en la ciudad, hace que los tiempos de espera y filas sean largos. &nbsp;De&#8230;<\/p>\n","protected":false},"author":2,"featured_media":4893,"comment_status":"open","ping_status":"open","sticky":false,"template":"","format":"standard","meta":{"footnotes":""},"categories":[25],"tags":[],"class_list":["post-4892","post","type-post","status-publish","format-standard","has-post-thumbnail","hentry","category-sociedad"],"yoast_head":"<!-- This site is optimized with the Yoast SEO Premium plugin v26.8 (Yoast SEO v27.4) - https:\/\/yoast.com\/product\/yoast-seo-premium-wordpress\/ -->\n<title>Banco del Bienestar en La Paz es insuficiente: reportan filas desde las 4 de la madrugada - Buenos D&iacute;as BCS<\/title>\n<meta name=\"robots\" content=\"index, follow, max-snippet:-1, max-image-preview:large, max-video-preview:-1\" \/>\n<link rel=\"canonical\" href=\"https:\/\/buenosdiasbcs.com\/?p=4892\" \/>\n<meta property=\"og:locale\" content=\"es_ES\" \/>\n<meta property=\"og:type\" content=\"article\" \/>\n<meta property=\"og:title\" content=\"Banco del Bienestar en La Paz es insuficiente: reportan filas desde las 4 de la madrugada\" \/>\n<meta property=\"og:description\" content=\"Al ser la \u00fanica sucursal habilitada en la ciudad, hace que los tiempos de espera y filas sean largos. &nbsp;De...\" \/>\n<meta property=\"og:url\" content=\"https:\/\/buenosdiasbcs.com\/?p=4892\" \/>\n<meta property=\"og:site_name\" content=\"Buenos D&iacute;as BCS\" \/>\n<meta property=\"article:published_time\" content=\"2026-03-11T07:35:00+00:00\" \/>\n<meta property=\"og:image\" content=\"https:\/\/buenosdiasbcs.com\/wp-content\/uploads\/2026\/03\/Banco-del-Bienestar-905x613-1.jpg\" \/>\n\t<meta property=\"og:image:width\" content=\"905\" \/>\n\t<meta property=\"og:image:height\" content=\"613\" \/>\n\t<meta property=\"og:image:type\" content=\"image\/jpeg\" \/>\n<meta name=\"author\" content=\"Edici\u00f3n Buenos D\u00edas\" \/>\n<meta name=\"twitter:card\" content=\"summary_large_image\" \/>\n<meta name=\"twitter:label1\" content=\"Escrito por\" \/>\n\t<meta name=\"twitter:data1\" content=\"Edici\u00f3n Buenos D\u00edas\" \/>\n\t<meta name=\"twitter:label2\" content=\"Tiempo de lectura\" \/>\n\t<meta name=\"twitter:data2\" content=\"3 minutos\" \/>\n<script type=\"application\/ld+json\" class=\"yoast-schema-graph\">{\"@context\":\"https:\\\/\\\/schema.org\",\"@graph\":[{\"@type\":\"Article\",\"@id\":\"https:\\\/\\\/buenosdiasbcs.com\\\/?p=4892#article\",\"isPartOf\":{\"@id\":\"https:\\\/\\\/buenosdiasbcs.com\\\/?p=4892\"},\"author\":{\"name\":\"Edici\u00f3n Buenos D\u00edas\",\"@id\":\"https:\\\/\\\/buenosdiasbcs.com\\\/#\\\/schema\\\/person\\\/15aedc247eab7070ee5d76d6d069a821\"},\"headline\":\"Banco del Bienestar en La Paz es insuficiente: reportan filas desde las 4 de la madrugada\",\"datePublished\":\"2026-03-11T07:35:00+00:00\",\"mainEntityOfPage\":{\"@id\":\"https:\\\/\\\/buenosdiasbcs.com\\\/?p=4892\"},\"wordCount\":455,\"commentCount\":0,\"publisher\":{\"@id\":\"https:\\\/\\\/buenosdiasbcs.com\\\/#organization\"},\"image\":{\"@id\":\"https:\\\/\\\/buenosdiasbcs.com\\\/?p=4892#primaryimage\"},\"thumbnailUrl\":\"https:\\\/\\\/buenosdiasbcs.com\\\/wp-content\\\/uploads\\\/2026\\\/03\\\/Banco-del-Bienestar-905x613-1.jpg\",\"articleSection\":[\"Sociedad\"],\"inLanguage\":\"es\",\"potentialAction\":[{\"@type\":\"CommentAction\",\"name\":\"Comment\",\"target\":[\"https:\\\/\\\/buenosdiasbcs.com\\\/?p=4892#respond\"]}]},{\"@type\":\"WebPage\",\"@id\":\"https:\\\/\\\/buenosdiasbcs.com\\\/?p=4892\",\"url\":\"https:\\\/\\\/buenosdiasbcs.com\\\/?p=4892\",\"name\":\"Banco del Bienestar en La Paz es insuficiente: reportan filas desde las 4 de la madrugada - Buenos D&iacute;as BCS\",\"isPartOf\":{\"@id\":\"https:\\\/\\\/buenosdiasbcs.com\\\/#website\"},\"primaryImageOfPage\":{\"@id\":\"https:\\\/\\\/buenosdiasbcs.com\\\/?p=4892#primaryimage\"},\"image\":{\"@id\":\"https:\\\/\\\/buenosdiasbcs.com\\\/?p=4892#primaryimage\"},\"thumbnailUrl\":\"https:\\\/\\\/buenosdiasbcs.com\\\/wp-content\\\/uploads\\\/2026\\\/03\\\/Banco-del-Bienestar-905x613-1.jpg\",\"datePublished\":\"2026-03-11T07:35:00+00:00\",\"breadcrumb\":{\"@id\":\"https:\\\/\\\/buenosdiasbcs.com\\\/?p=4892#breadcrumb\"},\"inLanguage\":\"es\",\"potentialAction\":[{\"@type\":\"ReadAction\",\"target\":[\"https:\\\/\\\/buenosdiasbcs.com\\\/?p=4892\"]}]},{\"@type\":\"ImageObject\",\"inLanguage\":\"es\",\"@id\":\"https:\\\/\\\/buenosdiasbcs.com\\\/?p=4892#primaryimage\",\"url\":\"https:\\\/\\\/buenosdiasbcs.com\\\/wp-content\\\/uploads\\\/2026\\\/03\\\/Banco-del-Bienestar-905x613-1.jpg\",\"contentUrl\":\"https:\\\/\\\/buenosdiasbcs.com\\\/wp-content\\\/uploads\\\/2026\\\/03\\\/Banco-del-Bienestar-905x613-1.jpg\",\"width\":905,\"height\":613,\"caption\":\"xr:d:DAFh-9vrk00:87,j:4417616778,t:23051019\"},{\"@type\":\"BreadcrumbList\",\"@id\":\"https:\\\/\\\/buenosdiasbcs.com\\\/?p=4892#breadcrumb\",\"itemListElement\":[{\"@type\":\"ListItem\",\"position\":1,\"name\":\"Portada\",\"item\":\"https:\\\/\\\/buenosdiasbcs.com\\\/\"},{\"@type\":\"ListItem\",\"position\":2,\"name\":\"Banco del Bienestar en La Paz es insuficiente: reportan filas desde las 4 de la madrugada\"}]},{\"@type\":\"WebSite\",\"@id\":\"https:\\\/\\\/buenosdiasbcs.com\\\/#website\",\"url\":\"https:\\\/\\\/buenosdiasbcs.com\\\/\",\"name\":\"Buenos D\u00edas BCS\",\"description\":\"\",\"publisher\":{\"@id\":\"https:\\\/\\\/buenosdiasbcs.com\\\/#organization\"},\"potentialAction\":[{\"@type\":\"SearchAction\",\"target\":{\"@type\":\"EntryPoint\",\"urlTemplate\":\"https:\\\/\\\/buenosdiasbcs.com\\\/?s={search_term_string}\"},\"query-input\":{\"@type\":\"PropertyValueSpecification\",\"valueRequired\":true,\"valueName\":\"search_term_string\"}}],\"inLanguage\":\"es\"},{\"@type\":\"Organization\",\"@id\":\"https:\\\/\\\/buenosdiasbcs.com\\\/#organization\",\"name\":\"Buenos D\u00edas BCS\",\"url\":\"https:\\\/\\\/buenosdiasbcs.com\\\/\",\"logo\":{\"@type\":\"ImageObject\",\"inLanguage\":\"es\",\"@id\":\"https:\\\/\\\/buenosdiasbcs.com\\\/#\\\/schema\\\/logo\\\/image\\\/\",\"url\":\"https:\\\/\\\/buenosdiasbcs.com\\\/wp-content\\\/uploads\\\/2026\\\/01\\\/logo-buenos-dias-40-01.png\",\"contentUrl\":\"https:\\\/\\\/buenosdiasbcs.com\\\/wp-content\\\/uploads\\\/2026\\\/01\\\/logo-buenos-dias-40-01.png\",\"width\":277,\"height\":40,\"caption\":\"Buenos D\u00edas BCS\"},\"image\":{\"@id\":\"https:\\\/\\\/buenosdiasbcs.com\\\/#\\\/schema\\\/logo\\\/image\\\/\"}},{\"@type\":\"Person\",\"@id\":\"https:\\\/\\\/buenosdiasbcs.com\\\/#\\\/schema\\\/person\\\/15aedc247eab7070ee5d76d6d069a821\",\"name\":\"Edici\u00f3n Buenos D\u00edas\",\"image\":{\"@type\":\"ImageObject\",\"inLanguage\":\"es\",\"@id\":\"https:\\\/\\\/buenosdiasbcs.com\\\/wp-content\\\/uploads\\\/2026\\\/01\\\/cropped-sol-96x96.png\",\"url\":\"https:\\\/\\\/buenosdiasbcs.com\\\/wp-content\\\/uploads\\\/2026\\\/01\\\/cropped-sol-96x96.png\",\"contentUrl\":\"https:\\\/\\\/buenosdiasbcs.com\\\/wp-content\\\/uploads\\\/2026\\\/01\\\/cropped-sol-96x96.png\",\"caption\":\"Edici\u00f3n Buenos D\u00edas\"},\"url\":\"https:\\\/\\\/buenosdiasbcs.com\\\/?author=2\"}]}<\/script>\n<!-- \/ Yoast SEO Premium plugin. -->","yoast_head_json":{"title":"Banco del Bienestar en La Paz es insuficiente: reportan filas desde las 4 de la madrugada - Buenos D&iacute;as BCS","robots":{"index":"index","follow":"follow","max-snippet":"max-snippet:-1","max-image-preview":"max-image-preview:large","max-video-preview":"max-video-preview:-1"},"canonical":"https:\/\/buenosdiasbcs.com\/?p=4892","og_locale":"es_ES","og_type":"article","og_title":"Banco del Bienestar en La Paz es insuficiente: reportan filas desde las 4 de la madrugada","og_description":"Al ser la \u00fanica sucursal habilitada en la ciudad, hace que los tiempos de espera y filas sean largos. &nbsp;De...","og_url":"https:\/\/buenosdiasbcs.com\/?p=4892","og_site_name":"Buenos D&iacute;as BCS","article_published_time":"2026-03-11T07:35:00+00:00","og_image":[{"width":905,"height":613,"url":"https:\/\/buenosdiasbcs.com\/wp-content\/uploads\/2026\/03\/Banco-del-Bienestar-905x613-1.jpg","type":"image\/jpeg"}],"author":"Edici\u00f3n Buenos D\u00edas","twitter_card":"summary_large_image","twitter_misc":{"Escrito por":"Edici\u00f3n Buenos D\u00edas","Tiempo de lectura":"3 minutos"},"schema":{"@context":"https:\/\/schema.org","@graph":[{"@type":"Article","@id":"https:\/\/buenosdiasbcs.com\/?p=4892#article","isPartOf":{"@id":"https:\/\/buenosdiasbcs.com\/?p=4892"},"author":{"name":"Edici\u00f3n Buenos D\u00edas","@id":"https:\/\/buenosdiasbcs.com\/#\/schema\/person\/15aedc247eab7070ee5d76d6d069a821"},"headline":"Banco del Bienestar en La Paz es insuficiente: reportan filas desde las 4 de la madrugada","datePublished":"2026-03-11T07:35:00+00:00","mainEntityOfPage":{"@id":"https:\/\/buenosdiasbcs.com\/?p=4892"},"wordCount":455,"commentCount":0,"publisher":{"@id":"https:\/\/buenosdiasbcs.com\/#organization"},"image":{"@id":"https:\/\/buenosdiasbcs.com\/?p=4892#primaryimage"},"thumbnailUrl":"https:\/\/buenosdiasbcs.com\/wp-content\/uploads\/2026\/03\/Banco-del-Bienestar-905x613-1.jpg","articleSection":["Sociedad"],"inLanguage":"es","potentialAction":[{"@type":"CommentAction","name":"Comment","target":["https:\/\/buenosdiasbcs.com\/?p=4892#respond"]}]},{"@type":"WebPage","@id":"https:\/\/buenosdiasbcs.com\/?p=4892","url":"https:\/\/buenosdiasbcs.com\/?p=4892","name":"Banco del Bienestar en La Paz es insuficiente: reportan filas desde las 4 de la madrugada - Buenos D&iacute;as BCS","isPartOf":{"@id":"https:\/\/buenosdiasbcs.com\/#website"},"primaryImageOfPage":{"@id":"https:\/\/buenosdiasbcs.com\/?p=4892#primaryimage"},"image":{"@id":"https:\/\/buenosdiasbcs.com\/?p=4892#primaryimage"},"thumbnailUrl":"https:\/\/buenosdiasbcs.com\/wp-content\/uploads\/2026\/03\/Banco-del-Bienestar-905x613-1.jpg","datePublished":"2026-03-11T07:35:00+00:00","breadcrumb":{"@id":"https:\/\/buenosdiasbcs.com\/?p=4892#breadcrumb"},"inLanguage":"es","potentialAction":[{"@type":"ReadAction","target":["https:\/\/buenosdiasbcs.com\/?p=4892"]}]},{"@type":"ImageObject","inLanguage":"es","@id":"https:\/\/buenosdiasbcs.com\/?p=4892#primaryimage","url":"https:\/\/buenosdiasbcs.com\/wp-content\/uploads\/2026\/03\/Banco-del-Bienestar-905x613-1.jpg","contentUrl":"https:\/\/buenosdiasbcs.com\/wp-content\/uploads\/2026\/03\/Banco-del-Bienestar-905x613-1.jpg","width":905,"height":613,"caption":"xr:d:DAFh-9vrk00:87,j:4417616778,t:23051019"},{"@type":"BreadcrumbList","@id":"https:\/\/buenosdiasbcs.com\/?p=4892#breadcrumb","itemListElement":[{"@type":"ListItem","position":1,"name":"Portada","item":"https:\/\/buenosdiasbcs.com\/"},{"@type":"ListItem","position":2,"name":"Banco del Bienestar en La Paz es insuficiente: reportan filas desde las 4 de la madrugada"}]},{"@type":"WebSite","@id":"https:\/\/buenosdiasbcs.com\/#website","url":"https:\/\/buenosdiasbcs.com\/","name":"Buenos D\u00edas BCS","description":"","publisher":{"@id":"https:\/\/buenosdiasbcs.com\/#organization"},"potentialAction":[{"@type":"SearchAction","target":{"@type":"EntryPoint","urlTemplate":"https:\/\/buenosdiasbcs.com\/?s={search_term_string}"},"query-input":{"@type":"PropertyValueSpecification","valueRequired":true,"valueName":"search_term_string"}}],"inLanguage":"es"},{"@type":"Organization","@id":"https:\/\/buenosdiasbcs.com\/#organization","name":"Buenos D\u00edas BCS","url":"https:\/\/buenosdiasbcs.com\/","logo":{"@type":"ImageObject","inLanguage":"es","@id":"https:\/\/buenosdiasbcs.com\/#\/schema\/logo\/image\/","url":"https:\/\/buenosdiasbcs.com\/wp-content\/uploads\/2026\/01\/logo-buenos-dias-40-01.png","contentUrl":"https:\/\/buenosdiasbcs.com\/wp-content\/uploads\/2026\/01\/logo-buenos-dias-40-01.png","width":277,"height":40,"caption":"Buenos D\u00edas BCS"},"image":{"@id":"https:\/\/buenosdiasbcs.com\/#\/schema\/logo\/image\/"}},{"@type":"Person","@id":"https:\/\/buenosdiasbcs.com\/#\/schema\/person\/15aedc247eab7070ee5d76d6d069a821","name":"Edici\u00f3n Buenos D\u00edas","image":{"@type":"ImageObject","inLanguage":"es","@id":"https:\/\/buenosdiasbcs.com\/wp-content\/uploads\/2026\/01\/cropped-sol-96x96.png","url":"https:\/\/buenosdiasbcs.com\/wp-content\/uploads\/2026\/01\/cropped-sol-96x96.png","contentUrl":"https:\/\/buenosdiasbcs.com\/wp-content\/uploads\/2026\/01\/cropped-sol-96x96.png","caption":"Edici\u00f3n Buenos D\u00edas"},"url":"https:\/\/buenosdiasbcs.com\/?author=2"}]}},"amp_enabled":true,"_links":{"self":[{"href":"https:\/\/buenosdiasbcs.com\/index.php?rest_route=\/wp\/v2\/posts\/4892","targetHints":{"allow":["GET"]}}],"collection":[{"href":"https:\/\/buenosdiasbcs.com\/index.php?rest_route=\/wp\/v2\/posts"}],"about":[{"href":"https:\/\/buenosdiasbcs.com\/index.php?rest_route=\/wp\/v2\/types\/post"}],"author":[{"embeddable":true,"href":"https:\/\/buenosdiasbcs.com\/index.php?rest_route=\/wp\/v2\/users\/2"}],"replies":[{"embeddable":true,"href":"https:\/\/buenosdiasbcs.com\/index.php?rest_route=%2Fwp%2Fv2%2Fcomments&post=4892"}],"version-history":[{"count":1,"href":"https:\/\/buenosdiasbcs.com\/index.php?rest_route=\/wp\/v2\/posts\/4892\/revisions"}],"predecessor-version":[{"id":4894,"href":"https:\/\/buenosdiasbcs.com\/index.php?rest_route=\/wp\/v2\/posts\/4892\/revisions\/4894"}],"wp:featuredmedia":[{"embeddable":true,"href":"https:\/\/buenosdiasbcs.com\/index.php?rest_route=\/wp\/v2\/media\/4893"}],"wp:attachment":[{"href":"https:\/\/buenosdiasbcs.com\/index.php?rest_route=%2Fwp%2Fv2%2Fmedia&parent=4892"}],"wp:term":[{"taxonomy":"category","embeddable":true,"href":"https:\/\/buenosdiasbcs.com\/index.php?rest_route=%2Fwp%2Fv2%2Fcategories&post=4892"},{"taxonomy":"post_tag","embeddable":true,"href":"https:\/\/buenosdiasbcs.com\/index.php?rest_route=%2Fwp%2Fv2%2Ftags&post=4892"}],"curies":[{"name":"wp","href":"https:\/\/api.w.org\/{rel}","templated":true}]}}