{"id":4889,"date":"2026-03-11T00:29:00","date_gmt":"2026-03-11T07:29:00","guid":{"rendered":"https:\/\/buenosdiasbcs.com\/?p=4889"},"modified":"2026-03-10T13:31:23","modified_gmt":"2026-03-10T20:31:23","slug":"pan-y-mc-plantearon-continuar-cooperacion-con-eu-contra-carteles-siempre-con-respeto-a-la-soberania","status":"publish","type":"post","link":"https:\/\/buenosdiasbcs.com\/?p=4889","title":{"rendered":"PAN y MC plantearon continuar cooperaci\u00f3n con EU contra c\u00e1rteles, siempre con respeto a la soberan\u00eda"},"content":{"rendered":"\n<h2 class=\"wp-block-heading\" id=\"h-senadores-del-pan-y-mc-urgieron-al-gobierno-federal-a-combatir-al-crimen-organizado-de-manera-frontal-para-asi-evitar-cualquier-intento-de-intervencion-de-estados-unidos\">Senadores del PAN y MC urgieron al gobierno federal a combatir al crimen organizado de manera frontal, para as\u00ed evitar cualquier intento de intervenci\u00f3n de Estados Unidos. <\/h2>\n\n\n\n<p><em>Ciudad de M\u00e9xico.&nbsp;<\/em>Los partidos Acci\u00f3n Nacional (PAN) y Movimiento Ciudadano (MC) en el Senado, pidieron al gobierno federal que se combata de manera frontal al crimen organizado, para no dar pie a que otro pa\u00eds pretenda intervenir en M\u00e9xico.<\/p>\n\n\n\n<p>Tambi\u00e9n se manifestaron a favor de continuar la cooperaci\u00f3n con Estados Unidos en contra de los carteles, pero siempre respetando la soberan\u00eda nacional.<\/p>\n\n\n\n<p>Luego de que el presidente estadounidense, Donald Trump, dijo que M\u00e9xico es el epicentro de la violencia de los carteles de la droga durante la llamada Cumbre de las Am\u00e9ricas, el coordinador de MC, Clemente Casta\u00f1eda, se\u00f1al\u00f3 que el mandatario \u201ctiene la lengua muy larga\u201d, pero la advertencia que hace sobre su relaci\u00f3n con M\u00e9xico, \u201cno debe de tomarse a la ligera\u201d.<\/p>\n\n\n\n<p>Ellos hablan pr\u00e1cticamente de una intervenci\u00f3n unilateral, de exterminio de los carteles y \u201cnos est\u00e1n anunciando una probable intervenci\u00f3n sin consentimiento de M\u00e9xico\u201d, a\u00f1adi\u00f3 previo a la reuni\u00f3n de este lunes de la Junta de Coordinaci\u00f3n Pol\u00edtica (Jucopo) del Senado<\/p>\n\n\n\n<p>Casta\u00f1eda enfatiz\u00f3 que el respeto a la soberan\u00eda es inalienable, manifest\u00f3 su respaldo a la jefa del Estado mexicano y consider\u00f3 que ser\u00eda muy preocupante la intervenci\u00f3n estadounidense en territorio nacional, en cualquiera de sus \u00e1mbitos.<\/p>\n\n\n\n<p>El legislador emecista manifest\u00f3 que se puede obviar que el crimen organizado tiene bajo acecho al Estado mexicano y as\u00ed como se han dado golpes importantes contra el Cartel Jalisco Nueva Generaci\u00f3n, la lucha contra el crimen debe seguir.<\/p>\n\n\n\n<p>Por su lado, el coordinador del PAN, Ricardo Anaya, dijo que su partido siempre va a defender la soberan\u00eda del pa\u00eds frente a cualquier amenaza del extranjero, tras demandar al gobierno federal, que combata de manera frontal a la delincuencia y no d\u00e9 p\u00ede ni pretexto para que otra naci\u00f3n intervenga en M\u00e9xico.<\/p>\n\n\n\n<p>Por lo dem\u00e1s, se\u00f1al\u00f3 que Estados Unidos y M\u00e9xico son responsables de la violencia del narcotr\u00e1fico. El primero porque es el consumidor n\u00famero uno de drogas en el mundo y de ah\u00ed provienen la inmensa mayor\u00eda de las armas en poder de los criminales, y el segundo porque gran parte de los enervantes que llegan al vecino del norte se producen o pasan por \u201cnuestro pa\u00eds\u201d.<\/p>\n\n\n\n<p>Dado lo anterior, Anaya califico como positivo que las dos naciones trabajen de manera conjunta porque tienen responsabilidad en esta circunstancia.<\/p>\n","protected":false},"excerpt":{"rendered":"<p>Senadores del PAN y MC urgieron al gobierno federal a combatir al crimen organizado de manera frontal, para as\u00ed evitar&#8230;<\/p>\n","protected":false},"author":2,"featured_media":4890,"comment_status":"open","ping_status":"open","sticky":false,"template":"","format":"standard","meta":{"footnotes":""},"categories":[239],"tags":[],"class_list":["post-4889","post","type-post","status-publish","format-standard","has-post-thumbnail","hentry","category-partidos"],"yoast_head":"<!-- This site is optimized with the Yoast SEO Premium plugin v26.8 (Yoast SEO v27.4) - https:\/\/yoast.com\/product\/yoast-seo-premium-wordpress\/ -->\n<title>PAN y MC plantearon continuar cooperaci\u00f3n con EU contra c\u00e1rteles, siempre con respeto a la soberan\u00eda - Buenos D&iacute;as BCS<\/title>\n<meta name=\"robots\" content=\"index, follow, max-snippet:-1, max-image-preview:large, max-video-preview:-1\" \/>\n<link rel=\"canonical\" href=\"https:\/\/buenosdiasbcs.com\/?p=4889\" \/>\n<meta property=\"og:locale\" content=\"es_ES\" \/>\n<meta property=\"og:type\" content=\"article\" \/>\n<meta property=\"og:title\" content=\"PAN y MC plantearon continuar cooperaci\u00f3n con EU contra c\u00e1rteles, siempre con respeto a la soberan\u00eda\" \/>\n<meta property=\"og:description\" content=\"Senadores del PAN y MC urgieron al gobierno federal a combatir al crimen organizado de manera frontal, para as\u00ed evitar...\" \/>\n<meta property=\"og:url\" content=\"https:\/\/buenosdiasbcs.com\/?p=4889\" \/>\n<meta property=\"og:site_name\" content=\"Buenos D&iacute;as BCS\" \/>\n<meta property=\"article:published_time\" content=\"2026-03-11T07:29:00+00:00\" \/>\n<meta property=\"og:image\" content=\"https:\/\/buenosdiasbcs.com\/wp-content\/uploads\/2026\/03\/preocupa-al-pan-y-mc-posible-intervencion-de-eu-en-mexico-para-combatir-a-carteles_c3c24639-fabf-4d96-a298-46ebf024b153_medialjnimgndimagefullsize.webp\" \/>\n\t<meta property=\"og:image:width\" content=\"1200\" \/>\n\t<meta property=\"og:image:height\" content=\"800\" \/>\n\t<meta property=\"og:image:type\" content=\"image\/webp\" \/>\n<meta name=\"author\" content=\"Edici\u00f3n Buenos D\u00edas\" \/>\n<meta name=\"twitter:card\" content=\"summary_large_image\" \/>\n<meta name=\"twitter:label1\" content=\"Escrito por\" \/>\n\t<meta name=\"twitter:data1\" content=\"Edici\u00f3n Buenos D\u00edas\" \/>\n\t<meta name=\"twitter:label2\" content=\"Tiempo de lectura\" \/>\n\t<meta name=\"twitter:data2\" content=\"3 minutos\" \/>\n<script type=\"application\/ld+json\" class=\"yoast-schema-graph\">{\"@context\":\"https:\\\/\\\/schema.org\",\"@graph\":[{\"@type\":\"Article\",\"@id\":\"https:\\\/\\\/buenosdiasbcs.com\\\/?p=4889#article\",\"isPartOf\":{\"@id\":\"https:\\\/\\\/buenosdiasbcs.com\\\/?p=4889\"},\"author\":{\"name\":\"Edici\u00f3n Buenos D\u00edas\",\"@id\":\"https:\\\/\\\/buenosdiasbcs.com\\\/#\\\/schema\\\/person\\\/15aedc247eab7070ee5d76d6d069a821\"},\"headline\":\"PAN y MC plantearon continuar cooperaci\u00f3n con EU contra c\u00e1rteles, siempre con respeto a la soberan\u00eda\",\"datePublished\":\"2026-03-11T07:29:00+00:00\",\"mainEntityOfPage\":{\"@id\":\"https:\\\/\\\/buenosdiasbcs.com\\\/?p=4889\"},\"wordCount\":467,\"commentCount\":0,\"publisher\":{\"@id\":\"https:\\\/\\\/buenosdiasbcs.com\\\/#organization\"},\"image\":{\"@id\":\"https:\\\/\\\/buenosdiasbcs.com\\\/?p=4889#primaryimage\"},\"thumbnailUrl\":\"https:\\\/\\\/buenosdiasbcs.com\\\/wp-content\\\/uploads\\\/2026\\\/03\\\/preocupa-al-pan-y-mc-posible-intervencion-de-eu-en-mexico-para-combatir-a-carteles_c3c24639-fabf-4d96-a298-46ebf024b153_medialjnimgndimagefullsize.webp\",\"articleSection\":[\"Partidos\"],\"inLanguage\":\"es\",\"potentialAction\":[{\"@type\":\"CommentAction\",\"name\":\"Comment\",\"target\":[\"https:\\\/\\\/buenosdiasbcs.com\\\/?p=4889#respond\"]}]},{\"@type\":\"WebPage\",\"@id\":\"https:\\\/\\\/buenosdiasbcs.com\\\/?p=4889\",\"url\":\"https:\\\/\\\/buenosdiasbcs.com\\\/?p=4889\",\"name\":\"PAN y MC plantearon continuar cooperaci\u00f3n con EU contra c\u00e1rteles, siempre con respeto a la soberan\u00eda - Buenos D&iacute;as BCS\",\"isPartOf\":{\"@id\":\"https:\\\/\\\/buenosdiasbcs.com\\\/#website\"},\"primaryImageOfPage\":{\"@id\":\"https:\\\/\\\/buenosdiasbcs.com\\\/?p=4889#primaryimage\"},\"image\":{\"@id\":\"https:\\\/\\\/buenosdiasbcs.com\\\/?p=4889#primaryimage\"},\"thumbnailUrl\":\"https:\\\/\\\/buenosdiasbcs.com\\\/wp-content\\\/uploads\\\/2026\\\/03\\\/preocupa-al-pan-y-mc-posible-intervencion-de-eu-en-mexico-para-combatir-a-carteles_c3c24639-fabf-4d96-a298-46ebf024b153_medialjnimgndimagefullsize.webp\",\"datePublished\":\"2026-03-11T07:29:00+00:00\",\"breadcrumb\":{\"@id\":\"https:\\\/\\\/buenosdiasbcs.com\\\/?p=4889#breadcrumb\"},\"inLanguage\":\"es\",\"potentialAction\":[{\"@type\":\"ReadAction\",\"target\":[\"https:\\\/\\\/buenosdiasbcs.com\\\/?p=4889\"]}]},{\"@type\":\"ImageObject\",\"inLanguage\":\"es\",\"@id\":\"https:\\\/\\\/buenosdiasbcs.com\\\/?p=4889#primaryimage\",\"url\":\"https:\\\/\\\/buenosdiasbcs.com\\\/wp-content\\\/uploads\\\/2026\\\/03\\\/preocupa-al-pan-y-mc-posible-intervencion-de-eu-en-mexico-para-combatir-a-carteles_c3c24639-fabf-4d96-a298-46ebf024b153_medialjnimgndimagefullsize.webp\",\"contentUrl\":\"https:\\\/\\\/buenosdiasbcs.com\\\/wp-content\\\/uploads\\\/2026\\\/03\\\/preocupa-al-pan-y-mc-posible-intervencion-de-eu-en-mexico-para-combatir-a-carteles_c3c24639-fabf-4d96-a298-46ebf024b153_medialjnimgndimagefullsize.webp\",\"width\":1200,\"height\":800},{\"@type\":\"BreadcrumbList\",\"@id\":\"https:\\\/\\\/buenosdiasbcs.com\\\/?p=4889#breadcrumb\",\"itemListElement\":[{\"@type\":\"ListItem\",\"position\":1,\"name\":\"Portada\",\"item\":\"https:\\\/\\\/buenosdiasbcs.com\\\/\"},{\"@type\":\"ListItem\",\"position\":2,\"name\":\"PAN y MC plantearon continuar cooperaci\u00f3n con EU contra c\u00e1rteles, siempre con respeto a la soberan\u00eda\"}]},{\"@type\":\"WebSite\",\"@id\":\"https:\\\/\\\/buenosdiasbcs.com\\\/#website\",\"url\":\"https:\\\/\\\/buenosdiasbcs.com\\\/\",\"name\":\"Buenos D\u00edas BCS\",\"description\":\"\",\"publisher\":{\"@id\":\"https:\\\/\\\/buenosdiasbcs.com\\\/#organization\"},\"potentialAction\":[{\"@type\":\"SearchAction\",\"target\":{\"@type\":\"EntryPoint\",\"urlTemplate\":\"https:\\\/\\\/buenosdiasbcs.com\\\/?s={search_term_string}\"},\"query-input\":{\"@type\":\"PropertyValueSpecification\",\"valueRequired\":true,\"valueName\":\"search_term_string\"}}],\"inLanguage\":\"es\"},{\"@type\":\"Organization\",\"@id\":\"https:\\\/\\\/buenosdiasbcs.com\\\/#organization\",\"name\":\"Buenos D\u00edas BCS\",\"url\":\"https:\\\/\\\/buenosdiasbcs.com\\\/\",\"logo\":{\"@type\":\"ImageObject\",\"inLanguage\":\"es\",\"@id\":\"https:\\\/\\\/buenosdiasbcs.com\\\/#\\\/schema\\\/logo\\\/image\\\/\",\"url\":\"https:\\\/\\\/buenosdiasbcs.com\\\/wp-content\\\/uploads\\\/2026\\\/01\\\/logo-buenos-dias-40-01.png\",\"contentUrl\":\"https:\\\/\\\/buenosdiasbcs.com\\\/wp-content\\\/uploads\\\/2026\\\/01\\\/logo-buenos-dias-40-01.png\",\"width\":277,\"height\":40,\"caption\":\"Buenos D\u00edas BCS\"},\"image\":{\"@id\":\"https:\\\/\\\/buenosdiasbcs.com\\\/#\\\/schema\\\/logo\\\/image\\\/\"}},{\"@type\":\"Person\",\"@id\":\"https:\\\/\\\/buenosdiasbcs.com\\\/#\\\/schema\\\/person\\\/15aedc247eab7070ee5d76d6d069a821\",\"name\":\"Edici\u00f3n Buenos D\u00edas\",\"image\":{\"@type\":\"ImageObject\",\"inLanguage\":\"es\",\"@id\":\"https:\\\/\\\/buenosdiasbcs.com\\\/wp-content\\\/uploads\\\/2026\\\/01\\\/cropped-sol-96x96.png\",\"url\":\"https:\\\/\\\/buenosdiasbcs.com\\\/wp-content\\\/uploads\\\/2026\\\/01\\\/cropped-sol-96x96.png\",\"contentUrl\":\"https:\\\/\\\/buenosdiasbcs.com\\\/wp-content\\\/uploads\\\/2026\\\/01\\\/cropped-sol-96x96.png\",\"caption\":\"Edici\u00f3n Buenos D\u00edas\"},\"url\":\"https:\\\/\\\/buenosdiasbcs.com\\\/?author=2\"}]}<\/script>\n<!-- \/ Yoast SEO Premium plugin. -->","yoast_head_json":{"title":"PAN y MC plantearon continuar cooperaci\u00f3n con EU contra c\u00e1rteles, siempre con respeto a la soberan\u00eda - Buenos D&iacute;as BCS","robots":{"index":"index","follow":"follow","max-snippet":"max-snippet:-1","max-image-preview":"max-image-preview:large","max-video-preview":"max-video-preview:-1"},"canonical":"https:\/\/buenosdiasbcs.com\/?p=4889","og_locale":"es_ES","og_type":"article","og_title":"PAN y MC plantearon continuar cooperaci\u00f3n con EU contra c\u00e1rteles, siempre con respeto a la soberan\u00eda","og_description":"Senadores del PAN y MC urgieron al gobierno federal a combatir al crimen organizado de manera frontal, para as\u00ed evitar...","og_url":"https:\/\/buenosdiasbcs.com\/?p=4889","og_site_name":"Buenos D&iacute;as BCS","article_published_time":"2026-03-11T07:29:00+00:00","og_image":[{"width":1200,"height":800,"url":"https:\/\/buenosdiasbcs.com\/wp-content\/uploads\/2026\/03\/preocupa-al-pan-y-mc-posible-intervencion-de-eu-en-mexico-para-combatir-a-carteles_c3c24639-fabf-4d96-a298-46ebf024b153_medialjnimgndimagefullsize.webp","type":"image\/webp"}],"author":"Edici\u00f3n Buenos D\u00edas","twitter_card":"summary_large_image","twitter_misc":{"Escrito por":"Edici\u00f3n Buenos D\u00edas","Tiempo de lectura":"3 minutos"},"schema":{"@context":"https:\/\/schema.org","@graph":[{"@type":"Article","@id":"https:\/\/buenosdiasbcs.com\/?p=4889#article","isPartOf":{"@id":"https:\/\/buenosdiasbcs.com\/?p=4889"},"author":{"name":"Edici\u00f3n Buenos D\u00edas","@id":"https:\/\/buenosdiasbcs.com\/#\/schema\/person\/15aedc247eab7070ee5d76d6d069a821"},"headline":"PAN y MC plantearon continuar cooperaci\u00f3n con EU contra c\u00e1rteles, siempre con respeto a la soberan\u00eda","datePublished":"2026-03-11T07:29:00+00:00","mainEntityOfPage":{"@id":"https:\/\/buenosdiasbcs.com\/?p=4889"},"wordCount":467,"commentCount":0,"publisher":{"@id":"https:\/\/buenosdiasbcs.com\/#organization"},"image":{"@id":"https:\/\/buenosdiasbcs.com\/?p=4889#primaryimage"},"thumbnailUrl":"https:\/\/buenosdiasbcs.com\/wp-content\/uploads\/2026\/03\/preocupa-al-pan-y-mc-posible-intervencion-de-eu-en-mexico-para-combatir-a-carteles_c3c24639-fabf-4d96-a298-46ebf024b153_medialjnimgndimagefullsize.webp","articleSection":["Partidos"],"inLanguage":"es","potentialAction":[{"@type":"CommentAction","name":"Comment","target":["https:\/\/buenosdiasbcs.com\/?p=4889#respond"]}]},{"@type":"WebPage","@id":"https:\/\/buenosdiasbcs.com\/?p=4889","url":"https:\/\/buenosdiasbcs.com\/?p=4889","name":"PAN y MC plantearon continuar cooperaci\u00f3n con EU contra c\u00e1rteles, siempre con respeto a la soberan\u00eda - Buenos D&iacute;as BCS","isPartOf":{"@id":"https:\/\/buenosdiasbcs.com\/#website"},"primaryImageOfPage":{"@id":"https:\/\/buenosdiasbcs.com\/?p=4889#primaryimage"},"image":{"@id":"https:\/\/buenosdiasbcs.com\/?p=4889#primaryimage"},"thumbnailUrl":"https:\/\/buenosdiasbcs.com\/wp-content\/uploads\/2026\/03\/preocupa-al-pan-y-mc-posible-intervencion-de-eu-en-mexico-para-combatir-a-carteles_c3c24639-fabf-4d96-a298-46ebf024b153_medialjnimgndimagefullsize.webp","datePublished":"2026-03-11T07:29:00+00:00","breadcrumb":{"@id":"https:\/\/buenosdiasbcs.com\/?p=4889#breadcrumb"},"inLanguage":"es","potentialAction":[{"@type":"ReadAction","target":["https:\/\/buenosdiasbcs.com\/?p=4889"]}]},{"@type":"ImageObject","inLanguage":"es","@id":"https:\/\/buenosdiasbcs.com\/?p=4889#primaryimage","url":"https:\/\/buenosdiasbcs.com\/wp-content\/uploads\/2026\/03\/preocupa-al-pan-y-mc-posible-intervencion-de-eu-en-mexico-para-combatir-a-carteles_c3c24639-fabf-4d96-a298-46ebf024b153_medialjnimgndimagefullsize.webp","contentUrl":"https:\/\/buenosdiasbcs.com\/wp-content\/uploads\/2026\/03\/preocupa-al-pan-y-mc-posible-intervencion-de-eu-en-mexico-para-combatir-a-carteles_c3c24639-fabf-4d96-a298-46ebf024b153_medialjnimgndimagefullsize.webp","width":1200,"height":800},{"@type":"BreadcrumbList","@id":"https:\/\/buenosdiasbcs.com\/?p=4889#breadcrumb","itemListElement":[{"@type":"ListItem","position":1,"name":"Portada","item":"https:\/\/buenosdiasbcs.com\/"},{"@type":"ListItem","position":2,"name":"PAN y MC plantearon continuar cooperaci\u00f3n con EU contra c\u00e1rteles, siempre con respeto a la soberan\u00eda"}]},{"@type":"WebSite","@id":"https:\/\/buenosdiasbcs.com\/#website","url":"https:\/\/buenosdiasbcs.com\/","name":"Buenos D\u00edas BCS","description":"","publisher":{"@id":"https:\/\/buenosdiasbcs.com\/#organization"},"potentialAction":[{"@type":"SearchAction","target":{"@type":"EntryPoint","urlTemplate":"https:\/\/buenosdiasbcs.com\/?s={search_term_string}"},"query-input":{"@type":"PropertyValueSpecification","valueRequired":true,"valueName":"search_term_string"}}],"inLanguage":"es"},{"@type":"Organization","@id":"https:\/\/buenosdiasbcs.com\/#organization","name":"Buenos D\u00edas BCS","url":"https:\/\/buenosdiasbcs.com\/","logo":{"@type":"ImageObject","inLanguage":"es","@id":"https:\/\/buenosdiasbcs.com\/#\/schema\/logo\/image\/","url":"https:\/\/buenosdiasbcs.com\/wp-content\/uploads\/2026\/01\/logo-buenos-dias-40-01.png","contentUrl":"https:\/\/buenosdiasbcs.com\/wp-content\/uploads\/2026\/01\/logo-buenos-dias-40-01.png","width":277,"height":40,"caption":"Buenos D\u00edas BCS"},"image":{"@id":"https:\/\/buenosdiasbcs.com\/#\/schema\/logo\/image\/"}},{"@type":"Person","@id":"https:\/\/buenosdiasbcs.com\/#\/schema\/person\/15aedc247eab7070ee5d76d6d069a821","name":"Edici\u00f3n Buenos D\u00edas","image":{"@type":"ImageObject","inLanguage":"es","@id":"https:\/\/buenosdiasbcs.com\/wp-content\/uploads\/2026\/01\/cropped-sol-96x96.png","url":"https:\/\/buenosdiasbcs.com\/wp-content\/uploads\/2026\/01\/cropped-sol-96x96.png","contentUrl":"https:\/\/buenosdiasbcs.com\/wp-content\/uploads\/2026\/01\/cropped-sol-96x96.png","caption":"Edici\u00f3n Buenos D\u00edas"},"url":"https:\/\/buenosdiasbcs.com\/?author=2"}]}},"amp_enabled":true,"_links":{"self":[{"href":"https:\/\/buenosdiasbcs.com\/index.php?rest_route=\/wp\/v2\/posts\/4889","targetHints":{"allow":["GET"]}}],"collection":[{"href":"https:\/\/buenosdiasbcs.com\/index.php?rest_route=\/wp\/v2\/posts"}],"about":[{"href":"https:\/\/buenosdiasbcs.com\/index.php?rest_route=\/wp\/v2\/types\/post"}],"author":[{"embeddable":true,"href":"https:\/\/buenosdiasbcs.com\/index.php?rest_route=\/wp\/v2\/users\/2"}],"replies":[{"embeddable":true,"href":"https:\/\/buenosdiasbcs.com\/index.php?rest_route=%2Fwp%2Fv2%2Fcomments&post=4889"}],"version-history":[{"count":1,"href":"https:\/\/buenosdiasbcs.com\/index.php?rest_route=\/wp\/v2\/posts\/4889\/revisions"}],"predecessor-version":[{"id":4891,"href":"https:\/\/buenosdiasbcs.com\/index.php?rest_route=\/wp\/v2\/posts\/4889\/revisions\/4891"}],"wp:featuredmedia":[{"embeddable":true,"href":"https:\/\/buenosdiasbcs.com\/index.php?rest_route=\/wp\/v2\/media\/4890"}],"wp:attachment":[{"href":"https:\/\/buenosdiasbcs.com\/index.php?rest_route=%2Fwp%2Fv2%2Fmedia&parent=4889"}],"wp:term":[{"taxonomy":"category","embeddable":true,"href":"https:\/\/buenosdiasbcs.com\/index.php?rest_route=%2Fwp%2Fv2%2Fcategories&post=4889"},{"taxonomy":"post_tag","embeddable":true,"href":"https:\/\/buenosdiasbcs.com\/index.php?rest_route=%2Fwp%2Fv2%2Ftags&post=4889"}],"curies":[{"name":"wp","href":"https:\/\/api.w.org\/{rel}","templated":true}]}}