{"id":4886,"date":"2026-03-11T00:25:00","date_gmt":"2026-03-11T07:25:00","guid":{"rendered":"https:\/\/buenosdiasbcs.com\/?p=4886"},"modified":"2026-03-10T13:28:14","modified_gmt":"2026-03-10T20:28:14","slug":"fuego-amigo-ellos-son-los-personajes-de-la-4t-senalados-por-el-fracaso-de-la-reforma-electoral","status":"publish","type":"post","link":"https:\/\/buenosdiasbcs.com\/?p=4886","title":{"rendered":"Fuego amigo: Ellos son los personajes de la 4T se\u00f1alados por el fracaso de la reforma electoral"},"content":{"rendered":"\n<h2 class=\"wp-block-heading\" id=\"h-los-encargados-del-diseno-juridico-no-consiguieron-los-consensos-necesarios-lo-que-dejaria-a-morena-sin-mayoria-calificada-en-el-congreso\">Los encargados del dise\u00f1o jur\u00eddico no consiguieron los consensos necesarios, lo que dejar\u00eda a Morena sin mayor\u00eda calificada en el Congreso<\/h2>\n\n\n\n<p>La&nbsp;<a href=\"https:\/\/politico.mx\/2026\/03\/06\/monreal-admite-que-reforma-electoral-no-sera-aprobada\/\"><strong>reforma electoral<\/strong><\/a>, considerada una de las prioridades estrat\u00e9gicas del actual gobierno,&nbsp;<strong>se perfila como un gran rev\u00e9s legislativo<\/strong>&nbsp;para el oficialismo debido a deficiencias en su operaci\u00f3n y dise\u00f1o t\u00e9cnico.&nbsp;<\/p>\n\n\n\n<p>De acuerdo con el columnista&nbsp;<a href=\"https:\/\/archive.is\/20260306124222\/https:\/\/www.eluniversal.com.mx\/opinion\/mario-maldonado\/pt-y-verde-van-en-bloque-contra-la-reforma-electoral-de-sheinbaum\/\">Mario Maldonado<\/a>, detr\u00e1s de este tropiezo se encuentran&nbsp;<strong>Pablo G\u00f3mez<\/strong>&nbsp;y&nbsp;<strong>Arturo Zald\u00edvar<\/strong>, quienes fueron los encargados de la arquitectura jur\u00eddica y pol\u00edtica del proyecto.&nbsp;<\/p>\n\n\n\n<p><img fetchpriority=\"high\" decoding=\"async\" alt=\"Comisi\u00f3n Presidencial para la reforma electoral\" src=\"https:\/\/politicomx-politicomx-prod.web.arc-cdn.net\/resizer\/v2\/RRI4GD7VWVHDZGGQEJDURIDS44.jpg?auth=7fb0fdd6508d1511ee6b18e4032d8fe703c16a7a978d39de668fd0f81ab082d3&amp;width=800&amp;height=533\" srcset=\"https:\/\/politicomx-politicomx-prod.web.arc-cdn.net\/resizer\/v2\/RRI4GD7VWVHDZGGQEJDURIDS44.jpg?auth=7fb0fdd6508d1511ee6b18e4032d8fe703c16a7a978d39de668fd0f81ab082d3&amp;width=400&amp;height=266 400w, https:\/\/politicomx-politicomx-prod.web.arc-cdn.net\/resizer\/v2\/RRI4GD7VWVHDZGGQEJDURIDS44.jpg?auth=7fb0fdd6508d1511ee6b18e4032d8fe703c16a7a978d39de668fd0f81ab082d3&amp;width=600&amp;height=399 600w, https:\/\/politicomx-politicomx-prod.web.arc-cdn.net\/resizer\/v2\/RRI4GD7VWVHDZGGQEJDURIDS44.jpg?auth=7fb0fdd6508d1511ee6b18e4032d8fe703c16a7a978d39de668fd0f81ab082d3&amp;width=800&amp;height=533 800w\" width=\"800\" height=\"533\"><\/p>\n\n\n\n<p>Maldonado asegura que ambos funcionarios&nbsp;<strong>no lograron construir los consensos m\u00ednimos<\/strong>necesarios dentro del propio bloque gobernante, ya que la redacci\u00f3n final&nbsp;<strong>gener\u00f3 resistencias&nbsp;<\/strong>entre legisladores afines al movimiento al observar ambig\u00fcedades, vac\u00edos t\u00e9cnicos y&nbsp;<strong>riesgos pol\u00edticos<\/strong>&nbsp;que no fueron procesados de manera adecuada.<\/p>\n\n\n\n<p>Adem\u00e1s de G\u00f3mez y Zald\u00edvar, otro de los responsables ser\u00eda el&nbsp;<strong>coordinador<\/strong>&nbsp;de los diputados de Morena,&nbsp;<a href=\"https:\/\/politico.mx\/2026\/03\/06\/monreal-admite-que-reforma-electoral-no-sera-aprobada\/\"><strong>Ricardo Monreal<\/strong><\/a>, quien no consigui\u00f3&nbsp;<strong>articular los acuerdos&nbsp;<\/strong>necesarios para blindar la votaci\u00f3n con las bancadas aliadas.&nbsp;<\/p>\n\n\n\n<p>Esta incapacidad de interlocuci\u00f3n y negociaci\u00f3n golpe\u00f3 directamente el liderazgo parlamentario de Morena, exhibiendo un d\u00e9ficit que dej\u00f3 a la&nbsp;<strong>presidenta<\/strong>&nbsp;sin los apoyos suficientes para una de sus reformas prioritarias.<\/p>\n\n\n\n<p><img decoding=\"async\" alt=\"Ricardo Monreal\" data-src=\"https:\/\/politicomx-politicomx-prod.web.arc-cdn.net\/resizer\/v2\/2T2R35EMXBDJBEWZZRPHDCNK5Q.jpg?auth=ca49e50b56f372b2503a824d2b3c97bc46fabfe44fb9b9c58a88a9ad0d544427&amp;width=800&amp;height=533\" data-srcset=\"https:\/\/politicomx-politicomx-prod.web.arc-cdn.net\/resizer\/v2\/2T2R35EMXBDJBEWZZRPHDCNK5Q.jpg?auth=ca49e50b56f372b2503a824d2b3c97bc46fabfe44fb9b9c58a88a9ad0d544427&amp;width=400&amp;height=266 400w, https:\/\/politicomx-politicomx-prod.web.arc-cdn.net\/resizer\/v2\/2T2R35EMXBDJBEWZZRPHDCNK5Q.jpg?auth=ca49e50b56f372b2503a824d2b3c97bc46fabfe44fb9b9c58a88a9ad0d544427&amp;width=600&amp;height=399 600w, https:\/\/politicomx-politicomx-prod.web.arc-cdn.net\/resizer\/v2\/2T2R35EMXBDJBEWZZRPHDCNK5Q.jpg?auth=ca49e50b56f372b2503a824d2b3c97bc46fabfe44fb9b9c58a88a9ad0d544427&amp;width=800&amp;height=533 800w\" width=\"800\" height=\"533\" src=\"data:image\/svg+xml;base64,PHN2ZyB3aWR0aD0iMSIgaGVpZ2h0PSIxIiB4bWxucz0iaHR0cDovL3d3dy53My5vcmcvMjAwMC9zdmciPjwvc3ZnPg==\" class=\"lazyload\" style=\"--smush-placeholder-width: 800px; --smush-placeholder-aspect-ratio: 800\/533;\"><\/p>\n\n\n\n<h2 class=\"wp-block-heading\" id=\"h-ricardo-monreal-reconoce-que-la-reforma-no-sera-aprobada\">Ricardo Monreal reconoce que la reforma no ser\u00e1 aprobada<\/h2>\n\n\n\n<p>El&nbsp;<strong>coordinador<\/strong>&nbsp;de la bancada de&nbsp;<a href=\"https:\/\/politico.mx\/2026\/03\/05\/consejero-de-morena-se-burla-de-pt-y-pvem-podemos-aprobar-una-reforma-hasta-en-fast-track\/\"><strong>Morena<\/strong><\/a>&nbsp;en la C\u00e1mara de Diputados,&nbsp;<strong>Ricardo Monreal<\/strong>, admiti\u00f3 abiertamente que el bloque oficialista no cuenta con la fuerza num\u00e9rica requerida para modificar la Constituci\u00f3n.&nbsp;<\/p>\n\n\n\n<p>Durante un encuentro con medios de comunicaci\u00f3n en el recinto legislativo, el&nbsp;<strong>diputado<\/strong>&nbsp;detall\u00f3 que el partido cuenta \u00fanicamente con&nbsp;<strong>253 legisladores<\/strong>, una cifra que resulta insuficiente frente a los aproximadamente 330 votos que se necesitar\u00edan, dependiendo de la asistencia, para alcanzar la mayor\u00eda calificada.&nbsp;<\/p>\n\n\n\n<p><em>\u201cSi tenemos 253, estamos hablando de 70 cuando menos. No los tenemos\u201d<\/em>, sentenci\u00f3 el legislador zacatecano al reconocer que el panorama es poco favorable.<\/p>\n\n\n\n<p>Monreal tambi\u00e9n se\u00f1al\u00f3 que la situaci\u00f3n se complica debido a que la negativa no proviene \u00fanicamente de la oposici\u00f3n, sino de los propios aliados de la llamada \u201ccuarta transformaci\u00f3n\u201d.&nbsp;<\/p>\n\n\n\n<p>El&nbsp;<strong>diputado<\/strong>&nbsp;indic\u00f3 que, tras escuchar las expresiones del Partido Verde y del Partido del Trabajo, queda claro que no acompa\u00f1ar\u00e1n la iniciativa. Ante la falta de consenso, sugiri\u00f3 que la ruta a seguir podr\u00eda ser el<strong>&nbsp;\u201cplan B\u201d<\/strong>&nbsp;anunciado por la&nbsp;<strong>presidenta<\/strong>&nbsp;de M\u00e9xico, aunque confes\u00f3 que a\u00fan no conoce los detalles t\u00e9cnicos de dicha estrategia alterna.<\/p>\n\n\n\n<h2 class=\"wp-block-heading\" id=\"h-que-hizo-enojar-al-verde-y-el-pt\">\u00bfQu\u00e9 hizo enojar al Verde y el PT?<\/h2>\n\n\n\n<p>La crisis que detuvo la reforma electoral se origin\u00f3 principalmente por la decisi\u00f3n del Partido Verde y del Partido del Trabajo de votar en bloque contra la minuta para&nbsp;<strong>proteger su propia supervivencia pol\u00edtica<\/strong>.&nbsp;<\/p>\n\n\n\n<p><img decoding=\"async\" alt=\"Morena y Aliados Reforma Electoral\" data-src=\"https:\/\/politicomx-politicomx-prod.web.arc-cdn.net\/resizer\/v2\/35XDIIIILNA6TMXNV23M6JOF74.jpg?auth=d34ad3adffdeb151aec0bd895bd787fe4757a576bd2c6c8a3a4f3045e7d3b4b3&amp;width=800&amp;height=533\" data-srcset=\"https:\/\/politicomx-politicomx-prod.web.arc-cdn.net\/resizer\/v2\/35XDIIIILNA6TMXNV23M6JOF74.jpg?auth=d34ad3adffdeb151aec0bd895bd787fe4757a576bd2c6c8a3a4f3045e7d3b4b3&amp;width=400&amp;height=266 400w, https:\/\/politicomx-politicomx-prod.web.arc-cdn.net\/resizer\/v2\/35XDIIIILNA6TMXNV23M6JOF74.jpg?auth=d34ad3adffdeb151aec0bd895bd787fe4757a576bd2c6c8a3a4f3045e7d3b4b3&amp;width=600&amp;height=399 600w, https:\/\/politicomx-politicomx-prod.web.arc-cdn.net\/resizer\/v2\/35XDIIIILNA6TMXNV23M6JOF74.jpg?auth=d34ad3adffdeb151aec0bd895bd787fe4757a576bd2c6c8a3a4f3045e7d3b4b3&amp;width=800&amp;height=533 800w\" width=\"800\" height=\"533\" src=\"data:image\/svg+xml;base64,PHN2ZyB3aWR0aD0iMSIgaGVpZ2h0PSIxIiB4bWxucz0iaHR0cDovL3d3dy53My5vcmcvMjAwMC9zdmciPjwvc3ZnPg==\" class=\"lazyload\" style=\"--smush-placeholder-width: 800px; --smush-placeholder-aspect-ratio: 800\/533;\"><\/p>\n\n\n\n<p>El desacuerdo se centr\u00f3 en los cambios propuestos al sistema de&nbsp;<strong>representaci\u00f3n proporcional<\/strong>y al&nbsp;<strong>financiamiento de los partidos<\/strong>, puntos que los aliados consideraron que afectar\u00edan su crecimiento parlamentario futuro.&nbsp;<\/p>\n\n\n\n<p>La postura de los&nbsp;<strong>partidos aliados<\/strong>&nbsp;se mantuvo firme en contra de los ejes centrales de la propuesta presidencial.&nbsp;<\/p>\n\n\n\n<p><img decoding=\"async\" alt=\"aliados rebeldes\" data-src=\"https:\/\/politicomx-politicomx-prod.web.arc-cdn.net\/resizer\/v2\/5WQAOF5M2BHEVIQIF2QJYTDRHE.jpg?auth=7d376816cc770cb78bc46b3cecae987c13df7186920e0942d7b6f5dc9e18c3fe&amp;width=800&amp;height=466\" data-srcset=\"https:\/\/politicomx-politicomx-prod.web.arc-cdn.net\/resizer\/v2\/5WQAOF5M2BHEVIQIF2QJYTDRHE.jpg?auth=7d376816cc770cb78bc46b3cecae987c13df7186920e0942d7b6f5dc9e18c3fe&amp;width=400&amp;height=233 400w, https:\/\/politicomx-politicomx-prod.web.arc-cdn.net\/resizer\/v2\/5WQAOF5M2BHEVIQIF2QJYTDRHE.jpg?auth=7d376816cc770cb78bc46b3cecae987c13df7186920e0942d7b6f5dc9e18c3fe&amp;width=600&amp;height=349 600w, https:\/\/politicomx-politicomx-prod.web.arc-cdn.net\/resizer\/v2\/5WQAOF5M2BHEVIQIF2QJYTDRHE.jpg?auth=7d376816cc770cb78bc46b3cecae987c13df7186920e0942d7b6f5dc9e18c3fe&amp;width=800&amp;height=466 800w\" width=\"800\" height=\"466\" src=\"data:image\/svg+xml;base64,PHN2ZyB3aWR0aD0iMSIgaGVpZ2h0PSIxIiB4bWxucz0iaHR0cDovL3d3dy53My5vcmcvMjAwMC9zdmciPjwvc3ZnPg==\" class=\"lazyload\" style=\"--smush-placeholder-width: 800px; --smush-placeholder-aspect-ratio: 800\/466;\"><\/p>\n\n\n\n<p>La diputada<strong>&nbsp;<\/strong><a href=\"\"><strong>Lilia Aguilar<\/strong><\/a>&nbsp;del&nbsp;<strong>PT<\/strong>, sostuvo que M\u00e9xico no puede caer en un r\u00e9gimen de \u201cpartido \u00fanico\u201d y calific\u00f3 como una \u201cequivocaci\u00f3n\u201d cualquier tentaci\u00f3n autoritaria que pretenda debilitar la democracia.&nbsp;<\/p>\n\n\n\n<p>Por su parte, el senador<strong>&nbsp;<\/strong>del&nbsp;<strong>partido Verde<\/strong>,&nbsp;<a href=\"https:\/\/politico.mx\/2026\/03\/04\/los-rebeldes-de-la-4t-que-estan-en-contra-de-reforma-electoral-de-sheinbaum\/\"><strong>Luis Armando Melgar<\/strong><\/a>, anunci\u00f3 que su voto ser\u00e1 en contra al considerar que la eliminaci\u00f3n de los plurinominales debilita la participaci\u00f3n de las minor\u00edas; asimismo, alert\u00f3 que el esquema propuesto otorgar\u00eda una ventaja autom\u00e1tica a Morena, el partido mayoritario.&nbsp;<\/p>\n\n\n\n<p><a href=\"https:\/\/politico.mx\/2026\/03\/04\/los-rebeldes-de-la-4t-que-estan-en-contra-de-reforma-electoral-de-sheinbaum\/\"><strong>Arturo Escobar<\/strong><\/a>, coordinador nacional electoral del&nbsp;<strong>PVEM<\/strong>, puntualiz\u00f3 que rechazar la reforma no constituye una traici\u00f3n hacia la&nbsp;<strong>presidenta Claudia Sheinbaum<\/strong>, ya que la reducci\u00f3n del presupuesto y la nueva integraci\u00f3n de las c\u00e1maras no formaron parte de los 100 compromisos originales de la mandataria.<\/p>\n\n\n\n<p>Por parte del&nbsp;<strong>partido del Trabajo<\/strong>, el&nbsp;<strong>coordinador&nbsp;<\/strong><a href=\"https:\/\/politico.mx\/2026\/03\/04\/los-rebeldes-de-la-4t-que-estan-en-contra-de-reforma-electoral-de-sheinbaum\/\"><strong>Reginaldo Sandoval&nbsp;<\/strong><\/a>advirti\u00f3 que no acompa\u00f1ar\u00e1n una reforma que abre la puerta a la concentraci\u00f3n del poder.<\/p>\n\n\n\n<h2 class=\"wp-block-heading\" id=\"h-puntos-clave-de-la-reforma-electoral-nbsp\">Puntos clave de la reforma electoral&nbsp;<\/h2>\n\n\n\n<ul class=\"wp-block-list\">\n<li><strong>Financiamiento a partidos<\/strong>: Se mantuvo el recorte del 25% al presupuesto de los partidos pol\u00edticos al modificar el c\u00e1lculo basado en la UMA, ignorando el reclamo del\u00a0<strong>PVEM<\/strong>\u00a0y el\u00a0<strong>PT<\/strong>\u00a0para un recorte igualitario.<\/li>\n\n\n\n<li><strong>Ajuste en plurinominales<\/strong>: El\u00a0<strong>Senado<\/strong>\u00a0se redujo de 128 a 96 integrantes, mientras que en la\u00a0<strong>C\u00e1mara de Diputados\u00a0<\/strong>se conservaron los 200 esca\u00f1os, pero divididos entre los \u201cmejores perdedores\u201d y listas abiertas de voto directo.<\/li>\n\n\n\n<li><strong>Presupuesto del INE y OPLE<\/strong>: A diferencia del plan original de la\u00a0<strong>presidenta<\/strong>, el documento final no incluy\u00f3 el recorte del 25% a los recursos del instituto electoral ni a los organismos locales.<\/li>\n\n\n\n<li><strong>Tiempos en radio y TV<\/strong>: La iniciativa estableci\u00f3 una reducci\u00f3n del tiempo aire diario para los partidos, pasando de 48 a solo 35 minutos en \u00e9pocas electorales.<\/li>\n\n\n\n<li><strong>Fiscalizaci\u00f3n y tecnolog\u00eda<\/strong>: Se orden\u00f3 al sistema financiero reportar movimientos de activos virtuales y divisas de candidatos, y se exigi\u00f3 que el contenido creado con\u00a0<strong>Inteligencia Artificial<\/strong>\u00a0est\u00e9 debidamente etiquetado.<\/li>\n\n\n\n<li><strong>C\u00f3mputos y PREP<\/strong>: Aunque el\u00a0<strong>PREP<\/strong>\u00a0no se modific\u00f3, se determin\u00f3 que los c\u00f3mputos oficiales inicien inmediatamente tras la recepci\u00f3n del primer paquete electoral en los distritos.<\/li>\n<\/ul>\n","protected":false},"excerpt":{"rendered":"<p>Los encargados del dise\u00f1o jur\u00eddico no consiguieron los consensos necesarios, lo que dejar\u00eda a Morena sin mayor\u00eda calificada en el&#8230;<\/p>\n","protected":false},"author":2,"featured_media":4887,"comment_status":"open","ping_status":"open","sticky":false,"template":"","format":"standard","meta":{"footnotes":""},"categories":[239],"tags":[],"class_list":["post-4886","post","type-post","status-publish","format-standard","has-post-thumbnail","hentry","category-partidos"],"yoast_head":"<!-- This site is optimized with the Yoast SEO Premium plugin v26.8 (Yoast SEO v27.4) - https:\/\/yoast.com\/product\/yoast-seo-premium-wordpress\/ -->\n<title>Fuego amigo: Ellos son los personajes de la 4T se\u00f1alados por el fracaso de la reforma electoral - Buenos D&iacute;as BCS<\/title>\n<meta name=\"robots\" content=\"index, follow, max-snippet:-1, max-image-preview:large, max-video-preview:-1\" \/>\n<link rel=\"canonical\" href=\"https:\/\/buenosdiasbcs.com\/?p=4886\" \/>\n<meta property=\"og:locale\" content=\"es_ES\" \/>\n<meta property=\"og:type\" content=\"article\" \/>\n<meta property=\"og:title\" content=\"Fuego amigo: Ellos son los personajes de la 4T se\u00f1alados por el fracaso de la reforma electoral\" \/>\n<meta property=\"og:description\" content=\"Los encargados del dise\u00f1o jur\u00eddico no consiguieron los consensos necesarios, lo que dejar\u00eda a Morena sin mayor\u00eda calificada en el...\" \/>\n<meta property=\"og:url\" content=\"https:\/\/buenosdiasbcs.com\/?p=4886\" \/>\n<meta property=\"og:site_name\" content=\"Buenos D&iacute;as BCS\" \/>\n<meta property=\"article:published_time\" content=\"2026-03-11T07:25:00+00:00\" \/>\n<meta name=\"author\" content=\"Edici\u00f3n Buenos D\u00edas\" \/>\n<meta name=\"twitter:card\" content=\"summary_large_image\" \/>\n<meta name=\"twitter:label1\" content=\"Escrito por\" \/>\n\t<meta name=\"twitter:data1\" content=\"Edici\u00f3n Buenos D\u00edas\" \/>\n\t<meta name=\"twitter:label2\" content=\"Tiempo de lectura\" \/>\n\t<meta name=\"twitter:data2\" content=\"5 minutos\" \/>\n<script type=\"application\/ld+json\" class=\"yoast-schema-graph\">{\"@context\":\"https:\\\/\\\/schema.org\",\"@graph\":[{\"@type\":\"Article\",\"@id\":\"https:\\\/\\\/buenosdiasbcs.com\\\/?p=4886#article\",\"isPartOf\":{\"@id\":\"https:\\\/\\\/buenosdiasbcs.com\\\/?p=4886\"},\"author\":{\"name\":\"Edici\u00f3n Buenos D\u00edas\",\"@id\":\"https:\\\/\\\/buenosdiasbcs.com\\\/#\\\/schema\\\/person\\\/15aedc247eab7070ee5d76d6d069a821\"},\"headline\":\"Fuego amigo: Ellos son los personajes de la 4T se\u00f1alados por el fracaso de la reforma electoral\",\"datePublished\":\"2026-03-11T07:25:00+00:00\",\"mainEntityOfPage\":{\"@id\":\"https:\\\/\\\/buenosdiasbcs.com\\\/?p=4886\"},\"wordCount\":961,\"commentCount\":0,\"publisher\":{\"@id\":\"https:\\\/\\\/buenosdiasbcs.com\\\/#organization\"},\"image\":{\"@id\":\"https:\\\/\\\/buenosdiasbcs.com\\\/?p=4886#primaryimage\"},\"thumbnailUrl\":\"https:\\\/\\\/buenosdiasbcs.com\\\/wp-content\\\/uploads\\\/2026\\\/03\\\/GSG5GBOBNFAJVCQPXYWMMEWEGI.jpg.avif\",\"articleSection\":[\"Partidos\"],\"inLanguage\":\"es\",\"potentialAction\":[{\"@type\":\"CommentAction\",\"name\":\"Comment\",\"target\":[\"https:\\\/\\\/buenosdiasbcs.com\\\/?p=4886#respond\"]}]},{\"@type\":\"WebPage\",\"@id\":\"https:\\\/\\\/buenosdiasbcs.com\\\/?p=4886\",\"url\":\"https:\\\/\\\/buenosdiasbcs.com\\\/?p=4886\",\"name\":\"Fuego amigo: Ellos son los personajes de la 4T se\u00f1alados por el fracaso de la reforma electoral - Buenos D&iacute;as BCS\",\"isPartOf\":{\"@id\":\"https:\\\/\\\/buenosdiasbcs.com\\\/#website\"},\"primaryImageOfPage\":{\"@id\":\"https:\\\/\\\/buenosdiasbcs.com\\\/?p=4886#primaryimage\"},\"image\":{\"@id\":\"https:\\\/\\\/buenosdiasbcs.com\\\/?p=4886#primaryimage\"},\"thumbnailUrl\":\"https:\\\/\\\/buenosdiasbcs.com\\\/wp-content\\\/uploads\\\/2026\\\/03\\\/GSG5GBOBNFAJVCQPXYWMMEWEGI.jpg.avif\",\"datePublished\":\"2026-03-11T07:25:00+00:00\",\"breadcrumb\":{\"@id\":\"https:\\\/\\\/buenosdiasbcs.com\\\/?p=4886#breadcrumb\"},\"inLanguage\":\"es\",\"potentialAction\":[{\"@type\":\"ReadAction\",\"target\":[\"https:\\\/\\\/buenosdiasbcs.com\\\/?p=4886\"]}]},{\"@type\":\"ImageObject\",\"inLanguage\":\"es\",\"@id\":\"https:\\\/\\\/buenosdiasbcs.com\\\/?p=4886#primaryimage\",\"url\":\"https:\\\/\\\/buenosdiasbcs.com\\\/wp-content\\\/uploads\\\/2026\\\/03\\\/GSG5GBOBNFAJVCQPXYWMMEWEGI.jpg.avif\",\"contentUrl\":\"https:\\\/\\\/buenosdiasbcs.com\\\/wp-content\\\/uploads\\\/2026\\\/03\\\/GSG5GBOBNFAJVCQPXYWMMEWEGI.jpg.avif\",\"width\":1200,\"height\":800},{\"@type\":\"BreadcrumbList\",\"@id\":\"https:\\\/\\\/buenosdiasbcs.com\\\/?p=4886#breadcrumb\",\"itemListElement\":[{\"@type\":\"ListItem\",\"position\":1,\"name\":\"Portada\",\"item\":\"https:\\\/\\\/buenosdiasbcs.com\\\/\"},{\"@type\":\"ListItem\",\"position\":2,\"name\":\"Fuego amigo: Ellos son los personajes de la 4T se\u00f1alados por el fracaso de la reforma electoral\"}]},{\"@type\":\"WebSite\",\"@id\":\"https:\\\/\\\/buenosdiasbcs.com\\\/#website\",\"url\":\"https:\\\/\\\/buenosdiasbcs.com\\\/\",\"name\":\"Buenos D\u00edas BCS\",\"description\":\"\",\"publisher\":{\"@id\":\"https:\\\/\\\/buenosdiasbcs.com\\\/#organization\"},\"potentialAction\":[{\"@type\":\"SearchAction\",\"target\":{\"@type\":\"EntryPoint\",\"urlTemplate\":\"https:\\\/\\\/buenosdiasbcs.com\\\/?s={search_term_string}\"},\"query-input\":{\"@type\":\"PropertyValueSpecification\",\"valueRequired\":true,\"valueName\":\"search_term_string\"}}],\"inLanguage\":\"es\"},{\"@type\":\"Organization\",\"@id\":\"https:\\\/\\\/buenosdiasbcs.com\\\/#organization\",\"name\":\"Buenos D\u00edas BCS\",\"url\":\"https:\\\/\\\/buenosdiasbcs.com\\\/\",\"logo\":{\"@type\":\"ImageObject\",\"inLanguage\":\"es\",\"@id\":\"https:\\\/\\\/buenosdiasbcs.com\\\/#\\\/schema\\\/logo\\\/image\\\/\",\"url\":\"https:\\\/\\\/buenosdiasbcs.com\\\/wp-content\\\/uploads\\\/2026\\\/01\\\/logo-buenos-dias-40-01.png\",\"contentUrl\":\"https:\\\/\\\/buenosdiasbcs.com\\\/wp-content\\\/uploads\\\/2026\\\/01\\\/logo-buenos-dias-40-01.png\",\"width\":277,\"height\":40,\"caption\":\"Buenos D\u00edas BCS\"},\"image\":{\"@id\":\"https:\\\/\\\/buenosdiasbcs.com\\\/#\\\/schema\\\/logo\\\/image\\\/\"}},{\"@type\":\"Person\",\"@id\":\"https:\\\/\\\/buenosdiasbcs.com\\\/#\\\/schema\\\/person\\\/15aedc247eab7070ee5d76d6d069a821\",\"name\":\"Edici\u00f3n Buenos D\u00edas\",\"image\":{\"@type\":\"ImageObject\",\"inLanguage\":\"es\",\"@id\":\"https:\\\/\\\/buenosdiasbcs.com\\\/wp-content\\\/uploads\\\/2026\\\/01\\\/cropped-sol-96x96.png\",\"url\":\"https:\\\/\\\/buenosdiasbcs.com\\\/wp-content\\\/uploads\\\/2026\\\/01\\\/cropped-sol-96x96.png\",\"contentUrl\":\"https:\\\/\\\/buenosdiasbcs.com\\\/wp-content\\\/uploads\\\/2026\\\/01\\\/cropped-sol-96x96.png\",\"caption\":\"Edici\u00f3n Buenos D\u00edas\"},\"url\":\"https:\\\/\\\/buenosdiasbcs.com\\\/?author=2\"}]}<\/script>\n<!-- \/ Yoast SEO Premium plugin. -->","yoast_head_json":{"title":"Fuego amigo: Ellos son los personajes de la 4T se\u00f1alados por el fracaso de la reforma electoral - Buenos D&iacute;as BCS","robots":{"index":"index","follow":"follow","max-snippet":"max-snippet:-1","max-image-preview":"max-image-preview:large","max-video-preview":"max-video-preview:-1"},"canonical":"https:\/\/buenosdiasbcs.com\/?p=4886","og_locale":"es_ES","og_type":"article","og_title":"Fuego amigo: Ellos son los personajes de la 4T se\u00f1alados por el fracaso de la reforma electoral","og_description":"Los encargados del dise\u00f1o jur\u00eddico no consiguieron los consensos necesarios, lo que dejar\u00eda a Morena sin mayor\u00eda calificada en el...","og_url":"https:\/\/buenosdiasbcs.com\/?p=4886","og_site_name":"Buenos D&iacute;as BCS","article_published_time":"2026-03-11T07:25:00+00:00","author":"Edici\u00f3n Buenos D\u00edas","twitter_card":"summary_large_image","twitter_misc":{"Escrito por":"Edici\u00f3n Buenos D\u00edas","Tiempo de lectura":"5 minutos"},"schema":{"@context":"https:\/\/schema.org","@graph":[{"@type":"Article","@id":"https:\/\/buenosdiasbcs.com\/?p=4886#article","isPartOf":{"@id":"https:\/\/buenosdiasbcs.com\/?p=4886"},"author":{"name":"Edici\u00f3n Buenos D\u00edas","@id":"https:\/\/buenosdiasbcs.com\/#\/schema\/person\/15aedc247eab7070ee5d76d6d069a821"},"headline":"Fuego amigo: Ellos son los personajes de la 4T se\u00f1alados por el fracaso de la reforma electoral","datePublished":"2026-03-11T07:25:00+00:00","mainEntityOfPage":{"@id":"https:\/\/buenosdiasbcs.com\/?p=4886"},"wordCount":961,"commentCount":0,"publisher":{"@id":"https:\/\/buenosdiasbcs.com\/#organization"},"image":{"@id":"https:\/\/buenosdiasbcs.com\/?p=4886#primaryimage"},"thumbnailUrl":"https:\/\/buenosdiasbcs.com\/wp-content\/uploads\/2026\/03\/GSG5GBOBNFAJVCQPXYWMMEWEGI.jpg.avif","articleSection":["Partidos"],"inLanguage":"es","potentialAction":[{"@type":"CommentAction","name":"Comment","target":["https:\/\/buenosdiasbcs.com\/?p=4886#respond"]}]},{"@type":"WebPage","@id":"https:\/\/buenosdiasbcs.com\/?p=4886","url":"https:\/\/buenosdiasbcs.com\/?p=4886","name":"Fuego amigo: Ellos son los personajes de la 4T se\u00f1alados por el fracaso de la reforma electoral - Buenos D&iacute;as BCS","isPartOf":{"@id":"https:\/\/buenosdiasbcs.com\/#website"},"primaryImageOfPage":{"@id":"https:\/\/buenosdiasbcs.com\/?p=4886#primaryimage"},"image":{"@id":"https:\/\/buenosdiasbcs.com\/?p=4886#primaryimage"},"thumbnailUrl":"https:\/\/buenosdiasbcs.com\/wp-content\/uploads\/2026\/03\/GSG5GBOBNFAJVCQPXYWMMEWEGI.jpg.avif","datePublished":"2026-03-11T07:25:00+00:00","breadcrumb":{"@id":"https:\/\/buenosdiasbcs.com\/?p=4886#breadcrumb"},"inLanguage":"es","potentialAction":[{"@type":"ReadAction","target":["https:\/\/buenosdiasbcs.com\/?p=4886"]}]},{"@type":"ImageObject","inLanguage":"es","@id":"https:\/\/buenosdiasbcs.com\/?p=4886#primaryimage","url":"https:\/\/buenosdiasbcs.com\/wp-content\/uploads\/2026\/03\/GSG5GBOBNFAJVCQPXYWMMEWEGI.jpg.avif","contentUrl":"https:\/\/buenosdiasbcs.com\/wp-content\/uploads\/2026\/03\/GSG5GBOBNFAJVCQPXYWMMEWEGI.jpg.avif","width":1200,"height":800},{"@type":"BreadcrumbList","@id":"https:\/\/buenosdiasbcs.com\/?p=4886#breadcrumb","itemListElement":[{"@type":"ListItem","position":1,"name":"Portada","item":"https:\/\/buenosdiasbcs.com\/"},{"@type":"ListItem","position":2,"name":"Fuego amigo: Ellos son los personajes de la 4T se\u00f1alados por el fracaso de la reforma electoral"}]},{"@type":"WebSite","@id":"https:\/\/buenosdiasbcs.com\/#website","url":"https:\/\/buenosdiasbcs.com\/","name":"Buenos D\u00edas BCS","description":"","publisher":{"@id":"https:\/\/buenosdiasbcs.com\/#organization"},"potentialAction":[{"@type":"SearchAction","target":{"@type":"EntryPoint","urlTemplate":"https:\/\/buenosdiasbcs.com\/?s={search_term_string}"},"query-input":{"@type":"PropertyValueSpecification","valueRequired":true,"valueName":"search_term_string"}}],"inLanguage":"es"},{"@type":"Organization","@id":"https:\/\/buenosdiasbcs.com\/#organization","name":"Buenos D\u00edas BCS","url":"https:\/\/buenosdiasbcs.com\/","logo":{"@type":"ImageObject","inLanguage":"es","@id":"https:\/\/buenosdiasbcs.com\/#\/schema\/logo\/image\/","url":"https:\/\/buenosdiasbcs.com\/wp-content\/uploads\/2026\/01\/logo-buenos-dias-40-01.png","contentUrl":"https:\/\/buenosdiasbcs.com\/wp-content\/uploads\/2026\/01\/logo-buenos-dias-40-01.png","width":277,"height":40,"caption":"Buenos D\u00edas BCS"},"image":{"@id":"https:\/\/buenosdiasbcs.com\/#\/schema\/logo\/image\/"}},{"@type":"Person","@id":"https:\/\/buenosdiasbcs.com\/#\/schema\/person\/15aedc247eab7070ee5d76d6d069a821","name":"Edici\u00f3n Buenos D\u00edas","image":{"@type":"ImageObject","inLanguage":"es","@id":"https:\/\/buenosdiasbcs.com\/wp-content\/uploads\/2026\/01\/cropped-sol-96x96.png","url":"https:\/\/buenosdiasbcs.com\/wp-content\/uploads\/2026\/01\/cropped-sol-96x96.png","contentUrl":"https:\/\/buenosdiasbcs.com\/wp-content\/uploads\/2026\/01\/cropped-sol-96x96.png","caption":"Edici\u00f3n Buenos D\u00edas"},"url":"https:\/\/buenosdiasbcs.com\/?author=2"}]}},"amp_enabled":true,"_links":{"self":[{"href":"https:\/\/buenosdiasbcs.com\/index.php?rest_route=\/wp\/v2\/posts\/4886","targetHints":{"allow":["GET"]}}],"collection":[{"href":"https:\/\/buenosdiasbcs.com\/index.php?rest_route=\/wp\/v2\/posts"}],"about":[{"href":"https:\/\/buenosdiasbcs.com\/index.php?rest_route=\/wp\/v2\/types\/post"}],"author":[{"embeddable":true,"href":"https:\/\/buenosdiasbcs.com\/index.php?rest_route=\/wp\/v2\/users\/2"}],"replies":[{"embeddable":true,"href":"https:\/\/buenosdiasbcs.com\/index.php?rest_route=%2Fwp%2Fv2%2Fcomments&post=4886"}],"version-history":[{"count":1,"href":"https:\/\/buenosdiasbcs.com\/index.php?rest_route=\/wp\/v2\/posts\/4886\/revisions"}],"predecessor-version":[{"id":4888,"href":"https:\/\/buenosdiasbcs.com\/index.php?rest_route=\/wp\/v2\/posts\/4886\/revisions\/4888"}],"wp:featuredmedia":[{"embeddable":true,"href":"https:\/\/buenosdiasbcs.com\/index.php?rest_route=\/wp\/v2\/media\/4887"}],"wp:attachment":[{"href":"https:\/\/buenosdiasbcs.com\/index.php?rest_route=%2Fwp%2Fv2%2Fmedia&parent=4886"}],"wp:term":[{"taxonomy":"category","embeddable":true,"href":"https:\/\/buenosdiasbcs.com\/index.php?rest_route=%2Fwp%2Fv2%2Fcategories&post=4886"},{"taxonomy":"post_tag","embeddable":true,"href":"https:\/\/buenosdiasbcs.com\/index.php?rest_route=%2Fwp%2Fv2%2Ftags&post=4886"}],"curies":[{"name":"wp","href":"https:\/\/api.w.org\/{rel}","templated":true}]}}