{"id":4883,"date":"2026-03-11T00:20:00","date_gmt":"2026-03-11T07:20:00","guid":{"rendered":"https:\/\/buenosdiasbcs.com\/?p=4883"},"modified":"2026-03-10T13:21:18","modified_gmt":"2026-03-10T20:21:18","slug":"pan-pri-y-mc-apoyaran-la-iniciativa-para-eliminar-las-pensiones-doradas","status":"publish","type":"post","link":"https:\/\/buenosdiasbcs.com\/?p=4883","title":{"rendered":"PAN, PRI y MC apoyar\u00e1n la iniciativa para eliminar las pensiones \u2018doradas\u2019"},"content":{"rendered":"\n<h2 class=\"wp-block-heading\" id=\"h-senadores-del-pan-pri-y-mc-adelantaron-que-respaldaran-la-iniciativa-presidencial-para-limitar-pensiones-de-altos-funcionarios-aunque-criticaron-su-diseno-y-senalaron-problemas-tecnicos-en-la-propuesta\">Senadores del PAN, PRI y MC adelantaron que respaldar\u00e1n la iniciativa presidencial para limitar pensiones de altos funcionarios, aunque criticaron su dise\u00f1o y se\u00f1alaron problemas t\u00e9cnicos en la propuesta.<\/h2>\n\n\n\n<p>Aunque est\u00e1 hecha con \u201clas patas\u201d, la oposici\u00f3n en el Senado votar\u00e1 a favor de las iniciativa presidencial para limitar las&nbsp;<a href=\"https:\/\/www.elfinanciero.com.mx\/nacional\/2026\/02\/19\/tope-a-pensiones-doradas-morena-prepara-reforma-de-sheinbaum-para-bajarlas-de-un-millon-a-70-mil-pesos-al-mes\/\">pensiones de altos funcionarios<\/a>&nbsp;del gobierno, adelantaron en entrevistas realizadas de formas previa a la&nbsp;<strong>Junta de Coordinaci\u00f3n Pol\u00edtica<\/strong>.<\/p>\n\n\n\n<p><strong>Ricardo Anaya<\/strong>, coordinador de la bancada del PAN, afirm\u00f3 que el voto ser\u00e1 a favor porque es indefendible que haya&nbsp;<a href=\"https:\/\/www.elfinanciero.com.mx\/nacional\/2026\/02\/18\/de-pemex-a-cfe-exfuncionarios-gozan-de-pensiones-de-300-mil-hasta-1-millon-de-pesos-ventila-sheinbaum\/\">exfuncionarios con pensiones de hasta un mill\u00f3n de pesos<\/a>.<\/p>\n\n\n\n<p>\u201cLa iniciativa est\u00e1 hecha con las patas. Est\u00e1 muy mal planteada, porque lo que pretenden es que el tope m\u00e1ximo de las pensiones se fije en funci\u00f3n, f\u00edjense nada m\u00e1s, del&nbsp;<a href=\"https:\/\/www.elfinanciero.com.mx\/nacional\/2024\/11\/15\/de-cuanto-sera-el-salario-de-la-presidenta-claudia-sheinbaum-en-2025\/\">sueldo de la presidenta de la Rep\u00fablica<\/a>, lo cual es un absurdo, porque si el d\u00eda de ma\u00f1ana esta presidenta o quien sea presidente de la Rep\u00fablica despu\u00e9s, decide subirse el sueldo, entonces aumentan las pensiones. Y si deciden bajarse el sueldo, entonces disminuyen las pensiones\u201d, apunt\u00f3.<\/p>\n\n\n\n<p>El l\u00edder blanquiazul coment\u00f3 que la modificaci\u00f3n debe hacerse en&nbsp;<a href=\"https:\/\/www.inegi.org.mx\/temas\/uma\/\">Unidad de M\u00e9dida y Actualizaci\u00f3n<\/a>, como ya pasa con las&nbsp;<a href=\"https:\/\/www.elfinanciero.com.mx\/nacional\/2025\/12\/30\/reducen-edad-de-jubilacion-en-el-issste-a-los-cuantos-anos-podras-hacerlos-y-para-quienes-aplica\/\">pensiones del ISSSTE<\/a>. \u201cLas pensiones del ISSSTE est\u00e1n topadas a 10 UMAS, que son m\u00e1s o menos 35 mil pesos. Las&nbsp;<strong>pensiones del IMSS<\/strong>&nbsp;est\u00e1n topadas a 25 UMAS, que es un poco m\u00e1s de 85 mil pesos. Si lo que se quiere es que sea la mitad del sueldo de la presidenta, o sea 70 mil pesos, est\u00e1 muy bien. Hay que topar las pensiones a 20 UMAS\u201d, dijo.<\/p>\n\n\n\n<p>Aunque la reforma prev\u00e9 aplicar la retroactividad, se pronunci\u00f3 porque en la discusi\u00f3n se tome en cuenta la sentencia que desde hace m\u00e1s de 10 a\u00f1os emiti\u00f3 la&nbsp;<a href=\"https:\/\/www.elfinanciero.com.mx\/nacional\/2025\/08\/23\/que-sabemos-de-la-pension-de-los-ministros-que-dejan-la-suprema-corte\/\">Suprema Corte de Justicia de la Naci\u00f3n (SCJN)<\/a>, respecto de que en una reforma constitucional no puede aplicar ese principio.<\/p>\n\n\n\n<p>En eso coincidi\u00f3&nbsp;<strong>Manuel A\u00f1orve<\/strong>, coordinador de la bancada del PRI, la cual tambi\u00e9n votar\u00e1 a favor.<\/p>\n\n\n\n<hr class=\"wp-block-separator has-alpha-channel-opacity\"\/>\n\n\n\n<p>\u201cRecuerden que en la Corte hay una ministra (<strong>Lenia Batres<\/strong>) que pretende abrir la cosa juzgada, afortunadamente no se ha dado as\u00ed. Y esto de la retroactividad, tenemos que dar un posicionamiento y lo vamos a hacer con mucha puntualidad en el Senado de la Rep\u00fablica y como un mensaje contundente al pueblo de M\u00e9xico\u201d.<\/p>\n\n\n\n<p><strong>Clemente Casta\u00f1eda<\/strong>, coordinador de Movimiento Ciudadano, perfil\u00f3 que tambi\u00e9n la avalen; sin embargo, resalt\u00f3 que no resuelve el problema de fondo de las pensiones.<\/p>\n\n\n\n<p>\u201cEs una reforma m\u00e1s de bandera pol\u00edtica\u2026 Digamos que es&nbsp;<strong>una reforma que atiende una m\u00ednima parte del problema<\/strong>. El problema no est\u00e1 en las pensiones estratosf\u00e9ricas, sino en el conjunto de elementos que est\u00e1n a punto de hacer colapsar el sistema de pensiones en su conjunto\u201d, apunt\u00f3 el emecista.<\/p>\n","protected":false},"excerpt":{"rendered":"<p>Senadores del PAN, PRI y MC adelantaron que respaldar\u00e1n la iniciativa presidencial para limitar pensiones de altos funcionarios, aunque criticaron&#8230;<\/p>\n","protected":false},"author":2,"featured_media":4884,"comment_status":"open","ping_status":"open","sticky":false,"template":"","format":"standard","meta":{"footnotes":""},"categories":[239],"tags":[],"class_list":["post-4883","post","type-post","status-publish","format-standard","has-post-thumbnail","hentry","category-partidos"],"yoast_head":"<!-- This site is optimized with the Yoast SEO Premium plugin v26.8 (Yoast SEO v27.4) - https:\/\/yoast.com\/product\/yoast-seo-premium-wordpress\/ -->\n<title>PAN, PRI y MC apoyar\u00e1n la iniciativa para eliminar las pensiones \u2018doradas\u2019 - Buenos D&iacute;as BCS<\/title>\n<meta name=\"robots\" content=\"index, follow, max-snippet:-1, max-image-preview:large, max-video-preview:-1\" \/>\n<link rel=\"canonical\" href=\"https:\/\/buenosdiasbcs.com\/?p=4883\" \/>\n<meta property=\"og:locale\" content=\"es_ES\" \/>\n<meta property=\"og:type\" content=\"article\" \/>\n<meta property=\"og:title\" content=\"PAN, PRI y MC apoyar\u00e1n la iniciativa para eliminar las pensiones \u2018doradas\u2019\" \/>\n<meta property=\"og:description\" content=\"Senadores del PAN, PRI y MC adelantaron que respaldar\u00e1n la iniciativa presidencial para limitar pensiones de altos funcionarios, aunque criticaron...\" \/>\n<meta property=\"og:url\" content=\"https:\/\/buenosdiasbcs.com\/?p=4883\" \/>\n<meta property=\"og:site_name\" content=\"Buenos D&iacute;as BCS\" \/>\n<meta property=\"article:published_time\" content=\"2026-03-11T07:20:00+00:00\" \/>\n<meta name=\"author\" content=\"Edici\u00f3n Buenos D\u00edas\" \/>\n<meta name=\"twitter:card\" content=\"summary_large_image\" \/>\n<meta name=\"twitter:label1\" content=\"Escrito por\" \/>\n\t<meta name=\"twitter:data1\" content=\"Edici\u00f3n Buenos D\u00edas\" \/>\n\t<meta name=\"twitter:label2\" content=\"Tiempo de lectura\" \/>\n\t<meta name=\"twitter:data2\" content=\"3 minutos\" \/>\n<script type=\"application\/ld+json\" class=\"yoast-schema-graph\">{\"@context\":\"https:\\\/\\\/schema.org\",\"@graph\":[{\"@type\":\"Article\",\"@id\":\"https:\\\/\\\/buenosdiasbcs.com\\\/?p=4883#article\",\"isPartOf\":{\"@id\":\"https:\\\/\\\/buenosdiasbcs.com\\\/?p=4883\"},\"author\":{\"name\":\"Edici\u00f3n Buenos D\u00edas\",\"@id\":\"https:\\\/\\\/buenosdiasbcs.com\\\/#\\\/schema\\\/person\\\/15aedc247eab7070ee5d76d6d069a821\"},\"headline\":\"PAN, PRI y MC apoyar\u00e1n la iniciativa para eliminar las pensiones \u2018doradas\u2019\",\"datePublished\":\"2026-03-11T07:20:00+00:00\",\"mainEntityOfPage\":{\"@id\":\"https:\\\/\\\/buenosdiasbcs.com\\\/?p=4883\"},\"wordCount\":518,\"commentCount\":0,\"publisher\":{\"@id\":\"https:\\\/\\\/buenosdiasbcs.com\\\/#organization\"},\"image\":{\"@id\":\"https:\\\/\\\/buenosdiasbcs.com\\\/?p=4883#primaryimage\"},\"thumbnailUrl\":\"https:\\\/\\\/buenosdiasbcs.com\\\/wp-content\\\/uploads\\\/2026\\\/03\\\/ZGHL2UZC6FADFL2QLPIQDNF2OQ.jpg.avif\",\"articleSection\":[\"Partidos\"],\"inLanguage\":\"es\",\"potentialAction\":[{\"@type\":\"CommentAction\",\"name\":\"Comment\",\"target\":[\"https:\\\/\\\/buenosdiasbcs.com\\\/?p=4883#respond\"]}]},{\"@type\":\"WebPage\",\"@id\":\"https:\\\/\\\/buenosdiasbcs.com\\\/?p=4883\",\"url\":\"https:\\\/\\\/buenosdiasbcs.com\\\/?p=4883\",\"name\":\"PAN, PRI y MC apoyar\u00e1n la iniciativa para eliminar las pensiones \u2018doradas\u2019 - Buenos D&iacute;as BCS\",\"isPartOf\":{\"@id\":\"https:\\\/\\\/buenosdiasbcs.com\\\/#website\"},\"primaryImageOfPage\":{\"@id\":\"https:\\\/\\\/buenosdiasbcs.com\\\/?p=4883#primaryimage\"},\"image\":{\"@id\":\"https:\\\/\\\/buenosdiasbcs.com\\\/?p=4883#primaryimage\"},\"thumbnailUrl\":\"https:\\\/\\\/buenosdiasbcs.com\\\/wp-content\\\/uploads\\\/2026\\\/03\\\/ZGHL2UZC6FADFL2QLPIQDNF2OQ.jpg.avif\",\"datePublished\":\"2026-03-11T07:20:00+00:00\",\"breadcrumb\":{\"@id\":\"https:\\\/\\\/buenosdiasbcs.com\\\/?p=4883#breadcrumb\"},\"inLanguage\":\"es\",\"potentialAction\":[{\"@type\":\"ReadAction\",\"target\":[\"https:\\\/\\\/buenosdiasbcs.com\\\/?p=4883\"]}]},{\"@type\":\"ImageObject\",\"inLanguage\":\"es\",\"@id\":\"https:\\\/\\\/buenosdiasbcs.com\\\/?p=4883#primaryimage\",\"url\":\"https:\\\/\\\/buenosdiasbcs.com\\\/wp-content\\\/uploads\\\/2026\\\/03\\\/ZGHL2UZC6FADFL2QLPIQDNF2OQ.jpg.avif\",\"contentUrl\":\"https:\\\/\\\/buenosdiasbcs.com\\\/wp-content\\\/uploads\\\/2026\\\/03\\\/ZGHL2UZC6FADFL2QLPIQDNF2OQ.jpg.avif\",\"width\":1200,\"height\":675},{\"@type\":\"BreadcrumbList\",\"@id\":\"https:\\\/\\\/buenosdiasbcs.com\\\/?p=4883#breadcrumb\",\"itemListElement\":[{\"@type\":\"ListItem\",\"position\":1,\"name\":\"Portada\",\"item\":\"https:\\\/\\\/buenosdiasbcs.com\\\/\"},{\"@type\":\"ListItem\",\"position\":2,\"name\":\"PAN, PRI y MC apoyar\u00e1n la iniciativa para eliminar las pensiones \u2018doradas\u2019\"}]},{\"@type\":\"WebSite\",\"@id\":\"https:\\\/\\\/buenosdiasbcs.com\\\/#website\",\"url\":\"https:\\\/\\\/buenosdiasbcs.com\\\/\",\"name\":\"Buenos D\u00edas BCS\",\"description\":\"\",\"publisher\":{\"@id\":\"https:\\\/\\\/buenosdiasbcs.com\\\/#organization\"},\"potentialAction\":[{\"@type\":\"SearchAction\",\"target\":{\"@type\":\"EntryPoint\",\"urlTemplate\":\"https:\\\/\\\/buenosdiasbcs.com\\\/?s={search_term_string}\"},\"query-input\":{\"@type\":\"PropertyValueSpecification\",\"valueRequired\":true,\"valueName\":\"search_term_string\"}}],\"inLanguage\":\"es\"},{\"@type\":\"Organization\",\"@id\":\"https:\\\/\\\/buenosdiasbcs.com\\\/#organization\",\"name\":\"Buenos D\u00edas BCS\",\"url\":\"https:\\\/\\\/buenosdiasbcs.com\\\/\",\"logo\":{\"@type\":\"ImageObject\",\"inLanguage\":\"es\",\"@id\":\"https:\\\/\\\/buenosdiasbcs.com\\\/#\\\/schema\\\/logo\\\/image\\\/\",\"url\":\"https:\\\/\\\/buenosdiasbcs.com\\\/wp-content\\\/uploads\\\/2026\\\/01\\\/logo-buenos-dias-40-01.png\",\"contentUrl\":\"https:\\\/\\\/buenosdiasbcs.com\\\/wp-content\\\/uploads\\\/2026\\\/01\\\/logo-buenos-dias-40-01.png\",\"width\":277,\"height\":40,\"caption\":\"Buenos D\u00edas BCS\"},\"image\":{\"@id\":\"https:\\\/\\\/buenosdiasbcs.com\\\/#\\\/schema\\\/logo\\\/image\\\/\"}},{\"@type\":\"Person\",\"@id\":\"https:\\\/\\\/buenosdiasbcs.com\\\/#\\\/schema\\\/person\\\/15aedc247eab7070ee5d76d6d069a821\",\"name\":\"Edici\u00f3n Buenos D\u00edas\",\"image\":{\"@type\":\"ImageObject\",\"inLanguage\":\"es\",\"@id\":\"https:\\\/\\\/buenosdiasbcs.com\\\/wp-content\\\/uploads\\\/2026\\\/01\\\/cropped-sol-96x96.png\",\"url\":\"https:\\\/\\\/buenosdiasbcs.com\\\/wp-content\\\/uploads\\\/2026\\\/01\\\/cropped-sol-96x96.png\",\"contentUrl\":\"https:\\\/\\\/buenosdiasbcs.com\\\/wp-content\\\/uploads\\\/2026\\\/01\\\/cropped-sol-96x96.png\",\"caption\":\"Edici\u00f3n Buenos D\u00edas\"},\"url\":\"https:\\\/\\\/buenosdiasbcs.com\\\/?author=2\"}]}<\/script>\n<!-- \/ Yoast SEO Premium plugin. -->","yoast_head_json":{"title":"PAN, PRI y MC apoyar\u00e1n la iniciativa para eliminar las pensiones \u2018doradas\u2019 - Buenos D&iacute;as BCS","robots":{"index":"index","follow":"follow","max-snippet":"max-snippet:-1","max-image-preview":"max-image-preview:large","max-video-preview":"max-video-preview:-1"},"canonical":"https:\/\/buenosdiasbcs.com\/?p=4883","og_locale":"es_ES","og_type":"article","og_title":"PAN, PRI y MC apoyar\u00e1n la iniciativa para eliminar las pensiones \u2018doradas\u2019","og_description":"Senadores del PAN, PRI y MC adelantaron que respaldar\u00e1n la iniciativa presidencial para limitar pensiones de altos funcionarios, aunque criticaron...","og_url":"https:\/\/buenosdiasbcs.com\/?p=4883","og_site_name":"Buenos D&iacute;as BCS","article_published_time":"2026-03-11T07:20:00+00:00","author":"Edici\u00f3n Buenos D\u00edas","twitter_card":"summary_large_image","twitter_misc":{"Escrito por":"Edici\u00f3n Buenos D\u00edas","Tiempo de lectura":"3 minutos"},"schema":{"@context":"https:\/\/schema.org","@graph":[{"@type":"Article","@id":"https:\/\/buenosdiasbcs.com\/?p=4883#article","isPartOf":{"@id":"https:\/\/buenosdiasbcs.com\/?p=4883"},"author":{"name":"Edici\u00f3n Buenos D\u00edas","@id":"https:\/\/buenosdiasbcs.com\/#\/schema\/person\/15aedc247eab7070ee5d76d6d069a821"},"headline":"PAN, PRI y MC apoyar\u00e1n la iniciativa para eliminar las pensiones \u2018doradas\u2019","datePublished":"2026-03-11T07:20:00+00:00","mainEntityOfPage":{"@id":"https:\/\/buenosdiasbcs.com\/?p=4883"},"wordCount":518,"commentCount":0,"publisher":{"@id":"https:\/\/buenosdiasbcs.com\/#organization"},"image":{"@id":"https:\/\/buenosdiasbcs.com\/?p=4883#primaryimage"},"thumbnailUrl":"https:\/\/buenosdiasbcs.com\/wp-content\/uploads\/2026\/03\/ZGHL2UZC6FADFL2QLPIQDNF2OQ.jpg.avif","articleSection":["Partidos"],"inLanguage":"es","potentialAction":[{"@type":"CommentAction","name":"Comment","target":["https:\/\/buenosdiasbcs.com\/?p=4883#respond"]}]},{"@type":"WebPage","@id":"https:\/\/buenosdiasbcs.com\/?p=4883","url":"https:\/\/buenosdiasbcs.com\/?p=4883","name":"PAN, PRI y MC apoyar\u00e1n la iniciativa para eliminar las pensiones \u2018doradas\u2019 - Buenos D&iacute;as BCS","isPartOf":{"@id":"https:\/\/buenosdiasbcs.com\/#website"},"primaryImageOfPage":{"@id":"https:\/\/buenosdiasbcs.com\/?p=4883#primaryimage"},"image":{"@id":"https:\/\/buenosdiasbcs.com\/?p=4883#primaryimage"},"thumbnailUrl":"https:\/\/buenosdiasbcs.com\/wp-content\/uploads\/2026\/03\/ZGHL2UZC6FADFL2QLPIQDNF2OQ.jpg.avif","datePublished":"2026-03-11T07:20:00+00:00","breadcrumb":{"@id":"https:\/\/buenosdiasbcs.com\/?p=4883#breadcrumb"},"inLanguage":"es","potentialAction":[{"@type":"ReadAction","target":["https:\/\/buenosdiasbcs.com\/?p=4883"]}]},{"@type":"ImageObject","inLanguage":"es","@id":"https:\/\/buenosdiasbcs.com\/?p=4883#primaryimage","url":"https:\/\/buenosdiasbcs.com\/wp-content\/uploads\/2026\/03\/ZGHL2UZC6FADFL2QLPIQDNF2OQ.jpg.avif","contentUrl":"https:\/\/buenosdiasbcs.com\/wp-content\/uploads\/2026\/03\/ZGHL2UZC6FADFL2QLPIQDNF2OQ.jpg.avif","width":1200,"height":675},{"@type":"BreadcrumbList","@id":"https:\/\/buenosdiasbcs.com\/?p=4883#breadcrumb","itemListElement":[{"@type":"ListItem","position":1,"name":"Portada","item":"https:\/\/buenosdiasbcs.com\/"},{"@type":"ListItem","position":2,"name":"PAN, PRI y MC apoyar\u00e1n la iniciativa para eliminar las pensiones \u2018doradas\u2019"}]},{"@type":"WebSite","@id":"https:\/\/buenosdiasbcs.com\/#website","url":"https:\/\/buenosdiasbcs.com\/","name":"Buenos D\u00edas BCS","description":"","publisher":{"@id":"https:\/\/buenosdiasbcs.com\/#organization"},"potentialAction":[{"@type":"SearchAction","target":{"@type":"EntryPoint","urlTemplate":"https:\/\/buenosdiasbcs.com\/?s={search_term_string}"},"query-input":{"@type":"PropertyValueSpecification","valueRequired":true,"valueName":"search_term_string"}}],"inLanguage":"es"},{"@type":"Organization","@id":"https:\/\/buenosdiasbcs.com\/#organization","name":"Buenos D\u00edas BCS","url":"https:\/\/buenosdiasbcs.com\/","logo":{"@type":"ImageObject","inLanguage":"es","@id":"https:\/\/buenosdiasbcs.com\/#\/schema\/logo\/image\/","url":"https:\/\/buenosdiasbcs.com\/wp-content\/uploads\/2026\/01\/logo-buenos-dias-40-01.png","contentUrl":"https:\/\/buenosdiasbcs.com\/wp-content\/uploads\/2026\/01\/logo-buenos-dias-40-01.png","width":277,"height":40,"caption":"Buenos D\u00edas BCS"},"image":{"@id":"https:\/\/buenosdiasbcs.com\/#\/schema\/logo\/image\/"}},{"@type":"Person","@id":"https:\/\/buenosdiasbcs.com\/#\/schema\/person\/15aedc247eab7070ee5d76d6d069a821","name":"Edici\u00f3n Buenos D\u00edas","image":{"@type":"ImageObject","inLanguage":"es","@id":"https:\/\/buenosdiasbcs.com\/wp-content\/uploads\/2026\/01\/cropped-sol-96x96.png","url":"https:\/\/buenosdiasbcs.com\/wp-content\/uploads\/2026\/01\/cropped-sol-96x96.png","contentUrl":"https:\/\/buenosdiasbcs.com\/wp-content\/uploads\/2026\/01\/cropped-sol-96x96.png","caption":"Edici\u00f3n Buenos D\u00edas"},"url":"https:\/\/buenosdiasbcs.com\/?author=2"}]}},"amp_enabled":true,"_links":{"self":[{"href":"https:\/\/buenosdiasbcs.com\/index.php?rest_route=\/wp\/v2\/posts\/4883","targetHints":{"allow":["GET"]}}],"collection":[{"href":"https:\/\/buenosdiasbcs.com\/index.php?rest_route=\/wp\/v2\/posts"}],"about":[{"href":"https:\/\/buenosdiasbcs.com\/index.php?rest_route=\/wp\/v2\/types\/post"}],"author":[{"embeddable":true,"href":"https:\/\/buenosdiasbcs.com\/index.php?rest_route=\/wp\/v2\/users\/2"}],"replies":[{"embeddable":true,"href":"https:\/\/buenosdiasbcs.com\/index.php?rest_route=%2Fwp%2Fv2%2Fcomments&post=4883"}],"version-history":[{"count":1,"href":"https:\/\/buenosdiasbcs.com\/index.php?rest_route=\/wp\/v2\/posts\/4883\/revisions"}],"predecessor-version":[{"id":4885,"href":"https:\/\/buenosdiasbcs.com\/index.php?rest_route=\/wp\/v2\/posts\/4883\/revisions\/4885"}],"wp:featuredmedia":[{"embeddable":true,"href":"https:\/\/buenosdiasbcs.com\/index.php?rest_route=\/wp\/v2\/media\/4884"}],"wp:attachment":[{"href":"https:\/\/buenosdiasbcs.com\/index.php?rest_route=%2Fwp%2Fv2%2Fmedia&parent=4883"}],"wp:term":[{"taxonomy":"category","embeddable":true,"href":"https:\/\/buenosdiasbcs.com\/index.php?rest_route=%2Fwp%2Fv2%2Fcategories&post=4883"},{"taxonomy":"post_tag","embeddable":true,"href":"https:\/\/buenosdiasbcs.com\/index.php?rest_route=%2Fwp%2Fv2%2Ftags&post=4883"}],"curies":[{"name":"wp","href":"https:\/\/api.w.org\/{rel}","templated":true}]}}