{"id":4880,"date":"2026-03-11T00:15:00","date_gmt":"2026-03-11T07:15:00","guid":{"rendered":"https:\/\/buenosdiasbcs.com\/?p=4880"},"modified":"2026-03-10T13:18:22","modified_gmt":"2026-03-10T20:18:22","slug":"la-seleccion-mexicana-ya-le-habria-pedido-al-betis-a-alvaro-fidalgo-para-la-fecha-fifa-de-marzo","status":"publish","type":"post","link":"https:\/\/buenosdiasbcs.com\/?p=4880","title":{"rendered":"La Selecci\u00f3n Mexicana ya le habr\u00eda pedido al Betis a \u00c1lvaro Fidalgo para la Fecha FIFA de marzo"},"content":{"rendered":"\n<h2 class=\"wp-block-heading\" id=\"h-el-maguito-podria-ser-convocado-para-los-partidos-contra-portugal-y-belgica\">&#8216;El Maguito&#8217; podr\u00eda ser convocado para los partidos contra Portugal y B\u00e9lgica<\/h2>\n\n\n\n<p>Parece ser que la novela de<strong>&nbsp;\u00c1lvaro Fidalgo y la&nbsp;<\/strong><a href=\"https:\/\/www.de10.com.mx\/futbol-internacional\/mundial-2026-cuando-y-donde-son-los-partidos-del-repechaje-en-guadalajara-y-monterrey\/\" target=\"_blank\" rel=\"noreferrer noopener\"><strong>Selecci\u00f3n Mexicana&nbsp;<\/strong><\/a>finalmente ha llegado a su fin. El exjugador del Am\u00e9rica que se naturaliz\u00f3, tendr\u00eda su primer llamado con el Tri en este mismo mes.<\/p>\n\n\n\n<p>La escuadra de Javier Aguirre se medir\u00e1 (muy posiblemente con Fidalgo) a sus similares de&nbsp;<strong>Portugal&nbsp;<\/strong>en el estadio Banorte el 28 de marzo, y a&nbsp;<strong>B\u00e9lgica<\/strong>, en el Soldier Field de Chicago, tres d\u00edas despu\u00e9s.&nbsp;<img decoding=\"async\" width=\"0\" height=\"620\" data-src=\"https:\/\/www.de10.com.mx\/resizer\/v2\/FISPZMSFOVANZH4JPA7G5XEHUQ.jpg?auth=0ee62d5aa53fdc43f9a42930ceb52a70cdcc876f240a4f6f558d173dcca0dad5&amp;smart=true&amp;height=620\" alt=\"\u00bfCu\u00e1ntos partidos le restan al equipo de Javier Aguirre antes del Mundial 2026? FOTO: Imago7\" src=\"data:image\/svg+xml;base64,PHN2ZyB3aWR0aD0iMSIgaGVpZ2h0PSIxIiB4bWxucz0iaHR0cDovL3d3dy53My5vcmcvMjAwMC9zdmciPjwvc3ZnPg==\" class=\"lazyload\"><\/p>\n\n\n\n<blockquote class=\"twitter-tweet\"><p lang=\"es\" dir=\"ltr\">PRIMER LLAMADO<br>La Direcci\u00f3n de Selecciones Nacionales de M\u00e9xico ha enviado comunicado al Betis para apartar la convocatoria de Alvaro Fidalgo para los juegos ante Portugal y B\u00e9lgica. El apartado es requisito indispensable para convocatorias de quienes juegan fuera del pa\u00eds. <a href=\"https:\/\/t.co\/WHNZQcor0n\">pic.twitter.com\/WHNZQcor0n<\/a><\/p>&mdash; david medrano felix (@medranoazteca) <a href=\"https:\/\/twitter.com\/medranoazteca\/status\/2031363100771791107?ref_src=twsrc%5Etfw\">March 10, 2026<\/a><\/blockquote> <script async src=\"https:\/\/platform.twitter.com\/widgets.js\" charset=\"utf-8\"><\/script>\n\n\n\n<p>De acuerdo con informaci\u00f3n del periodista de TV Azteca David Medrano,&nbsp;<strong>la Direcci\u00f3n de Selecciones Nacionales ya se ha puesto en contacto con el Real Betis,<\/strong>&nbsp;para que les &#8216;aparten&#8217; a Fidalgo para el pr\u00f3ximo par\u00f3n de selecciones.&nbsp;<\/p>\n\n\n\n<p>El tema del mediocampista y su posible llamado al conjunto nacional fue toda una controversia por su salida del Am\u00e9rica. Sin embargo, desde que milita en la liga de Espa\u00f1a,&nbsp;<strong>Fidalgo&nbsp;<\/strong>ha dejado en claro que se siente un mexicano m\u00e1s, y que le gustar\u00eda vestir los colores y, eventualmente, asistir a la&nbsp;<strong>Copa del Mundo de 2026<\/strong>.&nbsp;<img decoding=\"async\" width=\"0\" height=\"620\" data-src=\"https:\/\/www.de10.com.mx\/resizer\/v2\/XIMFWSETPVHURCUSSZZ2KTZPUM.jpg?auth=1aa3994f3d5195ed04be1496a4ce1b47b614036e999ae59336cc50ef62e5909c&amp;smart=true&amp;height=620\" alt=\"\u00c1lvaro Fidalgo vive su debut vs el Atl\u00e9tico de Madrid \/ Foto: EFE\" src=\"data:image\/svg+xml;base64,PHN2ZyB3aWR0aD0iMSIgaGVpZ2h0PSIxIiB4bWxucz0iaHR0cDovL3d3dy53My5vcmcvMjAwMC9zdmciPjwvc3ZnPg==\" class=\"lazyload\"><\/p>\n\n\n\n<h2 class=\"wp-block-heading\" id=\"h-a-que-hora-juega-mexico-contra-portugal-y-belgica\">\u00bfA qu\u00e9 hora juega M\u00e9xico contra Portugal y B\u00e9lgica?<\/h2>\n\n\n\n<p>El primer duelo ante los lusos, que muy probablemente no cuenten con Cristiano Ronaldo, y que ser\u00e1 la reinauguraci\u00f3n del&nbsp;<a href=\"https:\/\/www.de10.com.mx\/las-figuras\/mexico-vs-portugal-si-no-juega-cristiano-ronaldo-quienes-seran-las-estrellas-que-vedrian-al-estadio-banorte\/\" target=\"_blank\" rel=\"noreferrer noopener\"><strong>estadio Banorte<\/strong>,<\/a>est\u00e1 pactado para arrancar a las<strong>&nbsp;19:00 horas&nbsp;<\/strong>(tiempo del Centro de M\u00e9xico).<\/p>\n\n\n\n<p>Por otra parte, el compromiso contra\u00a0<strong>B\u00e9lgica\u00a0<\/strong>est\u00e1 programado para el 31 de marzo, tambi\u00e9n a las\u00a0<strong>7:00 pm,\u00a0<\/strong>horario de la CDMX.\u00a0<\/p>\n","protected":false},"excerpt":{"rendered":"<p>&#8216;El Maguito&#8217; podr\u00eda ser convocado para los partidos contra Portugal y B\u00e9lgica Parece ser que la novela de&nbsp;\u00c1lvaro Fidalgo y&#8230;<\/p>\n","protected":false},"author":2,"featured_media":4881,"comment_status":"open","ping_status":"open","sticky":false,"template":"","format":"standard","meta":{"footnotes":""},"categories":[34],"tags":[],"class_list":["post-4880","post","type-post","status-publish","format-standard","has-post-thumbnail","hentry","category-deportes"],"yoast_head":"<!-- This site is optimized with the Yoast SEO Premium plugin v26.8 (Yoast SEO v27.4) - https:\/\/yoast.com\/product\/yoast-seo-premium-wordpress\/ -->\n<title>La Selecci\u00f3n Mexicana ya le habr\u00eda pedido al Betis a \u00c1lvaro Fidalgo para la Fecha FIFA de marzo - Buenos D&iacute;as BCS<\/title>\n<meta name=\"robots\" content=\"index, follow, max-snippet:-1, max-image-preview:large, max-video-preview:-1\" \/>\n<link rel=\"canonical\" href=\"https:\/\/buenosdiasbcs.com\/?p=4880\" \/>\n<meta property=\"og:locale\" content=\"es_ES\" \/>\n<meta property=\"og:type\" content=\"article\" \/>\n<meta property=\"og:title\" content=\"La Selecci\u00f3n Mexicana ya le habr\u00eda pedido al Betis a \u00c1lvaro Fidalgo para la Fecha FIFA de marzo\" \/>\n<meta property=\"og:description\" content=\"&#8216;El Maguito&#8217; podr\u00eda ser convocado para los partidos contra Portugal y B\u00e9lgica Parece ser que la novela de&nbsp;\u00c1lvaro Fidalgo y...\" \/>\n<meta property=\"og:url\" content=\"https:\/\/buenosdiasbcs.com\/?p=4880\" \/>\n<meta property=\"og:site_name\" content=\"Buenos D&iacute;as BCS\" \/>\n<meta property=\"article:published_time\" content=\"2026-03-11T07:15:00+00:00\" \/>\n<meta name=\"author\" content=\"Edici\u00f3n Buenos D\u00edas\" \/>\n<meta name=\"twitter:card\" content=\"summary_large_image\" \/>\n<meta name=\"twitter:label1\" content=\"Escrito por\" \/>\n\t<meta name=\"twitter:data1\" content=\"Edici\u00f3n Buenos D\u00edas\" \/>\n\t<meta name=\"twitter:label2\" content=\"Tiempo de lectura\" \/>\n\t<meta name=\"twitter:data2\" content=\"2 minutos\" \/>\n<script type=\"application\/ld+json\" class=\"yoast-schema-graph\">{\"@context\":\"https:\\\/\\\/schema.org\",\"@graph\":[{\"@type\":\"Article\",\"@id\":\"https:\\\/\\\/buenosdiasbcs.com\\\/?p=4880#article\",\"isPartOf\":{\"@id\":\"https:\\\/\\\/buenosdiasbcs.com\\\/?p=4880\"},\"author\":{\"name\":\"Edici\u00f3n Buenos D\u00edas\",\"@id\":\"https:\\\/\\\/buenosdiasbcs.com\\\/#\\\/schema\\\/person\\\/15aedc247eab7070ee5d76d6d069a821\"},\"headline\":\"La Selecci\u00f3n Mexicana ya le habr\u00eda pedido al Betis a \u00c1lvaro Fidalgo para la Fecha FIFA de marzo\",\"datePublished\":\"2026-03-11T07:15:00+00:00\",\"mainEntityOfPage\":{\"@id\":\"https:\\\/\\\/buenosdiasbcs.com\\\/?p=4880\"},\"wordCount\":356,\"commentCount\":0,\"publisher\":{\"@id\":\"https:\\\/\\\/buenosdiasbcs.com\\\/#organization\"},\"image\":{\"@id\":\"https:\\\/\\\/buenosdiasbcs.com\\\/?p=4880#primaryimage\"},\"thumbnailUrl\":\"https:\\\/\\\/buenosdiasbcs.com\\\/wp-content\\\/uploads\\\/2026\\\/03\\\/DWBWVIAJMRADDAAAZA46UHCTDI.jpg.avif\",\"articleSection\":[\"Deportes\"],\"inLanguage\":\"es\",\"potentialAction\":[{\"@type\":\"CommentAction\",\"name\":\"Comment\",\"target\":[\"https:\\\/\\\/buenosdiasbcs.com\\\/?p=4880#respond\"]}]},{\"@type\":\"WebPage\",\"@id\":\"https:\\\/\\\/buenosdiasbcs.com\\\/?p=4880\",\"url\":\"https:\\\/\\\/buenosdiasbcs.com\\\/?p=4880\",\"name\":\"La Selecci\u00f3n Mexicana ya le habr\u00eda pedido al Betis a \u00c1lvaro Fidalgo para la Fecha FIFA de marzo - Buenos D&iacute;as BCS\",\"isPartOf\":{\"@id\":\"https:\\\/\\\/buenosdiasbcs.com\\\/#website\"},\"primaryImageOfPage\":{\"@id\":\"https:\\\/\\\/buenosdiasbcs.com\\\/?p=4880#primaryimage\"},\"image\":{\"@id\":\"https:\\\/\\\/buenosdiasbcs.com\\\/?p=4880#primaryimage\"},\"thumbnailUrl\":\"https:\\\/\\\/buenosdiasbcs.com\\\/wp-content\\\/uploads\\\/2026\\\/03\\\/DWBWVIAJMRADDAAAZA46UHCTDI.jpg.avif\",\"datePublished\":\"2026-03-11T07:15:00+00:00\",\"breadcrumb\":{\"@id\":\"https:\\\/\\\/buenosdiasbcs.com\\\/?p=4880#breadcrumb\"},\"inLanguage\":\"es\",\"potentialAction\":[{\"@type\":\"ReadAction\",\"target\":[\"https:\\\/\\\/buenosdiasbcs.com\\\/?p=4880\"]}]},{\"@type\":\"ImageObject\",\"inLanguage\":\"es\",\"@id\":\"https:\\\/\\\/buenosdiasbcs.com\\\/?p=4880#primaryimage\",\"url\":\"https:\\\/\\\/buenosdiasbcs.com\\\/wp-content\\\/uploads\\\/2026\\\/03\\\/DWBWVIAJMRADDAAAZA46UHCTDI.jpg.avif\",\"contentUrl\":\"https:\\\/\\\/buenosdiasbcs.com\\\/wp-content\\\/uploads\\\/2026\\\/03\\\/DWBWVIAJMRADDAAAZA46UHCTDI.jpg.avif\",\"width\":1081,\"height\":666},{\"@type\":\"BreadcrumbList\",\"@id\":\"https:\\\/\\\/buenosdiasbcs.com\\\/?p=4880#breadcrumb\",\"itemListElement\":[{\"@type\":\"ListItem\",\"position\":1,\"name\":\"Portada\",\"item\":\"https:\\\/\\\/buenosdiasbcs.com\\\/\"},{\"@type\":\"ListItem\",\"position\":2,\"name\":\"La Selecci\u00f3n Mexicana ya le habr\u00eda pedido al Betis a \u00c1lvaro Fidalgo para la Fecha FIFA de marzo\"}]},{\"@type\":\"WebSite\",\"@id\":\"https:\\\/\\\/buenosdiasbcs.com\\\/#website\",\"url\":\"https:\\\/\\\/buenosdiasbcs.com\\\/\",\"name\":\"Buenos D\u00edas BCS\",\"description\":\"\",\"publisher\":{\"@id\":\"https:\\\/\\\/buenosdiasbcs.com\\\/#organization\"},\"potentialAction\":[{\"@type\":\"SearchAction\",\"target\":{\"@type\":\"EntryPoint\",\"urlTemplate\":\"https:\\\/\\\/buenosdiasbcs.com\\\/?s={search_term_string}\"},\"query-input\":{\"@type\":\"PropertyValueSpecification\",\"valueRequired\":true,\"valueName\":\"search_term_string\"}}],\"inLanguage\":\"es\"},{\"@type\":\"Organization\",\"@id\":\"https:\\\/\\\/buenosdiasbcs.com\\\/#organization\",\"name\":\"Buenos D\u00edas BCS\",\"url\":\"https:\\\/\\\/buenosdiasbcs.com\\\/\",\"logo\":{\"@type\":\"ImageObject\",\"inLanguage\":\"es\",\"@id\":\"https:\\\/\\\/buenosdiasbcs.com\\\/#\\\/schema\\\/logo\\\/image\\\/\",\"url\":\"https:\\\/\\\/buenosdiasbcs.com\\\/wp-content\\\/uploads\\\/2026\\\/01\\\/logo-buenos-dias-40-01.png\",\"contentUrl\":\"https:\\\/\\\/buenosdiasbcs.com\\\/wp-content\\\/uploads\\\/2026\\\/01\\\/logo-buenos-dias-40-01.png\",\"width\":277,\"height\":40,\"caption\":\"Buenos D\u00edas BCS\"},\"image\":{\"@id\":\"https:\\\/\\\/buenosdiasbcs.com\\\/#\\\/schema\\\/logo\\\/image\\\/\"}},{\"@type\":\"Person\",\"@id\":\"https:\\\/\\\/buenosdiasbcs.com\\\/#\\\/schema\\\/person\\\/15aedc247eab7070ee5d76d6d069a821\",\"name\":\"Edici\u00f3n Buenos D\u00edas\",\"image\":{\"@type\":\"ImageObject\",\"inLanguage\":\"es\",\"@id\":\"https:\\\/\\\/buenosdiasbcs.com\\\/wp-content\\\/uploads\\\/2026\\\/01\\\/cropped-sol-96x96.png\",\"url\":\"https:\\\/\\\/buenosdiasbcs.com\\\/wp-content\\\/uploads\\\/2026\\\/01\\\/cropped-sol-96x96.png\",\"contentUrl\":\"https:\\\/\\\/buenosdiasbcs.com\\\/wp-content\\\/uploads\\\/2026\\\/01\\\/cropped-sol-96x96.png\",\"caption\":\"Edici\u00f3n Buenos D\u00edas\"},\"url\":\"https:\\\/\\\/buenosdiasbcs.com\\\/?author=2\"}]}<\/script>\n<!-- \/ Yoast SEO Premium plugin. -->","yoast_head_json":{"title":"La Selecci\u00f3n Mexicana ya le habr\u00eda pedido al Betis a \u00c1lvaro Fidalgo para la Fecha FIFA de marzo - Buenos D&iacute;as BCS","robots":{"index":"index","follow":"follow","max-snippet":"max-snippet:-1","max-image-preview":"max-image-preview:large","max-video-preview":"max-video-preview:-1"},"canonical":"https:\/\/buenosdiasbcs.com\/?p=4880","og_locale":"es_ES","og_type":"article","og_title":"La Selecci\u00f3n Mexicana ya le habr\u00eda pedido al Betis a \u00c1lvaro Fidalgo para la Fecha FIFA de marzo","og_description":"&#8216;El Maguito&#8217; podr\u00eda ser convocado para los partidos contra Portugal y B\u00e9lgica Parece ser que la novela de&nbsp;\u00c1lvaro Fidalgo y...","og_url":"https:\/\/buenosdiasbcs.com\/?p=4880","og_site_name":"Buenos D&iacute;as BCS","article_published_time":"2026-03-11T07:15:00+00:00","author":"Edici\u00f3n Buenos D\u00edas","twitter_card":"summary_large_image","twitter_misc":{"Escrito por":"Edici\u00f3n Buenos D\u00edas","Tiempo de lectura":"2 minutos"},"schema":{"@context":"https:\/\/schema.org","@graph":[{"@type":"Article","@id":"https:\/\/buenosdiasbcs.com\/?p=4880#article","isPartOf":{"@id":"https:\/\/buenosdiasbcs.com\/?p=4880"},"author":{"name":"Edici\u00f3n Buenos D\u00edas","@id":"https:\/\/buenosdiasbcs.com\/#\/schema\/person\/15aedc247eab7070ee5d76d6d069a821"},"headline":"La Selecci\u00f3n Mexicana ya le habr\u00eda pedido al Betis a \u00c1lvaro Fidalgo para la Fecha FIFA de marzo","datePublished":"2026-03-11T07:15:00+00:00","mainEntityOfPage":{"@id":"https:\/\/buenosdiasbcs.com\/?p=4880"},"wordCount":356,"commentCount":0,"publisher":{"@id":"https:\/\/buenosdiasbcs.com\/#organization"},"image":{"@id":"https:\/\/buenosdiasbcs.com\/?p=4880#primaryimage"},"thumbnailUrl":"https:\/\/buenosdiasbcs.com\/wp-content\/uploads\/2026\/03\/DWBWVIAJMRADDAAAZA46UHCTDI.jpg.avif","articleSection":["Deportes"],"inLanguage":"es","potentialAction":[{"@type":"CommentAction","name":"Comment","target":["https:\/\/buenosdiasbcs.com\/?p=4880#respond"]}]},{"@type":"WebPage","@id":"https:\/\/buenosdiasbcs.com\/?p=4880","url":"https:\/\/buenosdiasbcs.com\/?p=4880","name":"La Selecci\u00f3n Mexicana ya le habr\u00eda pedido al Betis a \u00c1lvaro Fidalgo para la Fecha FIFA de marzo - Buenos D&iacute;as BCS","isPartOf":{"@id":"https:\/\/buenosdiasbcs.com\/#website"},"primaryImageOfPage":{"@id":"https:\/\/buenosdiasbcs.com\/?p=4880#primaryimage"},"image":{"@id":"https:\/\/buenosdiasbcs.com\/?p=4880#primaryimage"},"thumbnailUrl":"https:\/\/buenosdiasbcs.com\/wp-content\/uploads\/2026\/03\/DWBWVIAJMRADDAAAZA46UHCTDI.jpg.avif","datePublished":"2026-03-11T07:15:00+00:00","breadcrumb":{"@id":"https:\/\/buenosdiasbcs.com\/?p=4880#breadcrumb"},"inLanguage":"es","potentialAction":[{"@type":"ReadAction","target":["https:\/\/buenosdiasbcs.com\/?p=4880"]}]},{"@type":"ImageObject","inLanguage":"es","@id":"https:\/\/buenosdiasbcs.com\/?p=4880#primaryimage","url":"https:\/\/buenosdiasbcs.com\/wp-content\/uploads\/2026\/03\/DWBWVIAJMRADDAAAZA46UHCTDI.jpg.avif","contentUrl":"https:\/\/buenosdiasbcs.com\/wp-content\/uploads\/2026\/03\/DWBWVIAJMRADDAAAZA46UHCTDI.jpg.avif","width":1081,"height":666},{"@type":"BreadcrumbList","@id":"https:\/\/buenosdiasbcs.com\/?p=4880#breadcrumb","itemListElement":[{"@type":"ListItem","position":1,"name":"Portada","item":"https:\/\/buenosdiasbcs.com\/"},{"@type":"ListItem","position":2,"name":"La Selecci\u00f3n Mexicana ya le habr\u00eda pedido al Betis a \u00c1lvaro Fidalgo para la Fecha FIFA de marzo"}]},{"@type":"WebSite","@id":"https:\/\/buenosdiasbcs.com\/#website","url":"https:\/\/buenosdiasbcs.com\/","name":"Buenos D\u00edas BCS","description":"","publisher":{"@id":"https:\/\/buenosdiasbcs.com\/#organization"},"potentialAction":[{"@type":"SearchAction","target":{"@type":"EntryPoint","urlTemplate":"https:\/\/buenosdiasbcs.com\/?s={search_term_string}"},"query-input":{"@type":"PropertyValueSpecification","valueRequired":true,"valueName":"search_term_string"}}],"inLanguage":"es"},{"@type":"Organization","@id":"https:\/\/buenosdiasbcs.com\/#organization","name":"Buenos D\u00edas BCS","url":"https:\/\/buenosdiasbcs.com\/","logo":{"@type":"ImageObject","inLanguage":"es","@id":"https:\/\/buenosdiasbcs.com\/#\/schema\/logo\/image\/","url":"https:\/\/buenosdiasbcs.com\/wp-content\/uploads\/2026\/01\/logo-buenos-dias-40-01.png","contentUrl":"https:\/\/buenosdiasbcs.com\/wp-content\/uploads\/2026\/01\/logo-buenos-dias-40-01.png","width":277,"height":40,"caption":"Buenos D\u00edas BCS"},"image":{"@id":"https:\/\/buenosdiasbcs.com\/#\/schema\/logo\/image\/"}},{"@type":"Person","@id":"https:\/\/buenosdiasbcs.com\/#\/schema\/person\/15aedc247eab7070ee5d76d6d069a821","name":"Edici\u00f3n Buenos D\u00edas","image":{"@type":"ImageObject","inLanguage":"es","@id":"https:\/\/buenosdiasbcs.com\/wp-content\/uploads\/2026\/01\/cropped-sol-96x96.png","url":"https:\/\/buenosdiasbcs.com\/wp-content\/uploads\/2026\/01\/cropped-sol-96x96.png","contentUrl":"https:\/\/buenosdiasbcs.com\/wp-content\/uploads\/2026\/01\/cropped-sol-96x96.png","caption":"Edici\u00f3n Buenos D\u00edas"},"url":"https:\/\/buenosdiasbcs.com\/?author=2"}]}},"amp_enabled":true,"_links":{"self":[{"href":"https:\/\/buenosdiasbcs.com\/index.php?rest_route=\/wp\/v2\/posts\/4880","targetHints":{"allow":["GET"]}}],"collection":[{"href":"https:\/\/buenosdiasbcs.com\/index.php?rest_route=\/wp\/v2\/posts"}],"about":[{"href":"https:\/\/buenosdiasbcs.com\/index.php?rest_route=\/wp\/v2\/types\/post"}],"author":[{"embeddable":true,"href":"https:\/\/buenosdiasbcs.com\/index.php?rest_route=\/wp\/v2\/users\/2"}],"replies":[{"embeddable":true,"href":"https:\/\/buenosdiasbcs.com\/index.php?rest_route=%2Fwp%2Fv2%2Fcomments&post=4880"}],"version-history":[{"count":1,"href":"https:\/\/buenosdiasbcs.com\/index.php?rest_route=\/wp\/v2\/posts\/4880\/revisions"}],"predecessor-version":[{"id":4882,"href":"https:\/\/buenosdiasbcs.com\/index.php?rest_route=\/wp\/v2\/posts\/4880\/revisions\/4882"}],"wp:featuredmedia":[{"embeddable":true,"href":"https:\/\/buenosdiasbcs.com\/index.php?rest_route=\/wp\/v2\/media\/4881"}],"wp:attachment":[{"href":"https:\/\/buenosdiasbcs.com\/index.php?rest_route=%2Fwp%2Fv2%2Fmedia&parent=4880"}],"wp:term":[{"taxonomy":"category","embeddable":true,"href":"https:\/\/buenosdiasbcs.com\/index.php?rest_route=%2Fwp%2Fv2%2Fcategories&post=4880"},{"taxonomy":"post_tag","embeddable":true,"href":"https:\/\/buenosdiasbcs.com\/index.php?rest_route=%2Fwp%2Fv2%2Ftags&post=4880"}],"curies":[{"name":"wp","href":"https:\/\/api.w.org\/{rel}","templated":true}]}}