{"id":4877,"date":"2026-03-11T00:11:00","date_gmt":"2026-03-11T07:11:00","guid":{"rendered":"https:\/\/buenosdiasbcs.com\/?p=4877"},"modified":"2026-03-10T13:13:05","modified_gmt":"2026-03-10T20:13:05","slug":"eu-cifra-en-5600-millones-de-dolares-el-costo-de-los-2-primeros-dias-de-la-guerra-en-iran","status":"publish","type":"post","link":"https:\/\/buenosdiasbcs.com\/?p=4877","title":{"rendered":"EU cifra en 5,600 millones de d\u00f3lares el costo de los 2 primeros d\u00edas de la guerra en Ir\u00e1n"},"content":{"rendered":"\n<h2 class=\"wp-block-heading\" id=\"h-el-gobierno-de-donald-trump-afirmo-haber-utilizado-5-600-millones-de-dolares-en-municiones-durante-los-dos-primeros-dias-de-ataques-contra-iran-segun-un-informe-presentado-ante-los-comites-del-congreso\">El Gobierno de Donald Trump afirm\u00f3 \u2060haber utilizado 5,600 millones de d\u00f3lares en municiones durante los \u200cdos primeros d\u00edas de ataques contra \u2060Ir\u00e1n, seg\u00fan un informe \u2060presentado ante los comit\u00e9s del Congreso.<\/h2>\n\n\n\n<p>El Gobierno de&nbsp;<strong>Donald Trump<\/strong>&nbsp;afirm\u00f3 \u2060haber utilizado 5,600 millones de d\u00f3lares en municiones durante los dos primeros d\u00edas de ataques contra \u2060Ir\u00e1n, seg\u00fan un informe \u2060presentado ante los comit\u00e9s del Congreso, inform\u00f3 este martes una fuente familiarizada con la informaci\u00f3n.<\/p>\n\n\n\n<p>Los miembros del Congreso, que&nbsp;<strong>pronto podr\u00edan tener que aprobar fondos adicionales para la guerra<\/strong>, han expresado su preocupaci\u00f3n por que el conflicto agote las reservas militares estadounidenses en un momento en que la industria de defensa ya tiene dificultades para satisfacer la demanda.<\/p>\n\n\n\n<p>Trump se reuni\u00f3 el viernes con ejecutivos de siete contratistas de defensa, mientras el Pent\u00e1gono trabajaba para reponer los suministros.<\/p>\n\n\n\n<p>El Gobierno no ha proporcionado una evaluaci\u00f3n p\u00fablica del costo del&nbsp;<strong>conflicto que inici\u00f3 el 28 de febrero<\/strong>&nbsp;junto con Israel.<\/p>\n\n\n\n<p>Los miembros dem\u00f3cratas del Congreso han reclamado m\u00e1s informaci\u00f3n, incluyendo testimonios p\u00fablicos \u2060de funcionarios sobre cuestiones como la \u2060forma en que \u2060el conflicto podr\u00eda afectar a la preparaci\u00f3n del ej\u00e9rcito para \u2060defender el pa\u00eds.<\/p>\n\n\n\n<p>En un discurso pronunciado el martes, el senador dem\u00f3crata Chuck Schumer pidi\u00f3 al Gobierno federal que comparezca ante el Congreso.<\/p>\n\n\n\n<p>&#8220;Cuando se trata de enviar a nuestros militares a situaciones de peligro, el pueblo estadounidense necesita entender por qu\u00e9. Pero en este \u2060momento, ni siquiera tienen un &#8220;por \u200bqu\u00e9&#8221;. Eso tiene que cambiar&#8221;, dijo Schumer.<\/p>\n\n\n\n<h2 class=\"wp-block-heading\" id=\"h-hasta-150-soldados-de-eu-heridos-en-la-guerra-de-iran\">Hasta 150 soldados de EU, heridos en la guerra de Ir\u00e1n<\/h2>\n\n\n\n<p>Unos 150 soldados estadounidenses \u2060han resultado heridos \u2060hasta ahora en la guerra con Ir\u00e1n, informaron este martes a Reuters dos personas familiarizadas con el asunto.<\/p>\n\n\n\n<p>La cifra no se hab\u00eda dado a conocer antes y es&nbsp;<strong>muy superior a la revelada p\u00fablicamente por el Pent\u00e1gono<\/strong>, que era de ocho soldados estadounidenses gravemente \u2060heridos.<\/p>\n\n\n\n<p>El Pent\u00e1gono \u2060confirm\u00f3 \u2060el reporte de Reuters, \u2060se\u00f1alando que unos 140 soldados han sido heridos en los 10 d\u00edas de conflicto.<\/p>\n","protected":false},"excerpt":{"rendered":"<p>El Gobierno de Donald Trump afirm\u00f3 \u2060haber utilizado 5,600 millones de d\u00f3lares en municiones durante los \u200cdos primeros d\u00edas de&#8230;<\/p>\n","protected":false},"author":2,"featured_media":4878,"comment_status":"open","ping_status":"open","sticky":false,"template":"","format":"standard","meta":{"footnotes":""},"categories":[29],"tags":[],"class_list":["post-4877","post","type-post","status-publish","format-standard","has-post-thumbnail","hentry","category-internacional"],"yoast_head":"<!-- This site is optimized with the Yoast SEO Premium plugin v26.8 (Yoast SEO v27.4) - https:\/\/yoast.com\/product\/yoast-seo-premium-wordpress\/ -->\n<title>EU cifra en 5,600 millones de d\u00f3lares el costo de los 2 primeros d\u00edas de la guerra en Ir\u00e1n - Buenos D&iacute;as BCS<\/title>\n<meta name=\"robots\" content=\"index, follow, max-snippet:-1, max-image-preview:large, max-video-preview:-1\" \/>\n<link rel=\"canonical\" href=\"https:\/\/buenosdiasbcs.com\/?p=4877\" \/>\n<meta property=\"og:locale\" content=\"es_ES\" \/>\n<meta property=\"og:type\" content=\"article\" \/>\n<meta property=\"og:title\" content=\"EU cifra en 5,600 millones de d\u00f3lares el costo de los 2 primeros d\u00edas de la guerra en Ir\u00e1n\" \/>\n<meta property=\"og:description\" content=\"El Gobierno de Donald Trump afirm\u00f3 \u2060haber utilizado 5,600 millones de d\u00f3lares en municiones durante los \u200cdos primeros d\u00edas de...\" \/>\n<meta property=\"og:url\" content=\"https:\/\/buenosdiasbcs.com\/?p=4877\" \/>\n<meta property=\"og:site_name\" content=\"Buenos D&iacute;as BCS\" \/>\n<meta property=\"article:published_time\" content=\"2026-03-11T07:11:00+00:00\" \/>\n<meta property=\"og:image\" content=\"https:\/\/buenosdiasbcs.com\/wp-content\/uploads\/2026\/03\/69afac21d1d5c.jpeg.webp\" \/>\n\t<meta property=\"og:image:width\" content=\"1280\" \/>\n\t<meta property=\"og:image:height\" content=\"720\" \/>\n\t<meta property=\"og:image:type\" content=\"image\/webp\" \/>\n<meta name=\"author\" content=\"Edici\u00f3n Buenos D\u00edas\" \/>\n<meta name=\"twitter:card\" content=\"summary_large_image\" \/>\n<meta name=\"twitter:label1\" content=\"Escrito por\" \/>\n\t<meta name=\"twitter:data1\" content=\"Edici\u00f3n Buenos D\u00edas\" \/>\n\t<meta name=\"twitter:label2\" content=\"Tiempo de lectura\" \/>\n\t<meta name=\"twitter:data2\" content=\"2 minutos\" \/>\n<script type=\"application\/ld+json\" class=\"yoast-schema-graph\">{\"@context\":\"https:\\\/\\\/schema.org\",\"@graph\":[{\"@type\":\"Article\",\"@id\":\"https:\\\/\\\/buenosdiasbcs.com\\\/?p=4877#article\",\"isPartOf\":{\"@id\":\"https:\\\/\\\/buenosdiasbcs.com\\\/?p=4877\"},\"author\":{\"name\":\"Edici\u00f3n Buenos D\u00edas\",\"@id\":\"https:\\\/\\\/buenosdiasbcs.com\\\/#\\\/schema\\\/person\\\/15aedc247eab7070ee5d76d6d069a821\"},\"headline\":\"EU cifra en 5,600 millones de d\u00f3lares el costo de los 2 primeros d\u00edas de la guerra en Ir\u00e1n\",\"datePublished\":\"2026-03-11T07:11:00+00:00\",\"mainEntityOfPage\":{\"@id\":\"https:\\\/\\\/buenosdiasbcs.com\\\/?p=4877\"},\"wordCount\":384,\"commentCount\":0,\"publisher\":{\"@id\":\"https:\\\/\\\/buenosdiasbcs.com\\\/#organization\"},\"image\":{\"@id\":\"https:\\\/\\\/buenosdiasbcs.com\\\/?p=4877#primaryimage\"},\"thumbnailUrl\":\"https:\\\/\\\/buenosdiasbcs.com\\\/wp-content\\\/uploads\\\/2026\\\/03\\\/69afac21d1d5c.jpeg.webp\",\"articleSection\":[\"Internacional\"],\"inLanguage\":\"es\",\"potentialAction\":[{\"@type\":\"CommentAction\",\"name\":\"Comment\",\"target\":[\"https:\\\/\\\/buenosdiasbcs.com\\\/?p=4877#respond\"]}]},{\"@type\":\"WebPage\",\"@id\":\"https:\\\/\\\/buenosdiasbcs.com\\\/?p=4877\",\"url\":\"https:\\\/\\\/buenosdiasbcs.com\\\/?p=4877\",\"name\":\"EU cifra en 5,600 millones de d\u00f3lares el costo de los 2 primeros d\u00edas de la guerra en Ir\u00e1n - Buenos D&iacute;as BCS\",\"isPartOf\":{\"@id\":\"https:\\\/\\\/buenosdiasbcs.com\\\/#website\"},\"primaryImageOfPage\":{\"@id\":\"https:\\\/\\\/buenosdiasbcs.com\\\/?p=4877#primaryimage\"},\"image\":{\"@id\":\"https:\\\/\\\/buenosdiasbcs.com\\\/?p=4877#primaryimage\"},\"thumbnailUrl\":\"https:\\\/\\\/buenosdiasbcs.com\\\/wp-content\\\/uploads\\\/2026\\\/03\\\/69afac21d1d5c.jpeg.webp\",\"datePublished\":\"2026-03-11T07:11:00+00:00\",\"breadcrumb\":{\"@id\":\"https:\\\/\\\/buenosdiasbcs.com\\\/?p=4877#breadcrumb\"},\"inLanguage\":\"es\",\"potentialAction\":[{\"@type\":\"ReadAction\",\"target\":[\"https:\\\/\\\/buenosdiasbcs.com\\\/?p=4877\"]}]},{\"@type\":\"ImageObject\",\"inLanguage\":\"es\",\"@id\":\"https:\\\/\\\/buenosdiasbcs.com\\\/?p=4877#primaryimage\",\"url\":\"https:\\\/\\\/buenosdiasbcs.com\\\/wp-content\\\/uploads\\\/2026\\\/03\\\/69afac21d1d5c.jpeg.webp\",\"contentUrl\":\"https:\\\/\\\/buenosdiasbcs.com\\\/wp-content\\\/uploads\\\/2026\\\/03\\\/69afac21d1d5c.jpeg.webp\",\"width\":1280,\"height\":720},{\"@type\":\"BreadcrumbList\",\"@id\":\"https:\\\/\\\/buenosdiasbcs.com\\\/?p=4877#breadcrumb\",\"itemListElement\":[{\"@type\":\"ListItem\",\"position\":1,\"name\":\"Portada\",\"item\":\"https:\\\/\\\/buenosdiasbcs.com\\\/\"},{\"@type\":\"ListItem\",\"position\":2,\"name\":\"EU cifra en 5,600 millones de d\u00f3lares el costo de los 2 primeros d\u00edas de la guerra en Ir\u00e1n\"}]},{\"@type\":\"WebSite\",\"@id\":\"https:\\\/\\\/buenosdiasbcs.com\\\/#website\",\"url\":\"https:\\\/\\\/buenosdiasbcs.com\\\/\",\"name\":\"Buenos D\u00edas BCS\",\"description\":\"\",\"publisher\":{\"@id\":\"https:\\\/\\\/buenosdiasbcs.com\\\/#organization\"},\"potentialAction\":[{\"@type\":\"SearchAction\",\"target\":{\"@type\":\"EntryPoint\",\"urlTemplate\":\"https:\\\/\\\/buenosdiasbcs.com\\\/?s={search_term_string}\"},\"query-input\":{\"@type\":\"PropertyValueSpecification\",\"valueRequired\":true,\"valueName\":\"search_term_string\"}}],\"inLanguage\":\"es\"},{\"@type\":\"Organization\",\"@id\":\"https:\\\/\\\/buenosdiasbcs.com\\\/#organization\",\"name\":\"Buenos D\u00edas BCS\",\"url\":\"https:\\\/\\\/buenosdiasbcs.com\\\/\",\"logo\":{\"@type\":\"ImageObject\",\"inLanguage\":\"es\",\"@id\":\"https:\\\/\\\/buenosdiasbcs.com\\\/#\\\/schema\\\/logo\\\/image\\\/\",\"url\":\"https:\\\/\\\/buenosdiasbcs.com\\\/wp-content\\\/uploads\\\/2026\\\/01\\\/logo-buenos-dias-40-01.png\",\"contentUrl\":\"https:\\\/\\\/buenosdiasbcs.com\\\/wp-content\\\/uploads\\\/2026\\\/01\\\/logo-buenos-dias-40-01.png\",\"width\":277,\"height\":40,\"caption\":\"Buenos D\u00edas BCS\"},\"image\":{\"@id\":\"https:\\\/\\\/buenosdiasbcs.com\\\/#\\\/schema\\\/logo\\\/image\\\/\"}},{\"@type\":\"Person\",\"@id\":\"https:\\\/\\\/buenosdiasbcs.com\\\/#\\\/schema\\\/person\\\/15aedc247eab7070ee5d76d6d069a821\",\"name\":\"Edici\u00f3n Buenos D\u00edas\",\"image\":{\"@type\":\"ImageObject\",\"inLanguage\":\"es\",\"@id\":\"https:\\\/\\\/buenosdiasbcs.com\\\/wp-content\\\/uploads\\\/2026\\\/01\\\/cropped-sol-96x96.png\",\"url\":\"https:\\\/\\\/buenosdiasbcs.com\\\/wp-content\\\/uploads\\\/2026\\\/01\\\/cropped-sol-96x96.png\",\"contentUrl\":\"https:\\\/\\\/buenosdiasbcs.com\\\/wp-content\\\/uploads\\\/2026\\\/01\\\/cropped-sol-96x96.png\",\"caption\":\"Edici\u00f3n Buenos D\u00edas\"},\"url\":\"https:\\\/\\\/buenosdiasbcs.com\\\/?author=2\"}]}<\/script>\n<!-- \/ Yoast SEO Premium plugin. -->","yoast_head_json":{"title":"EU cifra en 5,600 millones de d\u00f3lares el costo de los 2 primeros d\u00edas de la guerra en Ir\u00e1n - Buenos D&iacute;as BCS","robots":{"index":"index","follow":"follow","max-snippet":"max-snippet:-1","max-image-preview":"max-image-preview:large","max-video-preview":"max-video-preview:-1"},"canonical":"https:\/\/buenosdiasbcs.com\/?p=4877","og_locale":"es_ES","og_type":"article","og_title":"EU cifra en 5,600 millones de d\u00f3lares el costo de los 2 primeros d\u00edas de la guerra en Ir\u00e1n","og_description":"El Gobierno de Donald Trump afirm\u00f3 \u2060haber utilizado 5,600 millones de d\u00f3lares en municiones durante los \u200cdos primeros d\u00edas de...","og_url":"https:\/\/buenosdiasbcs.com\/?p=4877","og_site_name":"Buenos D&iacute;as BCS","article_published_time":"2026-03-11T07:11:00+00:00","og_image":[{"width":1280,"height":720,"url":"https:\/\/buenosdiasbcs.com\/wp-content\/uploads\/2026\/03\/69afac21d1d5c.jpeg.webp","type":"image\/webp"}],"author":"Edici\u00f3n Buenos D\u00edas","twitter_card":"summary_large_image","twitter_misc":{"Escrito por":"Edici\u00f3n Buenos D\u00edas","Tiempo de lectura":"2 minutos"},"schema":{"@context":"https:\/\/schema.org","@graph":[{"@type":"Article","@id":"https:\/\/buenosdiasbcs.com\/?p=4877#article","isPartOf":{"@id":"https:\/\/buenosdiasbcs.com\/?p=4877"},"author":{"name":"Edici\u00f3n Buenos D\u00edas","@id":"https:\/\/buenosdiasbcs.com\/#\/schema\/person\/15aedc247eab7070ee5d76d6d069a821"},"headline":"EU cifra en 5,600 millones de d\u00f3lares el costo de los 2 primeros d\u00edas de la guerra en Ir\u00e1n","datePublished":"2026-03-11T07:11:00+00:00","mainEntityOfPage":{"@id":"https:\/\/buenosdiasbcs.com\/?p=4877"},"wordCount":384,"commentCount":0,"publisher":{"@id":"https:\/\/buenosdiasbcs.com\/#organization"},"image":{"@id":"https:\/\/buenosdiasbcs.com\/?p=4877#primaryimage"},"thumbnailUrl":"https:\/\/buenosdiasbcs.com\/wp-content\/uploads\/2026\/03\/69afac21d1d5c.jpeg.webp","articleSection":["Internacional"],"inLanguage":"es","potentialAction":[{"@type":"CommentAction","name":"Comment","target":["https:\/\/buenosdiasbcs.com\/?p=4877#respond"]}]},{"@type":"WebPage","@id":"https:\/\/buenosdiasbcs.com\/?p=4877","url":"https:\/\/buenosdiasbcs.com\/?p=4877","name":"EU cifra en 5,600 millones de d\u00f3lares el costo de los 2 primeros d\u00edas de la guerra en Ir\u00e1n - Buenos D&iacute;as BCS","isPartOf":{"@id":"https:\/\/buenosdiasbcs.com\/#website"},"primaryImageOfPage":{"@id":"https:\/\/buenosdiasbcs.com\/?p=4877#primaryimage"},"image":{"@id":"https:\/\/buenosdiasbcs.com\/?p=4877#primaryimage"},"thumbnailUrl":"https:\/\/buenosdiasbcs.com\/wp-content\/uploads\/2026\/03\/69afac21d1d5c.jpeg.webp","datePublished":"2026-03-11T07:11:00+00:00","breadcrumb":{"@id":"https:\/\/buenosdiasbcs.com\/?p=4877#breadcrumb"},"inLanguage":"es","potentialAction":[{"@type":"ReadAction","target":["https:\/\/buenosdiasbcs.com\/?p=4877"]}]},{"@type":"ImageObject","inLanguage":"es","@id":"https:\/\/buenosdiasbcs.com\/?p=4877#primaryimage","url":"https:\/\/buenosdiasbcs.com\/wp-content\/uploads\/2026\/03\/69afac21d1d5c.jpeg.webp","contentUrl":"https:\/\/buenosdiasbcs.com\/wp-content\/uploads\/2026\/03\/69afac21d1d5c.jpeg.webp","width":1280,"height":720},{"@type":"BreadcrumbList","@id":"https:\/\/buenosdiasbcs.com\/?p=4877#breadcrumb","itemListElement":[{"@type":"ListItem","position":1,"name":"Portada","item":"https:\/\/buenosdiasbcs.com\/"},{"@type":"ListItem","position":2,"name":"EU cifra en 5,600 millones de d\u00f3lares el costo de los 2 primeros d\u00edas de la guerra en Ir\u00e1n"}]},{"@type":"WebSite","@id":"https:\/\/buenosdiasbcs.com\/#website","url":"https:\/\/buenosdiasbcs.com\/","name":"Buenos D\u00edas BCS","description":"","publisher":{"@id":"https:\/\/buenosdiasbcs.com\/#organization"},"potentialAction":[{"@type":"SearchAction","target":{"@type":"EntryPoint","urlTemplate":"https:\/\/buenosdiasbcs.com\/?s={search_term_string}"},"query-input":{"@type":"PropertyValueSpecification","valueRequired":true,"valueName":"search_term_string"}}],"inLanguage":"es"},{"@type":"Organization","@id":"https:\/\/buenosdiasbcs.com\/#organization","name":"Buenos D\u00edas BCS","url":"https:\/\/buenosdiasbcs.com\/","logo":{"@type":"ImageObject","inLanguage":"es","@id":"https:\/\/buenosdiasbcs.com\/#\/schema\/logo\/image\/","url":"https:\/\/buenosdiasbcs.com\/wp-content\/uploads\/2026\/01\/logo-buenos-dias-40-01.png","contentUrl":"https:\/\/buenosdiasbcs.com\/wp-content\/uploads\/2026\/01\/logo-buenos-dias-40-01.png","width":277,"height":40,"caption":"Buenos D\u00edas BCS"},"image":{"@id":"https:\/\/buenosdiasbcs.com\/#\/schema\/logo\/image\/"}},{"@type":"Person","@id":"https:\/\/buenosdiasbcs.com\/#\/schema\/person\/15aedc247eab7070ee5d76d6d069a821","name":"Edici\u00f3n Buenos D\u00edas","image":{"@type":"ImageObject","inLanguage":"es","@id":"https:\/\/buenosdiasbcs.com\/wp-content\/uploads\/2026\/01\/cropped-sol-96x96.png","url":"https:\/\/buenosdiasbcs.com\/wp-content\/uploads\/2026\/01\/cropped-sol-96x96.png","contentUrl":"https:\/\/buenosdiasbcs.com\/wp-content\/uploads\/2026\/01\/cropped-sol-96x96.png","caption":"Edici\u00f3n Buenos D\u00edas"},"url":"https:\/\/buenosdiasbcs.com\/?author=2"}]}},"amp_enabled":true,"_links":{"self":[{"href":"https:\/\/buenosdiasbcs.com\/index.php?rest_route=\/wp\/v2\/posts\/4877","targetHints":{"allow":["GET"]}}],"collection":[{"href":"https:\/\/buenosdiasbcs.com\/index.php?rest_route=\/wp\/v2\/posts"}],"about":[{"href":"https:\/\/buenosdiasbcs.com\/index.php?rest_route=\/wp\/v2\/types\/post"}],"author":[{"embeddable":true,"href":"https:\/\/buenosdiasbcs.com\/index.php?rest_route=\/wp\/v2\/users\/2"}],"replies":[{"embeddable":true,"href":"https:\/\/buenosdiasbcs.com\/index.php?rest_route=%2Fwp%2Fv2%2Fcomments&post=4877"}],"version-history":[{"count":1,"href":"https:\/\/buenosdiasbcs.com\/index.php?rest_route=\/wp\/v2\/posts\/4877\/revisions"}],"predecessor-version":[{"id":4879,"href":"https:\/\/buenosdiasbcs.com\/index.php?rest_route=\/wp\/v2\/posts\/4877\/revisions\/4879"}],"wp:featuredmedia":[{"embeddable":true,"href":"https:\/\/buenosdiasbcs.com\/index.php?rest_route=\/wp\/v2\/media\/4878"}],"wp:attachment":[{"href":"https:\/\/buenosdiasbcs.com\/index.php?rest_route=%2Fwp%2Fv2%2Fmedia&parent=4877"}],"wp:term":[{"taxonomy":"category","embeddable":true,"href":"https:\/\/buenosdiasbcs.com\/index.php?rest_route=%2Fwp%2Fv2%2Fcategories&post=4877"},{"taxonomy":"post_tag","embeddable":true,"href":"https:\/\/buenosdiasbcs.com\/index.php?rest_route=%2Fwp%2Fv2%2Ftags&post=4877"}],"curies":[{"name":"wp","href":"https:\/\/api.w.org\/{rel}","templated":true}]}}