{"id":4867,"date":"2026-03-11T00:02:00","date_gmt":"2026-03-11T07:02:00","guid":{"rendered":"https:\/\/buenosdiasbcs.com\/?p=4867"},"modified":"2026-03-10T13:04:07","modified_gmt":"2026-03-10T20:04:07","slug":"guillermo-ochoa-regresa-a-la-seleccion-mexicana-tras-reunion-con-javier-aguirre","status":"publish","type":"post","link":"https:\/\/buenosdiasbcs.com\/?p=4867","title":{"rendered":"Guillermo Ochoa regresa a la Selecci\u00f3n Mexicana tras reuni\u00f3n con Javier Aguirre"},"content":{"rendered":"\n<h2 class=\"wp-block-heading\" id=\"h-guillermo-ochoa-regresa-a-la-seleccion-mexicana-javier-aguirre-convocara-al-portero-del-ael-limassol-para-los-amistosos-contra-portugal-y-belgica\">Guillermo Ochoa regresa a la Selecci\u00f3n Mexicana. Javier Aguirre convocar\u00e1 al portero del AEL Limassol para los amistosos contra Portugal y B\u00e9lgica<\/h2>\n\n\n\n<p>El radar de la&nbsp;<strong><a href=\"https:\/\/www.excelsior.com.mx\/deportes\/cesar-montes-lesionados-mexico-mundial-2026\" target=\"_blank\" rel=\"noreferrer noopener\">Selecci\u00f3n Mexicana<\/a><\/strong>&nbsp;se encendi\u00f3 con fuerza en territorio europeo. Tras la reciente gira de&nbsp;<strong>Javier Aguirre<\/strong>&nbsp;por el&nbsp;<strong>Viejo Continente<\/strong>, el nombre de&nbsp;<strong><a href=\"https:\/\/www.excelsior.com.mx\/deportes\/futbolista-mexicano-que-juega-andorra-quiere-ver-memo-ochoa-mundial-2026\" target=\"_blank\" rel=\"noreferrer noopener\">Guillermo Ochoa<\/a><\/strong>&nbsp;volvi\u00f3 a colocarse en el centro de la conversaci\u00f3n deportiva. Lo que parec\u00eda un ciclo cerrado bajo la gesti\u00f3n del&nbsp;<strong>&#8216;Vasco&#8217;<\/strong>, dio un giro inesperado tras una reuni\u00f3n personal entre el estratega y el experimentado guardameta en Chipre.<\/p>\n\n\n\n<figure class=\"wp-block-image is-resized\"><img decoding=\"async\" data-src=\"https:\/\/imagenes.excelsior.com.mx\/files\/image_449_252\/files\/fp\/uploads\/2026\/03\/10\/69b06b5981a1c.r_d.1067-698-2070.jpeg\" alt=\"thumb\" style=\"width:760px;height:auto\" src=\"data:image\/svg+xml;base64,PHN2ZyB3aWR0aD0iMSIgaGVpZ2h0PSIxIiB4bWxucz0iaHR0cDovL3d3dy53My5vcmcvMjAwMC9zdmciPjwvc3ZnPg==\" class=\"lazyload\" \/><figcaption class=\"wp-element-caption\">Guillermo Ochoa en un entrenamiento de la Selecci\u00f3n Mexicana.Mexsport<\/figcaption><\/figure>\n\n\n\n<p>La noticia lleg\u00f3 directamente desde las oficinas del&nbsp;<strong>AEL Limassol<\/strong>. El club chipriota confirm\u00f3 que recibi\u00f3 formalmente el&nbsp;<strong>apartado de convocatoria<\/strong>&nbsp;por parte de la&nbsp;<strong>Federaci\u00f3n Mexicana de Futbol<\/strong>. Con esto, se hace oficial que&nbsp;<strong>Ochoa<\/strong>&nbsp;formar\u00e1 parte de la expedici\u00f3n tricolor para la&nbsp;<strong>fecha FIFA de marzo<\/strong>, donde el equipo mexicano enfrentar\u00e1 retos de alto calibre ante las selecciones de&nbsp;<strong><a href=\"https:\/\/www.excelsior.com.mx\/deportes\/femexfut-mueve-cielo-y-tierra-para-que-cristiano-venga-mexico-con-seleccion-portuguesa\" target=\"_blank\" rel=\"noreferrer noopener\">Portugal<\/a><\/strong>&nbsp;y&nbsp;<strong>B\u00e9lgica<\/strong>.<\/p>\n\n\n\n<h2 class=\"wp-block-heading\" id=\"h-un-regreso-esperado-tras-meses-de-ausencia-en-la-seleccion-mexicana\">UN REGRESO ESPERADO TRAS MESES DE AUSENCIA EN LA SELECCI\u00d3N MEXICANA<\/h2>\n\n\n\n<p>La \u00faltima vez que la afici\u00f3n vio a&nbsp;<strong>Guillermo Ochoa<\/strong>&nbsp;con la indumentaria nacional fue el&nbsp;<strong>6 de julio de 2025<\/strong>, durante la final de la&nbsp;<strong>Copa Oro<\/strong>. Sin embargo, en aquella ocasi\u00f3n no sum\u00f3 minutos en el terreno de juego. Para encontrar su \u00faltima participaci\u00f3n activa bajo los tres palos, debemos remontarnos al&nbsp;<strong>15 de noviembre de 2024<\/strong>, en aquel amargo encuentro de ida de los cuartos de final de la&nbsp;<strong>Concacaf Nations League<\/strong>&nbsp;frente a&nbsp;<strong>Honduras<\/strong>, donde el combinado nacional sufri\u00f3 una derrota de 2-0.<\/p>\n\n\n\n<figure class=\"wp-block-image is-resized\"><img decoding=\"async\" data-src=\"https:\/\/imagenes.excelsior.com.mx\/files\/image_449_252\/files\/fp\/uploads\/2026\/03\/10\/69b06adcb9613.r_d.1591-566-1497.jpeg\" alt=\"thumb\" style=\"width:760px;height:auto\" src=\"data:image\/svg+xml;base64,PHN2ZyB3aWR0aD0iMSIgaGVpZ2h0PSIxIiB4bWxucz0iaHR0cDovL3d3dy53My5vcmcvMjAwMC9zdmciPjwvc3ZnPg==\" class=\"lazyload\" \/><figcaption class=\"wp-element-caption\">Guillermo Ochoa tras un partido en Honduras.Mexsport<\/figcaption><\/figure>\n\n\n\n<p>Desde ese momento, el&nbsp;<strong>&#8216;Vasco&#8217; Aguirre<\/strong>&nbsp;apost\u00f3 por una&nbsp;<strong>transici\u00f3n generacional<\/strong>&nbsp;evidente. Durante&nbsp;<strong>16 meses<\/strong>, la porter\u00eda qued\u00f3 en manos de figuras emergentes como&nbsp;<strong>Luis \u00c1ngel Malag\u00f3n<\/strong>&nbsp;y&nbsp;<strong>Ra\u00fal \u2018Tala\u2019 Rangel<\/strong>, quienes mostraron solvencia y buscaron consolidarse como los herederos del puesto. No obstante, la jerarqu\u00eda de&nbsp;<strong>Ochoa<\/strong>&nbsp;y su presente en la liga de Chipre convencieron al cuerpo t\u00e9cnico de que su proceso a\u00fan no termina.<\/p>\n\n\n\n<h2 class=\"wp-block-heading\" id=\"h-experiencia-rumbo-al-mundial-2026-el-ultimo-baile\">EXPERIENCIA RUMBO AL MUNDIAL 2026: \u00bfEL \u00daLTIMO BAILE?<\/h2>\n\n\n\n<p>La decisi\u00f3n de&nbsp;<strong>Javier Aguirre<\/strong>&nbsp;no es obra de la casualidad. Con el&nbsp;<strong>Mundial 2026<\/strong>a la vuelta de la esquina, el cuerpo t\u00e9cnico entiende que la&nbsp;<strong>experiencia<\/strong>&nbsp;es un activo invaluable en torneos de corta duraci\u00f3n y m\u00e1xima presi\u00f3n. Aunque&nbsp;<strong>Malag\u00f3n<\/strong>&nbsp;y&nbsp;<strong>Rangel<\/strong>&nbsp;pelean palmo a palmo por la titularidad, el regreso de&nbsp;<strong>Guillermo Ochoa<\/strong>&nbsp;pone una dosis de competencia interna que beneficia al grupo.<\/p>\n\n\n\n<figure class=\"wp-block-image is-resized\"><img decoding=\"async\" data-src=\"https:\/\/imagenes.excelsior.com.mx\/files\/image_449_252\/files\/fp\/uploads\/2026\/03\/10\/69b06c011b446.r_d.1500-1195-1497.jpeg\" alt=\"thumb\" style=\"width:760px;height:auto\" src=\"data:image\/svg+xml;base64,PHN2ZyB3aWR0aD0iMSIgaGVpZ2h0PSIxIiB4bWxucz0iaHR0cDovL3d3dy53My5vcmcvMjAwMC9zdmciPjwvc3ZnPg==\" class=\"lazyload\" \/><figcaption class=\"wp-element-caption\">Guillermo Ochoa atajando un bal\u00f3n con la Selecci\u00f3n Mexicana.Mexsport<\/figcaption><\/figure>\n\n\n\n<p>El&nbsp;<strong>futbol<\/strong>&nbsp;internacional no perdona y enfrentar a delanteros de la talla de los que presentan&nbsp;<strong>Portugal<\/strong>&nbsp;y&nbsp;<strong>B\u00e9lgica<\/strong>&nbsp;requiere de un liderazgo probado.&nbsp;<strong>Ochoa<\/strong>&nbsp;vuelve con la intenci\u00f3n de demostrar que sus reflejos siguen intactos y que la distancia geogr\u00e1fica no es impedimento para ser el guardi\u00e1n del arco nacional. Esta convocatoria de marzo ser\u00e1 la prueba de fuego para definir si el veterano arquero llegar\u00e1 firme a la lista final de la&nbsp;<strong>Copa del Mundo<\/strong>.<\/p>\n","protected":false},"excerpt":{"rendered":"<p>Guillermo Ochoa regresa a la Selecci\u00f3n Mexicana. Javier Aguirre convocar\u00e1 al portero del AEL Limassol para los amistosos contra Portugal&#8230;<\/p>\n","protected":false},"author":2,"featured_media":4868,"comment_status":"open","ping_status":"open","sticky":false,"template":"","format":"standard","meta":{"footnotes":""},"categories":[34],"tags":[],"class_list":["post-4867","post","type-post","status-publish","format-standard","has-post-thumbnail","hentry","category-deportes"],"yoast_head":"<!-- This site is optimized with the Yoast SEO Premium plugin v26.8 (Yoast SEO v27.4) - https:\/\/yoast.com\/product\/yoast-seo-premium-wordpress\/ -->\n<title>Guillermo Ochoa regresa a la Selecci\u00f3n Mexicana tras reuni\u00f3n con Javier Aguirre - Buenos D&iacute;as BCS<\/title>\n<meta name=\"robots\" content=\"index, follow, max-snippet:-1, max-image-preview:large, max-video-preview:-1\" \/>\n<link rel=\"canonical\" href=\"https:\/\/buenosdiasbcs.com\/?p=4867\" \/>\n<meta property=\"og:locale\" content=\"es_ES\" \/>\n<meta property=\"og:type\" content=\"article\" \/>\n<meta property=\"og:title\" content=\"Guillermo Ochoa regresa a la Selecci\u00f3n Mexicana tras reuni\u00f3n con Javier Aguirre\" \/>\n<meta property=\"og:description\" content=\"Guillermo Ochoa regresa a la Selecci\u00f3n Mexicana. Javier Aguirre convocar\u00e1 al portero del AEL Limassol para los amistosos contra Portugal...\" \/>\n<meta property=\"og:url\" content=\"https:\/\/buenosdiasbcs.com\/?p=4867\" \/>\n<meta property=\"og:site_name\" content=\"Buenos D&iacute;as BCS\" \/>\n<meta property=\"article:published_time\" content=\"2026-03-11T07:02:00+00:00\" \/>\n<meta property=\"og:image\" content=\"https:\/\/buenosdiasbcs.com\/wp-content\/uploads\/2026\/03\/69b067586a832.jpeg\" \/>\n\t<meta property=\"og:image:width\" content=\"813\" \/>\n\t<meta property=\"og:image:height\" content=\"542\" \/>\n\t<meta property=\"og:image:type\" content=\"image\/jpeg\" \/>\n<meta name=\"author\" content=\"Edici\u00f3n Buenos D\u00edas\" \/>\n<meta name=\"twitter:card\" content=\"summary_large_image\" \/>\n<meta name=\"twitter:label1\" content=\"Escrito por\" \/>\n\t<meta name=\"twitter:data1\" content=\"Edici\u00f3n Buenos D\u00edas\" \/>\n\t<meta name=\"twitter:label2\" content=\"Tiempo de lectura\" \/>\n\t<meta name=\"twitter:data2\" content=\"4 minutos\" \/>\n<script type=\"application\/ld+json\" class=\"yoast-schema-graph\">{\"@context\":\"https:\\\/\\\/schema.org\",\"@graph\":[{\"@type\":\"Article\",\"@id\":\"https:\\\/\\\/buenosdiasbcs.com\\\/?p=4867#article\",\"isPartOf\":{\"@id\":\"https:\\\/\\\/buenosdiasbcs.com\\\/?p=4867\"},\"author\":{\"name\":\"Edici\u00f3n Buenos D\u00edas\",\"@id\":\"https:\\\/\\\/buenosdiasbcs.com\\\/#\\\/schema\\\/person\\\/15aedc247eab7070ee5d76d6d069a821\"},\"headline\":\"Guillermo Ochoa regresa a la Selecci\u00f3n Mexicana tras reuni\u00f3n con Javier Aguirre\",\"datePublished\":\"2026-03-11T07:02:00+00:00\",\"mainEntityOfPage\":{\"@id\":\"https:\\\/\\\/buenosdiasbcs.com\\\/?p=4867\"},\"wordCount\":594,\"commentCount\":0,\"publisher\":{\"@id\":\"https:\\\/\\\/buenosdiasbcs.com\\\/#organization\"},\"image\":{\"@id\":\"https:\\\/\\\/buenosdiasbcs.com\\\/?p=4867#primaryimage\"},\"thumbnailUrl\":\"https:\\\/\\\/buenosdiasbcs.com\\\/wp-content\\\/uploads\\\/2026\\\/03\\\/69b067586a832.jpeg\",\"articleSection\":[\"Deportes\"],\"inLanguage\":\"es\",\"potentialAction\":[{\"@type\":\"CommentAction\",\"name\":\"Comment\",\"target\":[\"https:\\\/\\\/buenosdiasbcs.com\\\/?p=4867#respond\"]}]},{\"@type\":\"WebPage\",\"@id\":\"https:\\\/\\\/buenosdiasbcs.com\\\/?p=4867\",\"url\":\"https:\\\/\\\/buenosdiasbcs.com\\\/?p=4867\",\"name\":\"Guillermo Ochoa regresa a la Selecci\u00f3n Mexicana tras reuni\u00f3n con Javier Aguirre - Buenos D&iacute;as BCS\",\"isPartOf\":{\"@id\":\"https:\\\/\\\/buenosdiasbcs.com\\\/#website\"},\"primaryImageOfPage\":{\"@id\":\"https:\\\/\\\/buenosdiasbcs.com\\\/?p=4867#primaryimage\"},\"image\":{\"@id\":\"https:\\\/\\\/buenosdiasbcs.com\\\/?p=4867#primaryimage\"},\"thumbnailUrl\":\"https:\\\/\\\/buenosdiasbcs.com\\\/wp-content\\\/uploads\\\/2026\\\/03\\\/69b067586a832.jpeg\",\"datePublished\":\"2026-03-11T07:02:00+00:00\",\"breadcrumb\":{\"@id\":\"https:\\\/\\\/buenosdiasbcs.com\\\/?p=4867#breadcrumb\"},\"inLanguage\":\"es\",\"potentialAction\":[{\"@type\":\"ReadAction\",\"target\":[\"https:\\\/\\\/buenosdiasbcs.com\\\/?p=4867\"]}]},{\"@type\":\"ImageObject\",\"inLanguage\":\"es\",\"@id\":\"https:\\\/\\\/buenosdiasbcs.com\\\/?p=4867#primaryimage\",\"url\":\"https:\\\/\\\/buenosdiasbcs.com\\\/wp-content\\\/uploads\\\/2026\\\/03\\\/69b067586a832.jpeg\",\"contentUrl\":\"https:\\\/\\\/buenosdiasbcs.com\\\/wp-content\\\/uploads\\\/2026\\\/03\\\/69b067586a832.jpeg\",\"width\":813,\"height\":542},{\"@type\":\"BreadcrumbList\",\"@id\":\"https:\\\/\\\/buenosdiasbcs.com\\\/?p=4867#breadcrumb\",\"itemListElement\":[{\"@type\":\"ListItem\",\"position\":1,\"name\":\"Portada\",\"item\":\"https:\\\/\\\/buenosdiasbcs.com\\\/\"},{\"@type\":\"ListItem\",\"position\":2,\"name\":\"Guillermo Ochoa regresa a la Selecci\u00f3n Mexicana tras reuni\u00f3n con Javier Aguirre\"}]},{\"@type\":\"WebSite\",\"@id\":\"https:\\\/\\\/buenosdiasbcs.com\\\/#website\",\"url\":\"https:\\\/\\\/buenosdiasbcs.com\\\/\",\"name\":\"Buenos D\u00edas BCS\",\"description\":\"\",\"publisher\":{\"@id\":\"https:\\\/\\\/buenosdiasbcs.com\\\/#organization\"},\"potentialAction\":[{\"@type\":\"SearchAction\",\"target\":{\"@type\":\"EntryPoint\",\"urlTemplate\":\"https:\\\/\\\/buenosdiasbcs.com\\\/?s={search_term_string}\"},\"query-input\":{\"@type\":\"PropertyValueSpecification\",\"valueRequired\":true,\"valueName\":\"search_term_string\"}}],\"inLanguage\":\"es\"},{\"@type\":\"Organization\",\"@id\":\"https:\\\/\\\/buenosdiasbcs.com\\\/#organization\",\"name\":\"Buenos D\u00edas BCS\",\"url\":\"https:\\\/\\\/buenosdiasbcs.com\\\/\",\"logo\":{\"@type\":\"ImageObject\",\"inLanguage\":\"es\",\"@id\":\"https:\\\/\\\/buenosdiasbcs.com\\\/#\\\/schema\\\/logo\\\/image\\\/\",\"url\":\"https:\\\/\\\/buenosdiasbcs.com\\\/wp-content\\\/uploads\\\/2026\\\/01\\\/logo-buenos-dias-40-01.png\",\"contentUrl\":\"https:\\\/\\\/buenosdiasbcs.com\\\/wp-content\\\/uploads\\\/2026\\\/01\\\/logo-buenos-dias-40-01.png\",\"width\":277,\"height\":40,\"caption\":\"Buenos D\u00edas BCS\"},\"image\":{\"@id\":\"https:\\\/\\\/buenosdiasbcs.com\\\/#\\\/schema\\\/logo\\\/image\\\/\"}},{\"@type\":\"Person\",\"@id\":\"https:\\\/\\\/buenosdiasbcs.com\\\/#\\\/schema\\\/person\\\/15aedc247eab7070ee5d76d6d069a821\",\"name\":\"Edici\u00f3n Buenos D\u00edas\",\"image\":{\"@type\":\"ImageObject\",\"inLanguage\":\"es\",\"@id\":\"https:\\\/\\\/buenosdiasbcs.com\\\/wp-content\\\/uploads\\\/2026\\\/01\\\/cropped-sol-96x96.png\",\"url\":\"https:\\\/\\\/buenosdiasbcs.com\\\/wp-content\\\/uploads\\\/2026\\\/01\\\/cropped-sol-96x96.png\",\"contentUrl\":\"https:\\\/\\\/buenosdiasbcs.com\\\/wp-content\\\/uploads\\\/2026\\\/01\\\/cropped-sol-96x96.png\",\"caption\":\"Edici\u00f3n Buenos D\u00edas\"},\"url\":\"https:\\\/\\\/buenosdiasbcs.com\\\/?author=2\"}]}<\/script>\n<!-- \/ Yoast SEO Premium plugin. -->","yoast_head_json":{"title":"Guillermo Ochoa regresa a la Selecci\u00f3n Mexicana tras reuni\u00f3n con Javier Aguirre - Buenos D&iacute;as BCS","robots":{"index":"index","follow":"follow","max-snippet":"max-snippet:-1","max-image-preview":"max-image-preview:large","max-video-preview":"max-video-preview:-1"},"canonical":"https:\/\/buenosdiasbcs.com\/?p=4867","og_locale":"es_ES","og_type":"article","og_title":"Guillermo Ochoa regresa a la Selecci\u00f3n Mexicana tras reuni\u00f3n con Javier Aguirre","og_description":"Guillermo Ochoa regresa a la Selecci\u00f3n Mexicana. Javier Aguirre convocar\u00e1 al portero del AEL Limassol para los amistosos contra Portugal...","og_url":"https:\/\/buenosdiasbcs.com\/?p=4867","og_site_name":"Buenos D&iacute;as BCS","article_published_time":"2026-03-11T07:02:00+00:00","og_image":[{"width":813,"height":542,"url":"https:\/\/buenosdiasbcs.com\/wp-content\/uploads\/2026\/03\/69b067586a832.jpeg","type":"image\/jpeg"}],"author":"Edici\u00f3n Buenos D\u00edas","twitter_card":"summary_large_image","twitter_misc":{"Escrito por":"Edici\u00f3n Buenos D\u00edas","Tiempo de lectura":"4 minutos"},"schema":{"@context":"https:\/\/schema.org","@graph":[{"@type":"Article","@id":"https:\/\/buenosdiasbcs.com\/?p=4867#article","isPartOf":{"@id":"https:\/\/buenosdiasbcs.com\/?p=4867"},"author":{"name":"Edici\u00f3n Buenos D\u00edas","@id":"https:\/\/buenosdiasbcs.com\/#\/schema\/person\/15aedc247eab7070ee5d76d6d069a821"},"headline":"Guillermo Ochoa regresa a la Selecci\u00f3n Mexicana tras reuni\u00f3n con Javier Aguirre","datePublished":"2026-03-11T07:02:00+00:00","mainEntityOfPage":{"@id":"https:\/\/buenosdiasbcs.com\/?p=4867"},"wordCount":594,"commentCount":0,"publisher":{"@id":"https:\/\/buenosdiasbcs.com\/#organization"},"image":{"@id":"https:\/\/buenosdiasbcs.com\/?p=4867#primaryimage"},"thumbnailUrl":"https:\/\/buenosdiasbcs.com\/wp-content\/uploads\/2026\/03\/69b067586a832.jpeg","articleSection":["Deportes"],"inLanguage":"es","potentialAction":[{"@type":"CommentAction","name":"Comment","target":["https:\/\/buenosdiasbcs.com\/?p=4867#respond"]}]},{"@type":"WebPage","@id":"https:\/\/buenosdiasbcs.com\/?p=4867","url":"https:\/\/buenosdiasbcs.com\/?p=4867","name":"Guillermo Ochoa regresa a la Selecci\u00f3n Mexicana tras reuni\u00f3n con Javier Aguirre - Buenos D&iacute;as BCS","isPartOf":{"@id":"https:\/\/buenosdiasbcs.com\/#website"},"primaryImageOfPage":{"@id":"https:\/\/buenosdiasbcs.com\/?p=4867#primaryimage"},"image":{"@id":"https:\/\/buenosdiasbcs.com\/?p=4867#primaryimage"},"thumbnailUrl":"https:\/\/buenosdiasbcs.com\/wp-content\/uploads\/2026\/03\/69b067586a832.jpeg","datePublished":"2026-03-11T07:02:00+00:00","breadcrumb":{"@id":"https:\/\/buenosdiasbcs.com\/?p=4867#breadcrumb"},"inLanguage":"es","potentialAction":[{"@type":"ReadAction","target":["https:\/\/buenosdiasbcs.com\/?p=4867"]}]},{"@type":"ImageObject","inLanguage":"es","@id":"https:\/\/buenosdiasbcs.com\/?p=4867#primaryimage","url":"https:\/\/buenosdiasbcs.com\/wp-content\/uploads\/2026\/03\/69b067586a832.jpeg","contentUrl":"https:\/\/buenosdiasbcs.com\/wp-content\/uploads\/2026\/03\/69b067586a832.jpeg","width":813,"height":542},{"@type":"BreadcrumbList","@id":"https:\/\/buenosdiasbcs.com\/?p=4867#breadcrumb","itemListElement":[{"@type":"ListItem","position":1,"name":"Portada","item":"https:\/\/buenosdiasbcs.com\/"},{"@type":"ListItem","position":2,"name":"Guillermo Ochoa regresa a la Selecci\u00f3n Mexicana tras reuni\u00f3n con Javier Aguirre"}]},{"@type":"WebSite","@id":"https:\/\/buenosdiasbcs.com\/#website","url":"https:\/\/buenosdiasbcs.com\/","name":"Buenos D\u00edas BCS","description":"","publisher":{"@id":"https:\/\/buenosdiasbcs.com\/#organization"},"potentialAction":[{"@type":"SearchAction","target":{"@type":"EntryPoint","urlTemplate":"https:\/\/buenosdiasbcs.com\/?s={search_term_string}"},"query-input":{"@type":"PropertyValueSpecification","valueRequired":true,"valueName":"search_term_string"}}],"inLanguage":"es"},{"@type":"Organization","@id":"https:\/\/buenosdiasbcs.com\/#organization","name":"Buenos D\u00edas BCS","url":"https:\/\/buenosdiasbcs.com\/","logo":{"@type":"ImageObject","inLanguage":"es","@id":"https:\/\/buenosdiasbcs.com\/#\/schema\/logo\/image\/","url":"https:\/\/buenosdiasbcs.com\/wp-content\/uploads\/2026\/01\/logo-buenos-dias-40-01.png","contentUrl":"https:\/\/buenosdiasbcs.com\/wp-content\/uploads\/2026\/01\/logo-buenos-dias-40-01.png","width":277,"height":40,"caption":"Buenos D\u00edas BCS"},"image":{"@id":"https:\/\/buenosdiasbcs.com\/#\/schema\/logo\/image\/"}},{"@type":"Person","@id":"https:\/\/buenosdiasbcs.com\/#\/schema\/person\/15aedc247eab7070ee5d76d6d069a821","name":"Edici\u00f3n Buenos D\u00edas","image":{"@type":"ImageObject","inLanguage":"es","@id":"https:\/\/buenosdiasbcs.com\/wp-content\/uploads\/2026\/01\/cropped-sol-96x96.png","url":"https:\/\/buenosdiasbcs.com\/wp-content\/uploads\/2026\/01\/cropped-sol-96x96.png","contentUrl":"https:\/\/buenosdiasbcs.com\/wp-content\/uploads\/2026\/01\/cropped-sol-96x96.png","caption":"Edici\u00f3n Buenos D\u00edas"},"url":"https:\/\/buenosdiasbcs.com\/?author=2"}]}},"amp_enabled":true,"_links":{"self":[{"href":"https:\/\/buenosdiasbcs.com\/index.php?rest_route=\/wp\/v2\/posts\/4867","targetHints":{"allow":["GET"]}}],"collection":[{"href":"https:\/\/buenosdiasbcs.com\/index.php?rest_route=\/wp\/v2\/posts"}],"about":[{"href":"https:\/\/buenosdiasbcs.com\/index.php?rest_route=\/wp\/v2\/types\/post"}],"author":[{"embeddable":true,"href":"https:\/\/buenosdiasbcs.com\/index.php?rest_route=\/wp\/v2\/users\/2"}],"replies":[{"embeddable":true,"href":"https:\/\/buenosdiasbcs.com\/index.php?rest_route=%2Fwp%2Fv2%2Fcomments&post=4867"}],"version-history":[{"count":1,"href":"https:\/\/buenosdiasbcs.com\/index.php?rest_route=\/wp\/v2\/posts\/4867\/revisions"}],"predecessor-version":[{"id":4869,"href":"https:\/\/buenosdiasbcs.com\/index.php?rest_route=\/wp\/v2\/posts\/4867\/revisions\/4869"}],"wp:featuredmedia":[{"embeddable":true,"href":"https:\/\/buenosdiasbcs.com\/index.php?rest_route=\/wp\/v2\/media\/4868"}],"wp:attachment":[{"href":"https:\/\/buenosdiasbcs.com\/index.php?rest_route=%2Fwp%2Fv2%2Fmedia&parent=4867"}],"wp:term":[{"taxonomy":"category","embeddable":true,"href":"https:\/\/buenosdiasbcs.com\/index.php?rest_route=%2Fwp%2Fv2%2Fcategories&post=4867"},{"taxonomy":"post_tag","embeddable":true,"href":"https:\/\/buenosdiasbcs.com\/index.php?rest_route=%2Fwp%2Fv2%2Ftags&post=4867"}],"curies":[{"name":"wp","href":"https:\/\/api.w.org\/{rel}","templated":true}]}}