{"id":4860,"date":"2026-03-11T00:56:00","date_gmt":"2026-03-11T07:56:00","guid":{"rendered":"https:\/\/buenosdiasbcs.com\/?p=4860"},"modified":"2026-03-10T12:57:34","modified_gmt":"2026-03-10T19:57:34","slug":"sheinbaum-descarta-llamado-a-pt-y-verde-por-reforma-electoral-que-cada-quien-decida","status":"publish","type":"post","link":"https:\/\/buenosdiasbcs.com\/?p=4860","title":{"rendered":"Sheinbaum descarta llamado a PT y Verde por Reforma Electoral; \u2018Que cada quien decida\u2019"},"content":{"rendered":"\n<h2 class=\"wp-block-heading\" id=\"h-mas-del-80-esta-de-acuerdo-que-los-diputados-de-representacion-proporcional-sean-elegidos-por-la-gente-dijo-la-presidenta\">\u201cM\u00e1s del 80% est\u00e1 de acuerdo que los diputados de representaci\u00f3n proporcional sean elegidos por la gente\u201d, dijo la Presidenta.<\/h2>\n\n\n\n<p>La presidenta de M\u00e9xico,&nbsp;<a href=\"https:\/\/www.excelsior.com.mx\/temas\/claudia-sheinbaum\" target=\"_blank\" rel=\"noreferrer noopener\">Claudia Sheinbaum<\/a>, asegur\u00f3 que&nbsp;<strong>no solicitar\u00e1 nuevamente el respaldo de los partidos aliados para aprobar la reforma electoral<\/strong>&nbsp;impulsada por su gobierno, la cual ser\u00e1 analizada esta semana en la&nbsp;<strong><a href=\"https:\/\/www.excelsior.com.mx\/temas\/claudia-sheinbaum\" target=\"_blank\" rel=\"noreferrer noopener\">C\u00e1mara de Diputados<\/a><\/strong>.<\/p>\n\n\n\n<p>La mandataria respondi\u00f3 as\u00ed a las declaraciones del coordinador parlamentario de Morena, Ricardo Monreal, quien advirti\u00f3 que&nbsp;<strong>la iniciativa podr\u00eda enfrentar dificultades para avanzar debido a la falta de apoyo del&nbsp;<a href=\"https:\/\/www.excelsior.com.mx\/temas\/pt\" target=\"_blank\" rel=\"noreferrer noopener\">Partido del Trabajo<\/a>y del&nbsp;<a href=\"https:\/\/www.excelsior.com.mx\/temas\/pvem\" target=\"_blank\" rel=\"noreferrer noopener\">Partido Verde Ecologista de M\u00e9xico<\/a><\/strong>.<\/p>\n\n\n\n<p>Ante este escenario, Sheinbaum dej\u00f3 claro que&nbsp;<strong>no realizar\u00e1 un nuevo llamado pol\u00edtico para sumar respaldos<\/strong>.<\/p>\n\n\n\n<h3 class=\"wp-block-heading\" id=\"h-no-cada-quien-que-decida-yo-como-les-dije-yo-cumplo-con-la-gente-mas-del-80-por-ciento-esta-de-acuerdo-que-los-diputados-de-representacion-proporcional-sean-elegidos-por-la-gente-la-gran-mayoria-del-pueblo-de-mexico-esta-de-acuerdo-con-la-propuesta-que-envie-yo-cumpli-depende-de-los-diputados-de-como-van-a-ejercer-su-voto-sostuvo\"><strong>No, cada quien que decida, yo como les dije, yo cumplo con la gente, m\u00e1s del 80 por ciento est\u00e1 de acuerdo que los diputados de representaci\u00f3n proporcional sean elegidos por la gente, la gran mayor\u00eda del pueblo de M\u00e9xico est\u00e1 de acuerdo con la propuesta que envi\u00e9, yo cumpl\u00ed, depende de los diputados de c\u00f3mo van a ejercer su voto<\/strong>\u201d, sostuvo.<\/h3>\n\n\n\n<p>La iniciativa presentada por el Ejecutivo propone&nbsp;<strong>modificar el sistema de representaci\u00f3n legislativa y reducir el financiamiento p\u00fablico a los partidos pol\u00edticos<\/strong>, cambios que forman parte de la agenda de reforma pol\u00edtico-electoral del actual gobierno.<\/p>\n\n\n\n<p>Durante su declaraci\u00f3n, la presidenta reiter\u00f3 que&nbsp;<strong>la responsabilidad del Ejecutivo fue presentar la propuesta<\/strong>, mientras que&nbsp;<strong>la decisi\u00f3n final corresponde al Poder Legislativo<\/strong>.<\/p>\n\n\n\n<h3 class=\"wp-block-heading\" id=\"h-que-cada-quien-decida-yo-cumplo-con-enviar-la-propuesta-y-con-responder-a-lo-que-la-gente-esta-planteando-afirmo\"><strong>Que cada quien decida. Yo cumplo con enviar la propuesta y con responder a lo que la gente est\u00e1 planteando<\/strong>\u201d, afirm\u00f3.<\/h3>\n\n\n\n<p>La discusi\u00f3n de la&nbsp;<strong>reforma electoral<\/strong>&nbsp;se prev\u00e9 en los pr\u00f3ximos d\u00edas dentro del proceso legislativo que se desarrolla en la&nbsp;<strong>C\u00e1mara de Diputados<\/strong>, donde se definir\u00e1 si la iniciativa logra avanzar o si enfrenta bloqueos pol\u00edticos.<\/p>\n\n\n\n<figure class=\"wp-block-image is-resized\"><img decoding=\"async\" data-src=\"https:\/\/imagenes.excelsior.com.mx\/files\/image_449_252\/uploads\/2026\/03\/10\/69b047eeaf09e.jpeg\" alt=\"thumb\" style=\"width:760px;height:auto\" src=\"data:image\/svg+xml;base64,PHN2ZyB3aWR0aD0iMSIgaGVpZ2h0PSIxIiB4bWxucz0iaHR0cDovL3d3dy53My5vcmcvMjAwMC9zdmciPjwvc3ZnPg==\" class=\"lazyload\" \/><figcaption class=\"wp-element-caption\">La presidenta Claudia Sheinbaum destaca el respaldo ciudadano.Presidencia<\/figcaption><\/figure>\n\n\n\n<h2 class=\"wp-block-heading\" id=\"h-sheinbaum-destaca-respaldo-ciudadano\">Sheinbaum destaca respaldo ciudadano<\/h2>\n\n\n\n<p>La presidenta argument\u00f3 que&nbsp;<strong>existe un amplio apoyo social a los principales puntos de la reforma<\/strong>, particularmente en lo relacionado con el&nbsp;<strong>sistema de representaci\u00f3n proporcional<\/strong>.<\/p>\n\n\n\n<p>Seg\u00fan explic\u00f3,&nbsp;<strong>encuestas recientes se\u00f1alan que m\u00e1s del 80 por ciento de la poblaci\u00f3n respalda que los diputados de representaci\u00f3n proporcional sean elegidos directamente por la ciudadan\u00eda<\/strong>.<\/p>\n\n\n\n<p>Asimismo, indic\u00f3 que&nbsp;<strong>un nivel similar de aprobaci\u00f3n se observa respecto a la reducci\u00f3n de los recursos p\u00fablicos destinados tanto a los partidos pol\u00edticos como a la organizaci\u00f3n de procesos electorales<\/strong>.<\/p>\n\n\n\n<h3 class=\"wp-block-heading\" id=\"h-yo-ya-cumpli-con-enviar-la-propuesta-ahora-depende-de-los-diputados-como-van-a-ejercer-su-voto-puntualizo\"><strong>Yo ya cumpl\u00ed con enviar la propuesta. Ahora depende de los diputados c\u00f3mo van a ejercer su voto<\/strong>\u201d, puntualiz\u00f3.<\/h3>\n\n\n\n<p>Un d\u00eda antes, Ricardo Monreal reconoci\u00f3 que&nbsp;<strong>la iniciativa enfrenta dificultades para avanzar<\/strong>, debido a que&nbsp;<strong>no cuenta con el respaldo garantizado de todos los partidos aliados de la coalici\u00f3n gobernante<\/strong>.<\/p>\n\n\n\n<p>En particular, el legislador se\u00f1al\u00f3 que&nbsp;<strong>el PT y el PVEM a\u00fan no han confirmado su apoyo<\/strong>, lo que podr\u00eda complicar la aprobaci\u00f3n de los cambios planteados en el sistema pol\u00edtico-electoral.<\/p>\n\n\n\n<p>La&nbsp;<strong><a href=\"https:\/\/www.excelsior.com.mx\/temas\/reforma-electoral\" target=\"_blank\" rel=\"noreferrer noopener\">reforma electoral<\/a>&nbsp;propuesta por el gobierno federal<\/strong>&nbsp;busca introducir ajustes en la forma en que se integran las c\u00e1maras legislativas y&nbsp;<strong>revisar el esquema de financiamiento p\u00fablico de los partidos<\/strong>, uno de los temas m\u00e1s debatidos dentro del sistema democr\u00e1tico mexicano.<\/p>\n\n\n\n<p><\/p>\n","protected":false},"excerpt":{"rendered":"<p>\u201cM\u00e1s del 80% est\u00e1 de acuerdo que los diputados de representaci\u00f3n proporcional sean elegidos por la gente\u201d, dijo la Presidenta&#8230;.<\/p>\n","protected":false},"author":2,"featured_media":4861,"comment_status":"open","ping_status":"open","sticky":false,"template":"","format":"standard","meta":{"footnotes":""},"categories":[239],"tags":[],"class_list":["post-4860","post","type-post","status-publish","format-standard","has-post-thumbnail","hentry","category-partidos"],"yoast_head":"<!-- This site is optimized with the Yoast SEO Premium plugin v26.8 (Yoast SEO v27.4) - https:\/\/yoast.com\/product\/yoast-seo-premium-wordpress\/ -->\n<title>Sheinbaum descarta llamado a PT y Verde por Reforma Electoral; \u2018Que cada quien decida\u2019 - Buenos D&iacute;as BCS<\/title>\n<meta name=\"robots\" content=\"index, follow, max-snippet:-1, max-image-preview:large, max-video-preview:-1\" \/>\n<link rel=\"canonical\" href=\"https:\/\/buenosdiasbcs.com\/?p=4860\" \/>\n<meta property=\"og:locale\" content=\"es_ES\" \/>\n<meta property=\"og:type\" content=\"article\" \/>\n<meta property=\"og:title\" content=\"Sheinbaum descarta llamado a PT y Verde por Reforma Electoral; \u2018Que cada quien decida\u2019\" \/>\n<meta property=\"og:description\" content=\"\u201cM\u00e1s del 80% est\u00e1 de acuerdo que los diputados de representaci\u00f3n proporcional sean elegidos por la gente\u201d, dijo la Presidenta....\" \/>\n<meta property=\"og:url\" content=\"https:\/\/buenosdiasbcs.com\/?p=4860\" \/>\n<meta property=\"og:site_name\" content=\"Buenos D&iacute;as BCS\" \/>\n<meta property=\"article:published_time\" content=\"2026-03-11T07:56:00+00:00\" \/>\n<meta property=\"og:image\" content=\"https:\/\/buenosdiasbcs.com\/wp-content\/uploads\/2026\/03\/69b04780a20b8.jpeg\" \/>\n\t<meta property=\"og:image:width\" content=\"813\" \/>\n\t<meta property=\"og:image:height\" content=\"542\" \/>\n\t<meta property=\"og:image:type\" content=\"image\/jpeg\" \/>\n<meta name=\"author\" content=\"Edici\u00f3n Buenos D\u00edas\" \/>\n<meta name=\"twitter:card\" content=\"summary_large_image\" \/>\n<meta name=\"twitter:label1\" content=\"Escrito por\" \/>\n\t<meta name=\"twitter:data1\" content=\"Edici\u00f3n Buenos D\u00edas\" \/>\n\t<meta name=\"twitter:label2\" content=\"Tiempo de lectura\" \/>\n\t<meta name=\"twitter:data2\" content=\"3 minutos\" \/>\n<script type=\"application\/ld+json\" class=\"yoast-schema-graph\">{\"@context\":\"https:\\\/\\\/schema.org\",\"@graph\":[{\"@type\":\"Article\",\"@id\":\"https:\\\/\\\/buenosdiasbcs.com\\\/?p=4860#article\",\"isPartOf\":{\"@id\":\"https:\\\/\\\/buenosdiasbcs.com\\\/?p=4860\"},\"author\":{\"name\":\"Edici\u00f3n Buenos D\u00edas\",\"@id\":\"https:\\\/\\\/buenosdiasbcs.com\\\/#\\\/schema\\\/person\\\/15aedc247eab7070ee5d76d6d069a821\"},\"headline\":\"Sheinbaum descarta llamado a PT y Verde por Reforma Electoral; \u2018Que cada quien decida\u2019\",\"datePublished\":\"2026-03-11T07:56:00+00:00\",\"mainEntityOfPage\":{\"@id\":\"https:\\\/\\\/buenosdiasbcs.com\\\/?p=4860\"},\"wordCount\":595,\"commentCount\":0,\"publisher\":{\"@id\":\"https:\\\/\\\/buenosdiasbcs.com\\\/#organization\"},\"image\":{\"@id\":\"https:\\\/\\\/buenosdiasbcs.com\\\/?p=4860#primaryimage\"},\"thumbnailUrl\":\"https:\\\/\\\/buenosdiasbcs.com\\\/wp-content\\\/uploads\\\/2026\\\/03\\\/69b04780a20b8.jpeg\",\"articleSection\":[\"Partidos\"],\"inLanguage\":\"es\",\"potentialAction\":[{\"@type\":\"CommentAction\",\"name\":\"Comment\",\"target\":[\"https:\\\/\\\/buenosdiasbcs.com\\\/?p=4860#respond\"]}]},{\"@type\":\"WebPage\",\"@id\":\"https:\\\/\\\/buenosdiasbcs.com\\\/?p=4860\",\"url\":\"https:\\\/\\\/buenosdiasbcs.com\\\/?p=4860\",\"name\":\"Sheinbaum descarta llamado a PT y Verde por Reforma Electoral; \u2018Que cada quien decida\u2019 - Buenos D&iacute;as BCS\",\"isPartOf\":{\"@id\":\"https:\\\/\\\/buenosdiasbcs.com\\\/#website\"},\"primaryImageOfPage\":{\"@id\":\"https:\\\/\\\/buenosdiasbcs.com\\\/?p=4860#primaryimage\"},\"image\":{\"@id\":\"https:\\\/\\\/buenosdiasbcs.com\\\/?p=4860#primaryimage\"},\"thumbnailUrl\":\"https:\\\/\\\/buenosdiasbcs.com\\\/wp-content\\\/uploads\\\/2026\\\/03\\\/69b04780a20b8.jpeg\",\"datePublished\":\"2026-03-11T07:56:00+00:00\",\"breadcrumb\":{\"@id\":\"https:\\\/\\\/buenosdiasbcs.com\\\/?p=4860#breadcrumb\"},\"inLanguage\":\"es\",\"potentialAction\":[{\"@type\":\"ReadAction\",\"target\":[\"https:\\\/\\\/buenosdiasbcs.com\\\/?p=4860\"]}]},{\"@type\":\"ImageObject\",\"inLanguage\":\"es\",\"@id\":\"https:\\\/\\\/buenosdiasbcs.com\\\/?p=4860#primaryimage\",\"url\":\"https:\\\/\\\/buenosdiasbcs.com\\\/wp-content\\\/uploads\\\/2026\\\/03\\\/69b04780a20b8.jpeg\",\"contentUrl\":\"https:\\\/\\\/buenosdiasbcs.com\\\/wp-content\\\/uploads\\\/2026\\\/03\\\/69b04780a20b8.jpeg\",\"width\":813,\"height\":542},{\"@type\":\"BreadcrumbList\",\"@id\":\"https:\\\/\\\/buenosdiasbcs.com\\\/?p=4860#breadcrumb\",\"itemListElement\":[{\"@type\":\"ListItem\",\"position\":1,\"name\":\"Portada\",\"item\":\"https:\\\/\\\/buenosdiasbcs.com\\\/\"},{\"@type\":\"ListItem\",\"position\":2,\"name\":\"Sheinbaum descarta llamado a PT y Verde por Reforma Electoral; \u2018Que cada quien decida\u2019\"}]},{\"@type\":\"WebSite\",\"@id\":\"https:\\\/\\\/buenosdiasbcs.com\\\/#website\",\"url\":\"https:\\\/\\\/buenosdiasbcs.com\\\/\",\"name\":\"Buenos D\u00edas BCS\",\"description\":\"\",\"publisher\":{\"@id\":\"https:\\\/\\\/buenosdiasbcs.com\\\/#organization\"},\"potentialAction\":[{\"@type\":\"SearchAction\",\"target\":{\"@type\":\"EntryPoint\",\"urlTemplate\":\"https:\\\/\\\/buenosdiasbcs.com\\\/?s={search_term_string}\"},\"query-input\":{\"@type\":\"PropertyValueSpecification\",\"valueRequired\":true,\"valueName\":\"search_term_string\"}}],\"inLanguage\":\"es\"},{\"@type\":\"Organization\",\"@id\":\"https:\\\/\\\/buenosdiasbcs.com\\\/#organization\",\"name\":\"Buenos D\u00edas BCS\",\"url\":\"https:\\\/\\\/buenosdiasbcs.com\\\/\",\"logo\":{\"@type\":\"ImageObject\",\"inLanguage\":\"es\",\"@id\":\"https:\\\/\\\/buenosdiasbcs.com\\\/#\\\/schema\\\/logo\\\/image\\\/\",\"url\":\"https:\\\/\\\/buenosdiasbcs.com\\\/wp-content\\\/uploads\\\/2026\\\/01\\\/logo-buenos-dias-40-01.png\",\"contentUrl\":\"https:\\\/\\\/buenosdiasbcs.com\\\/wp-content\\\/uploads\\\/2026\\\/01\\\/logo-buenos-dias-40-01.png\",\"width\":277,\"height\":40,\"caption\":\"Buenos D\u00edas BCS\"},\"image\":{\"@id\":\"https:\\\/\\\/buenosdiasbcs.com\\\/#\\\/schema\\\/logo\\\/image\\\/\"}},{\"@type\":\"Person\",\"@id\":\"https:\\\/\\\/buenosdiasbcs.com\\\/#\\\/schema\\\/person\\\/15aedc247eab7070ee5d76d6d069a821\",\"name\":\"Edici\u00f3n Buenos D\u00edas\",\"image\":{\"@type\":\"ImageObject\",\"inLanguage\":\"es\",\"@id\":\"https:\\\/\\\/buenosdiasbcs.com\\\/wp-content\\\/uploads\\\/2026\\\/01\\\/cropped-sol-96x96.png\",\"url\":\"https:\\\/\\\/buenosdiasbcs.com\\\/wp-content\\\/uploads\\\/2026\\\/01\\\/cropped-sol-96x96.png\",\"contentUrl\":\"https:\\\/\\\/buenosdiasbcs.com\\\/wp-content\\\/uploads\\\/2026\\\/01\\\/cropped-sol-96x96.png\",\"caption\":\"Edici\u00f3n Buenos D\u00edas\"},\"url\":\"https:\\\/\\\/buenosdiasbcs.com\\\/?author=2\"}]}<\/script>\n<!-- \/ Yoast SEO Premium plugin. -->","yoast_head_json":{"title":"Sheinbaum descarta llamado a PT y Verde por Reforma Electoral; \u2018Que cada quien decida\u2019 - Buenos D&iacute;as BCS","robots":{"index":"index","follow":"follow","max-snippet":"max-snippet:-1","max-image-preview":"max-image-preview:large","max-video-preview":"max-video-preview:-1"},"canonical":"https:\/\/buenosdiasbcs.com\/?p=4860","og_locale":"es_ES","og_type":"article","og_title":"Sheinbaum descarta llamado a PT y Verde por Reforma Electoral; \u2018Que cada quien decida\u2019","og_description":"\u201cM\u00e1s del 80% est\u00e1 de acuerdo que los diputados de representaci\u00f3n proporcional sean elegidos por la gente\u201d, dijo la Presidenta....","og_url":"https:\/\/buenosdiasbcs.com\/?p=4860","og_site_name":"Buenos D&iacute;as BCS","article_published_time":"2026-03-11T07:56:00+00:00","og_image":[{"width":813,"height":542,"url":"https:\/\/buenosdiasbcs.com\/wp-content\/uploads\/2026\/03\/69b04780a20b8.jpeg","type":"image\/jpeg"}],"author":"Edici\u00f3n Buenos D\u00edas","twitter_card":"summary_large_image","twitter_misc":{"Escrito por":"Edici\u00f3n Buenos D\u00edas","Tiempo de lectura":"3 minutos"},"schema":{"@context":"https:\/\/schema.org","@graph":[{"@type":"Article","@id":"https:\/\/buenosdiasbcs.com\/?p=4860#article","isPartOf":{"@id":"https:\/\/buenosdiasbcs.com\/?p=4860"},"author":{"name":"Edici\u00f3n Buenos D\u00edas","@id":"https:\/\/buenosdiasbcs.com\/#\/schema\/person\/15aedc247eab7070ee5d76d6d069a821"},"headline":"Sheinbaum descarta llamado a PT y Verde por Reforma Electoral; \u2018Que cada quien decida\u2019","datePublished":"2026-03-11T07:56:00+00:00","mainEntityOfPage":{"@id":"https:\/\/buenosdiasbcs.com\/?p=4860"},"wordCount":595,"commentCount":0,"publisher":{"@id":"https:\/\/buenosdiasbcs.com\/#organization"},"image":{"@id":"https:\/\/buenosdiasbcs.com\/?p=4860#primaryimage"},"thumbnailUrl":"https:\/\/buenosdiasbcs.com\/wp-content\/uploads\/2026\/03\/69b04780a20b8.jpeg","articleSection":["Partidos"],"inLanguage":"es","potentialAction":[{"@type":"CommentAction","name":"Comment","target":["https:\/\/buenosdiasbcs.com\/?p=4860#respond"]}]},{"@type":"WebPage","@id":"https:\/\/buenosdiasbcs.com\/?p=4860","url":"https:\/\/buenosdiasbcs.com\/?p=4860","name":"Sheinbaum descarta llamado a PT y Verde por Reforma Electoral; \u2018Que cada quien decida\u2019 - Buenos D&iacute;as BCS","isPartOf":{"@id":"https:\/\/buenosdiasbcs.com\/#website"},"primaryImageOfPage":{"@id":"https:\/\/buenosdiasbcs.com\/?p=4860#primaryimage"},"image":{"@id":"https:\/\/buenosdiasbcs.com\/?p=4860#primaryimage"},"thumbnailUrl":"https:\/\/buenosdiasbcs.com\/wp-content\/uploads\/2026\/03\/69b04780a20b8.jpeg","datePublished":"2026-03-11T07:56:00+00:00","breadcrumb":{"@id":"https:\/\/buenosdiasbcs.com\/?p=4860#breadcrumb"},"inLanguage":"es","potentialAction":[{"@type":"ReadAction","target":["https:\/\/buenosdiasbcs.com\/?p=4860"]}]},{"@type":"ImageObject","inLanguage":"es","@id":"https:\/\/buenosdiasbcs.com\/?p=4860#primaryimage","url":"https:\/\/buenosdiasbcs.com\/wp-content\/uploads\/2026\/03\/69b04780a20b8.jpeg","contentUrl":"https:\/\/buenosdiasbcs.com\/wp-content\/uploads\/2026\/03\/69b04780a20b8.jpeg","width":813,"height":542},{"@type":"BreadcrumbList","@id":"https:\/\/buenosdiasbcs.com\/?p=4860#breadcrumb","itemListElement":[{"@type":"ListItem","position":1,"name":"Portada","item":"https:\/\/buenosdiasbcs.com\/"},{"@type":"ListItem","position":2,"name":"Sheinbaum descarta llamado a PT y Verde por Reforma Electoral; \u2018Que cada quien decida\u2019"}]},{"@type":"WebSite","@id":"https:\/\/buenosdiasbcs.com\/#website","url":"https:\/\/buenosdiasbcs.com\/","name":"Buenos D\u00edas BCS","description":"","publisher":{"@id":"https:\/\/buenosdiasbcs.com\/#organization"},"potentialAction":[{"@type":"SearchAction","target":{"@type":"EntryPoint","urlTemplate":"https:\/\/buenosdiasbcs.com\/?s={search_term_string}"},"query-input":{"@type":"PropertyValueSpecification","valueRequired":true,"valueName":"search_term_string"}}],"inLanguage":"es"},{"@type":"Organization","@id":"https:\/\/buenosdiasbcs.com\/#organization","name":"Buenos D\u00edas BCS","url":"https:\/\/buenosdiasbcs.com\/","logo":{"@type":"ImageObject","inLanguage":"es","@id":"https:\/\/buenosdiasbcs.com\/#\/schema\/logo\/image\/","url":"https:\/\/buenosdiasbcs.com\/wp-content\/uploads\/2026\/01\/logo-buenos-dias-40-01.png","contentUrl":"https:\/\/buenosdiasbcs.com\/wp-content\/uploads\/2026\/01\/logo-buenos-dias-40-01.png","width":277,"height":40,"caption":"Buenos D\u00edas BCS"},"image":{"@id":"https:\/\/buenosdiasbcs.com\/#\/schema\/logo\/image\/"}},{"@type":"Person","@id":"https:\/\/buenosdiasbcs.com\/#\/schema\/person\/15aedc247eab7070ee5d76d6d069a821","name":"Edici\u00f3n Buenos D\u00edas","image":{"@type":"ImageObject","inLanguage":"es","@id":"https:\/\/buenosdiasbcs.com\/wp-content\/uploads\/2026\/01\/cropped-sol-96x96.png","url":"https:\/\/buenosdiasbcs.com\/wp-content\/uploads\/2026\/01\/cropped-sol-96x96.png","contentUrl":"https:\/\/buenosdiasbcs.com\/wp-content\/uploads\/2026\/01\/cropped-sol-96x96.png","caption":"Edici\u00f3n Buenos D\u00edas"},"url":"https:\/\/buenosdiasbcs.com\/?author=2"}]}},"amp_enabled":true,"_links":{"self":[{"href":"https:\/\/buenosdiasbcs.com\/index.php?rest_route=\/wp\/v2\/posts\/4860","targetHints":{"allow":["GET"]}}],"collection":[{"href":"https:\/\/buenosdiasbcs.com\/index.php?rest_route=\/wp\/v2\/posts"}],"about":[{"href":"https:\/\/buenosdiasbcs.com\/index.php?rest_route=\/wp\/v2\/types\/post"}],"author":[{"embeddable":true,"href":"https:\/\/buenosdiasbcs.com\/index.php?rest_route=\/wp\/v2\/users\/2"}],"replies":[{"embeddable":true,"href":"https:\/\/buenosdiasbcs.com\/index.php?rest_route=%2Fwp%2Fv2%2Fcomments&post=4860"}],"version-history":[{"count":1,"href":"https:\/\/buenosdiasbcs.com\/index.php?rest_route=\/wp\/v2\/posts\/4860\/revisions"}],"predecessor-version":[{"id":4862,"href":"https:\/\/buenosdiasbcs.com\/index.php?rest_route=\/wp\/v2\/posts\/4860\/revisions\/4862"}],"wp:featuredmedia":[{"embeddable":true,"href":"https:\/\/buenosdiasbcs.com\/index.php?rest_route=\/wp\/v2\/media\/4861"}],"wp:attachment":[{"href":"https:\/\/buenosdiasbcs.com\/index.php?rest_route=%2Fwp%2Fv2%2Fmedia&parent=4860"}],"wp:term":[{"taxonomy":"category","embeddable":true,"href":"https:\/\/buenosdiasbcs.com\/index.php?rest_route=%2Fwp%2Fv2%2Fcategories&post=4860"},{"taxonomy":"post_tag","embeddable":true,"href":"https:\/\/buenosdiasbcs.com\/index.php?rest_route=%2Fwp%2Fv2%2Ftags&post=4860"}],"curies":[{"name":"wp","href":"https:\/\/api.w.org\/{rel}","templated":true}]}}