{"id":4844,"date":"2026-03-10T00:14:00","date_gmt":"2026-03-10T07:14:00","guid":{"rendered":"https:\/\/buenosdiasbcs.com\/?p=4844"},"modified":"2026-03-09T21:16:35","modified_gmt":"2026-03-10T04:16:35","slug":"entrega-alcalde-christian-agundez-nuevas-unidades-para-areas-operativas-del-ayuntamiento-de-los-cabos","status":"publish","type":"post","link":"https:\/\/buenosdiasbcs.com\/?p=4844","title":{"rendered":"Entrega alcalde Christian Ag\u00fandez nuevas unidades para \u00e1reas operativas del Ayuntamiento de Los Cabos"},"content":{"rendered":"\n<h2 class=\"wp-block-heading\" id=\"h-el-presidente-municipal-christian-agundez-gomez-encabezo-la-entrega-de-cuatro-unidades-moviles-destinadas-al-sistema-municipal-dif-seguridad-publica-y-el-area-de-almacen-del-ayuntamiento-de-los-cabos\">El presidente municipal Christian Ag\u00fandez G\u00f3mez encabez\u00f3 la entrega de cuatro unidades m\u00f3viles destinadas al Sistema Municipal DIF, Seguridad P\u00fablica y el \u00e1rea de Almac\u00e9n del Ayuntamiento de Los Cabos.<\/h2>\n\n\n\n<p>Durante el acto, el alcalde estuvo acompa\u00f1ado por la presidenta honoraria del Sistema Municipal DIF, Sol Delgado Moreno; el&nbsp;I&nbsp;regidor Jos\u00e9 Manuel Larumbe Pineda; el director general de Seguridad P\u00fablica, Christopher Jordi L\u00f3pez Monge y el contralor municipal, Mario Alejandro Fern\u00e1ndez Brise\u00f1o.<\/p>\n\n\n\n<p>El oficial mayor, Carlos Alberto Beltr\u00e1n Olmeda, explic\u00f3 que esta entrega forma parte de la estrategia del Ayuntamiento de Los Cabos para fortalecer el patrimonio municipal, evitando el arrendamiento de veh\u00edculos y optando por unidades propias que mejoren la operaci\u00f3n de los servicios p\u00fablicos.<\/p>\n\n\n\n<p>Detall\u00f3 que dos de las unidades fueron asignadas al Sistema Municipal DIF y corresponden a veh\u00edculos con caja seca, los cuales permitir\u00e1n optimizar la distribuci\u00f3n de alimentos preparados que se entregan en los comedores comunitarios, garantizando mejores condiciones de traslado e higiene.<\/p>\n\n\n\n<p>Asimismo, se entreg\u00f3 un cami\u00f3n al \u00e1rea de Almac\u00e9n Municipal, considerada estrat\u00e9gica dentro de la administraci\u00f3n p\u00fablica, ya que desde ah\u00ed se distribuyen insumos y materiales a distintas dependencias. Esta unidad permitir\u00e1 mejorar el traslado de agua, despensas, cobijas, colchones y otros apoyos, especialmente en periodos de contingencia.<\/p>\n\n\n\n<p>De igual manera, se incorpor\u00f3 una unidad tipo van para la Direcci\u00f3n General de Seguridad P\u00fablica, la cual ser\u00e1 utilizada para el traslado de elementos policiales a distintas zonas del estado, principalmente para la realizaci\u00f3n de ex\u00e1menes de control y confianza, evitando as\u00ed el uso de patrullas en este tipo de movimientos y permitiendo que contin\u00faen en labores de vigilancia en el municipio.<\/p>\n\n\n\n<p>Finalmente, se inform\u00f3 que en los pr\u00f3ximos d\u00edas continuar\u00e1 la entrega de m\u00e1s veh\u00edculos, principalmente para el \u00e1rea de Servicios P\u00fablicos, entre ellos camiones recolectores de basura, con el prop\u00f3sito de reforzar las labores de limpieza y recolecci\u00f3n en las distintas delegaciones del municipio<\/p>\n","protected":false},"excerpt":{"rendered":"<p>El presidente municipal Christian Ag\u00fandez G\u00f3mez encabez\u00f3 la entrega de cuatro unidades m\u00f3viles destinadas al Sistema Municipal DIF, Seguridad P\u00fablica&#8230;<\/p>\n","protected":false},"author":2,"featured_media":4845,"comment_status":"open","ping_status":"open","sticky":false,"template":"","format":"standard","meta":{"footnotes":""},"categories":[31],"tags":[],"class_list":["post-4844","post","type-post","status-publish","format-standard","has-post-thumbnail","hentry","category-los-cabos"],"yoast_head":"<!-- This site is optimized with the Yoast SEO Premium plugin v26.8 (Yoast SEO v27.4) - https:\/\/yoast.com\/product\/yoast-seo-premium-wordpress\/ -->\n<title>Entrega alcalde Christian Ag\u00fandez nuevas unidades para \u00e1reas operativas del Ayuntamiento de Los Cabos - Buenos D&iacute;as BCS<\/title>\n<meta name=\"robots\" content=\"index, follow, max-snippet:-1, max-image-preview:large, max-video-preview:-1\" \/>\n<link rel=\"canonical\" href=\"https:\/\/buenosdiasbcs.com\/?p=4844\" \/>\n<meta property=\"og:locale\" content=\"es_ES\" \/>\n<meta property=\"og:type\" content=\"article\" \/>\n<meta property=\"og:title\" content=\"Entrega alcalde Christian Ag\u00fandez nuevas unidades para \u00e1reas operativas del Ayuntamiento de Los Cabos\" \/>\n<meta property=\"og:description\" content=\"El presidente municipal Christian Ag\u00fandez G\u00f3mez encabez\u00f3 la entrega de cuatro unidades m\u00f3viles destinadas al Sistema Municipal DIF, Seguridad P\u00fablica...\" \/>\n<meta property=\"og:url\" content=\"https:\/\/buenosdiasbcs.com\/?p=4844\" \/>\n<meta property=\"og:site_name\" content=\"Buenos D&iacute;as BCS\" \/>\n<meta property=\"article:published_time\" content=\"2026-03-10T07:14:00+00:00\" \/>\n<meta property=\"og:image\" content=\"https:\/\/buenosdiasbcs.com\/wp-content\/uploads\/2026\/03\/WhatsApp-Image-2026-03-09-at-2.55.22-p.m-1536x864-1.jpeg\" \/>\n\t<meta property=\"og:image:width\" content=\"1536\" \/>\n\t<meta property=\"og:image:height\" content=\"864\" \/>\n\t<meta property=\"og:image:type\" content=\"image\/jpeg\" \/>\n<meta name=\"author\" content=\"Edici\u00f3n Buenos D\u00edas\" \/>\n<meta name=\"twitter:card\" content=\"summary_large_image\" \/>\n<meta name=\"twitter:label1\" content=\"Escrito por\" \/>\n\t<meta name=\"twitter:data1\" content=\"Edici\u00f3n Buenos D\u00edas\" \/>\n\t<meta name=\"twitter:label2\" content=\"Tiempo de lectura\" \/>\n\t<meta name=\"twitter:data2\" content=\"2 minutos\" \/>\n<script type=\"application\/ld+json\" class=\"yoast-schema-graph\">{\"@context\":\"https:\\\/\\\/schema.org\",\"@graph\":[{\"@type\":\"Article\",\"@id\":\"https:\\\/\\\/buenosdiasbcs.com\\\/?p=4844#article\",\"isPartOf\":{\"@id\":\"https:\\\/\\\/buenosdiasbcs.com\\\/?p=4844\"},\"author\":{\"name\":\"Edici\u00f3n Buenos D\u00edas\",\"@id\":\"https:\\\/\\\/buenosdiasbcs.com\\\/#\\\/schema\\\/person\\\/15aedc247eab7070ee5d76d6d069a821\"},\"headline\":\"Entrega alcalde Christian Ag\u00fandez nuevas unidades para \u00e1reas operativas del Ayuntamiento de Los Cabos\",\"datePublished\":\"2026-03-10T07:14:00+00:00\",\"mainEntityOfPage\":{\"@id\":\"https:\\\/\\\/buenosdiasbcs.com\\\/?p=4844\"},\"wordCount\":365,\"commentCount\":0,\"publisher\":{\"@id\":\"https:\\\/\\\/buenosdiasbcs.com\\\/#organization\"},\"image\":{\"@id\":\"https:\\\/\\\/buenosdiasbcs.com\\\/?p=4844#primaryimage\"},\"thumbnailUrl\":\"https:\\\/\\\/buenosdiasbcs.com\\\/wp-content\\\/uploads\\\/2026\\\/03\\\/WhatsApp-Image-2026-03-09-at-2.55.22-p.m-1536x864-1.jpeg\",\"articleSection\":[\"Los Cabos\"],\"inLanguage\":\"es\",\"potentialAction\":[{\"@type\":\"CommentAction\",\"name\":\"Comment\",\"target\":[\"https:\\\/\\\/buenosdiasbcs.com\\\/?p=4844#respond\"]}]},{\"@type\":\"WebPage\",\"@id\":\"https:\\\/\\\/buenosdiasbcs.com\\\/?p=4844\",\"url\":\"https:\\\/\\\/buenosdiasbcs.com\\\/?p=4844\",\"name\":\"Entrega alcalde Christian Ag\u00fandez nuevas unidades para \u00e1reas operativas del Ayuntamiento de Los Cabos - Buenos D&iacute;as BCS\",\"isPartOf\":{\"@id\":\"https:\\\/\\\/buenosdiasbcs.com\\\/#website\"},\"primaryImageOfPage\":{\"@id\":\"https:\\\/\\\/buenosdiasbcs.com\\\/?p=4844#primaryimage\"},\"image\":{\"@id\":\"https:\\\/\\\/buenosdiasbcs.com\\\/?p=4844#primaryimage\"},\"thumbnailUrl\":\"https:\\\/\\\/buenosdiasbcs.com\\\/wp-content\\\/uploads\\\/2026\\\/03\\\/WhatsApp-Image-2026-03-09-at-2.55.22-p.m-1536x864-1.jpeg\",\"datePublished\":\"2026-03-10T07:14:00+00:00\",\"breadcrumb\":{\"@id\":\"https:\\\/\\\/buenosdiasbcs.com\\\/?p=4844#breadcrumb\"},\"inLanguage\":\"es\",\"potentialAction\":[{\"@type\":\"ReadAction\",\"target\":[\"https:\\\/\\\/buenosdiasbcs.com\\\/?p=4844\"]}]},{\"@type\":\"ImageObject\",\"inLanguage\":\"es\",\"@id\":\"https:\\\/\\\/buenosdiasbcs.com\\\/?p=4844#primaryimage\",\"url\":\"https:\\\/\\\/buenosdiasbcs.com\\\/wp-content\\\/uploads\\\/2026\\\/03\\\/WhatsApp-Image-2026-03-09-at-2.55.22-p.m-1536x864-1.jpeg\",\"contentUrl\":\"https:\\\/\\\/buenosdiasbcs.com\\\/wp-content\\\/uploads\\\/2026\\\/03\\\/WhatsApp-Image-2026-03-09-at-2.55.22-p.m-1536x864-1.jpeg\",\"width\":1536,\"height\":864},{\"@type\":\"BreadcrumbList\",\"@id\":\"https:\\\/\\\/buenosdiasbcs.com\\\/?p=4844#breadcrumb\",\"itemListElement\":[{\"@type\":\"ListItem\",\"position\":1,\"name\":\"Portada\",\"item\":\"https:\\\/\\\/buenosdiasbcs.com\\\/\"},{\"@type\":\"ListItem\",\"position\":2,\"name\":\"Entrega alcalde Christian Ag\u00fandez nuevas unidades para \u00e1reas operativas del Ayuntamiento de Los Cabos\"}]},{\"@type\":\"WebSite\",\"@id\":\"https:\\\/\\\/buenosdiasbcs.com\\\/#website\",\"url\":\"https:\\\/\\\/buenosdiasbcs.com\\\/\",\"name\":\"Buenos D\u00edas BCS\",\"description\":\"\",\"publisher\":{\"@id\":\"https:\\\/\\\/buenosdiasbcs.com\\\/#organization\"},\"potentialAction\":[{\"@type\":\"SearchAction\",\"target\":{\"@type\":\"EntryPoint\",\"urlTemplate\":\"https:\\\/\\\/buenosdiasbcs.com\\\/?s={search_term_string}\"},\"query-input\":{\"@type\":\"PropertyValueSpecification\",\"valueRequired\":true,\"valueName\":\"search_term_string\"}}],\"inLanguage\":\"es\"},{\"@type\":\"Organization\",\"@id\":\"https:\\\/\\\/buenosdiasbcs.com\\\/#organization\",\"name\":\"Buenos D\u00edas BCS\",\"url\":\"https:\\\/\\\/buenosdiasbcs.com\\\/\",\"logo\":{\"@type\":\"ImageObject\",\"inLanguage\":\"es\",\"@id\":\"https:\\\/\\\/buenosdiasbcs.com\\\/#\\\/schema\\\/logo\\\/image\\\/\",\"url\":\"https:\\\/\\\/buenosdiasbcs.com\\\/wp-content\\\/uploads\\\/2026\\\/01\\\/logo-buenos-dias-40-01.png\",\"contentUrl\":\"https:\\\/\\\/buenosdiasbcs.com\\\/wp-content\\\/uploads\\\/2026\\\/01\\\/logo-buenos-dias-40-01.png\",\"width\":277,\"height\":40,\"caption\":\"Buenos D\u00edas BCS\"},\"image\":{\"@id\":\"https:\\\/\\\/buenosdiasbcs.com\\\/#\\\/schema\\\/logo\\\/image\\\/\"}},{\"@type\":\"Person\",\"@id\":\"https:\\\/\\\/buenosdiasbcs.com\\\/#\\\/schema\\\/person\\\/15aedc247eab7070ee5d76d6d069a821\",\"name\":\"Edici\u00f3n Buenos D\u00edas\",\"image\":{\"@type\":\"ImageObject\",\"inLanguage\":\"es\",\"@id\":\"https:\\\/\\\/buenosdiasbcs.com\\\/wp-content\\\/uploads\\\/2026\\\/01\\\/cropped-sol-96x96.png\",\"url\":\"https:\\\/\\\/buenosdiasbcs.com\\\/wp-content\\\/uploads\\\/2026\\\/01\\\/cropped-sol-96x96.png\",\"contentUrl\":\"https:\\\/\\\/buenosdiasbcs.com\\\/wp-content\\\/uploads\\\/2026\\\/01\\\/cropped-sol-96x96.png\",\"caption\":\"Edici\u00f3n Buenos D\u00edas\"},\"url\":\"https:\\\/\\\/buenosdiasbcs.com\\\/?author=2\"}]}<\/script>\n<!-- \/ Yoast SEO Premium plugin. -->","yoast_head_json":{"title":"Entrega alcalde Christian Ag\u00fandez nuevas unidades para \u00e1reas operativas del Ayuntamiento de Los Cabos - Buenos D&iacute;as BCS","robots":{"index":"index","follow":"follow","max-snippet":"max-snippet:-1","max-image-preview":"max-image-preview:large","max-video-preview":"max-video-preview:-1"},"canonical":"https:\/\/buenosdiasbcs.com\/?p=4844","og_locale":"es_ES","og_type":"article","og_title":"Entrega alcalde Christian Ag\u00fandez nuevas unidades para \u00e1reas operativas del Ayuntamiento de Los Cabos","og_description":"El presidente municipal Christian Ag\u00fandez G\u00f3mez encabez\u00f3 la entrega de cuatro unidades m\u00f3viles destinadas al Sistema Municipal DIF, Seguridad P\u00fablica...","og_url":"https:\/\/buenosdiasbcs.com\/?p=4844","og_site_name":"Buenos D&iacute;as BCS","article_published_time":"2026-03-10T07:14:00+00:00","og_image":[{"width":1536,"height":864,"url":"https:\/\/buenosdiasbcs.com\/wp-content\/uploads\/2026\/03\/WhatsApp-Image-2026-03-09-at-2.55.22-p.m-1536x864-1.jpeg","type":"image\/jpeg"}],"author":"Edici\u00f3n Buenos D\u00edas","twitter_card":"summary_large_image","twitter_misc":{"Escrito por":"Edici\u00f3n Buenos D\u00edas","Tiempo de lectura":"2 minutos"},"schema":{"@context":"https:\/\/schema.org","@graph":[{"@type":"Article","@id":"https:\/\/buenosdiasbcs.com\/?p=4844#article","isPartOf":{"@id":"https:\/\/buenosdiasbcs.com\/?p=4844"},"author":{"name":"Edici\u00f3n Buenos D\u00edas","@id":"https:\/\/buenosdiasbcs.com\/#\/schema\/person\/15aedc247eab7070ee5d76d6d069a821"},"headline":"Entrega alcalde Christian Ag\u00fandez nuevas unidades para \u00e1reas operativas del Ayuntamiento de Los Cabos","datePublished":"2026-03-10T07:14:00+00:00","mainEntityOfPage":{"@id":"https:\/\/buenosdiasbcs.com\/?p=4844"},"wordCount":365,"commentCount":0,"publisher":{"@id":"https:\/\/buenosdiasbcs.com\/#organization"},"image":{"@id":"https:\/\/buenosdiasbcs.com\/?p=4844#primaryimage"},"thumbnailUrl":"https:\/\/buenosdiasbcs.com\/wp-content\/uploads\/2026\/03\/WhatsApp-Image-2026-03-09-at-2.55.22-p.m-1536x864-1.jpeg","articleSection":["Los Cabos"],"inLanguage":"es","potentialAction":[{"@type":"CommentAction","name":"Comment","target":["https:\/\/buenosdiasbcs.com\/?p=4844#respond"]}]},{"@type":"WebPage","@id":"https:\/\/buenosdiasbcs.com\/?p=4844","url":"https:\/\/buenosdiasbcs.com\/?p=4844","name":"Entrega alcalde Christian Ag\u00fandez nuevas unidades para \u00e1reas operativas del Ayuntamiento de Los Cabos - Buenos D&iacute;as BCS","isPartOf":{"@id":"https:\/\/buenosdiasbcs.com\/#website"},"primaryImageOfPage":{"@id":"https:\/\/buenosdiasbcs.com\/?p=4844#primaryimage"},"image":{"@id":"https:\/\/buenosdiasbcs.com\/?p=4844#primaryimage"},"thumbnailUrl":"https:\/\/buenosdiasbcs.com\/wp-content\/uploads\/2026\/03\/WhatsApp-Image-2026-03-09-at-2.55.22-p.m-1536x864-1.jpeg","datePublished":"2026-03-10T07:14:00+00:00","breadcrumb":{"@id":"https:\/\/buenosdiasbcs.com\/?p=4844#breadcrumb"},"inLanguage":"es","potentialAction":[{"@type":"ReadAction","target":["https:\/\/buenosdiasbcs.com\/?p=4844"]}]},{"@type":"ImageObject","inLanguage":"es","@id":"https:\/\/buenosdiasbcs.com\/?p=4844#primaryimage","url":"https:\/\/buenosdiasbcs.com\/wp-content\/uploads\/2026\/03\/WhatsApp-Image-2026-03-09-at-2.55.22-p.m-1536x864-1.jpeg","contentUrl":"https:\/\/buenosdiasbcs.com\/wp-content\/uploads\/2026\/03\/WhatsApp-Image-2026-03-09-at-2.55.22-p.m-1536x864-1.jpeg","width":1536,"height":864},{"@type":"BreadcrumbList","@id":"https:\/\/buenosdiasbcs.com\/?p=4844#breadcrumb","itemListElement":[{"@type":"ListItem","position":1,"name":"Portada","item":"https:\/\/buenosdiasbcs.com\/"},{"@type":"ListItem","position":2,"name":"Entrega alcalde Christian Ag\u00fandez nuevas unidades para \u00e1reas operativas del Ayuntamiento de Los Cabos"}]},{"@type":"WebSite","@id":"https:\/\/buenosdiasbcs.com\/#website","url":"https:\/\/buenosdiasbcs.com\/","name":"Buenos D\u00edas BCS","description":"","publisher":{"@id":"https:\/\/buenosdiasbcs.com\/#organization"},"potentialAction":[{"@type":"SearchAction","target":{"@type":"EntryPoint","urlTemplate":"https:\/\/buenosdiasbcs.com\/?s={search_term_string}"},"query-input":{"@type":"PropertyValueSpecification","valueRequired":true,"valueName":"search_term_string"}}],"inLanguage":"es"},{"@type":"Organization","@id":"https:\/\/buenosdiasbcs.com\/#organization","name":"Buenos D\u00edas BCS","url":"https:\/\/buenosdiasbcs.com\/","logo":{"@type":"ImageObject","inLanguage":"es","@id":"https:\/\/buenosdiasbcs.com\/#\/schema\/logo\/image\/","url":"https:\/\/buenosdiasbcs.com\/wp-content\/uploads\/2026\/01\/logo-buenos-dias-40-01.png","contentUrl":"https:\/\/buenosdiasbcs.com\/wp-content\/uploads\/2026\/01\/logo-buenos-dias-40-01.png","width":277,"height":40,"caption":"Buenos D\u00edas BCS"},"image":{"@id":"https:\/\/buenosdiasbcs.com\/#\/schema\/logo\/image\/"}},{"@type":"Person","@id":"https:\/\/buenosdiasbcs.com\/#\/schema\/person\/15aedc247eab7070ee5d76d6d069a821","name":"Edici\u00f3n Buenos D\u00edas","image":{"@type":"ImageObject","inLanguage":"es","@id":"https:\/\/buenosdiasbcs.com\/wp-content\/uploads\/2026\/01\/cropped-sol-96x96.png","url":"https:\/\/buenosdiasbcs.com\/wp-content\/uploads\/2026\/01\/cropped-sol-96x96.png","contentUrl":"https:\/\/buenosdiasbcs.com\/wp-content\/uploads\/2026\/01\/cropped-sol-96x96.png","caption":"Edici\u00f3n Buenos D\u00edas"},"url":"https:\/\/buenosdiasbcs.com\/?author=2"}]}},"amp_enabled":true,"_links":{"self":[{"href":"https:\/\/buenosdiasbcs.com\/index.php?rest_route=\/wp\/v2\/posts\/4844","targetHints":{"allow":["GET"]}}],"collection":[{"href":"https:\/\/buenosdiasbcs.com\/index.php?rest_route=\/wp\/v2\/posts"}],"about":[{"href":"https:\/\/buenosdiasbcs.com\/index.php?rest_route=\/wp\/v2\/types\/post"}],"author":[{"embeddable":true,"href":"https:\/\/buenosdiasbcs.com\/index.php?rest_route=\/wp\/v2\/users\/2"}],"replies":[{"embeddable":true,"href":"https:\/\/buenosdiasbcs.com\/index.php?rest_route=%2Fwp%2Fv2%2Fcomments&post=4844"}],"version-history":[{"count":1,"href":"https:\/\/buenosdiasbcs.com\/index.php?rest_route=\/wp\/v2\/posts\/4844\/revisions"}],"predecessor-version":[{"id":4846,"href":"https:\/\/buenosdiasbcs.com\/index.php?rest_route=\/wp\/v2\/posts\/4844\/revisions\/4846"}],"wp:featuredmedia":[{"embeddable":true,"href":"https:\/\/buenosdiasbcs.com\/index.php?rest_route=\/wp\/v2\/media\/4845"}],"wp:attachment":[{"href":"https:\/\/buenosdiasbcs.com\/index.php?rest_route=%2Fwp%2Fv2%2Fmedia&parent=4844"}],"wp:term":[{"taxonomy":"category","embeddable":true,"href":"https:\/\/buenosdiasbcs.com\/index.php?rest_route=%2Fwp%2Fv2%2Fcategories&post=4844"},{"taxonomy":"post_tag","embeddable":true,"href":"https:\/\/buenosdiasbcs.com\/index.php?rest_route=%2Fwp%2Fv2%2Ftags&post=4844"}],"curies":[{"name":"wp","href":"https:\/\/api.w.org\/{rel}","templated":true}]}}