{"id":4841,"date":"2026-03-10T00:12:00","date_gmt":"2026-03-10T07:12:00","guid":{"rendered":"https:\/\/buenosdiasbcs.com\/?p=4841"},"modified":"2026-03-09T21:14:28","modified_gmt":"2026-03-10T04:14:28","slug":"participa-ayuntamiento-de-los-cabos-en-asamblea-informativa-del-programa-nacional-de-vivienda-en-cabo-san-lucas","status":"publish","type":"post","link":"https:\/\/buenosdiasbcs.com\/?p=4841","title":{"rendered":"Participa Ayuntamiento de Los Cabos en asamblea informativa del Programa Nacional de Vivienda en Cabo San Lucas"},"content":{"rendered":"\n<h2 class=\"wp-block-heading\" id=\"h-castro-cesena-explico-que-esta-asamblea-permitio-corroborar-informacion-relacionada-con-los-censos-y-mantener-informadas-a-las-y-los-vecinos-sobre-el-avance-de-los-tramites-a-fin-de-dar-certeza-a-las-familias-consideradas-dentro-del-proceso\">Castro Cese\u00f1a explic\u00f3 que esta asamblea permiti\u00f3 corroborar informaci\u00f3n relacionada con los censos y mantener informadas a las y los vecinos sobre el avance de los tr\u00e1mites, a fin de dar certeza a las familias consideradas dentro del proceso.<\/h2>\n\n\n\n<p><strong>Los Cabos, Baja California Sur<\/strong><strong>.\u2013<\/strong>&nbsp;En representaci\u00f3n del presidente municipal Christian Ag\u00fandez G\u00f3mez, el director general de Desarrollo Social, Carlos Castro Cese\u00f1a, acompa\u00f1ado del director municipal de Asentamientos Humanos, Jorge Luis S\u00e1nchez Sandoval, particip\u00f3 en la primera asamblea informativa del Programa Nacional de Vivienda&nbsp;que se efectu\u00f3&nbsp;en Cabo San Lucas.<\/p>\n\n\n\n<p>El encuentro tuvo como objetivo dar seguimiento al proceso de reubicaci\u00f3n de familias asentadas en zonas de alto riesgo, as\u00ed como informar sobre los avances de los censos realizados por el gobierno federal para identificar a las personas que cumplen con la primera fase de requisitos para acceder al programa Vivienda para el Bienestar.<\/p>\n\n\n\n<p>Castro Cese\u00f1a explic\u00f3 que esta asamblea permiti\u00f3 corroborar informaci\u00f3n relacionada con los censos y mantener informadas a las y los vecinos sobre el avance de los tr\u00e1mites, a fin de dar certeza a las familias consideradas dentro del proceso.<\/p>\n\n\n\n<p>Asimismo, coment\u00f3 que el Ayuntamiento de Los Cabos ha colaborado desde el arranque de este programa, facilitando las gestiones necesarias para agilizar los procedimientos y buscar alternativas que permitan concretar un mayor n\u00famero de viviendas en beneficio de la poblaci\u00f3n.<\/p>\n\n\n\n<p>Destac\u00f3 que este programa est\u00e1 dirigido principalmente a familias en situaci\u00f3n de vulnerabilidad, as\u00ed como a madres solteras, personas adultas mayores y personas con discapacidad.<\/p>\n\n\n\n<p>Durante la reuni\u00f3n participaron representantes de la Secretar\u00eda de Desarrollo Agrario, Territorial y Urbano (Sedatu), la Comisi\u00f3n Nacional del Agua (Conagua), la Comisi\u00f3n Nacional de Vivienda (Conavi) y el Gobierno de Baja California Sur.<\/p>\n","protected":false},"excerpt":{"rendered":"<p>Castro Cese\u00f1a explic\u00f3 que esta asamblea permiti\u00f3 corroborar informaci\u00f3n relacionada con los censos y mantener informadas a las y los&#8230;<\/p>\n","protected":false},"author":2,"featured_media":4842,"comment_status":"open","ping_status":"open","sticky":false,"template":"","format":"standard","meta":{"footnotes":""},"categories":[31],"tags":[],"class_list":["post-4841","post","type-post","status-publish","format-standard","has-post-thumbnail","hentry","category-los-cabos"],"yoast_head":"<!-- This site is optimized with the Yoast SEO Premium plugin v26.8 (Yoast SEO v27.4) - https:\/\/yoast.com\/product\/yoast-seo-premium-wordpress\/ -->\n<title>Participa Ayuntamiento de Los Cabos en asamblea informativa del Programa Nacional de Vivienda en Cabo San Lucas - Buenos D&iacute;as BCS<\/title>\n<meta name=\"robots\" content=\"index, follow, max-snippet:-1, max-image-preview:large, max-video-preview:-1\" \/>\n<link rel=\"canonical\" href=\"https:\/\/buenosdiasbcs.com\/?p=4841\" \/>\n<meta property=\"og:locale\" content=\"es_ES\" \/>\n<meta property=\"og:type\" content=\"article\" \/>\n<meta property=\"og:title\" content=\"Participa Ayuntamiento de Los Cabos en asamblea informativa del Programa Nacional de Vivienda en Cabo San Lucas\" \/>\n<meta property=\"og:description\" content=\"Castro Cese\u00f1a explic\u00f3 que esta asamblea permiti\u00f3 corroborar informaci\u00f3n relacionada con los censos y mantener informadas a las y los...\" \/>\n<meta property=\"og:url\" content=\"https:\/\/buenosdiasbcs.com\/?p=4841\" \/>\n<meta property=\"og:site_name\" content=\"Buenos D&iacute;as BCS\" \/>\n<meta property=\"article:published_time\" content=\"2026-03-10T07:12:00+00:00\" \/>\n<meta property=\"og:image\" content=\"https:\/\/buenosdiasbcs.com\/wp-content\/uploads\/2026\/03\/WhatsApp-Image-2026-03-09-at-9.22.52-a.m-scaled-1.jpeg\" \/>\n\t<meta property=\"og:image:width\" content=\"1024\" \/>\n\t<meta property=\"og:image:height\" content=\"768\" \/>\n\t<meta property=\"og:image:type\" content=\"image\/jpeg\" \/>\n<meta name=\"author\" content=\"Edici\u00f3n Buenos D\u00edas\" \/>\n<meta name=\"twitter:card\" content=\"summary_large_image\" \/>\n<meta name=\"twitter:label1\" content=\"Escrito por\" \/>\n\t<meta name=\"twitter:data1\" content=\"Edici\u00f3n Buenos D\u00edas\" \/>\n\t<meta name=\"twitter:label2\" content=\"Tiempo de lectura\" \/>\n\t<meta name=\"twitter:data2\" content=\"2 minutos\" \/>\n<script type=\"application\/ld+json\" class=\"yoast-schema-graph\">{\"@context\":\"https:\\\/\\\/schema.org\",\"@graph\":[{\"@type\":\"Article\",\"@id\":\"https:\\\/\\\/buenosdiasbcs.com\\\/?p=4841#article\",\"isPartOf\":{\"@id\":\"https:\\\/\\\/buenosdiasbcs.com\\\/?p=4841\"},\"author\":{\"name\":\"Edici\u00f3n Buenos D\u00edas\",\"@id\":\"https:\\\/\\\/buenosdiasbcs.com\\\/#\\\/schema\\\/person\\\/15aedc247eab7070ee5d76d6d069a821\"},\"headline\":\"Participa Ayuntamiento de Los Cabos en asamblea informativa del Programa Nacional de Vivienda en Cabo San Lucas\",\"datePublished\":\"2026-03-10T07:12:00+00:00\",\"mainEntityOfPage\":{\"@id\":\"https:\\\/\\\/buenosdiasbcs.com\\\/?p=4841\"},\"wordCount\":322,\"commentCount\":0,\"publisher\":{\"@id\":\"https:\\\/\\\/buenosdiasbcs.com\\\/#organization\"},\"image\":{\"@id\":\"https:\\\/\\\/buenosdiasbcs.com\\\/?p=4841#primaryimage\"},\"thumbnailUrl\":\"https:\\\/\\\/buenosdiasbcs.com\\\/wp-content\\\/uploads\\\/2026\\\/03\\\/WhatsApp-Image-2026-03-09-at-9.22.52-a.m-scaled-1.jpeg\",\"articleSection\":[\"Los Cabos\"],\"inLanguage\":\"es\",\"potentialAction\":[{\"@type\":\"CommentAction\",\"name\":\"Comment\",\"target\":[\"https:\\\/\\\/buenosdiasbcs.com\\\/?p=4841#respond\"]}]},{\"@type\":\"WebPage\",\"@id\":\"https:\\\/\\\/buenosdiasbcs.com\\\/?p=4841\",\"url\":\"https:\\\/\\\/buenosdiasbcs.com\\\/?p=4841\",\"name\":\"Participa Ayuntamiento de Los Cabos en asamblea informativa del Programa Nacional de Vivienda en Cabo San Lucas - Buenos D&iacute;as BCS\",\"isPartOf\":{\"@id\":\"https:\\\/\\\/buenosdiasbcs.com\\\/#website\"},\"primaryImageOfPage\":{\"@id\":\"https:\\\/\\\/buenosdiasbcs.com\\\/?p=4841#primaryimage\"},\"image\":{\"@id\":\"https:\\\/\\\/buenosdiasbcs.com\\\/?p=4841#primaryimage\"},\"thumbnailUrl\":\"https:\\\/\\\/buenosdiasbcs.com\\\/wp-content\\\/uploads\\\/2026\\\/03\\\/WhatsApp-Image-2026-03-09-at-9.22.52-a.m-scaled-1.jpeg\",\"datePublished\":\"2026-03-10T07:12:00+00:00\",\"breadcrumb\":{\"@id\":\"https:\\\/\\\/buenosdiasbcs.com\\\/?p=4841#breadcrumb\"},\"inLanguage\":\"es\",\"potentialAction\":[{\"@type\":\"ReadAction\",\"target\":[\"https:\\\/\\\/buenosdiasbcs.com\\\/?p=4841\"]}]},{\"@type\":\"ImageObject\",\"inLanguage\":\"es\",\"@id\":\"https:\\\/\\\/buenosdiasbcs.com\\\/?p=4841#primaryimage\",\"url\":\"https:\\\/\\\/buenosdiasbcs.com\\\/wp-content\\\/uploads\\\/2026\\\/03\\\/WhatsApp-Image-2026-03-09-at-9.22.52-a.m-scaled-1.jpeg\",\"contentUrl\":\"https:\\\/\\\/buenosdiasbcs.com\\\/wp-content\\\/uploads\\\/2026\\\/03\\\/WhatsApp-Image-2026-03-09-at-9.22.52-a.m-scaled-1.jpeg\",\"width\":1024,\"height\":768},{\"@type\":\"BreadcrumbList\",\"@id\":\"https:\\\/\\\/buenosdiasbcs.com\\\/?p=4841#breadcrumb\",\"itemListElement\":[{\"@type\":\"ListItem\",\"position\":1,\"name\":\"Portada\",\"item\":\"https:\\\/\\\/buenosdiasbcs.com\\\/\"},{\"@type\":\"ListItem\",\"position\":2,\"name\":\"Participa Ayuntamiento de Los Cabos en asamblea informativa del Programa Nacional de Vivienda en Cabo San Lucas\"}]},{\"@type\":\"WebSite\",\"@id\":\"https:\\\/\\\/buenosdiasbcs.com\\\/#website\",\"url\":\"https:\\\/\\\/buenosdiasbcs.com\\\/\",\"name\":\"Buenos D\u00edas BCS\",\"description\":\"\",\"publisher\":{\"@id\":\"https:\\\/\\\/buenosdiasbcs.com\\\/#organization\"},\"potentialAction\":[{\"@type\":\"SearchAction\",\"target\":{\"@type\":\"EntryPoint\",\"urlTemplate\":\"https:\\\/\\\/buenosdiasbcs.com\\\/?s={search_term_string}\"},\"query-input\":{\"@type\":\"PropertyValueSpecification\",\"valueRequired\":true,\"valueName\":\"search_term_string\"}}],\"inLanguage\":\"es\"},{\"@type\":\"Organization\",\"@id\":\"https:\\\/\\\/buenosdiasbcs.com\\\/#organization\",\"name\":\"Buenos D\u00edas BCS\",\"url\":\"https:\\\/\\\/buenosdiasbcs.com\\\/\",\"logo\":{\"@type\":\"ImageObject\",\"inLanguage\":\"es\",\"@id\":\"https:\\\/\\\/buenosdiasbcs.com\\\/#\\\/schema\\\/logo\\\/image\\\/\",\"url\":\"https:\\\/\\\/buenosdiasbcs.com\\\/wp-content\\\/uploads\\\/2026\\\/01\\\/logo-buenos-dias-40-01.png\",\"contentUrl\":\"https:\\\/\\\/buenosdiasbcs.com\\\/wp-content\\\/uploads\\\/2026\\\/01\\\/logo-buenos-dias-40-01.png\",\"width\":277,\"height\":40,\"caption\":\"Buenos D\u00edas BCS\"},\"image\":{\"@id\":\"https:\\\/\\\/buenosdiasbcs.com\\\/#\\\/schema\\\/logo\\\/image\\\/\"}},{\"@type\":\"Person\",\"@id\":\"https:\\\/\\\/buenosdiasbcs.com\\\/#\\\/schema\\\/person\\\/15aedc247eab7070ee5d76d6d069a821\",\"name\":\"Edici\u00f3n Buenos D\u00edas\",\"image\":{\"@type\":\"ImageObject\",\"inLanguage\":\"es\",\"@id\":\"https:\\\/\\\/buenosdiasbcs.com\\\/wp-content\\\/uploads\\\/2026\\\/01\\\/cropped-sol-96x96.png\",\"url\":\"https:\\\/\\\/buenosdiasbcs.com\\\/wp-content\\\/uploads\\\/2026\\\/01\\\/cropped-sol-96x96.png\",\"contentUrl\":\"https:\\\/\\\/buenosdiasbcs.com\\\/wp-content\\\/uploads\\\/2026\\\/01\\\/cropped-sol-96x96.png\",\"caption\":\"Edici\u00f3n Buenos D\u00edas\"},\"url\":\"https:\\\/\\\/buenosdiasbcs.com\\\/?author=2\"}]}<\/script>\n<!-- \/ Yoast SEO Premium plugin. -->","yoast_head_json":{"title":"Participa Ayuntamiento de Los Cabos en asamblea informativa del Programa Nacional de Vivienda en Cabo San Lucas - Buenos D&iacute;as BCS","robots":{"index":"index","follow":"follow","max-snippet":"max-snippet:-1","max-image-preview":"max-image-preview:large","max-video-preview":"max-video-preview:-1"},"canonical":"https:\/\/buenosdiasbcs.com\/?p=4841","og_locale":"es_ES","og_type":"article","og_title":"Participa Ayuntamiento de Los Cabos en asamblea informativa del Programa Nacional de Vivienda en Cabo San Lucas","og_description":"Castro Cese\u00f1a explic\u00f3 que esta asamblea permiti\u00f3 corroborar informaci\u00f3n relacionada con los censos y mantener informadas a las y los...","og_url":"https:\/\/buenosdiasbcs.com\/?p=4841","og_site_name":"Buenos D&iacute;as BCS","article_published_time":"2026-03-10T07:12:00+00:00","og_image":[{"width":1024,"height":768,"url":"https:\/\/buenosdiasbcs.com\/wp-content\/uploads\/2026\/03\/WhatsApp-Image-2026-03-09-at-9.22.52-a.m-scaled-1.jpeg","type":"image\/jpeg"}],"author":"Edici\u00f3n Buenos D\u00edas","twitter_card":"summary_large_image","twitter_misc":{"Escrito por":"Edici\u00f3n Buenos D\u00edas","Tiempo de lectura":"2 minutos"},"schema":{"@context":"https:\/\/schema.org","@graph":[{"@type":"Article","@id":"https:\/\/buenosdiasbcs.com\/?p=4841#article","isPartOf":{"@id":"https:\/\/buenosdiasbcs.com\/?p=4841"},"author":{"name":"Edici\u00f3n Buenos D\u00edas","@id":"https:\/\/buenosdiasbcs.com\/#\/schema\/person\/15aedc247eab7070ee5d76d6d069a821"},"headline":"Participa Ayuntamiento de Los Cabos en asamblea informativa del Programa Nacional de Vivienda en Cabo San Lucas","datePublished":"2026-03-10T07:12:00+00:00","mainEntityOfPage":{"@id":"https:\/\/buenosdiasbcs.com\/?p=4841"},"wordCount":322,"commentCount":0,"publisher":{"@id":"https:\/\/buenosdiasbcs.com\/#organization"},"image":{"@id":"https:\/\/buenosdiasbcs.com\/?p=4841#primaryimage"},"thumbnailUrl":"https:\/\/buenosdiasbcs.com\/wp-content\/uploads\/2026\/03\/WhatsApp-Image-2026-03-09-at-9.22.52-a.m-scaled-1.jpeg","articleSection":["Los Cabos"],"inLanguage":"es","potentialAction":[{"@type":"CommentAction","name":"Comment","target":["https:\/\/buenosdiasbcs.com\/?p=4841#respond"]}]},{"@type":"WebPage","@id":"https:\/\/buenosdiasbcs.com\/?p=4841","url":"https:\/\/buenosdiasbcs.com\/?p=4841","name":"Participa Ayuntamiento de Los Cabos en asamblea informativa del Programa Nacional de Vivienda en Cabo San Lucas - Buenos D&iacute;as BCS","isPartOf":{"@id":"https:\/\/buenosdiasbcs.com\/#website"},"primaryImageOfPage":{"@id":"https:\/\/buenosdiasbcs.com\/?p=4841#primaryimage"},"image":{"@id":"https:\/\/buenosdiasbcs.com\/?p=4841#primaryimage"},"thumbnailUrl":"https:\/\/buenosdiasbcs.com\/wp-content\/uploads\/2026\/03\/WhatsApp-Image-2026-03-09-at-9.22.52-a.m-scaled-1.jpeg","datePublished":"2026-03-10T07:12:00+00:00","breadcrumb":{"@id":"https:\/\/buenosdiasbcs.com\/?p=4841#breadcrumb"},"inLanguage":"es","potentialAction":[{"@type":"ReadAction","target":["https:\/\/buenosdiasbcs.com\/?p=4841"]}]},{"@type":"ImageObject","inLanguage":"es","@id":"https:\/\/buenosdiasbcs.com\/?p=4841#primaryimage","url":"https:\/\/buenosdiasbcs.com\/wp-content\/uploads\/2026\/03\/WhatsApp-Image-2026-03-09-at-9.22.52-a.m-scaled-1.jpeg","contentUrl":"https:\/\/buenosdiasbcs.com\/wp-content\/uploads\/2026\/03\/WhatsApp-Image-2026-03-09-at-9.22.52-a.m-scaled-1.jpeg","width":1024,"height":768},{"@type":"BreadcrumbList","@id":"https:\/\/buenosdiasbcs.com\/?p=4841#breadcrumb","itemListElement":[{"@type":"ListItem","position":1,"name":"Portada","item":"https:\/\/buenosdiasbcs.com\/"},{"@type":"ListItem","position":2,"name":"Participa Ayuntamiento de Los Cabos en asamblea informativa del Programa Nacional de Vivienda en Cabo San Lucas"}]},{"@type":"WebSite","@id":"https:\/\/buenosdiasbcs.com\/#website","url":"https:\/\/buenosdiasbcs.com\/","name":"Buenos D\u00edas BCS","description":"","publisher":{"@id":"https:\/\/buenosdiasbcs.com\/#organization"},"potentialAction":[{"@type":"SearchAction","target":{"@type":"EntryPoint","urlTemplate":"https:\/\/buenosdiasbcs.com\/?s={search_term_string}"},"query-input":{"@type":"PropertyValueSpecification","valueRequired":true,"valueName":"search_term_string"}}],"inLanguage":"es"},{"@type":"Organization","@id":"https:\/\/buenosdiasbcs.com\/#organization","name":"Buenos D\u00edas BCS","url":"https:\/\/buenosdiasbcs.com\/","logo":{"@type":"ImageObject","inLanguage":"es","@id":"https:\/\/buenosdiasbcs.com\/#\/schema\/logo\/image\/","url":"https:\/\/buenosdiasbcs.com\/wp-content\/uploads\/2026\/01\/logo-buenos-dias-40-01.png","contentUrl":"https:\/\/buenosdiasbcs.com\/wp-content\/uploads\/2026\/01\/logo-buenos-dias-40-01.png","width":277,"height":40,"caption":"Buenos D\u00edas BCS"},"image":{"@id":"https:\/\/buenosdiasbcs.com\/#\/schema\/logo\/image\/"}},{"@type":"Person","@id":"https:\/\/buenosdiasbcs.com\/#\/schema\/person\/15aedc247eab7070ee5d76d6d069a821","name":"Edici\u00f3n Buenos D\u00edas","image":{"@type":"ImageObject","inLanguage":"es","@id":"https:\/\/buenosdiasbcs.com\/wp-content\/uploads\/2026\/01\/cropped-sol-96x96.png","url":"https:\/\/buenosdiasbcs.com\/wp-content\/uploads\/2026\/01\/cropped-sol-96x96.png","contentUrl":"https:\/\/buenosdiasbcs.com\/wp-content\/uploads\/2026\/01\/cropped-sol-96x96.png","caption":"Edici\u00f3n Buenos D\u00edas"},"url":"https:\/\/buenosdiasbcs.com\/?author=2"}]}},"amp_enabled":true,"_links":{"self":[{"href":"https:\/\/buenosdiasbcs.com\/index.php?rest_route=\/wp\/v2\/posts\/4841","targetHints":{"allow":["GET"]}}],"collection":[{"href":"https:\/\/buenosdiasbcs.com\/index.php?rest_route=\/wp\/v2\/posts"}],"about":[{"href":"https:\/\/buenosdiasbcs.com\/index.php?rest_route=\/wp\/v2\/types\/post"}],"author":[{"embeddable":true,"href":"https:\/\/buenosdiasbcs.com\/index.php?rest_route=\/wp\/v2\/users\/2"}],"replies":[{"embeddable":true,"href":"https:\/\/buenosdiasbcs.com\/index.php?rest_route=%2Fwp%2Fv2%2Fcomments&post=4841"}],"version-history":[{"count":1,"href":"https:\/\/buenosdiasbcs.com\/index.php?rest_route=\/wp\/v2\/posts\/4841\/revisions"}],"predecessor-version":[{"id":4843,"href":"https:\/\/buenosdiasbcs.com\/index.php?rest_route=\/wp\/v2\/posts\/4841\/revisions\/4843"}],"wp:featuredmedia":[{"embeddable":true,"href":"https:\/\/buenosdiasbcs.com\/index.php?rest_route=\/wp\/v2\/media\/4842"}],"wp:attachment":[{"href":"https:\/\/buenosdiasbcs.com\/index.php?rest_route=%2Fwp%2Fv2%2Fmedia&parent=4841"}],"wp:term":[{"taxonomy":"category","embeddable":true,"href":"https:\/\/buenosdiasbcs.com\/index.php?rest_route=%2Fwp%2Fv2%2Fcategories&post=4841"},{"taxonomy":"post_tag","embeddable":true,"href":"https:\/\/buenosdiasbcs.com\/index.php?rest_route=%2Fwp%2Fv2%2Ftags&post=4841"}],"curies":[{"name":"wp","href":"https:\/\/api.w.org\/{rel}","templated":true}]}}