{"id":4817,"date":"2026-03-10T00:20:00","date_gmt":"2026-03-10T07:20:00","guid":{"rendered":"https:\/\/buenosdiasbcs.com\/?p=4817"},"modified":"2026-03-09T19:22:48","modified_gmt":"2026-03-10T02:22:48","slug":"kabah-se-presentara-en-la-pazion-por-el-sabor-en-la-paz-hay-mas-de-130-empresas-participantes","status":"publish","type":"post","link":"https:\/\/buenosdiasbcs.com\/?p=4817","title":{"rendered":"Kabah se presentar\u00e1 en \u201cLa Pazi\u00f3n por el Sabor\u201d en La Paz; hay m\u00e1s de 130 empresas participantes"},"content":{"rendered":"\n<h2 class=\"wp-block-heading\" id=\"resumenNota\">El festival gastron\u00f3mico celebrar\u00e1 su edici\u00f3n 13 en Para\u00edso del Mar con empresas gastron\u00f3micas provenientes de todo el Estado.El famoso grupo de pop de los 90s, Kabah, estar\u00e1 en La Paz en el emblem\u00e1tico evento gastron\u00f3mico La Pazi\u00f3n por el Sabor. <\/h2>\n\n\n\n<p>La&nbsp;<strong>gastronom\u00eda sudcaliforniana<\/strong>&nbsp;volver\u00e1 a reunirse en uno de los<strong>&nbsp;eventos culinarios<\/strong>&nbsp;m\u00e1s esperados del a\u00f1o con&nbsp;<strong>La Pazi\u00f3n por el Sabor<\/strong>. Productores, restaurantes y chefs participar\u00e1n en una nueva edici\u00f3n que busca superar a la anterior.&nbsp;<\/p>\n\n\n\n<p>Es una experiencia que combina&nbsp;<strong>cocina regional, m\u00fasica en vivo y una causa social,<\/strong>&nbsp;y que promueve lo mejor para sus comensales como sucede en&nbsp;<strong><a href=\"https:\/\/www.posta.com.mx\/bcs\/quienes-ganaron-el-maquecho-2025-estos-son-los-nombres-de-los-premiados-\/vl2135398\">El Maquecho,<\/a><\/strong><a href=\"https:\/\/www.posta.com.mx\/bcs\/quienes-ganaron-el-maquecho-2025-estos-son-los-nombres-de-los-premiados-\/vl2135398\">&nbsp;en&nbsp;<strong>La Paz,<\/strong>&nbsp;donde se premian los mejores platillos de&nbsp;<\/a><strong><a href=\"https:\/\/www.posta.com.mx\/bcs\/quienes-ganaron-el-maquecho-2025-estos-son-los-nombres-de-los-premiados-\/vl2135398\">machaca, queso y chorizo<\/a>.<\/strong><\/p>\n\n\n\n<h2 class=\"wp-block-heading\" id=\"h-cuando-se-va-a-celebrar-la-pazion-por-el-sabor-en-su-edicion-numero-13\">\u00bfCu\u00e1ndo se va a celebrar La Pazi\u00f3n por el Sabor en su edici\u00f3n n\u00famero 13?<\/h2>\n\n\n\n<p>El&nbsp;<strong>festival gastron\u00f3mico<\/strong>&nbsp;se realizar\u00e1 el&nbsp;<strong>viernes 29 de mayo<\/strong>&nbsp;a las&nbsp;<strong>19:00 horas<\/strong>&nbsp;en&nbsp;<strong>Para\u00edso del Mar.<\/strong>&nbsp;En el lugar habr\u00e1 m\u00e1s de 130 empresas de alimentos y bebidas que ofrecer\u00e1n productos \u00fanicos para deleitar a los asistentes.<\/p>\n\n\n\n<p>Alrededor de 800 personas participar\u00e1n como staff para brindar atenci\u00f3n a las<strong>\u00a0m\u00e1s de 2 mil personas<\/strong>\u00a0que se esperan en<strong>\u00a0uno de los eventos m\u00e1s importantes del Estado\u00a0<\/strong>y el municipio, acostumbrado a eventos que dejan un\u00a0<a href=\"https:\/\/www.posta.com.mx\/bcs\/galeria-gastrovino-2025-vino-gastronomia-y-musica-toman-la-plaza-de-todos-santos\/vl2139668\">buen sabor de boca como el\u00a0<strong>Gastrovino en Todos Santos,<\/strong>\u00a0que toma fuerza cada a\u00f1<\/a>o<\/p>\n\n\n\n<p>Para facilitar la llegada al lugar, el traslado de los asistentes se realizar\u00e1 en lancha desde<strong>&nbsp;Marina Cort\u00e9s<\/strong>, en el&nbsp;<strong>malec\u00f3n de La Paz,<\/strong>&nbsp;con salidas constantes<strong>&nbsp;a partir de las 18:00 horas.<\/strong><\/p>\n\n\n\n<h2 class=\"wp-block-heading\" id=\"h-concierto-de-kabah-y-codigo-de-vestimenta-en-la-pazion-por-el-sabor\">Concierto de Kabah y c\u00f3digo de vestimenta en La Pazi\u00f3n por el sabor<\/h2>\n\n\n\n<p>El evento contar\u00e1 con un&nbsp;<strong>espect\u00e1culo musical especial&nbsp;<\/strong>que tendr\u00e1 como presentaci\u00f3n principal al grupo&nbsp;<strong>Kabah,&nbsp;<\/strong>quienes cantar\u00e1n<strong><\/strong>sus mejores \u00e9xitos, amenizando la tardenoche.<\/p>\n\n\n\n<p>En comunicaci\u00f3n con los medios, se inform\u00f3 que el&nbsp;<strong>c\u00f3digo de vestimenta<\/strong>&nbsp;establecido es el&nbsp;<strong>color blanco,<\/strong>&nbsp;color que, tradicionalmente, caracteriza y enaltece el ambiente festivo de este encuentro culinario.<\/p>\n\n\n\n<p>Los boletos tendr\u00e1n un costo de&nbsp;<strong>2,500 pesos<\/strong>&nbsp;hasta el<strong>&nbsp;15 de abril;&nbsp;<\/strong>posteriormente, el precio subir\u00e1 a&nbsp;<strong>3,000 pesos.<\/strong><\/p>\n\n\n\n<h2 class=\"wp-block-heading\" id=\"h-la-pazion-por-el-sabor-tambien-apoyara-causas-sociales\">La Pazi\u00f3n por el Sabor tambi\u00e9n apoyar\u00e1 causas sociales<\/h2>\n\n\n\n<p>Adem\u00e1s de promover la&nbsp;<strong>gastronom\u00eda regional, La Pazi\u00f3n por el Sabor<\/strong>&nbsp;mantiene un objetivo social, como lo ha venido trabajando desde sus inicios, ya que parte de lo recaudado se destinar\u00e1 a organizaciones como&nbsp;<strong>Cruz Roja, CREED<\/strong>&nbsp;y el&nbsp;<strong>Centro de Integraci\u00f3n Juvenil<\/strong>.<\/p>\n\n\n\n<p><img fetchpriority=\"high\" decoding=\"async\" width=\"825\" height=\"550\" src=\"https:\/\/blob.posta.com.mx\/images\/2026\/03\/10\/pazion-2-9e2f5938-focus-0-0-825-550.webp\" alt=\"La Cruz Roja y el Ayuntamiento de La Paz, entre los beneficiados con los fondos obtenidos de La Pazi\u00f3n por el Sabor. Foto: H\u00e9ctor Romero.\"><\/p>\n\n\n\n<p>La Cruz Roja y el Ayuntamiento de La Paz, entre los beneficiados con los fondos obtenidos de La Pazi\u00f3n por el Sabor. Foto: H\u00e9ctor Romero.<\/p>\n\n\n\n<p>Durante la presentaci\u00f3n del evento, autoridades destacaron que este tipo de festivales fortalecen la&nbsp;<strong>identidad culinaria de Baja California Sur,<\/strong>&nbsp;y contribuyen a impulsar el&nbsp;<strong>turismo gastron\u00f3mico<\/strong>&nbsp;en el Estado; adem\u00e1s, tambi\u00e9n fortalece el tejido social.<\/p>\n","protected":false},"excerpt":{"rendered":"<p>El festival gastron\u00f3mico celebrar\u00e1 su edici\u00f3n 13 en Para\u00edso del Mar con empresas gastron\u00f3micas provenientes de todo el Estado.El famoso&#8230;<\/p>\n","protected":false},"author":2,"featured_media":4818,"comment_status":"open","ping_status":"open","sticky":false,"template":"","format":"standard","meta":{"footnotes":""},"categories":[25],"tags":[],"class_list":["post-4817","post","type-post","status-publish","format-standard","has-post-thumbnail","hentry","category-sociedad"],"yoast_head":"<!-- This site is optimized with the Yoast SEO Premium plugin v26.8 (Yoast SEO v27.4) - https:\/\/yoast.com\/product\/yoast-seo-premium-wordpress\/ -->\n<title>Kabah se presentar\u00e1 en \u201cLa Pazi\u00f3n por el Sabor\u201d en La Paz; hay m\u00e1s de 130 empresas participantes - Buenos D&iacute;as BCS<\/title>\n<meta name=\"robots\" content=\"index, follow, max-snippet:-1, max-image-preview:large, max-video-preview:-1\" \/>\n<link rel=\"canonical\" href=\"https:\/\/buenosdiasbcs.com\/?p=4817\" \/>\n<meta property=\"og:locale\" content=\"es_ES\" \/>\n<meta property=\"og:type\" content=\"article\" \/>\n<meta property=\"og:title\" content=\"Kabah se presentar\u00e1 en \u201cLa Pazi\u00f3n por el Sabor\u201d en La Paz; hay m\u00e1s de 130 empresas participantes\" \/>\n<meta property=\"og:description\" content=\"El festival gastron\u00f3mico celebrar\u00e1 su edici\u00f3n 13 en Para\u00edso del Mar con empresas gastron\u00f3micas provenientes de todo el Estado.El famoso...\" \/>\n<meta property=\"og:url\" content=\"https:\/\/buenosdiasbcs.com\/?p=4817\" \/>\n<meta property=\"og:site_name\" content=\"Buenos D&iacute;as BCS\" \/>\n<meta property=\"article:published_time\" content=\"2026-03-10T07:20:00+00:00\" \/>\n<meta property=\"og:image\" content=\"https:\/\/buenosdiasbcs.com\/wp-content\/uploads\/2026\/03\/pazion-1-13f6aaf2-focus-0-0-966-543.webp\" \/>\n\t<meta property=\"og:image:width\" content=\"966\" \/>\n\t<meta property=\"og:image:height\" content=\"543\" \/>\n\t<meta property=\"og:image:type\" content=\"image\/webp\" \/>\n<meta name=\"author\" content=\"Edici\u00f3n Buenos D\u00edas\" \/>\n<meta name=\"twitter:card\" content=\"summary_large_image\" \/>\n<meta name=\"twitter:label1\" content=\"Escrito por\" \/>\n\t<meta name=\"twitter:data1\" content=\"Edici\u00f3n Buenos D\u00edas\" \/>\n\t<meta name=\"twitter:label2\" content=\"Tiempo de lectura\" \/>\n\t<meta name=\"twitter:data2\" content=\"3 minutos\" \/>\n<script type=\"application\/ld+json\" class=\"yoast-schema-graph\">{\"@context\":\"https:\\\/\\\/schema.org\",\"@graph\":[{\"@type\":\"Article\",\"@id\":\"https:\\\/\\\/buenosdiasbcs.com\\\/?p=4817#article\",\"isPartOf\":{\"@id\":\"https:\\\/\\\/buenosdiasbcs.com\\\/?p=4817\"},\"author\":{\"name\":\"Edici\u00f3n Buenos D\u00edas\",\"@id\":\"https:\\\/\\\/buenosdiasbcs.com\\\/#\\\/schema\\\/person\\\/15aedc247eab7070ee5d76d6d069a821\"},\"headline\":\"Kabah se presentar\u00e1 en \u201cLa Pazi\u00f3n por el Sabor\u201d en La Paz; hay m\u00e1s de 130 empresas participantes\",\"datePublished\":\"2026-03-10T07:20:00+00:00\",\"mainEntityOfPage\":{\"@id\":\"https:\\\/\\\/buenosdiasbcs.com\\\/?p=4817\"},\"wordCount\":564,\"commentCount\":0,\"publisher\":{\"@id\":\"https:\\\/\\\/buenosdiasbcs.com\\\/#organization\"},\"image\":{\"@id\":\"https:\\\/\\\/buenosdiasbcs.com\\\/?p=4817#primaryimage\"},\"thumbnailUrl\":\"https:\\\/\\\/buenosdiasbcs.com\\\/wp-content\\\/uploads\\\/2026\\\/03\\\/pazion-1-13f6aaf2-focus-0-0-966-543.webp\",\"articleSection\":[\"Sociedad\"],\"inLanguage\":\"es\",\"potentialAction\":[{\"@type\":\"CommentAction\",\"name\":\"Comment\",\"target\":[\"https:\\\/\\\/buenosdiasbcs.com\\\/?p=4817#respond\"]}]},{\"@type\":\"WebPage\",\"@id\":\"https:\\\/\\\/buenosdiasbcs.com\\\/?p=4817\",\"url\":\"https:\\\/\\\/buenosdiasbcs.com\\\/?p=4817\",\"name\":\"Kabah se presentar\u00e1 en \u201cLa Pazi\u00f3n por el Sabor\u201d en La Paz; hay m\u00e1s de 130 empresas participantes - Buenos D&iacute;as BCS\",\"isPartOf\":{\"@id\":\"https:\\\/\\\/buenosdiasbcs.com\\\/#website\"},\"primaryImageOfPage\":{\"@id\":\"https:\\\/\\\/buenosdiasbcs.com\\\/?p=4817#primaryimage\"},\"image\":{\"@id\":\"https:\\\/\\\/buenosdiasbcs.com\\\/?p=4817#primaryimage\"},\"thumbnailUrl\":\"https:\\\/\\\/buenosdiasbcs.com\\\/wp-content\\\/uploads\\\/2026\\\/03\\\/pazion-1-13f6aaf2-focus-0-0-966-543.webp\",\"datePublished\":\"2026-03-10T07:20:00+00:00\",\"breadcrumb\":{\"@id\":\"https:\\\/\\\/buenosdiasbcs.com\\\/?p=4817#breadcrumb\"},\"inLanguage\":\"es\",\"potentialAction\":[{\"@type\":\"ReadAction\",\"target\":[\"https:\\\/\\\/buenosdiasbcs.com\\\/?p=4817\"]}]},{\"@type\":\"ImageObject\",\"inLanguage\":\"es\",\"@id\":\"https:\\\/\\\/buenosdiasbcs.com\\\/?p=4817#primaryimage\",\"url\":\"https:\\\/\\\/buenosdiasbcs.com\\\/wp-content\\\/uploads\\\/2026\\\/03\\\/pazion-1-13f6aaf2-focus-0-0-966-543.webp\",\"contentUrl\":\"https:\\\/\\\/buenosdiasbcs.com\\\/wp-content\\\/uploads\\\/2026\\\/03\\\/pazion-1-13f6aaf2-focus-0-0-966-543.webp\",\"width\":966,\"height\":543},{\"@type\":\"BreadcrumbList\",\"@id\":\"https:\\\/\\\/buenosdiasbcs.com\\\/?p=4817#breadcrumb\",\"itemListElement\":[{\"@type\":\"ListItem\",\"position\":1,\"name\":\"Portada\",\"item\":\"https:\\\/\\\/buenosdiasbcs.com\\\/\"},{\"@type\":\"ListItem\",\"position\":2,\"name\":\"Kabah se presentar\u00e1 en \u201cLa Pazi\u00f3n por el Sabor\u201d en La Paz; hay m\u00e1s de 130 empresas participantes\"}]},{\"@type\":\"WebSite\",\"@id\":\"https:\\\/\\\/buenosdiasbcs.com\\\/#website\",\"url\":\"https:\\\/\\\/buenosdiasbcs.com\\\/\",\"name\":\"Buenos D\u00edas BCS\",\"description\":\"\",\"publisher\":{\"@id\":\"https:\\\/\\\/buenosdiasbcs.com\\\/#organization\"},\"potentialAction\":[{\"@type\":\"SearchAction\",\"target\":{\"@type\":\"EntryPoint\",\"urlTemplate\":\"https:\\\/\\\/buenosdiasbcs.com\\\/?s={search_term_string}\"},\"query-input\":{\"@type\":\"PropertyValueSpecification\",\"valueRequired\":true,\"valueName\":\"search_term_string\"}}],\"inLanguage\":\"es\"},{\"@type\":\"Organization\",\"@id\":\"https:\\\/\\\/buenosdiasbcs.com\\\/#organization\",\"name\":\"Buenos D\u00edas BCS\",\"url\":\"https:\\\/\\\/buenosdiasbcs.com\\\/\",\"logo\":{\"@type\":\"ImageObject\",\"inLanguage\":\"es\",\"@id\":\"https:\\\/\\\/buenosdiasbcs.com\\\/#\\\/schema\\\/logo\\\/image\\\/\",\"url\":\"https:\\\/\\\/buenosdiasbcs.com\\\/wp-content\\\/uploads\\\/2026\\\/01\\\/logo-buenos-dias-40-01.png\",\"contentUrl\":\"https:\\\/\\\/buenosdiasbcs.com\\\/wp-content\\\/uploads\\\/2026\\\/01\\\/logo-buenos-dias-40-01.png\",\"width\":277,\"height\":40,\"caption\":\"Buenos D\u00edas BCS\"},\"image\":{\"@id\":\"https:\\\/\\\/buenosdiasbcs.com\\\/#\\\/schema\\\/logo\\\/image\\\/\"}},{\"@type\":\"Person\",\"@id\":\"https:\\\/\\\/buenosdiasbcs.com\\\/#\\\/schema\\\/person\\\/15aedc247eab7070ee5d76d6d069a821\",\"name\":\"Edici\u00f3n Buenos D\u00edas\",\"image\":{\"@type\":\"ImageObject\",\"inLanguage\":\"es\",\"@id\":\"https:\\\/\\\/buenosdiasbcs.com\\\/wp-content\\\/uploads\\\/2026\\\/01\\\/cropped-sol-96x96.png\",\"url\":\"https:\\\/\\\/buenosdiasbcs.com\\\/wp-content\\\/uploads\\\/2026\\\/01\\\/cropped-sol-96x96.png\",\"contentUrl\":\"https:\\\/\\\/buenosdiasbcs.com\\\/wp-content\\\/uploads\\\/2026\\\/01\\\/cropped-sol-96x96.png\",\"caption\":\"Edici\u00f3n Buenos D\u00edas\"},\"url\":\"https:\\\/\\\/buenosdiasbcs.com\\\/?author=2\"}]}<\/script>\n<!-- \/ Yoast SEO Premium plugin. -->","yoast_head_json":{"title":"Kabah se presentar\u00e1 en \u201cLa Pazi\u00f3n por el Sabor\u201d en La Paz; hay m\u00e1s de 130 empresas participantes - Buenos D&iacute;as BCS","robots":{"index":"index","follow":"follow","max-snippet":"max-snippet:-1","max-image-preview":"max-image-preview:large","max-video-preview":"max-video-preview:-1"},"canonical":"https:\/\/buenosdiasbcs.com\/?p=4817","og_locale":"es_ES","og_type":"article","og_title":"Kabah se presentar\u00e1 en \u201cLa Pazi\u00f3n por el Sabor\u201d en La Paz; hay m\u00e1s de 130 empresas participantes","og_description":"El festival gastron\u00f3mico celebrar\u00e1 su edici\u00f3n 13 en Para\u00edso del Mar con empresas gastron\u00f3micas provenientes de todo el Estado.El famoso...","og_url":"https:\/\/buenosdiasbcs.com\/?p=4817","og_site_name":"Buenos D&iacute;as BCS","article_published_time":"2026-03-10T07:20:00+00:00","og_image":[{"width":966,"height":543,"url":"https:\/\/buenosdiasbcs.com\/wp-content\/uploads\/2026\/03\/pazion-1-13f6aaf2-focus-0-0-966-543.webp","type":"image\/webp"}],"author":"Edici\u00f3n Buenos D\u00edas","twitter_card":"summary_large_image","twitter_misc":{"Escrito por":"Edici\u00f3n Buenos D\u00edas","Tiempo de lectura":"3 minutos"},"schema":{"@context":"https:\/\/schema.org","@graph":[{"@type":"Article","@id":"https:\/\/buenosdiasbcs.com\/?p=4817#article","isPartOf":{"@id":"https:\/\/buenosdiasbcs.com\/?p=4817"},"author":{"name":"Edici\u00f3n Buenos D\u00edas","@id":"https:\/\/buenosdiasbcs.com\/#\/schema\/person\/15aedc247eab7070ee5d76d6d069a821"},"headline":"Kabah se presentar\u00e1 en \u201cLa Pazi\u00f3n por el Sabor\u201d en La Paz; hay m\u00e1s de 130 empresas participantes","datePublished":"2026-03-10T07:20:00+00:00","mainEntityOfPage":{"@id":"https:\/\/buenosdiasbcs.com\/?p=4817"},"wordCount":564,"commentCount":0,"publisher":{"@id":"https:\/\/buenosdiasbcs.com\/#organization"},"image":{"@id":"https:\/\/buenosdiasbcs.com\/?p=4817#primaryimage"},"thumbnailUrl":"https:\/\/buenosdiasbcs.com\/wp-content\/uploads\/2026\/03\/pazion-1-13f6aaf2-focus-0-0-966-543.webp","articleSection":["Sociedad"],"inLanguage":"es","potentialAction":[{"@type":"CommentAction","name":"Comment","target":["https:\/\/buenosdiasbcs.com\/?p=4817#respond"]}]},{"@type":"WebPage","@id":"https:\/\/buenosdiasbcs.com\/?p=4817","url":"https:\/\/buenosdiasbcs.com\/?p=4817","name":"Kabah se presentar\u00e1 en \u201cLa Pazi\u00f3n por el Sabor\u201d en La Paz; hay m\u00e1s de 130 empresas participantes - Buenos D&iacute;as BCS","isPartOf":{"@id":"https:\/\/buenosdiasbcs.com\/#website"},"primaryImageOfPage":{"@id":"https:\/\/buenosdiasbcs.com\/?p=4817#primaryimage"},"image":{"@id":"https:\/\/buenosdiasbcs.com\/?p=4817#primaryimage"},"thumbnailUrl":"https:\/\/buenosdiasbcs.com\/wp-content\/uploads\/2026\/03\/pazion-1-13f6aaf2-focus-0-0-966-543.webp","datePublished":"2026-03-10T07:20:00+00:00","breadcrumb":{"@id":"https:\/\/buenosdiasbcs.com\/?p=4817#breadcrumb"},"inLanguage":"es","potentialAction":[{"@type":"ReadAction","target":["https:\/\/buenosdiasbcs.com\/?p=4817"]}]},{"@type":"ImageObject","inLanguage":"es","@id":"https:\/\/buenosdiasbcs.com\/?p=4817#primaryimage","url":"https:\/\/buenosdiasbcs.com\/wp-content\/uploads\/2026\/03\/pazion-1-13f6aaf2-focus-0-0-966-543.webp","contentUrl":"https:\/\/buenosdiasbcs.com\/wp-content\/uploads\/2026\/03\/pazion-1-13f6aaf2-focus-0-0-966-543.webp","width":966,"height":543},{"@type":"BreadcrumbList","@id":"https:\/\/buenosdiasbcs.com\/?p=4817#breadcrumb","itemListElement":[{"@type":"ListItem","position":1,"name":"Portada","item":"https:\/\/buenosdiasbcs.com\/"},{"@type":"ListItem","position":2,"name":"Kabah se presentar\u00e1 en \u201cLa Pazi\u00f3n por el Sabor\u201d en La Paz; hay m\u00e1s de 130 empresas participantes"}]},{"@type":"WebSite","@id":"https:\/\/buenosdiasbcs.com\/#website","url":"https:\/\/buenosdiasbcs.com\/","name":"Buenos D\u00edas BCS","description":"","publisher":{"@id":"https:\/\/buenosdiasbcs.com\/#organization"},"potentialAction":[{"@type":"SearchAction","target":{"@type":"EntryPoint","urlTemplate":"https:\/\/buenosdiasbcs.com\/?s={search_term_string}"},"query-input":{"@type":"PropertyValueSpecification","valueRequired":true,"valueName":"search_term_string"}}],"inLanguage":"es"},{"@type":"Organization","@id":"https:\/\/buenosdiasbcs.com\/#organization","name":"Buenos D\u00edas BCS","url":"https:\/\/buenosdiasbcs.com\/","logo":{"@type":"ImageObject","inLanguage":"es","@id":"https:\/\/buenosdiasbcs.com\/#\/schema\/logo\/image\/","url":"https:\/\/buenosdiasbcs.com\/wp-content\/uploads\/2026\/01\/logo-buenos-dias-40-01.png","contentUrl":"https:\/\/buenosdiasbcs.com\/wp-content\/uploads\/2026\/01\/logo-buenos-dias-40-01.png","width":277,"height":40,"caption":"Buenos D\u00edas BCS"},"image":{"@id":"https:\/\/buenosdiasbcs.com\/#\/schema\/logo\/image\/"}},{"@type":"Person","@id":"https:\/\/buenosdiasbcs.com\/#\/schema\/person\/15aedc247eab7070ee5d76d6d069a821","name":"Edici\u00f3n Buenos D\u00edas","image":{"@type":"ImageObject","inLanguage":"es","@id":"https:\/\/buenosdiasbcs.com\/wp-content\/uploads\/2026\/01\/cropped-sol-96x96.png","url":"https:\/\/buenosdiasbcs.com\/wp-content\/uploads\/2026\/01\/cropped-sol-96x96.png","contentUrl":"https:\/\/buenosdiasbcs.com\/wp-content\/uploads\/2026\/01\/cropped-sol-96x96.png","caption":"Edici\u00f3n Buenos D\u00edas"},"url":"https:\/\/buenosdiasbcs.com\/?author=2"}]}},"amp_enabled":true,"_links":{"self":[{"href":"https:\/\/buenosdiasbcs.com\/index.php?rest_route=\/wp\/v2\/posts\/4817","targetHints":{"allow":["GET"]}}],"collection":[{"href":"https:\/\/buenosdiasbcs.com\/index.php?rest_route=\/wp\/v2\/posts"}],"about":[{"href":"https:\/\/buenosdiasbcs.com\/index.php?rest_route=\/wp\/v2\/types\/post"}],"author":[{"embeddable":true,"href":"https:\/\/buenosdiasbcs.com\/index.php?rest_route=\/wp\/v2\/users\/2"}],"replies":[{"embeddable":true,"href":"https:\/\/buenosdiasbcs.com\/index.php?rest_route=%2Fwp%2Fv2%2Fcomments&post=4817"}],"version-history":[{"count":1,"href":"https:\/\/buenosdiasbcs.com\/index.php?rest_route=\/wp\/v2\/posts\/4817\/revisions"}],"predecessor-version":[{"id":4819,"href":"https:\/\/buenosdiasbcs.com\/index.php?rest_route=\/wp\/v2\/posts\/4817\/revisions\/4819"}],"wp:featuredmedia":[{"embeddable":true,"href":"https:\/\/buenosdiasbcs.com\/index.php?rest_route=\/wp\/v2\/media\/4818"}],"wp:attachment":[{"href":"https:\/\/buenosdiasbcs.com\/index.php?rest_route=%2Fwp%2Fv2%2Fmedia&parent=4817"}],"wp:term":[{"taxonomy":"category","embeddable":true,"href":"https:\/\/buenosdiasbcs.com\/index.php?rest_route=%2Fwp%2Fv2%2Fcategories&post=4817"},{"taxonomy":"post_tag","embeddable":true,"href":"https:\/\/buenosdiasbcs.com\/index.php?rest_route=%2Fwp%2Fv2%2Ftags&post=4817"}],"curies":[{"name":"wp","href":"https:\/\/api.w.org\/{rel}","templated":true}]}}