{"id":4811,"date":"2026-03-10T00:14:00","date_gmt":"2026-03-10T07:14:00","guid":{"rendered":"https:\/\/buenosdiasbcs.com\/?p=4811"},"modified":"2026-03-09T19:15:45","modified_gmt":"2026-03-10T02:15:45","slug":"raul-alberto-martinez-quien-es-el-joven-que-su-familia-busca-hace-un-mes-en-los-cabos","status":"publish","type":"post","link":"https:\/\/buenosdiasbcs.com\/?p=4811","title":{"rendered":"Ra\u00fal Alberto Mart\u00ednez: qui\u00e9n es el joven que su familia busca hace un mes en Los Cabos"},"content":{"rendered":"\n<h2 class=\"wp-block-heading\" id=\"h-familiares-de-raul-alberto-martinez-aseguran-que-autoridades-de-los-cabos-no-han-dado-informacion-publica-sobre-el-caso\">Familiares de Ra\u00fal Alberto Mart\u00ednez aseguran que autoridades de Los Cabos no han dado informaci\u00f3n p\u00fablica sobre el caso.<\/h2>\n\n\n\n<p>Ra\u00fal Alberto Mart\u00ednez Santiago, de 28 a\u00f1os, sigue sin ser localizado a casi un mes de su desaparici\u00f3n en Los Cabos; un caso que ha tenido amplia difusi\u00f3n en Baja California Sur,&nbsp;<a href=\"https:\/\/www.posta.com.mx\/bcs\/quien-es-francisco-diaz-familiares-lo-buscan-tras-desaparecer-el-30-de-enero\/vl2159673\">al igual que el de Francisco D\u00edaz Garc\u00eda en Muleg\u00e9.<\/a><\/p>\n\n\n\n<p>El joven sali\u00f3 a correr en la colonia Villas de Cort\u00e9s, como sol\u00eda hacerlo, pero la noche del 21 de febrero, alrededor de las 21:00 horas, ya no regres\u00f3 a casa; desde entonces, su familia lo mantiene en b\u00fasqueda.<\/p>\n\n\n\n<h2 class=\"wp-block-heading\" id=\"h-quien-es-raul-alberto-martinez-el-joven-desaparecido-en-los-cabos\">\u00bfQui\u00e9n es Ra\u00fal Alberto Mart\u00ednez, el joven desaparecido en Los Cabos?<\/h2>\n\n\n\n<p>La familia de&nbsp;<strong>Ra\u00fal Alberto Mart\u00ednez Santiago<\/strong>, un joven de 28 a\u00f1os, cumpli\u00f3 30 d\u00edas sin noticias sobre su paradero en San Jos\u00e9 del Cabo.<\/p>\n\n\n\n<p>Ra\u00fal desapareci\u00f3 la noche del&nbsp;<strong>19 de febrero de 2026<\/strong>&nbsp;tras salir a correr en la colonia Villas de Cort\u00e9s, una actividad que realizaba como parte de su rutina diaria.&nbsp;<\/p>\n\n\n\n<p>Desde ese momento, sus padres y amigos mantienen una b\u00fasqueda activa en calles y plazas p\u00fablicas para obtener cualquier dato que ayude a encontrarlo.<\/p>\n\n\n\n<p>Ra\u00fal lleg\u00f3 a Los Cabos hace 27 a\u00f1os proveniente de la Ciudad de M\u00e9xico. Sus padres se mudaron al municipio cuando \u00e9l era un ni\u00f1o con el fin de encontrar mejores oportunidades de vida.&nbsp;<\/p>\n\n\n\n<p>Antes de su desaparici\u00f3n, el joven trabajaba en su propio&nbsp;<strong>proyecto de emprendimiento<\/strong>, el cual combinaba con sus h\u00e1bitos deportivos.<\/p>\n\n\n\n<p>Sus allegados lo describen como una persona responsable y enfocada en sus metas. El d\u00eda que desapareci\u00f3 vest\u00eda ropa deportiva y no regres\u00f3 a su casa despu\u00e9s de salir a hacer ejercicio.<\/p>\n\n\n\n<p>Su caso se suma al de otras desapariciones recientes, como la de&nbsp;<a href=\"https:\/\/www.posta.com.mx\/bcs\/familias-de-tres-jovenes-exigen-respuestas-a-casi-un-mes-de-su-desaparicion-en-ciudad-insurgentes\/vl2164630\">tres j\u00f3venes que desaparecieron el 18 de enero de 2026 en el municipio de Comond\u00fa.<\/a><\/p>\n\n\n\n<h2 class=\"wp-block-heading\" id=\"h-que-ha-denunciado-la-familia-de-raul-alberto-martinez\">\u00bfQu\u00e9 ha denunciado la familia de Ra\u00fal Alberto Mart\u00ednez?<\/h2>\n\n\n\n<p>Ante la falta de resultados inmediatos, el se\u00f1or Alberto Mart\u00ednez y la se\u00f1ora Yessenia Santiago, padres de Ra\u00fal, decidieron usar sus propios medios para dar visibilidad al caso:<\/p>\n\n\n\n<ul class=\"wp-block-list\">\n<li><strong>Protestas pac\u00edficas:<\/strong>\u00a0Realizaron concentraciones en el Centro Hist\u00f3rico de San Jos\u00e9 del Cabo con velas y carteles.<\/li>\n\n\n\n<li><strong>Intervenciones simb\u00f3licas:<\/strong>\u00a0Colocaron una silla vac\u00eda en plazas p\u00fablicas para representar la ausencia de su hijo.<\/li>\n\n\n\n<li><strong>Difusi\u00f3n directa:<\/strong>\u00a0Repartieron volantes con el rostro de Ra\u00fal a residentes y turistas en las zonas de mayor afluencia.<\/li>\n\n\n\n<li><strong>Redes sociales:<\/strong>\u00a0Crearon campa\u00f1as digitales para que la ficha de b\u00fasqueda no pierda vigencia.<\/li>\n<\/ul>\n\n\n\n<p>La familia solicita que cualquier persona que haya visto a Ra\u00fal o tenga datos sobre su ubicaci\u00f3n se comunique a las l\u00edneas de emergencia.<\/p>\n\n\n\n<ul class=\"wp-block-list\">\n<li>Llamar al n\u00famero de emergencias 911.<\/li>\n\n\n\n<li>Acudir a la fiscal\u00eda local para realizar una denuncia an\u00f3nima.<\/li>\n\n\n\n<li>Compartir la ficha oficial de b\u00fasqueda en plataformas digitales.<\/li>\n\n\n\n<li><\/li>\n<\/ul>\n\n\n\n<h2 class=\"wp-block-heading\" id=\"h-que-han-dicho-las-autoridades-sobre-la-busqueda-de-raul-alberto-martinez\">\u00bfQu\u00e9 han dicho las autoridades sobre la b\u00fasqueda de Ra\u00fal Alberto Mart\u00ednez?<\/h2>\n\n\n\n<p>Las autoridades han informado que el caso sigue en investigaci\u00f3n y que mantienen comunicaci\u00f3n con la familia de Ra\u00fal Alberto Mart\u00ednez, aunque no han dado detalles p\u00fablicos sobre los avances.<\/p>\n\n\n\n<p>Tambi\u00e9n se dio a conocer que el alcalde de Los Cabos atendi\u00f3 personalmente a los padres del joven y busc\u00f3 coordinar comunicaci\u00f3n con la PGJE para reforzar las acciones de b\u00fasqueda.<\/p>\n\n\n\n<p>Hasta ahora no se han reportado detenciones ni resultados concretos de forma p\u00fablica, por lo que la familia contin\u00faa difundiendo el caso y pide apoyo de la poblaci\u00f3n para localizarlo.<\/p>\n\n\n\n<p>En cuanto al marco legal, a inicios de febrero&nbsp;<a href=\"https:\/\/www.posta.com.mx\/bcs\/diputados-aprueban-ley-sobre-desaparecidos-en-bcs-de-que-se-trata\/vl2160737\">el Congreso del Estado aprob\u00f3 la Ley en Materia de Desaparici\u00f3n Forzada de Personas y Desaparici\u00f3n Cometida por Particulares<\/a>, la cual obliga a particulares que tengan o administren bases de datos a permitir su acceso y proporcionar la informaci\u00f3n que ayude en las investigaciones.<\/p>\n","protected":false},"excerpt":{"rendered":"<p>Familiares de Ra\u00fal Alberto Mart\u00ednez aseguran que autoridades de Los Cabos no han dado informaci\u00f3n p\u00fablica sobre el caso. Ra\u00fal&#8230;<\/p>\n","protected":false},"author":2,"featured_media":4812,"comment_status":"open","ping_status":"open","sticky":false,"template":"","format":"standard","meta":{"footnotes":""},"categories":[237],"tags":[],"class_list":["post-4811","post","type-post","status-publish","format-standard","has-post-thumbnail","hentry","category-seguridad"],"yoast_head":"<!-- This site is optimized with the Yoast SEO Premium plugin v26.8 (Yoast SEO v27.4) - https:\/\/yoast.com\/product\/yoast-seo-premium-wordpress\/ -->\n<title>Ra\u00fal Alberto Mart\u00ednez: qui\u00e9n es el joven que su familia busca hace un mes en Los Cabos - Buenos D&iacute;as BCS<\/title>\n<meta name=\"robots\" content=\"index, follow, max-snippet:-1, max-image-preview:large, max-video-preview:-1\" \/>\n<link rel=\"canonical\" href=\"https:\/\/buenosdiasbcs.com\/?p=4811\" \/>\n<meta property=\"og:locale\" content=\"es_ES\" \/>\n<meta property=\"og:type\" content=\"article\" \/>\n<meta property=\"og:title\" content=\"Ra\u00fal Alberto Mart\u00ednez: qui\u00e9n es el joven que su familia busca hace un mes en Los Cabos\" \/>\n<meta property=\"og:description\" content=\"Familiares de Ra\u00fal Alberto Mart\u00ednez aseguran que autoridades de Los Cabos no han dado informaci\u00f3n p\u00fablica sobre el caso. Ra\u00fal...\" \/>\n<meta property=\"og:url\" content=\"https:\/\/buenosdiasbcs.com\/?p=4811\" \/>\n<meta property=\"og:site_name\" content=\"Buenos D&iacute;as BCS\" \/>\n<meta property=\"article:published_time\" content=\"2026-03-10T07:14:00+00:00\" \/>\n<meta property=\"og:image\" content=\"https:\/\/buenosdiasbcs.com\/wp-content\/uploads\/2026\/03\/que-ha-denunciado-la-familia-de-raul-alberto-martinez-b7de5f19-focus-0-0-825-550.webp\" \/>\n\t<meta property=\"og:image:width\" content=\"825\" \/>\n\t<meta property=\"og:image:height\" content=\"550\" \/>\n\t<meta property=\"og:image:type\" content=\"image\/webp\" \/>\n<meta name=\"author\" content=\"Edici\u00f3n Buenos D\u00edas\" \/>\n<meta name=\"twitter:card\" content=\"summary_large_image\" \/>\n<meta name=\"twitter:label1\" content=\"Escrito por\" \/>\n\t<meta name=\"twitter:data1\" content=\"Edici\u00f3n Buenos D\u00edas\" \/>\n\t<meta name=\"twitter:label2\" content=\"Tiempo de lectura\" \/>\n\t<meta name=\"twitter:data2\" content=\"4 minutos\" \/>\n<script type=\"application\/ld+json\" class=\"yoast-schema-graph\">{\"@context\":\"https:\\\/\\\/schema.org\",\"@graph\":[{\"@type\":\"Article\",\"@id\":\"https:\\\/\\\/buenosdiasbcs.com\\\/?p=4811#article\",\"isPartOf\":{\"@id\":\"https:\\\/\\\/buenosdiasbcs.com\\\/?p=4811\"},\"author\":{\"name\":\"Edici\u00f3n Buenos D\u00edas\",\"@id\":\"https:\\\/\\\/buenosdiasbcs.com\\\/#\\\/schema\\\/person\\\/15aedc247eab7070ee5d76d6d069a821\"},\"headline\":\"Ra\u00fal Alberto Mart\u00ednez: qui\u00e9n es el joven que su familia busca hace un mes en Los Cabos\",\"datePublished\":\"2026-03-10T07:14:00+00:00\",\"mainEntityOfPage\":{\"@id\":\"https:\\\/\\\/buenosdiasbcs.com\\\/?p=4811\"},\"wordCount\":703,\"commentCount\":0,\"publisher\":{\"@id\":\"https:\\\/\\\/buenosdiasbcs.com\\\/#organization\"},\"image\":{\"@id\":\"https:\\\/\\\/buenosdiasbcs.com\\\/?p=4811#primaryimage\"},\"thumbnailUrl\":\"https:\\\/\\\/buenosdiasbcs.com\\\/wp-content\\\/uploads\\\/2026\\\/03\\\/que-ha-denunciado-la-familia-de-raul-alberto-martinez-b7de5f19-focus-0-0-825-550.webp\",\"articleSection\":[\"Seguridad\"],\"inLanguage\":\"es\",\"potentialAction\":[{\"@type\":\"CommentAction\",\"name\":\"Comment\",\"target\":[\"https:\\\/\\\/buenosdiasbcs.com\\\/?p=4811#respond\"]}]},{\"@type\":\"WebPage\",\"@id\":\"https:\\\/\\\/buenosdiasbcs.com\\\/?p=4811\",\"url\":\"https:\\\/\\\/buenosdiasbcs.com\\\/?p=4811\",\"name\":\"Ra\u00fal Alberto Mart\u00ednez: qui\u00e9n es el joven que su familia busca hace un mes en Los Cabos - Buenos D&iacute;as BCS\",\"isPartOf\":{\"@id\":\"https:\\\/\\\/buenosdiasbcs.com\\\/#website\"},\"primaryImageOfPage\":{\"@id\":\"https:\\\/\\\/buenosdiasbcs.com\\\/?p=4811#primaryimage\"},\"image\":{\"@id\":\"https:\\\/\\\/buenosdiasbcs.com\\\/?p=4811#primaryimage\"},\"thumbnailUrl\":\"https:\\\/\\\/buenosdiasbcs.com\\\/wp-content\\\/uploads\\\/2026\\\/03\\\/que-ha-denunciado-la-familia-de-raul-alberto-martinez-b7de5f19-focus-0-0-825-550.webp\",\"datePublished\":\"2026-03-10T07:14:00+00:00\",\"breadcrumb\":{\"@id\":\"https:\\\/\\\/buenosdiasbcs.com\\\/?p=4811#breadcrumb\"},\"inLanguage\":\"es\",\"potentialAction\":[{\"@type\":\"ReadAction\",\"target\":[\"https:\\\/\\\/buenosdiasbcs.com\\\/?p=4811\"]}]},{\"@type\":\"ImageObject\",\"inLanguage\":\"es\",\"@id\":\"https:\\\/\\\/buenosdiasbcs.com\\\/?p=4811#primaryimage\",\"url\":\"https:\\\/\\\/buenosdiasbcs.com\\\/wp-content\\\/uploads\\\/2026\\\/03\\\/que-ha-denunciado-la-familia-de-raul-alberto-martinez-b7de5f19-focus-0-0-825-550.webp\",\"contentUrl\":\"https:\\\/\\\/buenosdiasbcs.com\\\/wp-content\\\/uploads\\\/2026\\\/03\\\/que-ha-denunciado-la-familia-de-raul-alberto-martinez-b7de5f19-focus-0-0-825-550.webp\",\"width\":825,\"height\":550},{\"@type\":\"BreadcrumbList\",\"@id\":\"https:\\\/\\\/buenosdiasbcs.com\\\/?p=4811#breadcrumb\",\"itemListElement\":[{\"@type\":\"ListItem\",\"position\":1,\"name\":\"Portada\",\"item\":\"https:\\\/\\\/buenosdiasbcs.com\\\/\"},{\"@type\":\"ListItem\",\"position\":2,\"name\":\"Ra\u00fal Alberto Mart\u00ednez: qui\u00e9n es el joven que su familia busca hace un mes en Los Cabos\"}]},{\"@type\":\"WebSite\",\"@id\":\"https:\\\/\\\/buenosdiasbcs.com\\\/#website\",\"url\":\"https:\\\/\\\/buenosdiasbcs.com\\\/\",\"name\":\"Buenos D\u00edas BCS\",\"description\":\"\",\"publisher\":{\"@id\":\"https:\\\/\\\/buenosdiasbcs.com\\\/#organization\"},\"potentialAction\":[{\"@type\":\"SearchAction\",\"target\":{\"@type\":\"EntryPoint\",\"urlTemplate\":\"https:\\\/\\\/buenosdiasbcs.com\\\/?s={search_term_string}\"},\"query-input\":{\"@type\":\"PropertyValueSpecification\",\"valueRequired\":true,\"valueName\":\"search_term_string\"}}],\"inLanguage\":\"es\"},{\"@type\":\"Organization\",\"@id\":\"https:\\\/\\\/buenosdiasbcs.com\\\/#organization\",\"name\":\"Buenos D\u00edas BCS\",\"url\":\"https:\\\/\\\/buenosdiasbcs.com\\\/\",\"logo\":{\"@type\":\"ImageObject\",\"inLanguage\":\"es\",\"@id\":\"https:\\\/\\\/buenosdiasbcs.com\\\/#\\\/schema\\\/logo\\\/image\\\/\",\"url\":\"https:\\\/\\\/buenosdiasbcs.com\\\/wp-content\\\/uploads\\\/2026\\\/01\\\/logo-buenos-dias-40-01.png\",\"contentUrl\":\"https:\\\/\\\/buenosdiasbcs.com\\\/wp-content\\\/uploads\\\/2026\\\/01\\\/logo-buenos-dias-40-01.png\",\"width\":277,\"height\":40,\"caption\":\"Buenos D\u00edas BCS\"},\"image\":{\"@id\":\"https:\\\/\\\/buenosdiasbcs.com\\\/#\\\/schema\\\/logo\\\/image\\\/\"}},{\"@type\":\"Person\",\"@id\":\"https:\\\/\\\/buenosdiasbcs.com\\\/#\\\/schema\\\/person\\\/15aedc247eab7070ee5d76d6d069a821\",\"name\":\"Edici\u00f3n Buenos D\u00edas\",\"image\":{\"@type\":\"ImageObject\",\"inLanguage\":\"es\",\"@id\":\"https:\\\/\\\/buenosdiasbcs.com\\\/wp-content\\\/uploads\\\/2026\\\/01\\\/cropped-sol-96x96.png\",\"url\":\"https:\\\/\\\/buenosdiasbcs.com\\\/wp-content\\\/uploads\\\/2026\\\/01\\\/cropped-sol-96x96.png\",\"contentUrl\":\"https:\\\/\\\/buenosdiasbcs.com\\\/wp-content\\\/uploads\\\/2026\\\/01\\\/cropped-sol-96x96.png\",\"caption\":\"Edici\u00f3n Buenos D\u00edas\"},\"url\":\"https:\\\/\\\/buenosdiasbcs.com\\\/?author=2\"}]}<\/script>\n<!-- \/ Yoast SEO Premium plugin. -->","yoast_head_json":{"title":"Ra\u00fal Alberto Mart\u00ednez: qui\u00e9n es el joven que su familia busca hace un mes en Los Cabos - Buenos D&iacute;as BCS","robots":{"index":"index","follow":"follow","max-snippet":"max-snippet:-1","max-image-preview":"max-image-preview:large","max-video-preview":"max-video-preview:-1"},"canonical":"https:\/\/buenosdiasbcs.com\/?p=4811","og_locale":"es_ES","og_type":"article","og_title":"Ra\u00fal Alberto Mart\u00ednez: qui\u00e9n es el joven que su familia busca hace un mes en Los Cabos","og_description":"Familiares de Ra\u00fal Alberto Mart\u00ednez aseguran que autoridades de Los Cabos no han dado informaci\u00f3n p\u00fablica sobre el caso. Ra\u00fal...","og_url":"https:\/\/buenosdiasbcs.com\/?p=4811","og_site_name":"Buenos D&iacute;as BCS","article_published_time":"2026-03-10T07:14:00+00:00","og_image":[{"width":825,"height":550,"url":"https:\/\/buenosdiasbcs.com\/wp-content\/uploads\/2026\/03\/que-ha-denunciado-la-familia-de-raul-alberto-martinez-b7de5f19-focus-0-0-825-550.webp","type":"image\/webp"}],"author":"Edici\u00f3n Buenos D\u00edas","twitter_card":"summary_large_image","twitter_misc":{"Escrito por":"Edici\u00f3n Buenos D\u00edas","Tiempo de lectura":"4 minutos"},"schema":{"@context":"https:\/\/schema.org","@graph":[{"@type":"Article","@id":"https:\/\/buenosdiasbcs.com\/?p=4811#article","isPartOf":{"@id":"https:\/\/buenosdiasbcs.com\/?p=4811"},"author":{"name":"Edici\u00f3n Buenos D\u00edas","@id":"https:\/\/buenosdiasbcs.com\/#\/schema\/person\/15aedc247eab7070ee5d76d6d069a821"},"headline":"Ra\u00fal Alberto Mart\u00ednez: qui\u00e9n es el joven que su familia busca hace un mes en Los Cabos","datePublished":"2026-03-10T07:14:00+00:00","mainEntityOfPage":{"@id":"https:\/\/buenosdiasbcs.com\/?p=4811"},"wordCount":703,"commentCount":0,"publisher":{"@id":"https:\/\/buenosdiasbcs.com\/#organization"},"image":{"@id":"https:\/\/buenosdiasbcs.com\/?p=4811#primaryimage"},"thumbnailUrl":"https:\/\/buenosdiasbcs.com\/wp-content\/uploads\/2026\/03\/que-ha-denunciado-la-familia-de-raul-alberto-martinez-b7de5f19-focus-0-0-825-550.webp","articleSection":["Seguridad"],"inLanguage":"es","potentialAction":[{"@type":"CommentAction","name":"Comment","target":["https:\/\/buenosdiasbcs.com\/?p=4811#respond"]}]},{"@type":"WebPage","@id":"https:\/\/buenosdiasbcs.com\/?p=4811","url":"https:\/\/buenosdiasbcs.com\/?p=4811","name":"Ra\u00fal Alberto Mart\u00ednez: qui\u00e9n es el joven que su familia busca hace un mes en Los Cabos - Buenos D&iacute;as BCS","isPartOf":{"@id":"https:\/\/buenosdiasbcs.com\/#website"},"primaryImageOfPage":{"@id":"https:\/\/buenosdiasbcs.com\/?p=4811#primaryimage"},"image":{"@id":"https:\/\/buenosdiasbcs.com\/?p=4811#primaryimage"},"thumbnailUrl":"https:\/\/buenosdiasbcs.com\/wp-content\/uploads\/2026\/03\/que-ha-denunciado-la-familia-de-raul-alberto-martinez-b7de5f19-focus-0-0-825-550.webp","datePublished":"2026-03-10T07:14:00+00:00","breadcrumb":{"@id":"https:\/\/buenosdiasbcs.com\/?p=4811#breadcrumb"},"inLanguage":"es","potentialAction":[{"@type":"ReadAction","target":["https:\/\/buenosdiasbcs.com\/?p=4811"]}]},{"@type":"ImageObject","inLanguage":"es","@id":"https:\/\/buenosdiasbcs.com\/?p=4811#primaryimage","url":"https:\/\/buenosdiasbcs.com\/wp-content\/uploads\/2026\/03\/que-ha-denunciado-la-familia-de-raul-alberto-martinez-b7de5f19-focus-0-0-825-550.webp","contentUrl":"https:\/\/buenosdiasbcs.com\/wp-content\/uploads\/2026\/03\/que-ha-denunciado-la-familia-de-raul-alberto-martinez-b7de5f19-focus-0-0-825-550.webp","width":825,"height":550},{"@type":"BreadcrumbList","@id":"https:\/\/buenosdiasbcs.com\/?p=4811#breadcrumb","itemListElement":[{"@type":"ListItem","position":1,"name":"Portada","item":"https:\/\/buenosdiasbcs.com\/"},{"@type":"ListItem","position":2,"name":"Ra\u00fal Alberto Mart\u00ednez: qui\u00e9n es el joven que su familia busca hace un mes en Los Cabos"}]},{"@type":"WebSite","@id":"https:\/\/buenosdiasbcs.com\/#website","url":"https:\/\/buenosdiasbcs.com\/","name":"Buenos D\u00edas BCS","description":"","publisher":{"@id":"https:\/\/buenosdiasbcs.com\/#organization"},"potentialAction":[{"@type":"SearchAction","target":{"@type":"EntryPoint","urlTemplate":"https:\/\/buenosdiasbcs.com\/?s={search_term_string}"},"query-input":{"@type":"PropertyValueSpecification","valueRequired":true,"valueName":"search_term_string"}}],"inLanguage":"es"},{"@type":"Organization","@id":"https:\/\/buenosdiasbcs.com\/#organization","name":"Buenos D\u00edas BCS","url":"https:\/\/buenosdiasbcs.com\/","logo":{"@type":"ImageObject","inLanguage":"es","@id":"https:\/\/buenosdiasbcs.com\/#\/schema\/logo\/image\/","url":"https:\/\/buenosdiasbcs.com\/wp-content\/uploads\/2026\/01\/logo-buenos-dias-40-01.png","contentUrl":"https:\/\/buenosdiasbcs.com\/wp-content\/uploads\/2026\/01\/logo-buenos-dias-40-01.png","width":277,"height":40,"caption":"Buenos D\u00edas BCS"},"image":{"@id":"https:\/\/buenosdiasbcs.com\/#\/schema\/logo\/image\/"}},{"@type":"Person","@id":"https:\/\/buenosdiasbcs.com\/#\/schema\/person\/15aedc247eab7070ee5d76d6d069a821","name":"Edici\u00f3n Buenos D\u00edas","image":{"@type":"ImageObject","inLanguage":"es","@id":"https:\/\/buenosdiasbcs.com\/wp-content\/uploads\/2026\/01\/cropped-sol-96x96.png","url":"https:\/\/buenosdiasbcs.com\/wp-content\/uploads\/2026\/01\/cropped-sol-96x96.png","contentUrl":"https:\/\/buenosdiasbcs.com\/wp-content\/uploads\/2026\/01\/cropped-sol-96x96.png","caption":"Edici\u00f3n Buenos D\u00edas"},"url":"https:\/\/buenosdiasbcs.com\/?author=2"}]}},"amp_enabled":true,"_links":{"self":[{"href":"https:\/\/buenosdiasbcs.com\/index.php?rest_route=\/wp\/v2\/posts\/4811","targetHints":{"allow":["GET"]}}],"collection":[{"href":"https:\/\/buenosdiasbcs.com\/index.php?rest_route=\/wp\/v2\/posts"}],"about":[{"href":"https:\/\/buenosdiasbcs.com\/index.php?rest_route=\/wp\/v2\/types\/post"}],"author":[{"embeddable":true,"href":"https:\/\/buenosdiasbcs.com\/index.php?rest_route=\/wp\/v2\/users\/2"}],"replies":[{"embeddable":true,"href":"https:\/\/buenosdiasbcs.com\/index.php?rest_route=%2Fwp%2Fv2%2Fcomments&post=4811"}],"version-history":[{"count":1,"href":"https:\/\/buenosdiasbcs.com\/index.php?rest_route=\/wp\/v2\/posts\/4811\/revisions"}],"predecessor-version":[{"id":4813,"href":"https:\/\/buenosdiasbcs.com\/index.php?rest_route=\/wp\/v2\/posts\/4811\/revisions\/4813"}],"wp:featuredmedia":[{"embeddable":true,"href":"https:\/\/buenosdiasbcs.com\/index.php?rest_route=\/wp\/v2\/media\/4812"}],"wp:attachment":[{"href":"https:\/\/buenosdiasbcs.com\/index.php?rest_route=%2Fwp%2Fv2%2Fmedia&parent=4811"}],"wp:term":[{"taxonomy":"category","embeddable":true,"href":"https:\/\/buenosdiasbcs.com\/index.php?rest_route=%2Fwp%2Fv2%2Fcategories&post=4811"},{"taxonomy":"post_tag","embeddable":true,"href":"https:\/\/buenosdiasbcs.com\/index.php?rest_route=%2Fwp%2Fv2%2Ftags&post=4811"}],"curies":[{"name":"wp","href":"https:\/\/api.w.org\/{rel}","templated":true}]}}