{"id":15111,"date":"2026-09-04T00:49:00","date_gmt":"2026-09-04T07:49:00","guid":{"rendered":"https:\/\/buenosdiasbcs.com\/?p=15111"},"modified":"2026-09-03T18:53:43","modified_gmt":"2026-09-04T01:53:43","slug":"puerta-de-la-paz-vuelve-a-ser-vandalizada-dejaron-mensaje","status":"publish","type":"post","link":"https:\/\/buenosdiasbcs.com\/?p=15111","title":{"rendered":"Puerta de la Paz vuelve a ser vandalizada; dejaron mensaje"},"content":{"rendered":"\n<h2 id=\"h-la-puerta-de-entrada-de-la-paz-fue-vandalizada-nuevamente-y-las-imagenes-de-los-danos-comenzaron-a-circular-en-redes-sociales\" class=\"wp-block-heading\">La Puerta de Entrada de La Paz fue vandalizada nuevamente y las im\u00e1genes de los da\u00f1os comenzaron a circular en redes sociales.<\/h2>\n\n\n\n<p class=\"wp-block-paragraph\"><a href=\"https:\/\/www.posta.com.mx\/bcs\/puerta-turistica-de-la-paz-tras-vandalismo-y-retrasos-municipio-anuncia-nueva-licitacion\/vl2129209\">La Puerta de Entrada de La Paz volvi\u00f3 a ser vandalizada con varios mensajes<\/a>&nbsp;que aparecieron en distintos puntos de la estructura. Las im\u00e1genes comenzaron a circular en redes sociales y muestran mensajes relacionados con el&nbsp;<strong>costo de la obra<\/strong>, su&nbsp;<strong>construcci\u00f3n<\/strong>&nbsp;y la&nbsp;<strong>administraci\u00f3n municipal<\/strong>.<\/p>\n\n\n\n<p class=\"wp-block-paragraph\">Entre las&nbsp;<strong>frases escritas<\/strong>&nbsp;con pintura se encuentran referencias a los puentes, al&nbsp;<strong>costo<\/strong>&nbsp;de entrada a la ciudad y al supuesto destino de los recursos utilizados para construir la estructura.<\/p>\n\n\n\n<h2 id=\"h-que-mensajes-dejaron-en-la-puerta-de-nbsp-la-paz-nbsp-tras-ser-nbsp-vandalizada\" class=\"wp-block-heading\">\u00bfQu\u00e9 mensajes dejaron en la Puerta de&nbsp;<strong>La Paz<\/strong>&nbsp;tras ser&nbsp;<strong>vandalizada<\/strong>?<\/h2>\n\n\n\n<p class=\"wp-block-paragraph\">Las fotograf\u00edas que comenzaron a circular muestran varias&nbsp;<strong>frases escritas<\/strong>sobre los pilares y laterales de la&nbsp;<strong>Puerta de Entrada de La Paz<\/strong>, ubicada en el&nbsp;<strong>acceso sur<\/strong>&nbsp;de la capital de Baja California Sur.<\/p>\n\n\n\n<p class=\"wp-block-paragraph\">Los mensajes hacen referencia principalmente a la obra, a su&nbsp;<strong>costo<\/strong>&nbsp;y a decisiones tomadas durante la&nbsp;<strong>administraci\u00f3n municipal<\/strong>. Entre las frases que aparecen en las im\u00e1genes est\u00e1n:<\/p>\n\n\n\n<ul class=\"wp-block-list\">\n<li>\u201c<strong>La Paz sin puentes<\/strong>\u201d<\/li>\n\n\n\n<li>\u201c<strong>5 a\u00f1os<\/strong>\u00a0y no pudo hacer un puente para\u00a0<strong>La Paz<\/strong>\u201d<\/li>\n\n\n\n<li>\u201cBienvenidos a\u00a0<strong>La Paz<\/strong>,\u00a0<strong>32 pesos por entrar<\/strong>\u201d<\/li>\n\n\n\n<li>\u201c<strong>La puerta de corrupci\u00f3n<\/strong>\u201d<\/li>\n\n\n\n<li>\u201cEsta\u00a0<strong>puerta se cay\u00f3<\/strong>\u00a0igual que\u00a0<strong>su administraci\u00f3n<\/strong>\u201d<\/li>\n\n\n\n<li>\u201c<strong>5 a\u00f1os<\/strong>\u00a0de mentiras,\u00a0<strong>no queremos m\u00e1s<\/strong>\u201d<\/li>\n\n\n\n<li>\u201c<strong>\u00bfD\u00f3nde est\u00e1n los 19 millones?<\/strong>\u00a0<strong>No m\u00e1s MQ<\/strong>\u201d<\/li>\n<\/ul>\n\n\n\n<p class=\"wp-block-paragraph\">Hasta el momento, las im\u00e1genes no permiten establecer qui\u00e9n realiz\u00f3 las pintas ni cu\u00e1ndo fueron colocadas. Tampoco se ha informado sobre alguna persona identificada como&nbsp;<strong>responsable<\/strong>.<\/p>\n\n\n\n<p class=\"wp-block-paragraph\">Las&nbsp;<strong>nuevas pintas<\/strong>&nbsp;se suman a los&nbsp;<strong>antecedentes<\/strong>&nbsp;que ya tiene esta estructura, que en otras ocasiones ha sido se\u00f1alada por&nbsp;<strong>da\u00f1os<\/strong>, reparaciones y&nbsp;<strong>cuestionamientos<\/strong>&nbsp;relacionados con el&nbsp;<strong>costo<\/strong>&nbsp;de su&nbsp;<strong>construcci\u00f3n<\/strong>.<\/p>\n\n\n\n<p class=\"wp-block-paragraph\">La&nbsp;<strong>Puerta de Entrada de La Paz<\/strong>&nbsp;se encuentra en la&nbsp;<strong>zona sur<\/strong>&nbsp;de la ciudad, cerca del&nbsp;<strong>acceso a Calafia<\/strong>, y fue construida como una&nbsp;<strong>estructura de bienvenida<\/strong>&nbsp;para quienes ingresan a la capital por la carretera Transpeninsular desde Los Cabos.<\/p>\n\n\n\n<p class=\"wp-block-paragraph\">La obra ha sido objeto de distintas&nbsp;<strong>cr\u00edticas<\/strong>&nbsp;desde su&nbsp;<strong>construcci\u00f3n<\/strong>. En&nbsp;<strong>2025<\/strong>, la estructura present\u00f3&nbsp;<strong>desprendimientos<\/strong>&nbsp;de&nbsp;<strong>materiales<\/strong>&nbsp;despu\u00e9s de las&nbsp;<strong>lluvias<\/strong>&nbsp;y posteriormente fue&nbsp;<strong>reparada<\/strong>.<\/p>\n\n\n\n<p class=\"wp-block-paragraph\">Tambi\u00e9n se han registrado actos de&nbsp;<strong>vandalismo<\/strong>&nbsp;relacionados con el&nbsp;<strong>robo de bater\u00edas<\/strong>, cableado y otros elementos que formaban parte del&nbsp;<strong>sistema de iluminaci\u00f3n<\/strong>&nbsp;que se hab\u00eda planeado para el monumento.<\/p>\n\n\n\n<h2 id=\"h-cuanto-costo-la-nbsp-puerta-de-entrada-de-la-paz\" class=\"wp-block-heading\">\u00bfCu\u00e1nto cost\u00f3 la&nbsp;<strong>Puerta de Entrada de La Paz<\/strong>?<\/h2>\n\n\n\n<p class=\"wp-block-paragraph\">La&nbsp;<strong>construcci\u00f3n<\/strong>&nbsp;de la Puerta de Entrada a&nbsp;<strong>La Paz<\/strong>&nbsp;forma parte del proyecto denominado oficialmente \u201cEmbellecimiento del&nbsp;<strong>Acceso Sur<\/strong>&nbsp;de la Ciudad de&nbsp;<strong>La Paz<\/strong>\u201d.<\/p>\n\n\n\n<p class=\"wp-block-paragraph\">De acuerdo con el contrato registrado para la obra, el proyecto tuvo un&nbsp;<strong>costo<\/strong>&nbsp;de&nbsp;<strong>13 millones 929 mil 605 pesos con 89 centavos, IVA incluido<\/strong>. Los recursos provinieron del Fideicomiso de Turismo de&nbsp;<strong>La Paz<\/strong>&nbsp;(<strong>FITUPAZ<\/strong>).<\/p>\n\n\n\n<p class=\"wp-block-paragraph\">Antes de que se conociera el monto establecido en el contrato, se hab\u00eda manejado p\u00fablicamente una cifra cercana a los&nbsp;<strong>19 millones de pesos<\/strong>&nbsp;para el proyecto inicial. Esta diferencia en las cantidades tambi\u00e9n gener\u00f3&nbsp;<strong>cuestionamientos<\/strong>&nbsp;alrededor de la obra.<\/p>\n\n\n\n<p class=\"wp-block-paragraph\">La estructura fue adjudicada a la empresa&nbsp;<strong>Construcciones Garale<\/strong>, S.A. de C.V., mediante una&nbsp;<strong>licitaci\u00f3n p\u00fablica<\/strong>&nbsp;nacional. Los trabajos comenzaron en noviembre de 2023 y el plazo establecido originalmente era de 90 d\u00edas naturales.<\/p>\n\n\n\n<p class=\"wp-block-paragraph\">El proyecto contemplaba m\u00e1s elementos de los que finalmente se observaron en la estructura construida. Entre ellos estaban un&nbsp;<strong>sistema de iluminaci\u00f3n<\/strong>,&nbsp;<strong>\u00e1reas verdes<\/strong>&nbsp;y una&nbsp;<strong>escultura de tibur\u00f3n ballena<\/strong>.<\/p>\n\n\n\n<p class=\"wp-block-paragraph\">La&nbsp;<strong>iluminaci\u00f3n<\/strong>&nbsp;represent\u00f3 uno de los problemas posteriores.&nbsp;<a href=\"https:\/\/www.posta.com.mx\/bcs\/puerta-de-la-paz-sigue-sin-inaugurarse-por-robo-de-baterias-y-paneles-solares\/vl2063922\">En la primera etapa se instalaron paneles solares y bater\u00edas para alimentar el sistema, pero estos elementos fueron robados.<\/a>&nbsp;Debido a ello, se plante\u00f3 cambiar el suministro y conectarlo a la&nbsp;<strong>red el\u00e9ctrica convencional<\/strong>.<\/p>\n\n\n\n<p class=\"wp-block-paragraph\">La estructura tambi\u00e9n present\u00f3&nbsp;<strong>da\u00f1os<\/strong>&nbsp;en&nbsp;<strong>2025<\/strong>. Despu\u00e9s de las&nbsp;<strong>lluvias<\/strong>, se desprendieron partes del recubrimiento, lo que provoc\u00f3&nbsp;<strong>cuestionamientos<\/strong>sobre los&nbsp;<strong>materiales<\/strong>&nbsp;utilizados y las condiciones en las que fue construida.<\/p>\n\n\n\n<p class=\"wp-block-paragraph\">El&nbsp;<strong>Colegio de Arquitectos<\/strong>&nbsp;de Baja California Sur tambi\u00e9n expres\u00f3&nbsp;<strong>cr\u00edticas<\/strong>&nbsp;sobre el proyecto y se\u00f1al\u00f3 que el gremio no particip\u00f3 en su&nbsp;<strong>dise\u00f1o<\/strong>. Adem\u00e1s, cuestion\u00f3 algunos aspectos t\u00e9cnicos y urbanos de la obra.<\/p>\n\n\n\n<p class=\"wp-block-paragraph\">Despu\u00e9s de los&nbsp;<strong>da\u00f1os<\/strong>, se realizaron&nbsp;<strong>trabajos de reparaci\u00f3n<\/strong>&nbsp;y posteriormente se anunciaron nuevas acciones de&nbsp;<strong>rehabilitaci\u00f3n<\/strong>&nbsp;para mejorar el&nbsp;<strong>acabado<\/strong>&nbsp;de la estructura.<\/p>\n\n\n\n<h2 id=\"h-que-nbsp-antecedentes-nbsp-de-nbsp-vandalismo-nbsp-tiene-la-puerta-de-nbsp-la-paz\" class=\"wp-block-heading\">\u00bfQu\u00e9&nbsp;<strong>antecedentes<\/strong>&nbsp;de&nbsp;<strong>vandalismo<\/strong>&nbsp;tiene la Puerta de&nbsp;<strong>La Paz<\/strong>?<\/h2>\n\n\n\n<p class=\"wp-block-paragraph\">Las nuevas im\u00e1genes vuelven a poner la estructura en el centro de la conversaci\u00f3n p\u00fablica debido a los&nbsp;<strong>antecedentes<\/strong>&nbsp;que ha acumulado desde su&nbsp;<strong>construcci\u00f3n<\/strong>.<\/p>\n\n\n\n<p class=\"wp-block-paragraph\">Uno de los primeros problemas registrados fue el robo de elementos del sistema el\u00e9ctrico. En mayo de&nbsp;<strong>2025<\/strong>&nbsp;se report\u00f3 la sustracci\u00f3n de bater\u00edas, cableado y tuber\u00eda de la caseta de control, afectando los&nbsp;<strong>paneles solares<\/strong>&nbsp;instalados para la&nbsp;<strong>iluminaci\u00f3n<\/strong>.<\/p>\n\n\n\n<p class=\"wp-block-paragraph\">Meses despu\u00e9s, en septiembre de ese mismo a\u00f1o, comenzaron a circular im\u00e1genes donde se observaban&nbsp;<strong>desprendimientos<\/strong>&nbsp;en diferentes partes de la estructura despu\u00e9s de las&nbsp;<strong>lluvias<\/strong>.<\/p>\n\n\n\n<p class=\"wp-block-paragraph\">En ese momento se inform\u00f3 que la&nbsp;<strong>empresa constructora<\/strong>&nbsp;realizar\u00eda los&nbsp;<strong>trabajos de reparaci\u00f3n<\/strong>&nbsp;bajo la&nbsp;<strong>garant\u00eda<\/strong>&nbsp;de la obra. Los trabajos incluyeron el reemplazo de&nbsp;<strong>materiales<\/strong>&nbsp;da\u00f1ados y acciones para evitar nuevos problemas relacionados con la humedad.<\/p>\n\n\n\n<p class=\"wp-block-paragraph\">Durante&nbsp;<strong>2026<\/strong>&nbsp;tambi\u00e9n se realizaron trabajos de&nbsp;<strong>rehabilitaci\u00f3n<\/strong>&nbsp;en el&nbsp;<strong>acabado<\/strong>de la cubierta de la estructura. Entre las labores informadas estuvieron la aplicaci\u00f3n de pintura, instalaci\u00f3n de un bastidor, colocaci\u00f3n de l\u00e1mina de acero, aplicaci\u00f3n de pintura de esmalte y colocaci\u00f3n de g\u00e1rgolas.<\/p>\n\n\n\n<p class=\"wp-block-paragraph\">La&nbsp;<strong>Puerta de Entrada de La Paz<\/strong>&nbsp;tambi\u00e9n ha sido objeto de&nbsp;<strong>cr\u00edticas<\/strong>&nbsp;por no contar todav\u00eda con todos los elementos planteados originalmente en el proyecto, como la&nbsp;<strong>iluminaci\u00f3n<\/strong>&nbsp;y la&nbsp;<strong>escultura central<\/strong>.<\/p>\n\n\n\n<p class=\"wp-block-paragraph\">A estos&nbsp;<strong>antecedentes<\/strong>&nbsp;se suma ahora la aparici\u00f3n de&nbsp;<strong>nuevas pintas<\/strong>&nbsp;en sus pilares y laterales. Las frases hacen referencia directa al&nbsp;<strong>costo de la obra<\/strong>, a su estado y a la&nbsp;<strong>administraci\u00f3n municipal<\/strong>, aunque hasta el momento&nbsp;<strong>no se ha informado<\/strong>&nbsp;qui\u00e9n las realiz\u00f3.<\/p>\n\n\n\n<p class=\"wp-block-paragraph\"><a href=\"https:\/\/www.posta.com.mx\/bcs\/milena-quiroga-asegura-que-la-caida-de-la-puerta-de-la-paz-fue-por-vandalismo\/vl2100879\">La estructura se mantiene ubicada en el acceso sur de La Paz<\/a>, donde contin\u00faa formando parte de la&nbsp;<strong>imagen de entrada<\/strong>&nbsp;a la ciudad para quienes llegan desde el&nbsp;<strong>corredor hacia Los Cabos<\/strong>.<\/p>\n\n\n\n<p class=\"wp-block-paragraph\"><\/p>\n","protected":false},"excerpt":{"rendered":"<p>La Puerta de Entrada de La Paz fue vandalizada nuevamente y las im\u00e1genes de los da\u00f1os comenzaron a circular en&#8230;<\/p>\n","protected":false},"author":2,"featured_media":15112,"comment_status":"open","ping_status":"open","sticky":false,"template":"","format":"standard","meta":{"footnotes":""},"categories":[25],"tags":[],"class_list":["post-15111","post","type-post","status-publish","format-standard","has-post-thumbnail","hentry","category-sociedad"],"yoast_head":"<!-- This site is optimized with the Yoast SEO Premium plugin v26.8 (Yoast SEO v28.4) - https:\/\/yoast.com\/product\/yoast-seo-premium-wordpress\/ -->\n<title>Puerta de la Paz vuelve a ser vandalizada; dejaron mensaje - Buenos D\u00edas BCS<\/title>\n<meta name=\"robots\" content=\"index, follow, max-snippet:-1, max-image-preview:large, max-video-preview:-1\" \/>\n<link rel=\"canonical\" href=\"https:\/\/buenosdiasbcs.com\/?p=15111\" \/>\n<meta property=\"og:locale\" content=\"es_ES\" \/>\n<meta property=\"og:type\" content=\"article\" \/>\n<meta property=\"og:title\" content=\"Puerta de la Paz vuelve a ser vandalizada; dejaron mensaje\" \/>\n<meta property=\"og:description\" content=\"La Puerta de Entrada de La Paz fue vandalizada nuevamente y las im\u00e1genes de los da\u00f1os comenzaron a circular en...\" \/>\n<meta property=\"og:url\" content=\"https:\/\/buenosdiasbcs.com\/?p=15111\" \/>\n<meta property=\"og:site_name\" content=\"Buenos D\u00edas BCS\" \/>\n<meta property=\"article:published_time\" content=\"2026-09-04T07:49:00+00:00\" \/>\n<meta property=\"og:image\" content=\"https:\/\/buenosdiasbcs.com\/wp-content\/uploads\/2026\/09\/puerta-de-la-paz-vuelve-a-ser-vandalizada-este-fue-el-mensaje-que-dejaron-b95bbafb-focus-0-0-1479-828.webp\" \/>\n\t<meta property=\"og:image:width\" content=\"1280\" \/>\n\t<meta property=\"og:image:height\" content=\"720\" \/>\n\t<meta property=\"og:image:type\" content=\"image\/webp\" \/>\n<meta name=\"author\" content=\"Edici\u00f3n Buenos D\u00edas\" \/>\n<meta name=\"twitter:card\" content=\"summary_large_image\" \/>\n<meta name=\"twitter:label1\" content=\"Escrito por\" \/>\n\t<meta name=\"twitter:data1\" content=\"Edici\u00f3n Buenos D\u00edas\" \/>\n\t<meta name=\"twitter:label2\" content=\"Tiempo de lectura\" \/>\n\t<meta name=\"twitter:data2\" content=\"5 minutos\" \/>\n<script type=\"application\/ld+json\" class=\"yoast-schema-graph\">{\"@context\":\"https:\\\/\\\/schema.org\",\"@graph\":[{\"@type\":\"Article\",\"@id\":\"https:\\\/\\\/buenosdiasbcs.com\\\/?p=15111#article\",\"isPartOf\":{\"@id\":\"https:\\\/\\\/buenosdiasbcs.com\\\/?p=15111\"},\"author\":{\"name\":\"Edici\u00f3n Buenos D\u00edas\",\"@id\":\"https:\\\/\\\/buenosdiasbcs.com\\\/#\\\/schema\\\/person\\\/15aedc247eab7070ee5d76d6d069a821\"},\"headline\":\"Puerta de la Paz vuelve a ser vandalizada; dejaron mensaje\",\"datePublished\":\"2026-09-04T07:49:00+00:00\",\"mainEntityOfPage\":{\"@id\":\"https:\\\/\\\/buenosdiasbcs.com\\\/?p=15111\"},\"wordCount\":1217,\"commentCount\":0,\"publisher\":{\"@id\":\"https:\\\/\\\/buenosdiasbcs.com\\\/#organization\"},\"image\":{\"@id\":\"https:\\\/\\\/buenosdiasbcs.com\\\/?p=15111#primaryimage\"},\"thumbnailUrl\":\"https:\\\/\\\/buenosdiasbcs.com\\\/wp-content\\\/uploads\\\/2026\\\/09\\\/puerta-de-la-paz-vuelve-a-ser-vandalizada-este-fue-el-mensaje-que-dejaron-b95bbafb-focus-0-0-1479-828.webp\",\"articleSection\":[\"Sociedad\"],\"inLanguage\":\"es\",\"potentialAction\":[{\"@type\":\"CommentAction\",\"name\":\"Comment\",\"target\":[\"https:\\\/\\\/buenosdiasbcs.com\\\/?p=15111#respond\"]}]},{\"@type\":\"WebPage\",\"@id\":\"https:\\\/\\\/buenosdiasbcs.com\\\/?p=15111\",\"url\":\"https:\\\/\\\/buenosdiasbcs.com\\\/?p=15111\",\"name\":\"Puerta de la Paz vuelve a ser vandalizada; dejaron mensaje - Buenos D\u00edas BCS\",\"isPartOf\":{\"@id\":\"https:\\\/\\\/buenosdiasbcs.com\\\/#website\"},\"primaryImageOfPage\":{\"@id\":\"https:\\\/\\\/buenosdiasbcs.com\\\/?p=15111#primaryimage\"},\"image\":{\"@id\":\"https:\\\/\\\/buenosdiasbcs.com\\\/?p=15111#primaryimage\"},\"thumbnailUrl\":\"https:\\\/\\\/buenosdiasbcs.com\\\/wp-content\\\/uploads\\\/2026\\\/09\\\/puerta-de-la-paz-vuelve-a-ser-vandalizada-este-fue-el-mensaje-que-dejaron-b95bbafb-focus-0-0-1479-828.webp\",\"datePublished\":\"2026-09-04T07:49:00+00:00\",\"breadcrumb\":{\"@id\":\"https:\\\/\\\/buenosdiasbcs.com\\\/?p=15111#breadcrumb\"},\"inLanguage\":\"es\",\"potentialAction\":[{\"@type\":\"ReadAction\",\"target\":[\"https:\\\/\\\/buenosdiasbcs.com\\\/?p=15111\"]}]},{\"@type\":\"ImageObject\",\"inLanguage\":\"es\",\"@id\":\"https:\\\/\\\/buenosdiasbcs.com\\\/?p=15111#primaryimage\",\"url\":\"https:\\\/\\\/buenosdiasbcs.com\\\/wp-content\\\/uploads\\\/2026\\\/09\\\/puerta-de-la-paz-vuelve-a-ser-vandalizada-este-fue-el-mensaje-que-dejaron-b95bbafb-focus-0-0-1479-828.webp\",\"contentUrl\":\"https:\\\/\\\/buenosdiasbcs.com\\\/wp-content\\\/uploads\\\/2026\\\/09\\\/puerta-de-la-paz-vuelve-a-ser-vandalizada-este-fue-el-mensaje-que-dejaron-b95bbafb-focus-0-0-1479-828.webp\",\"width\":1280,\"height\":720},{\"@type\":\"BreadcrumbList\",\"@id\":\"https:\\\/\\\/buenosdiasbcs.com\\\/?p=15111#breadcrumb\",\"itemListElement\":[{\"@type\":\"ListItem\",\"position\":1,\"name\":\"Portada\",\"item\":\"https:\\\/\\\/buenosdiasbcs.com\\\/\"},{\"@type\":\"ListItem\",\"position\":2,\"name\":\"Puerta de la Paz vuelve a ser vandalizada; dejaron mensaje\"}]},{\"@type\":\"WebSite\",\"@id\":\"https:\\\/\\\/buenosdiasbcs.com\\\/#website\",\"url\":\"https:\\\/\\\/buenosdiasbcs.com\\\/\",\"name\":\"Buenos D\u00edas BCS\",\"description\":\"\",\"publisher\":{\"@id\":\"https:\\\/\\\/buenosdiasbcs.com\\\/#organization\"},\"potentialAction\":[{\"@type\":\"SearchAction\",\"target\":{\"@type\":\"EntryPoint\",\"urlTemplate\":\"https:\\\/\\\/buenosdiasbcs.com\\\/?s={search_term_string}\"},\"query-input\":{\"@type\":\"PropertyValueSpecification\",\"valueRequired\":true,\"valueName\":\"search_term_string\"}}],\"inLanguage\":\"es\"},{\"@type\":\"Organization\",\"@id\":\"https:\\\/\\\/buenosdiasbcs.com\\\/#organization\",\"name\":\"Buenos D\u00edas BCS\",\"url\":\"https:\\\/\\\/buenosdiasbcs.com\\\/\",\"logo\":{\"@type\":\"ImageObject\",\"inLanguage\":\"es\",\"@id\":\"https:\\\/\\\/buenosdiasbcs.com\\\/#\\\/schema\\\/logo\\\/image\\\/\",\"url\":\"https:\\\/\\\/buenosdiasbcs.com\\\/wp-content\\\/uploads\\\/2026\\\/01\\\/logo-buenos-dias-40-01.png\",\"contentUrl\":\"https:\\\/\\\/buenosdiasbcs.com\\\/wp-content\\\/uploads\\\/2026\\\/01\\\/logo-buenos-dias-40-01.png\",\"width\":277,\"height\":40,\"caption\":\"Buenos D\u00edas BCS\"},\"image\":{\"@id\":\"https:\\\/\\\/buenosdiasbcs.com\\\/#\\\/schema\\\/logo\\\/image\\\/\"}},{\"@type\":\"Person\",\"@id\":\"https:\\\/\\\/buenosdiasbcs.com\\\/#\\\/schema\\\/person\\\/15aedc247eab7070ee5d76d6d069a821\",\"name\":\"Edici\u00f3n Buenos D\u00edas\",\"image\":{\"@type\":\"ImageObject\",\"inLanguage\":\"es\",\"@id\":\"https:\\\/\\\/buenosdiasbcs.com\\\/wp-content\\\/uploads\\\/2026\\\/01\\\/cropped-sol-96x96.png\",\"url\":\"https:\\\/\\\/buenosdiasbcs.com\\\/wp-content\\\/uploads\\\/2026\\\/01\\\/cropped-sol-96x96.png\",\"contentUrl\":\"https:\\\/\\\/buenosdiasbcs.com\\\/wp-content\\\/uploads\\\/2026\\\/01\\\/cropped-sol-96x96.png\",\"caption\":\"Edici\u00f3n Buenos D\u00edas\"},\"url\":\"https:\\\/\\\/buenosdiasbcs.com\\\/?author=2\"}]}<\/script>\n<!-- \/ Yoast SEO Premium plugin. -->","yoast_head_json":{"title":"Puerta de la Paz vuelve a ser vandalizada; dejaron mensaje - Buenos D\u00edas BCS","robots":{"index":"index","follow":"follow","max-snippet":"max-snippet:-1","max-image-preview":"max-image-preview:large","max-video-preview":"max-video-preview:-1"},"canonical":"https:\/\/buenosdiasbcs.com\/?p=15111","og_locale":"es_ES","og_type":"article","og_title":"Puerta de la Paz vuelve a ser vandalizada; dejaron mensaje","og_description":"La Puerta de Entrada de La Paz fue vandalizada nuevamente y las im\u00e1genes de los da\u00f1os comenzaron a circular en...","og_url":"https:\/\/buenosdiasbcs.com\/?p=15111","og_site_name":"Buenos D\u00edas BCS","article_published_time":"2026-09-04T07:49:00+00:00","og_image":[{"width":1280,"height":720,"url":"https:\/\/buenosdiasbcs.com\/wp-content\/uploads\/2026\/09\/puerta-de-la-paz-vuelve-a-ser-vandalizada-este-fue-el-mensaje-que-dejaron-b95bbafb-focus-0-0-1479-828.webp","type":"image\/webp"}],"author":"Edici\u00f3n Buenos D\u00edas","twitter_card":"summary_large_image","twitter_misc":{"Escrito por":"Edici\u00f3n Buenos D\u00edas","Tiempo de lectura":"5 minutos"},"schema":{"@context":"https:\/\/schema.org","@graph":[{"@type":"Article","@id":"https:\/\/buenosdiasbcs.com\/?p=15111#article","isPartOf":{"@id":"https:\/\/buenosdiasbcs.com\/?p=15111"},"author":{"name":"Edici\u00f3n Buenos D\u00edas","@id":"https:\/\/buenosdiasbcs.com\/#\/schema\/person\/15aedc247eab7070ee5d76d6d069a821"},"headline":"Puerta de la Paz vuelve a ser vandalizada; dejaron mensaje","datePublished":"2026-09-04T07:49:00+00:00","mainEntityOfPage":{"@id":"https:\/\/buenosdiasbcs.com\/?p=15111"},"wordCount":1217,"commentCount":0,"publisher":{"@id":"https:\/\/buenosdiasbcs.com\/#organization"},"image":{"@id":"https:\/\/buenosdiasbcs.com\/?p=15111#primaryimage"},"thumbnailUrl":"https:\/\/buenosdiasbcs.com\/wp-content\/uploads\/2026\/09\/puerta-de-la-paz-vuelve-a-ser-vandalizada-este-fue-el-mensaje-que-dejaron-b95bbafb-focus-0-0-1479-828.webp","articleSection":["Sociedad"],"inLanguage":"es","potentialAction":[{"@type":"CommentAction","name":"Comment","target":["https:\/\/buenosdiasbcs.com\/?p=15111#respond"]}]},{"@type":"WebPage","@id":"https:\/\/buenosdiasbcs.com\/?p=15111","url":"https:\/\/buenosdiasbcs.com\/?p=15111","name":"Puerta de la Paz vuelve a ser vandalizada; dejaron mensaje - Buenos D\u00edas BCS","isPartOf":{"@id":"https:\/\/buenosdiasbcs.com\/#website"},"primaryImageOfPage":{"@id":"https:\/\/buenosdiasbcs.com\/?p=15111#primaryimage"},"image":{"@id":"https:\/\/buenosdiasbcs.com\/?p=15111#primaryimage"},"thumbnailUrl":"https:\/\/buenosdiasbcs.com\/wp-content\/uploads\/2026\/09\/puerta-de-la-paz-vuelve-a-ser-vandalizada-este-fue-el-mensaje-que-dejaron-b95bbafb-focus-0-0-1479-828.webp","datePublished":"2026-09-04T07:49:00+00:00","breadcrumb":{"@id":"https:\/\/buenosdiasbcs.com\/?p=15111#breadcrumb"},"inLanguage":"es","potentialAction":[{"@type":"ReadAction","target":["https:\/\/buenosdiasbcs.com\/?p=15111"]}]},{"@type":"ImageObject","inLanguage":"es","@id":"https:\/\/buenosdiasbcs.com\/?p=15111#primaryimage","url":"https:\/\/buenosdiasbcs.com\/wp-content\/uploads\/2026\/09\/puerta-de-la-paz-vuelve-a-ser-vandalizada-este-fue-el-mensaje-que-dejaron-b95bbafb-focus-0-0-1479-828.webp","contentUrl":"https:\/\/buenosdiasbcs.com\/wp-content\/uploads\/2026\/09\/puerta-de-la-paz-vuelve-a-ser-vandalizada-este-fue-el-mensaje-que-dejaron-b95bbafb-focus-0-0-1479-828.webp","width":1280,"height":720},{"@type":"BreadcrumbList","@id":"https:\/\/buenosdiasbcs.com\/?p=15111#breadcrumb","itemListElement":[{"@type":"ListItem","position":1,"name":"Portada","item":"https:\/\/buenosdiasbcs.com\/"},{"@type":"ListItem","position":2,"name":"Puerta de la Paz vuelve a ser vandalizada; dejaron mensaje"}]},{"@type":"WebSite","@id":"https:\/\/buenosdiasbcs.com\/#website","url":"https:\/\/buenosdiasbcs.com\/","name":"Buenos D\u00edas BCS","description":"","publisher":{"@id":"https:\/\/buenosdiasbcs.com\/#organization"},"potentialAction":[{"@type":"SearchAction","target":{"@type":"EntryPoint","urlTemplate":"https:\/\/buenosdiasbcs.com\/?s={search_term_string}"},"query-input":{"@type":"PropertyValueSpecification","valueRequired":true,"valueName":"search_term_string"}}],"inLanguage":"es"},{"@type":"Organization","@id":"https:\/\/buenosdiasbcs.com\/#organization","name":"Buenos D\u00edas BCS","url":"https:\/\/buenosdiasbcs.com\/","logo":{"@type":"ImageObject","inLanguage":"es","@id":"https:\/\/buenosdiasbcs.com\/#\/schema\/logo\/image\/","url":"https:\/\/buenosdiasbcs.com\/wp-content\/uploads\/2026\/01\/logo-buenos-dias-40-01.png","contentUrl":"https:\/\/buenosdiasbcs.com\/wp-content\/uploads\/2026\/01\/logo-buenos-dias-40-01.png","width":277,"height":40,"caption":"Buenos D\u00edas BCS"},"image":{"@id":"https:\/\/buenosdiasbcs.com\/#\/schema\/logo\/image\/"}},{"@type":"Person","@id":"https:\/\/buenosdiasbcs.com\/#\/schema\/person\/15aedc247eab7070ee5d76d6d069a821","name":"Edici\u00f3n Buenos D\u00edas","image":{"@type":"ImageObject","inLanguage":"es","@id":"https:\/\/buenosdiasbcs.com\/wp-content\/uploads\/2026\/01\/cropped-sol-96x96.png","url":"https:\/\/buenosdiasbcs.com\/wp-content\/uploads\/2026\/01\/cropped-sol-96x96.png","contentUrl":"https:\/\/buenosdiasbcs.com\/wp-content\/uploads\/2026\/01\/cropped-sol-96x96.png","caption":"Edici\u00f3n Buenos D\u00edas"},"url":"https:\/\/buenosdiasbcs.com\/?author=2"}]}},"amp_enabled":true,"_links":{"self":[{"href":"https:\/\/buenosdiasbcs.com\/index.php?rest_route=\/wp\/v2\/posts\/15111","targetHints":{"allow":["GET"]}}],"collection":[{"href":"https:\/\/buenosdiasbcs.com\/index.php?rest_route=\/wp\/v2\/posts"}],"about":[{"href":"https:\/\/buenosdiasbcs.com\/index.php?rest_route=\/wp\/v2\/types\/post"}],"author":[{"embeddable":true,"href":"https:\/\/buenosdiasbcs.com\/index.php?rest_route=\/wp\/v2\/users\/2"}],"replies":[{"embeddable":true,"href":"https:\/\/buenosdiasbcs.com\/index.php?rest_route=%2Fwp%2Fv2%2Fcomments&post=15111"}],"version-history":[{"count":1,"href":"https:\/\/buenosdiasbcs.com\/index.php?rest_route=\/wp\/v2\/posts\/15111\/revisions"}],"predecessor-version":[{"id":15113,"href":"https:\/\/buenosdiasbcs.com\/index.php?rest_route=\/wp\/v2\/posts\/15111\/revisions\/15113"}],"wp:featuredmedia":[{"embeddable":true,"href":"https:\/\/buenosdiasbcs.com\/index.php?rest_route=\/wp\/v2\/media\/15112"}],"wp:attachment":[{"href":"https:\/\/buenosdiasbcs.com\/index.php?rest_route=%2Fwp%2Fv2%2Fmedia&parent=15111"}],"wp:term":[{"taxonomy":"category","embeddable":true,"href":"https:\/\/buenosdiasbcs.com\/index.php?rest_route=%2Fwp%2Fv2%2Fcategories&post=15111"},{"taxonomy":"post_tag","embeddable":true,"href":"https:\/\/buenosdiasbcs.com\/index.php?rest_route=%2Fwp%2Fv2%2Ftags&post=15111"}],"curies":[{"name":"wp","href":"https:\/\/api.w.org\/{rel}","templated":true}]}}