{"id":15108,"date":"2026-09-04T00:47:00","date_gmt":"2026-09-04T07:47:00","guid":{"rendered":"https:\/\/buenosdiasbcs.com\/?p=15108"},"modified":"2026-09-03T18:49:41","modified_gmt":"2026-09-04T01:49:41","slug":"pan-bcs-confirma-dialogo-con-oposicion-para-posibles-alianzas-rumbo-a-elecciones-2027","status":"publish","type":"post","link":"https:\/\/buenosdiasbcs.com\/?p=15108","title":{"rendered":"PAN BCS confirma di\u00e1logo con oposici\u00f3n para posibles alianzas rumbo a Elecciones 2027"},"content":{"rendered":"\n<h2 id=\"h-el-pan-en-bcs-confirmo-platicas-con-fuerzas-opositoras-para-construir-un-frente-comun-ante-el-rumbo-del-pais-y-la-entidad\" class=\"wp-block-heading\">El PAN en BCS confirm\u00f3 pl\u00e1ticas con fuerzas opositoras para construir un frente com\u00fan ante el rumbo del pa\u00eds y la entidad.<\/h2>\n\n\n\n<p class=\"wp-block-paragraph\">El Partido Acci\u00f3n Nacional (PAN) confirm\u00f3 formalmente que mantiene un di\u00e1logo constante con distintas fuerzas pol\u00edticas de oposici\u00f3n en Baja California Sur para explorar la construcci\u00f3n de un frente com\u00fan. La dirigencia del blanquiazul detall\u00f3 que estas conversaciones buscan articular una postura conjunta ante lo que consideran un mal rumbo tanto en el contexto nacional como a nivel estatal, abriendo la puerta a consensos amplios con miras a fortalecer el contrapeso pol\u00edtico en la regi\u00f3n de cara al proceso de las Elecciones 2027.<\/p>\n\n\n\n<p class=\"wp-block-paragraph\">Durante el posicionamiento ante medios de comunicaci\u00f3n, la representaci\u00f3n partidista precis\u00f3 que el di\u00e1logo estrat\u00e9gico no necesariamente se limita al \u00e1mbito estrictamente electoral. Se busca establecer una agenda de coincidencia social que contemple causas ciudadanas, la defensa de las instituciones p\u00fablicas y la fiscalizaci\u00f3n del ejercicio gubernamental en los cinco municipios de la entidad: La Paz, Los Cabos, Comond\u00fa, Loreto y Muleg\u00e9.<\/p>\n\n\n\n<p class=\"wp-block-paragraph\">Aunque Rigoberto Mares evit\u00f3 especificar p\u00fablicamente los nombres de los institutos pol\u00edticos con los que sostiene mesas de negociaci\u00f3n, la dirigencia ratific\u00f3 su apertura para colaborar con organizaciones afines y la sociedad civil. En este escenario, el presidente estatal del PAN en BCS, Rigoberto Mares, subray\u00f3 el compromiso de la fuerza pol\u00edtica para construir acuerdos s\u00f3lidos y democr\u00e1ticos que prioricen la participaci\u00f3n de la poblaci\u00f3n por encima de los intereses partidistas.<\/p>\n\n\n\n<p class=\"wp-block-paragraph\"><strong>\u201cLa propuesta que hicimos fue abrir nuestras puertas completamente a quien desee participar, que desee levantar la mano, quien desea inscribirse en los procesos. Ser\u00e1 la propia gente quien defina qui\u00e9n quiere que encabece los esfuerzos de cara al 2027. As\u00ed fue la conducci\u00f3n de la coordinaci\u00f3n estatal. Hoy Pancho es nuestro coordinador porque es a quien la gente quer\u00eda; se hizo una encuesta y finalmente la gente nos dijo: \u2018queremos que sea Pancho\u2019.\u201d \u2014 Rigoberto Mares, presidente estatal del PAN en BCS.<\/strong><\/p>\n\n\n\n<p class=\"wp-block-paragraph\">A pesar del hermetismo sobre las siglas espec\u00edficas, el escenario pol\u00edtico en la entidad contempla acercamientos con fuerzas de oposici\u00f3n tradicionales y emergentes como el Partido Revolucionario Institucional, Partido Revolucionario Democratico, Movimiento Ciudadano e integraciones de colectivos independientes. La meta compartida es estructurar una plataforma de gobernabilidad s\u00f3lida que pueda competir por las alcald\u00edas, las diputaciones locales y definir a los pr\u00f3ximos candidatos a la gubernatura en las Elecciones BCS.<\/p>\n\n\n\n<p class=\"wp-block-paragraph\">De este modo, el Partido Accion Nacional&nbsp; busca articular una coalici\u00f3n que no solo responda a acuerdos entre c\u00fapulas de partidos pol\u00edticos, sino a una demanda social unificada para el desarrollo democr\u00e1tico en Baja California Sur.<\/p>\n\n\n\n<p class=\"wp-block-paragraph\"><\/p>\n","protected":false},"excerpt":{"rendered":"<p>El PAN en BCS confirm\u00f3 pl\u00e1ticas con fuerzas opositoras para construir un frente com\u00fan ante el rumbo del pa\u00eds y&#8230;<\/p>\n","protected":false},"author":2,"featured_media":15109,"comment_status":"open","ping_status":"open","sticky":false,"template":"","format":"standard","meta":{"footnotes":""},"categories":[247],"tags":[],"class_list":["post-15108","post","type-post","status-publish","format-standard","has-post-thumbnail","hentry","category-elecciones-2027"],"yoast_head":"<!-- This site is optimized with the Yoast SEO Premium plugin v26.8 (Yoast SEO v28.4) - https:\/\/yoast.com\/product\/yoast-seo-premium-wordpress\/ -->\n<title>PAN BCS confirma di\u00e1logo con oposici\u00f3n para posibles alianzas rumbo a Elecciones 2027 - Buenos D\u00edas BCS<\/title>\n<meta name=\"robots\" content=\"index, follow, max-snippet:-1, max-image-preview:large, max-video-preview:-1\" \/>\n<link rel=\"canonical\" href=\"https:\/\/buenosdiasbcs.com\/?p=15108\" \/>\n<meta property=\"og:locale\" content=\"es_ES\" \/>\n<meta property=\"og:type\" content=\"article\" \/>\n<meta property=\"og:title\" content=\"PAN BCS confirma di\u00e1logo con oposici\u00f3n para posibles alianzas rumbo a Elecciones 2027\" \/>\n<meta property=\"og:description\" content=\"El PAN en BCS confirm\u00f3 pl\u00e1ticas con fuerzas opositoras para construir un frente com\u00fan ante el rumbo del pa\u00eds y...\" \/>\n<meta property=\"og:url\" content=\"https:\/\/buenosdiasbcs.com\/?p=15108\" \/>\n<meta property=\"og:site_name\" content=\"Buenos D\u00edas BCS\" \/>\n<meta property=\"article:published_time\" content=\"2026-09-04T07:47:00+00:00\" \/>\n<meta property=\"og:image\" content=\"https:\/\/buenosdiasbcs.com\/wp-content\/uploads\/2026\/09\/PAN-BCS-confirma-dialogo-con-oposicion-905x613.jpg.webp\" \/>\n\t<meta property=\"og:image:width\" content=\"905\" \/>\n\t<meta property=\"og:image:height\" content=\"613\" \/>\n\t<meta property=\"og:image:type\" content=\"image\/webp\" \/>\n<meta name=\"author\" content=\"Edici\u00f3n Buenos D\u00edas\" \/>\n<meta name=\"twitter:card\" content=\"summary_large_image\" \/>\n<meta name=\"twitter:label1\" content=\"Escrito por\" \/>\n\t<meta name=\"twitter:data1\" content=\"Edici\u00f3n Buenos D\u00edas\" \/>\n\t<meta name=\"twitter:label2\" content=\"Tiempo de lectura\" \/>\n\t<meta name=\"twitter:data2\" content=\"3 minutos\" \/>\n<script type=\"application\/ld+json\" class=\"yoast-schema-graph\">{\"@context\":\"https:\\\/\\\/schema.org\",\"@graph\":[{\"@type\":\"Article\",\"@id\":\"https:\\\/\\\/buenosdiasbcs.com\\\/?p=15108#article\",\"isPartOf\":{\"@id\":\"https:\\\/\\\/buenosdiasbcs.com\\\/?p=15108\"},\"author\":{\"name\":\"Edici\u00f3n Buenos D\u00edas\",\"@id\":\"https:\\\/\\\/buenosdiasbcs.com\\\/#\\\/schema\\\/person\\\/15aedc247eab7070ee5d76d6d069a821\"},\"headline\":\"PAN BCS confirma di\u00e1logo con oposici\u00f3n para posibles alianzas rumbo a Elecciones 2027\",\"datePublished\":\"2026-09-04T07:47:00+00:00\",\"mainEntityOfPage\":{\"@id\":\"https:\\\/\\\/buenosdiasbcs.com\\\/?p=15108\"},\"wordCount\":478,\"commentCount\":0,\"publisher\":{\"@id\":\"https:\\\/\\\/buenosdiasbcs.com\\\/#organization\"},\"image\":{\"@id\":\"https:\\\/\\\/buenosdiasbcs.com\\\/?p=15108#primaryimage\"},\"thumbnailUrl\":\"https:\\\/\\\/buenosdiasbcs.com\\\/wp-content\\\/uploads\\\/2026\\\/09\\\/PAN-BCS-confirma-dialogo-con-oposicion-905x613.jpg.webp\",\"articleSection\":[\"Elecciones 2027\"],\"inLanguage\":\"es\",\"potentialAction\":[{\"@type\":\"CommentAction\",\"name\":\"Comment\",\"target\":[\"https:\\\/\\\/buenosdiasbcs.com\\\/?p=15108#respond\"]}]},{\"@type\":\"WebPage\",\"@id\":\"https:\\\/\\\/buenosdiasbcs.com\\\/?p=15108\",\"url\":\"https:\\\/\\\/buenosdiasbcs.com\\\/?p=15108\",\"name\":\"PAN BCS confirma di\u00e1logo con oposici\u00f3n para posibles alianzas rumbo a Elecciones 2027 - Buenos D\u00edas BCS\",\"isPartOf\":{\"@id\":\"https:\\\/\\\/buenosdiasbcs.com\\\/#website\"},\"primaryImageOfPage\":{\"@id\":\"https:\\\/\\\/buenosdiasbcs.com\\\/?p=15108#primaryimage\"},\"image\":{\"@id\":\"https:\\\/\\\/buenosdiasbcs.com\\\/?p=15108#primaryimage\"},\"thumbnailUrl\":\"https:\\\/\\\/buenosdiasbcs.com\\\/wp-content\\\/uploads\\\/2026\\\/09\\\/PAN-BCS-confirma-dialogo-con-oposicion-905x613.jpg.webp\",\"datePublished\":\"2026-09-04T07:47:00+00:00\",\"breadcrumb\":{\"@id\":\"https:\\\/\\\/buenosdiasbcs.com\\\/?p=15108#breadcrumb\"},\"inLanguage\":\"es\",\"potentialAction\":[{\"@type\":\"ReadAction\",\"target\":[\"https:\\\/\\\/buenosdiasbcs.com\\\/?p=15108\"]}]},{\"@type\":\"ImageObject\",\"inLanguage\":\"es\",\"@id\":\"https:\\\/\\\/buenosdiasbcs.com\\\/?p=15108#primaryimage\",\"url\":\"https:\\\/\\\/buenosdiasbcs.com\\\/wp-content\\\/uploads\\\/2026\\\/09\\\/PAN-BCS-confirma-dialogo-con-oposicion-905x613.jpg.webp\",\"contentUrl\":\"https:\\\/\\\/buenosdiasbcs.com\\\/wp-content\\\/uploads\\\/2026\\\/09\\\/PAN-BCS-confirma-dialogo-con-oposicion-905x613.jpg.webp\",\"width\":905,\"height\":613},{\"@type\":\"BreadcrumbList\",\"@id\":\"https:\\\/\\\/buenosdiasbcs.com\\\/?p=15108#breadcrumb\",\"itemListElement\":[{\"@type\":\"ListItem\",\"position\":1,\"name\":\"Portada\",\"item\":\"https:\\\/\\\/buenosdiasbcs.com\\\/\"},{\"@type\":\"ListItem\",\"position\":2,\"name\":\"PAN BCS confirma di\u00e1logo con oposici\u00f3n para posibles alianzas rumbo a Elecciones 2027\"}]},{\"@type\":\"WebSite\",\"@id\":\"https:\\\/\\\/buenosdiasbcs.com\\\/#website\",\"url\":\"https:\\\/\\\/buenosdiasbcs.com\\\/\",\"name\":\"Buenos D\u00edas BCS\",\"description\":\"\",\"publisher\":{\"@id\":\"https:\\\/\\\/buenosdiasbcs.com\\\/#organization\"},\"potentialAction\":[{\"@type\":\"SearchAction\",\"target\":{\"@type\":\"EntryPoint\",\"urlTemplate\":\"https:\\\/\\\/buenosdiasbcs.com\\\/?s={search_term_string}\"},\"query-input\":{\"@type\":\"PropertyValueSpecification\",\"valueRequired\":true,\"valueName\":\"search_term_string\"}}],\"inLanguage\":\"es\"},{\"@type\":\"Organization\",\"@id\":\"https:\\\/\\\/buenosdiasbcs.com\\\/#organization\",\"name\":\"Buenos D\u00edas BCS\",\"url\":\"https:\\\/\\\/buenosdiasbcs.com\\\/\",\"logo\":{\"@type\":\"ImageObject\",\"inLanguage\":\"es\",\"@id\":\"https:\\\/\\\/buenosdiasbcs.com\\\/#\\\/schema\\\/logo\\\/image\\\/\",\"url\":\"https:\\\/\\\/buenosdiasbcs.com\\\/wp-content\\\/uploads\\\/2026\\\/01\\\/logo-buenos-dias-40-01.png\",\"contentUrl\":\"https:\\\/\\\/buenosdiasbcs.com\\\/wp-content\\\/uploads\\\/2026\\\/01\\\/logo-buenos-dias-40-01.png\",\"width\":277,\"height\":40,\"caption\":\"Buenos D\u00edas BCS\"},\"image\":{\"@id\":\"https:\\\/\\\/buenosdiasbcs.com\\\/#\\\/schema\\\/logo\\\/image\\\/\"}},{\"@type\":\"Person\",\"@id\":\"https:\\\/\\\/buenosdiasbcs.com\\\/#\\\/schema\\\/person\\\/15aedc247eab7070ee5d76d6d069a821\",\"name\":\"Edici\u00f3n Buenos D\u00edas\",\"image\":{\"@type\":\"ImageObject\",\"inLanguage\":\"es\",\"@id\":\"https:\\\/\\\/buenosdiasbcs.com\\\/wp-content\\\/uploads\\\/2026\\\/01\\\/cropped-sol-96x96.png\",\"url\":\"https:\\\/\\\/buenosdiasbcs.com\\\/wp-content\\\/uploads\\\/2026\\\/01\\\/cropped-sol-96x96.png\",\"contentUrl\":\"https:\\\/\\\/buenosdiasbcs.com\\\/wp-content\\\/uploads\\\/2026\\\/01\\\/cropped-sol-96x96.png\",\"caption\":\"Edici\u00f3n Buenos D\u00edas\"},\"url\":\"https:\\\/\\\/buenosdiasbcs.com\\\/?author=2\"}]}<\/script>\n<!-- \/ Yoast SEO Premium plugin. -->","yoast_head_json":{"title":"PAN BCS confirma di\u00e1logo con oposici\u00f3n para posibles alianzas rumbo a Elecciones 2027 - Buenos D\u00edas BCS","robots":{"index":"index","follow":"follow","max-snippet":"max-snippet:-1","max-image-preview":"max-image-preview:large","max-video-preview":"max-video-preview:-1"},"canonical":"https:\/\/buenosdiasbcs.com\/?p=15108","og_locale":"es_ES","og_type":"article","og_title":"PAN BCS confirma di\u00e1logo con oposici\u00f3n para posibles alianzas rumbo a Elecciones 2027","og_description":"El PAN en BCS confirm\u00f3 pl\u00e1ticas con fuerzas opositoras para construir un frente com\u00fan ante el rumbo del pa\u00eds y...","og_url":"https:\/\/buenosdiasbcs.com\/?p=15108","og_site_name":"Buenos D\u00edas BCS","article_published_time":"2026-09-04T07:47:00+00:00","og_image":[{"width":905,"height":613,"url":"https:\/\/buenosdiasbcs.com\/wp-content\/uploads\/2026\/09\/PAN-BCS-confirma-dialogo-con-oposicion-905x613.jpg.webp","type":"image\/webp"}],"author":"Edici\u00f3n Buenos D\u00edas","twitter_card":"summary_large_image","twitter_misc":{"Escrito por":"Edici\u00f3n Buenos D\u00edas","Tiempo de lectura":"3 minutos"},"schema":{"@context":"https:\/\/schema.org","@graph":[{"@type":"Article","@id":"https:\/\/buenosdiasbcs.com\/?p=15108#article","isPartOf":{"@id":"https:\/\/buenosdiasbcs.com\/?p=15108"},"author":{"name":"Edici\u00f3n Buenos D\u00edas","@id":"https:\/\/buenosdiasbcs.com\/#\/schema\/person\/15aedc247eab7070ee5d76d6d069a821"},"headline":"PAN BCS confirma di\u00e1logo con oposici\u00f3n para posibles alianzas rumbo a Elecciones 2027","datePublished":"2026-09-04T07:47:00+00:00","mainEntityOfPage":{"@id":"https:\/\/buenosdiasbcs.com\/?p=15108"},"wordCount":478,"commentCount":0,"publisher":{"@id":"https:\/\/buenosdiasbcs.com\/#organization"},"image":{"@id":"https:\/\/buenosdiasbcs.com\/?p=15108#primaryimage"},"thumbnailUrl":"https:\/\/buenosdiasbcs.com\/wp-content\/uploads\/2026\/09\/PAN-BCS-confirma-dialogo-con-oposicion-905x613.jpg.webp","articleSection":["Elecciones 2027"],"inLanguage":"es","potentialAction":[{"@type":"CommentAction","name":"Comment","target":["https:\/\/buenosdiasbcs.com\/?p=15108#respond"]}]},{"@type":"WebPage","@id":"https:\/\/buenosdiasbcs.com\/?p=15108","url":"https:\/\/buenosdiasbcs.com\/?p=15108","name":"PAN BCS confirma di\u00e1logo con oposici\u00f3n para posibles alianzas rumbo a Elecciones 2027 - Buenos D\u00edas BCS","isPartOf":{"@id":"https:\/\/buenosdiasbcs.com\/#website"},"primaryImageOfPage":{"@id":"https:\/\/buenosdiasbcs.com\/?p=15108#primaryimage"},"image":{"@id":"https:\/\/buenosdiasbcs.com\/?p=15108#primaryimage"},"thumbnailUrl":"https:\/\/buenosdiasbcs.com\/wp-content\/uploads\/2026\/09\/PAN-BCS-confirma-dialogo-con-oposicion-905x613.jpg.webp","datePublished":"2026-09-04T07:47:00+00:00","breadcrumb":{"@id":"https:\/\/buenosdiasbcs.com\/?p=15108#breadcrumb"},"inLanguage":"es","potentialAction":[{"@type":"ReadAction","target":["https:\/\/buenosdiasbcs.com\/?p=15108"]}]},{"@type":"ImageObject","inLanguage":"es","@id":"https:\/\/buenosdiasbcs.com\/?p=15108#primaryimage","url":"https:\/\/buenosdiasbcs.com\/wp-content\/uploads\/2026\/09\/PAN-BCS-confirma-dialogo-con-oposicion-905x613.jpg.webp","contentUrl":"https:\/\/buenosdiasbcs.com\/wp-content\/uploads\/2026\/09\/PAN-BCS-confirma-dialogo-con-oposicion-905x613.jpg.webp","width":905,"height":613},{"@type":"BreadcrumbList","@id":"https:\/\/buenosdiasbcs.com\/?p=15108#breadcrumb","itemListElement":[{"@type":"ListItem","position":1,"name":"Portada","item":"https:\/\/buenosdiasbcs.com\/"},{"@type":"ListItem","position":2,"name":"PAN BCS confirma di\u00e1logo con oposici\u00f3n para posibles alianzas rumbo a Elecciones 2027"}]},{"@type":"WebSite","@id":"https:\/\/buenosdiasbcs.com\/#website","url":"https:\/\/buenosdiasbcs.com\/","name":"Buenos D\u00edas BCS","description":"","publisher":{"@id":"https:\/\/buenosdiasbcs.com\/#organization"},"potentialAction":[{"@type":"SearchAction","target":{"@type":"EntryPoint","urlTemplate":"https:\/\/buenosdiasbcs.com\/?s={search_term_string}"},"query-input":{"@type":"PropertyValueSpecification","valueRequired":true,"valueName":"search_term_string"}}],"inLanguage":"es"},{"@type":"Organization","@id":"https:\/\/buenosdiasbcs.com\/#organization","name":"Buenos D\u00edas BCS","url":"https:\/\/buenosdiasbcs.com\/","logo":{"@type":"ImageObject","inLanguage":"es","@id":"https:\/\/buenosdiasbcs.com\/#\/schema\/logo\/image\/","url":"https:\/\/buenosdiasbcs.com\/wp-content\/uploads\/2026\/01\/logo-buenos-dias-40-01.png","contentUrl":"https:\/\/buenosdiasbcs.com\/wp-content\/uploads\/2026\/01\/logo-buenos-dias-40-01.png","width":277,"height":40,"caption":"Buenos D\u00edas BCS"},"image":{"@id":"https:\/\/buenosdiasbcs.com\/#\/schema\/logo\/image\/"}},{"@type":"Person","@id":"https:\/\/buenosdiasbcs.com\/#\/schema\/person\/15aedc247eab7070ee5d76d6d069a821","name":"Edici\u00f3n Buenos D\u00edas","image":{"@type":"ImageObject","inLanguage":"es","@id":"https:\/\/buenosdiasbcs.com\/wp-content\/uploads\/2026\/01\/cropped-sol-96x96.png","url":"https:\/\/buenosdiasbcs.com\/wp-content\/uploads\/2026\/01\/cropped-sol-96x96.png","contentUrl":"https:\/\/buenosdiasbcs.com\/wp-content\/uploads\/2026\/01\/cropped-sol-96x96.png","caption":"Edici\u00f3n Buenos D\u00edas"},"url":"https:\/\/buenosdiasbcs.com\/?author=2"}]}},"amp_enabled":true,"_links":{"self":[{"href":"https:\/\/buenosdiasbcs.com\/index.php?rest_route=\/wp\/v2\/posts\/15108","targetHints":{"allow":["GET"]}}],"collection":[{"href":"https:\/\/buenosdiasbcs.com\/index.php?rest_route=\/wp\/v2\/posts"}],"about":[{"href":"https:\/\/buenosdiasbcs.com\/index.php?rest_route=\/wp\/v2\/types\/post"}],"author":[{"embeddable":true,"href":"https:\/\/buenosdiasbcs.com\/index.php?rest_route=\/wp\/v2\/users\/2"}],"replies":[{"embeddable":true,"href":"https:\/\/buenosdiasbcs.com\/index.php?rest_route=%2Fwp%2Fv2%2Fcomments&post=15108"}],"version-history":[{"count":1,"href":"https:\/\/buenosdiasbcs.com\/index.php?rest_route=\/wp\/v2\/posts\/15108\/revisions"}],"predecessor-version":[{"id":15110,"href":"https:\/\/buenosdiasbcs.com\/index.php?rest_route=\/wp\/v2\/posts\/15108\/revisions\/15110"}],"wp:featuredmedia":[{"embeddable":true,"href":"https:\/\/buenosdiasbcs.com\/index.php?rest_route=\/wp\/v2\/media\/15109"}],"wp:attachment":[{"href":"https:\/\/buenosdiasbcs.com\/index.php?rest_route=%2Fwp%2Fv2%2Fmedia&parent=15108"}],"wp:term":[{"taxonomy":"category","embeddable":true,"href":"https:\/\/buenosdiasbcs.com\/index.php?rest_route=%2Fwp%2Fv2%2Fcategories&post=15108"},{"taxonomy":"post_tag","embeddable":true,"href":"https:\/\/buenosdiasbcs.com\/index.php?rest_route=%2Fwp%2Fv2%2Ftags&post=15108"}],"curies":[{"name":"wp","href":"https:\/\/api.w.org\/{rel}","templated":true}]}}