{"id":15102,"date":"2026-09-04T00:40:00","date_gmt":"2026-09-04T07:40:00","guid":{"rendered":"https:\/\/buenosdiasbcs.com\/?p=15102"},"modified":"2026-09-03T18:45:06","modified_gmt":"2026-09-04T01:45:06","slug":"inminente-debut-santiago-gimenez-entra-en-planes-del-porto-para-el-viernes-ante-moreirense","status":"publish","type":"post","link":"https:\/\/buenosdiasbcs.com\/?p=15102","title":{"rendered":"Inminente debut: Santiago Gimenez entra en planes del Porto para el viernes ante Moreirense"},"content":{"rendered":"\n<h2 id=\"h-el-director-tecnico-francesco-farioli-incluyo-al-delantero-mexicano-en-la-lista-liguera-de-los-dragones-para-el-encuentro-que-juegan-en-casa\" class=\"wp-block-heading\">El director t\u00e9cnico Francesco Farioli incluy\u00f3 al delantero mexicano en la lista liguera de los Dragones para el encuentro que juegan en casa<\/h2>\n\n\n\n<p class=\"wp-block-paragraph\"><strong>Santiago Gimenez se encuentra en el umbral de una nueva etapa en el futbol europeo.<\/strong>&nbsp;<a href=\"https:\/\/www.excelsior.com.mx\/deportes\/santiago-gimenez-porto-debut\">Tras concretarse su traspaso al&nbsp;<strong>FC Porto<\/strong><\/a>, el delantero de la Selecci\u00f3n Mexicana fue considerado de inmediato por el cuerpo t\u00e9cnico y se report\u00f3 completamente listo para integrarse a la convocatoria del pr\u00f3ximo compromiso de los Dragones en la Primeira Liga frente al&nbsp;<strong>Moreirense<\/strong>.<\/p>\n\n\n\n<p class=\"wp-block-paragraph\">El director t\u00e9cnico de la escuadra lusa, el italiano&nbsp;<strong>Francesco Farioli<\/strong>, confirm\u00f3 en la conferencia de prensa previa al encuentro que el canterano de Cruz Azul ser\u00e1 tomado en cuenta para tener actividad sobre el c\u00e9sped este viernes 4 de septiembre.<\/p>\n\n\n\n<p class=\"wp-block-paragraph\"><strong>&#8220;Santiago Gimenez y Souza estar\u00e1n en la convocatoria si no hay ning\u00fan contratiempo con el tema de sus papeles&#8221;<\/strong>, declar\u00f3 de forma tajante el estratega ante los medios de comunicaci\u00f3n.<\/p>\n\n\n\n<p class=\"wp-block-paragraph\">Gimenez llega a la pen\u00ednsula ib\u00e9rica procedente del&nbsp;<strong>AC Milan<\/strong>&nbsp;de la Serie A italiana, club donde desafortunadamente no entraba en los planes deportivos de la mesa directiva para el presente a\u00f1o. Ahora, su objetivo prioritario ser\u00e1 recuperar el ritmo y la contundencia goleadora que lo llevaron al Viejo Continente.<\/p>\n\n\n\n<p class=\"wp-block-paragraph\">Sin embargo, el estreno del ariete mexicano implicar\u00e1 un duro desaf\u00edo f\u00edsico. Farioli advirti\u00f3 que el futbolista arrastra una inactividad considerable, ya que su \u00faltimo partido oficial se remonta al pasado&nbsp;<strong>24 de mayo<\/strong>, cuando fue titular por \u00faltima vez con el conjunto&nbsp;<em>rossonero<\/em>&nbsp;ante el Cagliari.<\/p>\n\n\n\n<p class=\"wp-block-paragraph\">Ante un calendario sumamente exigente con partidos cada tres d\u00edas y el inminente estreno en la UEFA Champions League frente al Manchester City, el proceso de adaptaci\u00f3n requerir\u00e1 un esfuerzo m\u00e1ximo.<\/p>\n\n\n\n<h2 id=\"h-porto-vs-moreirense-horario-y-donde-ver-en-vivo-en-mexico\" class=\"wp-block-heading\">Porto vs Moreirense: Horario y d\u00f3nde ver en vivo en M\u00e9xico<\/h2>\n\n\n\n<p class=\"wp-block-paragraph\">El encuentro correspondiente a la quinta jornada de la liga de Portugal se disputar\u00e1 este&nbsp;<strong>viernes 4 de septiembre de 2026<\/strong>&nbsp;a las&nbsp;<strong>13:15 horas<\/strong>&nbsp;(tiempo del centro de M\u00e9xico) en la cancha del&nbsp;<em>Est\u00e1dio do Drag\u00e3o<\/em>.<\/p>\n\n\n\n<p class=\"wp-block-paragraph\">Para seguir en directo cada detalle del posible debut del ariete tricolor, la transmisi\u00f3n oficial en territorio mexicano estar\u00e1 disponible totalmente en vivo y de forma gratuita a trav\u00e9s del canal de YouTube de&nbsp;<strong>Claro Sports<\/strong>, as\u00ed como en su portal web y aplicaci\u00f3n m\u00f3vil.<\/p>\n\n\n\n<p class=\"wp-block-paragraph\"><\/p>\n","protected":false},"excerpt":{"rendered":"<p>El director t\u00e9cnico Francesco Farioli incluy\u00f3 al delantero mexicano en la lista liguera de los Dragones para el encuentro que&#8230;<\/p>\n","protected":false},"author":2,"featured_media":15103,"comment_status":"open","ping_status":"open","sticky":false,"template":"","format":"standard","meta":{"footnotes":""},"categories":[34],"tags":[],"class_list":["post-15102","post","type-post","status-publish","format-standard","has-post-thumbnail","hentry","category-deportes"],"yoast_head":"<!-- This site is optimized with the Yoast SEO Premium plugin v26.8 (Yoast SEO v28.4) - https:\/\/yoast.com\/product\/yoast-seo-premium-wordpress\/ -->\n<title>Inminente debut: Santiago Gimenez entra en planes del Porto para el viernes ante Moreirense - Buenos D\u00edas BCS<\/title>\n<meta name=\"robots\" content=\"index, follow, max-snippet:-1, max-image-preview:large, max-video-preview:-1\" \/>\n<link rel=\"canonical\" href=\"https:\/\/buenosdiasbcs.com\/?p=15102\" \/>\n<meta property=\"og:locale\" content=\"es_ES\" \/>\n<meta property=\"og:type\" content=\"article\" \/>\n<meta property=\"og:title\" content=\"Inminente debut: Santiago Gimenez entra en planes del Porto para el viernes ante Moreirense\" \/>\n<meta property=\"og:description\" content=\"El director t\u00e9cnico Francesco Farioli incluy\u00f3 al delantero mexicano en la lista liguera de los Dragones para el encuentro que...\" \/>\n<meta property=\"og:url\" content=\"https:\/\/buenosdiasbcs.com\/?p=15102\" \/>\n<meta property=\"og:site_name\" content=\"Buenos D\u00edas BCS\" \/>\n<meta property=\"article:published_time\" content=\"2026-09-04T07:40:00+00:00\" \/>\n<meta property=\"og:image\" content=\"https:\/\/buenosdiasbcs.com\/wp-content\/uploads\/2026\/09\/6a99c69f1e55e.jpeg\" \/>\n\t<meta property=\"og:image:width\" content=\"813\" \/>\n\t<meta property=\"og:image:height\" content=\"542\" \/>\n\t<meta property=\"og:image:type\" content=\"image\/jpeg\" \/>\n<meta name=\"author\" content=\"Edici\u00f3n Buenos D\u00edas\" \/>\n<meta name=\"twitter:card\" content=\"summary_large_image\" \/>\n<meta name=\"twitter:label1\" content=\"Escrito por\" \/>\n\t<meta name=\"twitter:data1\" content=\"Edici\u00f3n Buenos D\u00edas\" \/>\n\t<meta name=\"twitter:label2\" content=\"Tiempo de lectura\" \/>\n\t<meta name=\"twitter:data2\" content=\"2 minutos\" \/>\n<script type=\"application\/ld+json\" class=\"yoast-schema-graph\">{\"@context\":\"https:\\\/\\\/schema.org\",\"@graph\":[{\"@type\":\"Article\",\"@id\":\"https:\\\/\\\/buenosdiasbcs.com\\\/?p=15102#article\",\"isPartOf\":{\"@id\":\"https:\\\/\\\/buenosdiasbcs.com\\\/?p=15102\"},\"author\":{\"name\":\"Edici\u00f3n Buenos D\u00edas\",\"@id\":\"https:\\\/\\\/buenosdiasbcs.com\\\/#\\\/schema\\\/person\\\/15aedc247eab7070ee5d76d6d069a821\"},\"headline\":\"Inminente debut: Santiago Gimenez entra en planes del Porto para el viernes ante Moreirense\",\"datePublished\":\"2026-09-04T07:40:00+00:00\",\"mainEntityOfPage\":{\"@id\":\"https:\\\/\\\/buenosdiasbcs.com\\\/?p=15102\"},\"wordCount\":424,\"commentCount\":0,\"publisher\":{\"@id\":\"https:\\\/\\\/buenosdiasbcs.com\\\/#organization\"},\"image\":{\"@id\":\"https:\\\/\\\/buenosdiasbcs.com\\\/?p=15102#primaryimage\"},\"thumbnailUrl\":\"https:\\\/\\\/buenosdiasbcs.com\\\/wp-content\\\/uploads\\\/2026\\\/09\\\/6a99c69f1e55e.jpeg\",\"articleSection\":[\"Deportes\"],\"inLanguage\":\"es\",\"potentialAction\":[{\"@type\":\"CommentAction\",\"name\":\"Comment\",\"target\":[\"https:\\\/\\\/buenosdiasbcs.com\\\/?p=15102#respond\"]}]},{\"@type\":\"WebPage\",\"@id\":\"https:\\\/\\\/buenosdiasbcs.com\\\/?p=15102\",\"url\":\"https:\\\/\\\/buenosdiasbcs.com\\\/?p=15102\",\"name\":\"Inminente debut: Santiago Gimenez entra en planes del Porto para el viernes ante Moreirense - Buenos D\u00edas BCS\",\"isPartOf\":{\"@id\":\"https:\\\/\\\/buenosdiasbcs.com\\\/#website\"},\"primaryImageOfPage\":{\"@id\":\"https:\\\/\\\/buenosdiasbcs.com\\\/?p=15102#primaryimage\"},\"image\":{\"@id\":\"https:\\\/\\\/buenosdiasbcs.com\\\/?p=15102#primaryimage\"},\"thumbnailUrl\":\"https:\\\/\\\/buenosdiasbcs.com\\\/wp-content\\\/uploads\\\/2026\\\/09\\\/6a99c69f1e55e.jpeg\",\"datePublished\":\"2026-09-04T07:40:00+00:00\",\"breadcrumb\":{\"@id\":\"https:\\\/\\\/buenosdiasbcs.com\\\/?p=15102#breadcrumb\"},\"inLanguage\":\"es\",\"potentialAction\":[{\"@type\":\"ReadAction\",\"target\":[\"https:\\\/\\\/buenosdiasbcs.com\\\/?p=15102\"]}]},{\"@type\":\"ImageObject\",\"inLanguage\":\"es\",\"@id\":\"https:\\\/\\\/buenosdiasbcs.com\\\/?p=15102#primaryimage\",\"url\":\"https:\\\/\\\/buenosdiasbcs.com\\\/wp-content\\\/uploads\\\/2026\\\/09\\\/6a99c69f1e55e.jpeg\",\"contentUrl\":\"https:\\\/\\\/buenosdiasbcs.com\\\/wp-content\\\/uploads\\\/2026\\\/09\\\/6a99c69f1e55e.jpeg\",\"width\":813,\"height\":542},{\"@type\":\"BreadcrumbList\",\"@id\":\"https:\\\/\\\/buenosdiasbcs.com\\\/?p=15102#breadcrumb\",\"itemListElement\":[{\"@type\":\"ListItem\",\"position\":1,\"name\":\"Portada\",\"item\":\"https:\\\/\\\/buenosdiasbcs.com\\\/\"},{\"@type\":\"ListItem\",\"position\":2,\"name\":\"Inminente debut: Santiago Gimenez entra en planes del Porto para el viernes ante Moreirense\"}]},{\"@type\":\"WebSite\",\"@id\":\"https:\\\/\\\/buenosdiasbcs.com\\\/#website\",\"url\":\"https:\\\/\\\/buenosdiasbcs.com\\\/\",\"name\":\"Buenos D\u00edas BCS\",\"description\":\"\",\"publisher\":{\"@id\":\"https:\\\/\\\/buenosdiasbcs.com\\\/#organization\"},\"potentialAction\":[{\"@type\":\"SearchAction\",\"target\":{\"@type\":\"EntryPoint\",\"urlTemplate\":\"https:\\\/\\\/buenosdiasbcs.com\\\/?s={search_term_string}\"},\"query-input\":{\"@type\":\"PropertyValueSpecification\",\"valueRequired\":true,\"valueName\":\"search_term_string\"}}],\"inLanguage\":\"es\"},{\"@type\":\"Organization\",\"@id\":\"https:\\\/\\\/buenosdiasbcs.com\\\/#organization\",\"name\":\"Buenos D\u00edas BCS\",\"url\":\"https:\\\/\\\/buenosdiasbcs.com\\\/\",\"logo\":{\"@type\":\"ImageObject\",\"inLanguage\":\"es\",\"@id\":\"https:\\\/\\\/buenosdiasbcs.com\\\/#\\\/schema\\\/logo\\\/image\\\/\",\"url\":\"https:\\\/\\\/buenosdiasbcs.com\\\/wp-content\\\/uploads\\\/2026\\\/01\\\/logo-buenos-dias-40-01.png\",\"contentUrl\":\"https:\\\/\\\/buenosdiasbcs.com\\\/wp-content\\\/uploads\\\/2026\\\/01\\\/logo-buenos-dias-40-01.png\",\"width\":277,\"height\":40,\"caption\":\"Buenos D\u00edas BCS\"},\"image\":{\"@id\":\"https:\\\/\\\/buenosdiasbcs.com\\\/#\\\/schema\\\/logo\\\/image\\\/\"}},{\"@type\":\"Person\",\"@id\":\"https:\\\/\\\/buenosdiasbcs.com\\\/#\\\/schema\\\/person\\\/15aedc247eab7070ee5d76d6d069a821\",\"name\":\"Edici\u00f3n Buenos D\u00edas\",\"image\":{\"@type\":\"ImageObject\",\"inLanguage\":\"es\",\"@id\":\"https:\\\/\\\/buenosdiasbcs.com\\\/wp-content\\\/uploads\\\/2026\\\/01\\\/cropped-sol-96x96.png\",\"url\":\"https:\\\/\\\/buenosdiasbcs.com\\\/wp-content\\\/uploads\\\/2026\\\/01\\\/cropped-sol-96x96.png\",\"contentUrl\":\"https:\\\/\\\/buenosdiasbcs.com\\\/wp-content\\\/uploads\\\/2026\\\/01\\\/cropped-sol-96x96.png\",\"caption\":\"Edici\u00f3n Buenos D\u00edas\"},\"url\":\"https:\\\/\\\/buenosdiasbcs.com\\\/?author=2\"}]}<\/script>\n<!-- \/ Yoast SEO Premium plugin. -->","yoast_head_json":{"title":"Inminente debut: Santiago Gimenez entra en planes del Porto para el viernes ante Moreirense - Buenos D\u00edas BCS","robots":{"index":"index","follow":"follow","max-snippet":"max-snippet:-1","max-image-preview":"max-image-preview:large","max-video-preview":"max-video-preview:-1"},"canonical":"https:\/\/buenosdiasbcs.com\/?p=15102","og_locale":"es_ES","og_type":"article","og_title":"Inminente debut: Santiago Gimenez entra en planes del Porto para el viernes ante Moreirense","og_description":"El director t\u00e9cnico Francesco Farioli incluy\u00f3 al delantero mexicano en la lista liguera de los Dragones para el encuentro que...","og_url":"https:\/\/buenosdiasbcs.com\/?p=15102","og_site_name":"Buenos D\u00edas BCS","article_published_time":"2026-09-04T07:40:00+00:00","og_image":[{"width":813,"height":542,"url":"https:\/\/buenosdiasbcs.com\/wp-content\/uploads\/2026\/09\/6a99c69f1e55e.jpeg","type":"image\/jpeg"}],"author":"Edici\u00f3n Buenos D\u00edas","twitter_card":"summary_large_image","twitter_misc":{"Escrito por":"Edici\u00f3n Buenos D\u00edas","Tiempo de lectura":"2 minutos"},"schema":{"@context":"https:\/\/schema.org","@graph":[{"@type":"Article","@id":"https:\/\/buenosdiasbcs.com\/?p=15102#article","isPartOf":{"@id":"https:\/\/buenosdiasbcs.com\/?p=15102"},"author":{"name":"Edici\u00f3n Buenos D\u00edas","@id":"https:\/\/buenosdiasbcs.com\/#\/schema\/person\/15aedc247eab7070ee5d76d6d069a821"},"headline":"Inminente debut: Santiago Gimenez entra en planes del Porto para el viernes ante Moreirense","datePublished":"2026-09-04T07:40:00+00:00","mainEntityOfPage":{"@id":"https:\/\/buenosdiasbcs.com\/?p=15102"},"wordCount":424,"commentCount":0,"publisher":{"@id":"https:\/\/buenosdiasbcs.com\/#organization"},"image":{"@id":"https:\/\/buenosdiasbcs.com\/?p=15102#primaryimage"},"thumbnailUrl":"https:\/\/buenosdiasbcs.com\/wp-content\/uploads\/2026\/09\/6a99c69f1e55e.jpeg","articleSection":["Deportes"],"inLanguage":"es","potentialAction":[{"@type":"CommentAction","name":"Comment","target":["https:\/\/buenosdiasbcs.com\/?p=15102#respond"]}]},{"@type":"WebPage","@id":"https:\/\/buenosdiasbcs.com\/?p=15102","url":"https:\/\/buenosdiasbcs.com\/?p=15102","name":"Inminente debut: Santiago Gimenez entra en planes del Porto para el viernes ante Moreirense - Buenos D\u00edas BCS","isPartOf":{"@id":"https:\/\/buenosdiasbcs.com\/#website"},"primaryImageOfPage":{"@id":"https:\/\/buenosdiasbcs.com\/?p=15102#primaryimage"},"image":{"@id":"https:\/\/buenosdiasbcs.com\/?p=15102#primaryimage"},"thumbnailUrl":"https:\/\/buenosdiasbcs.com\/wp-content\/uploads\/2026\/09\/6a99c69f1e55e.jpeg","datePublished":"2026-09-04T07:40:00+00:00","breadcrumb":{"@id":"https:\/\/buenosdiasbcs.com\/?p=15102#breadcrumb"},"inLanguage":"es","potentialAction":[{"@type":"ReadAction","target":["https:\/\/buenosdiasbcs.com\/?p=15102"]}]},{"@type":"ImageObject","inLanguage":"es","@id":"https:\/\/buenosdiasbcs.com\/?p=15102#primaryimage","url":"https:\/\/buenosdiasbcs.com\/wp-content\/uploads\/2026\/09\/6a99c69f1e55e.jpeg","contentUrl":"https:\/\/buenosdiasbcs.com\/wp-content\/uploads\/2026\/09\/6a99c69f1e55e.jpeg","width":813,"height":542},{"@type":"BreadcrumbList","@id":"https:\/\/buenosdiasbcs.com\/?p=15102#breadcrumb","itemListElement":[{"@type":"ListItem","position":1,"name":"Portada","item":"https:\/\/buenosdiasbcs.com\/"},{"@type":"ListItem","position":2,"name":"Inminente debut: Santiago Gimenez entra en planes del Porto para el viernes ante Moreirense"}]},{"@type":"WebSite","@id":"https:\/\/buenosdiasbcs.com\/#website","url":"https:\/\/buenosdiasbcs.com\/","name":"Buenos D\u00edas BCS","description":"","publisher":{"@id":"https:\/\/buenosdiasbcs.com\/#organization"},"potentialAction":[{"@type":"SearchAction","target":{"@type":"EntryPoint","urlTemplate":"https:\/\/buenosdiasbcs.com\/?s={search_term_string}"},"query-input":{"@type":"PropertyValueSpecification","valueRequired":true,"valueName":"search_term_string"}}],"inLanguage":"es"},{"@type":"Organization","@id":"https:\/\/buenosdiasbcs.com\/#organization","name":"Buenos D\u00edas BCS","url":"https:\/\/buenosdiasbcs.com\/","logo":{"@type":"ImageObject","inLanguage":"es","@id":"https:\/\/buenosdiasbcs.com\/#\/schema\/logo\/image\/","url":"https:\/\/buenosdiasbcs.com\/wp-content\/uploads\/2026\/01\/logo-buenos-dias-40-01.png","contentUrl":"https:\/\/buenosdiasbcs.com\/wp-content\/uploads\/2026\/01\/logo-buenos-dias-40-01.png","width":277,"height":40,"caption":"Buenos D\u00edas BCS"},"image":{"@id":"https:\/\/buenosdiasbcs.com\/#\/schema\/logo\/image\/"}},{"@type":"Person","@id":"https:\/\/buenosdiasbcs.com\/#\/schema\/person\/15aedc247eab7070ee5d76d6d069a821","name":"Edici\u00f3n Buenos D\u00edas","image":{"@type":"ImageObject","inLanguage":"es","@id":"https:\/\/buenosdiasbcs.com\/wp-content\/uploads\/2026\/01\/cropped-sol-96x96.png","url":"https:\/\/buenosdiasbcs.com\/wp-content\/uploads\/2026\/01\/cropped-sol-96x96.png","contentUrl":"https:\/\/buenosdiasbcs.com\/wp-content\/uploads\/2026\/01\/cropped-sol-96x96.png","caption":"Edici\u00f3n Buenos D\u00edas"},"url":"https:\/\/buenosdiasbcs.com\/?author=2"}]}},"amp_enabled":true,"_links":{"self":[{"href":"https:\/\/buenosdiasbcs.com\/index.php?rest_route=\/wp\/v2\/posts\/15102","targetHints":{"allow":["GET"]}}],"collection":[{"href":"https:\/\/buenosdiasbcs.com\/index.php?rest_route=\/wp\/v2\/posts"}],"about":[{"href":"https:\/\/buenosdiasbcs.com\/index.php?rest_route=\/wp\/v2\/types\/post"}],"author":[{"embeddable":true,"href":"https:\/\/buenosdiasbcs.com\/index.php?rest_route=\/wp\/v2\/users\/2"}],"replies":[{"embeddable":true,"href":"https:\/\/buenosdiasbcs.com\/index.php?rest_route=%2Fwp%2Fv2%2Fcomments&post=15102"}],"version-history":[{"count":1,"href":"https:\/\/buenosdiasbcs.com\/index.php?rest_route=\/wp\/v2\/posts\/15102\/revisions"}],"predecessor-version":[{"id":15104,"href":"https:\/\/buenosdiasbcs.com\/index.php?rest_route=\/wp\/v2\/posts\/15102\/revisions\/15104"}],"wp:featuredmedia":[{"embeddable":true,"href":"https:\/\/buenosdiasbcs.com\/index.php?rest_route=\/wp\/v2\/media\/15103"}],"wp:attachment":[{"href":"https:\/\/buenosdiasbcs.com\/index.php?rest_route=%2Fwp%2Fv2%2Fmedia&parent=15102"}],"wp:term":[{"taxonomy":"category","embeddable":true,"href":"https:\/\/buenosdiasbcs.com\/index.php?rest_route=%2Fwp%2Fv2%2Fcategories&post=15102"},{"taxonomy":"post_tag","embeddable":true,"href":"https:\/\/buenosdiasbcs.com\/index.php?rest_route=%2Fwp%2Fv2%2Ftags&post=15102"}],"curies":[{"name":"wp","href":"https:\/\/api.w.org\/{rel}","templated":true}]}}