{"id":15092,"date":"2026-09-04T00:01:00","date_gmt":"2026-09-04T07:01:00","guid":{"rendered":"https:\/\/buenosdiasbcs.com\/?p=15092"},"modified":"2026-09-03T17:02:37","modified_gmt":"2026-09-04T00:02:37","slug":"mantiene-coepris-suspension-de-venta-de-alimentos-en-via-publica-de-cabo-san-lucas-y-san-jose-del-cabo","status":"publish","type":"post","link":"https:\/\/buenosdiasbcs.com\/?p=15092","title":{"rendered":"Mantiene COEPRIS suspensi\u00f3n de venta de alimentos en v\u00eda p\u00fablica de Cabo San Lucas y San Jos\u00e9 del Cabo"},"content":{"rendered":"\n<p class=\"wp-block-paragraph\">La Comisi\u00f3n Estatal para la Protecci\u00f3n contra Riesgos Sanitarios (COEPRIS) determin\u00f3 que este jueves 3 de septiembre contin\u00fae suspendida la venta de alimentos en la v\u00eda p\u00fablica de Cabo San Lucas y San Jos\u00e9 del Cabo, ante el arrastre de desechos y sedimentos generado por las lluvias registradas en el sur de la entidad.<\/p>\n\n\n\n<p class=\"wp-block-paragraph\">El titular de la COEPRIS, Jos\u00e9 Manuel Junco Navarro, explic\u00f3 que esta medida temporal tiene como finalidad reducir el riesgo de enfermedades diarreicas agudas, debido a la corriente de agua de los arroyos, que puede generar vertimientos de aguas residuales y dispersi\u00f3n de residuos, incrementando la posible exposici\u00f3n de las personas a agentes pat\u00f3genos.<\/p>\n\n\n\n<p class=\"wp-block-paragraph\">Precis\u00f3 que la dependencia mantiene un monitoreo permanente de la situaci\u00f3n sanitaria en ambas localidades, por lo que reiter\u00f3 el llamado a comerciantes ambulantes y a quienes laboran en puestos semifijos a suspender actividades hasta que las autoridades municipales concluyan las labores de desazolve de drenajes y retiro de desechos.<\/p>\n\n\n\n<p class=\"wp-block-paragraph\">En Ciudad Constituci\u00f3n, municipio de Comond\u00fa, tambi\u00e9n permanece restringida la venta de alimentos en la v\u00eda p\u00fablica. En La Paz, la medida se aplica en zonas que presentan derrames de drenaje y en \u00e1reas donde persisten acumulaciones de agua estancada, como Chametla.<\/p>\n\n\n\n<p class=\"wp-block-paragraph\">Ante estas condiciones, la COEPRIS exhort\u00f3 a la poblaci\u00f3n a reforzar las medidas de higiene en la preparaci\u00f3n y conservaci\u00f3n de alimentos, consumir agua potable y realizar el lavado frecuente de manos, con el prop\u00f3sito de prevenir infecciones gastrointestinales y respiratorias, que pueden presentar mayor gravedad en ni\u00f1as y ni\u00f1os, as\u00ed como en personas adultas mayores.<\/p>\n\n\n\n<p class=\"wp-block-paragraph\"><\/p>\n","protected":false},"excerpt":{"rendered":"<p>La Comisi\u00f3n Estatal para la Protecci\u00f3n contra Riesgos Sanitarios (COEPRIS) determin\u00f3 que este jueves 3 de septiembre contin\u00fae suspendida la&#8230;<\/p>\n","protected":false},"author":2,"featured_media":15089,"comment_status":"open","ping_status":"open","sticky":false,"template":"","format":"standard","meta":{"footnotes":""},"categories":[24],"tags":[],"class_list":["post-15092","post","type-post","status-publish","format-standard","has-post-thumbnail","hentry","category-gobierno"],"yoast_head":"<!-- This site is optimized with the Yoast SEO Premium plugin v26.8 (Yoast SEO v28.4) - https:\/\/yoast.com\/product\/yoast-seo-premium-wordpress\/ -->\n<title>Mantiene COEPRIS suspensi\u00f3n de venta de alimentos en v\u00eda p\u00fablica de Cabo San Lucas y San Jos\u00e9 del Cabo - Buenos D\u00edas BCS<\/title>\n<meta name=\"robots\" content=\"index, follow, max-snippet:-1, max-image-preview:large, max-video-preview:-1\" \/>\n<link rel=\"canonical\" href=\"https:\/\/buenosdiasbcs.com\/?p=15092\" \/>\n<meta property=\"og:locale\" content=\"es_ES\" \/>\n<meta property=\"og:type\" content=\"article\" \/>\n<meta property=\"og:title\" content=\"Mantiene COEPRIS suspensi\u00f3n de venta de alimentos en v\u00eda p\u00fablica de Cabo San Lucas y San Jos\u00e9 del Cabo\" \/>\n<meta property=\"og:description\" content=\"La Comisi\u00f3n Estatal para la Protecci\u00f3n contra Riesgos Sanitarios (COEPRIS) determin\u00f3 que este jueves 3 de septiembre contin\u00fae suspendida la...\" \/>\n<meta property=\"og:url\" content=\"https:\/\/buenosdiasbcs.com\/?p=15092\" \/>\n<meta property=\"og:site_name\" content=\"Buenos D\u00edas BCS\" \/>\n<meta property=\"article:published_time\" content=\"2026-09-04T07:01:00+00:00\" \/>\n<meta property=\"og:image\" content=\"https:\/\/buenosdiasbcs.com\/wp-content\/uploads\/2026\/09\/WhatsApp-Image-2026-09-03-at-2.03.51-PM.jpeg\" \/>\n\t<meta property=\"og:image:width\" content=\"758\" \/>\n\t<meta property=\"og:image:height\" content=\"428\" \/>\n\t<meta property=\"og:image:type\" content=\"image\/jpeg\" \/>\n<meta name=\"author\" content=\"Edici\u00f3n Buenos D\u00edas\" \/>\n<meta name=\"twitter:card\" content=\"summary_large_image\" \/>\n<meta name=\"twitter:label1\" content=\"Escrito por\" \/>\n\t<meta name=\"twitter:data1\" content=\"Edici\u00f3n Buenos D\u00edas\" \/>\n\t<meta name=\"twitter:label2\" content=\"Tiempo de lectura\" \/>\n\t<meta name=\"twitter:data2\" content=\"2 minutos\" \/>\n<script type=\"application\/ld+json\" class=\"yoast-schema-graph\">{\"@context\":\"https:\\\/\\\/schema.org\",\"@graph\":[{\"@type\":\"Article\",\"@id\":\"https:\\\/\\\/buenosdiasbcs.com\\\/?p=15092#article\",\"isPartOf\":{\"@id\":\"https:\\\/\\\/buenosdiasbcs.com\\\/?p=15092\"},\"author\":{\"name\":\"Edici\u00f3n Buenos D\u00edas\",\"@id\":\"https:\\\/\\\/buenosdiasbcs.com\\\/#\\\/schema\\\/person\\\/15aedc247eab7070ee5d76d6d069a821\"},\"headline\":\"Mantiene COEPRIS suspensi\u00f3n de venta de alimentos en v\u00eda p\u00fablica de Cabo San Lucas y San Jos\u00e9 del Cabo\",\"datePublished\":\"2026-09-04T07:01:00+00:00\",\"mainEntityOfPage\":{\"@id\":\"https:\\\/\\\/buenosdiasbcs.com\\\/?p=15092\"},\"wordCount\":296,\"commentCount\":0,\"publisher\":{\"@id\":\"https:\\\/\\\/buenosdiasbcs.com\\\/#organization\"},\"image\":{\"@id\":\"https:\\\/\\\/buenosdiasbcs.com\\\/?p=15092#primaryimage\"},\"thumbnailUrl\":\"https:\\\/\\\/buenosdiasbcs.com\\\/wp-content\\\/uploads\\\/2026\\\/09\\\/WhatsApp-Image-2026-09-03-at-2.03.51-PM.jpeg\",\"articleSection\":[\"Gobierno\"],\"inLanguage\":\"es\",\"potentialAction\":[{\"@type\":\"CommentAction\",\"name\":\"Comment\",\"target\":[\"https:\\\/\\\/buenosdiasbcs.com\\\/?p=15092#respond\"]}]},{\"@type\":\"WebPage\",\"@id\":\"https:\\\/\\\/buenosdiasbcs.com\\\/?p=15092\",\"url\":\"https:\\\/\\\/buenosdiasbcs.com\\\/?p=15092\",\"name\":\"Mantiene COEPRIS suspensi\u00f3n de venta de alimentos en v\u00eda p\u00fablica de Cabo San Lucas y San Jos\u00e9 del Cabo - Buenos D\u00edas BCS\",\"isPartOf\":{\"@id\":\"https:\\\/\\\/buenosdiasbcs.com\\\/#website\"},\"primaryImageOfPage\":{\"@id\":\"https:\\\/\\\/buenosdiasbcs.com\\\/?p=15092#primaryimage\"},\"image\":{\"@id\":\"https:\\\/\\\/buenosdiasbcs.com\\\/?p=15092#primaryimage\"},\"thumbnailUrl\":\"https:\\\/\\\/buenosdiasbcs.com\\\/wp-content\\\/uploads\\\/2026\\\/09\\\/WhatsApp-Image-2026-09-03-at-2.03.51-PM.jpeg\",\"datePublished\":\"2026-09-04T07:01:00+00:00\",\"breadcrumb\":{\"@id\":\"https:\\\/\\\/buenosdiasbcs.com\\\/?p=15092#breadcrumb\"},\"inLanguage\":\"es\",\"potentialAction\":[{\"@type\":\"ReadAction\",\"target\":[\"https:\\\/\\\/buenosdiasbcs.com\\\/?p=15092\"]}]},{\"@type\":\"ImageObject\",\"inLanguage\":\"es\",\"@id\":\"https:\\\/\\\/buenosdiasbcs.com\\\/?p=15092#primaryimage\",\"url\":\"https:\\\/\\\/buenosdiasbcs.com\\\/wp-content\\\/uploads\\\/2026\\\/09\\\/WhatsApp-Image-2026-09-03-at-2.03.51-PM.jpeg\",\"contentUrl\":\"https:\\\/\\\/buenosdiasbcs.com\\\/wp-content\\\/uploads\\\/2026\\\/09\\\/WhatsApp-Image-2026-09-03-at-2.03.51-PM.jpeg\",\"width\":758,\"height\":428},{\"@type\":\"BreadcrumbList\",\"@id\":\"https:\\\/\\\/buenosdiasbcs.com\\\/?p=15092#breadcrumb\",\"itemListElement\":[{\"@type\":\"ListItem\",\"position\":1,\"name\":\"Portada\",\"item\":\"https:\\\/\\\/buenosdiasbcs.com\\\/\"},{\"@type\":\"ListItem\",\"position\":2,\"name\":\"Mantiene COEPRIS suspensi\u00f3n de venta de alimentos en v\u00eda p\u00fablica de Cabo San Lucas y San Jos\u00e9 del Cabo\"}]},{\"@type\":\"WebSite\",\"@id\":\"https:\\\/\\\/buenosdiasbcs.com\\\/#website\",\"url\":\"https:\\\/\\\/buenosdiasbcs.com\\\/\",\"name\":\"Buenos D\u00edas BCS\",\"description\":\"\",\"publisher\":{\"@id\":\"https:\\\/\\\/buenosdiasbcs.com\\\/#organization\"},\"potentialAction\":[{\"@type\":\"SearchAction\",\"target\":{\"@type\":\"EntryPoint\",\"urlTemplate\":\"https:\\\/\\\/buenosdiasbcs.com\\\/?s={search_term_string}\"},\"query-input\":{\"@type\":\"PropertyValueSpecification\",\"valueRequired\":true,\"valueName\":\"search_term_string\"}}],\"inLanguage\":\"es\"},{\"@type\":\"Organization\",\"@id\":\"https:\\\/\\\/buenosdiasbcs.com\\\/#organization\",\"name\":\"Buenos D\u00edas BCS\",\"url\":\"https:\\\/\\\/buenosdiasbcs.com\\\/\",\"logo\":{\"@type\":\"ImageObject\",\"inLanguage\":\"es\",\"@id\":\"https:\\\/\\\/buenosdiasbcs.com\\\/#\\\/schema\\\/logo\\\/image\\\/\",\"url\":\"https:\\\/\\\/buenosdiasbcs.com\\\/wp-content\\\/uploads\\\/2026\\\/01\\\/logo-buenos-dias-40-01.png\",\"contentUrl\":\"https:\\\/\\\/buenosdiasbcs.com\\\/wp-content\\\/uploads\\\/2026\\\/01\\\/logo-buenos-dias-40-01.png\",\"width\":277,\"height\":40,\"caption\":\"Buenos D\u00edas BCS\"},\"image\":{\"@id\":\"https:\\\/\\\/buenosdiasbcs.com\\\/#\\\/schema\\\/logo\\\/image\\\/\"}},{\"@type\":\"Person\",\"@id\":\"https:\\\/\\\/buenosdiasbcs.com\\\/#\\\/schema\\\/person\\\/15aedc247eab7070ee5d76d6d069a821\",\"name\":\"Edici\u00f3n Buenos D\u00edas\",\"image\":{\"@type\":\"ImageObject\",\"inLanguage\":\"es\",\"@id\":\"https:\\\/\\\/buenosdiasbcs.com\\\/wp-content\\\/uploads\\\/2026\\\/01\\\/cropped-sol-96x96.png\",\"url\":\"https:\\\/\\\/buenosdiasbcs.com\\\/wp-content\\\/uploads\\\/2026\\\/01\\\/cropped-sol-96x96.png\",\"contentUrl\":\"https:\\\/\\\/buenosdiasbcs.com\\\/wp-content\\\/uploads\\\/2026\\\/01\\\/cropped-sol-96x96.png\",\"caption\":\"Edici\u00f3n Buenos D\u00edas\"},\"url\":\"https:\\\/\\\/buenosdiasbcs.com\\\/?author=2\"}]}<\/script>\n<!-- \/ Yoast SEO Premium plugin. -->","yoast_head_json":{"title":"Mantiene COEPRIS suspensi\u00f3n de venta de alimentos en v\u00eda p\u00fablica de Cabo San Lucas y San Jos\u00e9 del Cabo - Buenos D\u00edas BCS","robots":{"index":"index","follow":"follow","max-snippet":"max-snippet:-1","max-image-preview":"max-image-preview:large","max-video-preview":"max-video-preview:-1"},"canonical":"https:\/\/buenosdiasbcs.com\/?p=15092","og_locale":"es_ES","og_type":"article","og_title":"Mantiene COEPRIS suspensi\u00f3n de venta de alimentos en v\u00eda p\u00fablica de Cabo San Lucas y San Jos\u00e9 del Cabo","og_description":"La Comisi\u00f3n Estatal para la Protecci\u00f3n contra Riesgos Sanitarios (COEPRIS) determin\u00f3 que este jueves 3 de septiembre contin\u00fae suspendida la...","og_url":"https:\/\/buenosdiasbcs.com\/?p=15092","og_site_name":"Buenos D\u00edas BCS","article_published_time":"2026-09-04T07:01:00+00:00","og_image":[{"width":758,"height":428,"url":"https:\/\/buenosdiasbcs.com\/wp-content\/uploads\/2026\/09\/WhatsApp-Image-2026-09-03-at-2.03.51-PM.jpeg","type":"image\/jpeg"}],"author":"Edici\u00f3n Buenos D\u00edas","twitter_card":"summary_large_image","twitter_misc":{"Escrito por":"Edici\u00f3n Buenos D\u00edas","Tiempo de lectura":"2 minutos"},"schema":{"@context":"https:\/\/schema.org","@graph":[{"@type":"Article","@id":"https:\/\/buenosdiasbcs.com\/?p=15092#article","isPartOf":{"@id":"https:\/\/buenosdiasbcs.com\/?p=15092"},"author":{"name":"Edici\u00f3n Buenos D\u00edas","@id":"https:\/\/buenosdiasbcs.com\/#\/schema\/person\/15aedc247eab7070ee5d76d6d069a821"},"headline":"Mantiene COEPRIS suspensi\u00f3n de venta de alimentos en v\u00eda p\u00fablica de Cabo San Lucas y San Jos\u00e9 del Cabo","datePublished":"2026-09-04T07:01:00+00:00","mainEntityOfPage":{"@id":"https:\/\/buenosdiasbcs.com\/?p=15092"},"wordCount":296,"commentCount":0,"publisher":{"@id":"https:\/\/buenosdiasbcs.com\/#organization"},"image":{"@id":"https:\/\/buenosdiasbcs.com\/?p=15092#primaryimage"},"thumbnailUrl":"https:\/\/buenosdiasbcs.com\/wp-content\/uploads\/2026\/09\/WhatsApp-Image-2026-09-03-at-2.03.51-PM.jpeg","articleSection":["Gobierno"],"inLanguage":"es","potentialAction":[{"@type":"CommentAction","name":"Comment","target":["https:\/\/buenosdiasbcs.com\/?p=15092#respond"]}]},{"@type":"WebPage","@id":"https:\/\/buenosdiasbcs.com\/?p=15092","url":"https:\/\/buenosdiasbcs.com\/?p=15092","name":"Mantiene COEPRIS suspensi\u00f3n de venta de alimentos en v\u00eda p\u00fablica de Cabo San Lucas y San Jos\u00e9 del Cabo - Buenos D\u00edas BCS","isPartOf":{"@id":"https:\/\/buenosdiasbcs.com\/#website"},"primaryImageOfPage":{"@id":"https:\/\/buenosdiasbcs.com\/?p=15092#primaryimage"},"image":{"@id":"https:\/\/buenosdiasbcs.com\/?p=15092#primaryimage"},"thumbnailUrl":"https:\/\/buenosdiasbcs.com\/wp-content\/uploads\/2026\/09\/WhatsApp-Image-2026-09-03-at-2.03.51-PM.jpeg","datePublished":"2026-09-04T07:01:00+00:00","breadcrumb":{"@id":"https:\/\/buenosdiasbcs.com\/?p=15092#breadcrumb"},"inLanguage":"es","potentialAction":[{"@type":"ReadAction","target":["https:\/\/buenosdiasbcs.com\/?p=15092"]}]},{"@type":"ImageObject","inLanguage":"es","@id":"https:\/\/buenosdiasbcs.com\/?p=15092#primaryimage","url":"https:\/\/buenosdiasbcs.com\/wp-content\/uploads\/2026\/09\/WhatsApp-Image-2026-09-03-at-2.03.51-PM.jpeg","contentUrl":"https:\/\/buenosdiasbcs.com\/wp-content\/uploads\/2026\/09\/WhatsApp-Image-2026-09-03-at-2.03.51-PM.jpeg","width":758,"height":428},{"@type":"BreadcrumbList","@id":"https:\/\/buenosdiasbcs.com\/?p=15092#breadcrumb","itemListElement":[{"@type":"ListItem","position":1,"name":"Portada","item":"https:\/\/buenosdiasbcs.com\/"},{"@type":"ListItem","position":2,"name":"Mantiene COEPRIS suspensi\u00f3n de venta de alimentos en v\u00eda p\u00fablica de Cabo San Lucas y San Jos\u00e9 del Cabo"}]},{"@type":"WebSite","@id":"https:\/\/buenosdiasbcs.com\/#website","url":"https:\/\/buenosdiasbcs.com\/","name":"Buenos D\u00edas BCS","description":"","publisher":{"@id":"https:\/\/buenosdiasbcs.com\/#organization"},"potentialAction":[{"@type":"SearchAction","target":{"@type":"EntryPoint","urlTemplate":"https:\/\/buenosdiasbcs.com\/?s={search_term_string}"},"query-input":{"@type":"PropertyValueSpecification","valueRequired":true,"valueName":"search_term_string"}}],"inLanguage":"es"},{"@type":"Organization","@id":"https:\/\/buenosdiasbcs.com\/#organization","name":"Buenos D\u00edas BCS","url":"https:\/\/buenosdiasbcs.com\/","logo":{"@type":"ImageObject","inLanguage":"es","@id":"https:\/\/buenosdiasbcs.com\/#\/schema\/logo\/image\/","url":"https:\/\/buenosdiasbcs.com\/wp-content\/uploads\/2026\/01\/logo-buenos-dias-40-01.png","contentUrl":"https:\/\/buenosdiasbcs.com\/wp-content\/uploads\/2026\/01\/logo-buenos-dias-40-01.png","width":277,"height":40,"caption":"Buenos D\u00edas BCS"},"image":{"@id":"https:\/\/buenosdiasbcs.com\/#\/schema\/logo\/image\/"}},{"@type":"Person","@id":"https:\/\/buenosdiasbcs.com\/#\/schema\/person\/15aedc247eab7070ee5d76d6d069a821","name":"Edici\u00f3n Buenos D\u00edas","image":{"@type":"ImageObject","inLanguage":"es","@id":"https:\/\/buenosdiasbcs.com\/wp-content\/uploads\/2026\/01\/cropped-sol-96x96.png","url":"https:\/\/buenosdiasbcs.com\/wp-content\/uploads\/2026\/01\/cropped-sol-96x96.png","contentUrl":"https:\/\/buenosdiasbcs.com\/wp-content\/uploads\/2026\/01\/cropped-sol-96x96.png","caption":"Edici\u00f3n Buenos D\u00edas"},"url":"https:\/\/buenosdiasbcs.com\/?author=2"}]}},"amp_enabled":true,"_links":{"self":[{"href":"https:\/\/buenosdiasbcs.com\/index.php?rest_route=\/wp\/v2\/posts\/15092","targetHints":{"allow":["GET"]}}],"collection":[{"href":"https:\/\/buenosdiasbcs.com\/index.php?rest_route=\/wp\/v2\/posts"}],"about":[{"href":"https:\/\/buenosdiasbcs.com\/index.php?rest_route=\/wp\/v2\/types\/post"}],"author":[{"embeddable":true,"href":"https:\/\/buenosdiasbcs.com\/index.php?rest_route=\/wp\/v2\/users\/2"}],"replies":[{"embeddable":true,"href":"https:\/\/buenosdiasbcs.com\/index.php?rest_route=%2Fwp%2Fv2%2Fcomments&post=15092"}],"version-history":[{"count":1,"href":"https:\/\/buenosdiasbcs.com\/index.php?rest_route=\/wp\/v2\/posts\/15092\/revisions"}],"predecessor-version":[{"id":15093,"href":"https:\/\/buenosdiasbcs.com\/index.php?rest_route=\/wp\/v2\/posts\/15092\/revisions\/15093"}],"wp:featuredmedia":[{"embeddable":true,"href":"https:\/\/buenosdiasbcs.com\/index.php?rest_route=\/wp\/v2\/media\/15089"}],"wp:attachment":[{"href":"https:\/\/buenosdiasbcs.com\/index.php?rest_route=%2Fwp%2Fv2%2Fmedia&parent=15092"}],"wp:term":[{"taxonomy":"category","embeddable":true,"href":"https:\/\/buenosdiasbcs.com\/index.php?rest_route=%2Fwp%2Fv2%2Fcategories&post=15092"},{"taxonomy":"post_tag","embeddable":true,"href":"https:\/\/buenosdiasbcs.com\/index.php?rest_route=%2Fwp%2Fv2%2Ftags&post=15092"}],"curies":[{"name":"wp","href":"https:\/\/api.w.org\/{rel}","templated":true}]}}