{"id":15083,"date":"2026-09-04T00:53:00","date_gmt":"2026-09-04T07:53:00","guid":{"rendered":"https:\/\/buenosdiasbcs.com\/?p=15083"},"modified":"2026-09-03T14:57:44","modified_gmt":"2026-09-03T21:57:44","slug":"el-tragico-final-de-dominga-maria-en-los-cabos","status":"publish","type":"post","link":"https:\/\/buenosdiasbcs.com\/?p=15083","title":{"rendered":"El tr\u00e1gico final de Dominga Mar\u00eda en Los Cabos"},"content":{"rendered":"\n<h2 id=\"h-dominga-maria-habia-sido-reportada-como-desaparecida-desde-el-pasado-25-de-junio-en-san-jose-del-cabo-hasta-que-fue-localizada-sin-vida-dos-meses-despues\" class=\"wp-block-heading\">Dominga Mar\u00eda hab\u00eda sido reportada como desaparecida desde el pasado 25 de junio en San Jos\u00e9 del Cabo, hasta que fue localizada sin vida dos meses despu\u00e9s.<\/h2>\n\n\n\n<p class=\"wp-block-paragraph\"><strong><em>Los Cabos<\/em><\/strong>,&nbsp;<strong><em>Baja California Sur<\/em><\/strong>.- La desaparici\u00f3n de&nbsp;<strong>Dominga Mar\u00eda Vel\u00e1zquez Mendoza<\/strong>&nbsp;termin\u00f3 de la peor manera. La mujer de&nbsp;<strong>42 a\u00f1os<\/strong>&nbsp;fue localizada sin vida el pasado&nbsp;<strong>4 de agosto<\/strong>, y posteriormente sus restos fueron identificados hasta el&nbsp;<strong>1 de septiembre<\/strong>, as\u00ed lo confirm\u00f3 la&nbsp;<strong>Procuradur\u00eda General de Justicia del Estado<\/strong>&nbsp;(<em>PGJE<\/em>), que procedi\u00f3 a desactivar el&nbsp;<strong>Protocolo Alba<\/strong>mediante el cual se hab\u00eda solicitado apoyo para encontrarla.<\/p>\n\n\n\n<p class=\"wp-block-paragraph\">Dominga Mar\u00eda, quien era originaria del&nbsp;<strong>Estado de M\u00e9xico<\/strong>, hab\u00eda sido reportada como desaparecida&nbsp;el&nbsp;<strong>25 de junio de 2026&nbsp;<\/strong>en<strong>&nbsp;San Jos\u00e9 del Cabo<\/strong>.&nbsp;La denuncia formal ante la&nbsp;<em>PGJE<\/em>&nbsp;qued\u00f3 registrada el&nbsp;<strong>27 de junio<\/strong>, cuando sus familiares y las autoridades activaron los mecanismos de b\u00fasqueda para intentar dar con su paradero.<\/p>\n\n\n\n<p class=\"wp-block-paragraph\">En la<strong>&nbsp;ficha de b\u00fasqueda<\/strong>&nbsp;difundida por las autoridades se establec\u00eda que, hasta ese momento, se desconoc\u00eda incluso&nbsp;<strong>la vestimenta que portaba al momento de su desaparici\u00f3n<\/strong>, uno de los datos que suele ser utilizado para facilitar su identificaci\u00f3n durante las labores de localizaci\u00f3n.<\/p>\n\n\n\n<p class=\"wp-block-paragraph\">Sin embargo, semanas despu\u00e9s de aquella denuncia, la&nbsp;<strong>Direcci\u00f3n de Servicios Periciales<\/strong>&nbsp;de la&nbsp;<strong>Procuradur\u00eda General de Justicia del Estado<\/strong>&nbsp;(<em>PGJE<\/em>) inform\u00f3 que&nbsp;<strong>Dominga Mar\u00eda fue encontrada sin vida<\/strong>.<\/p>\n\n\n\n<p class=\"wp-block-paragraph\">El caso de desaparici\u00f3n&nbsp;<strong>comenz\u00f3 a resolverse<\/strong>&nbsp;tras un reporte de emergencia recibido alrededor de las&nbsp;<strong>8:30 de la ma\u00f1ana<\/strong>&nbsp;del 4 de agosto por el&nbsp;<strong>Centro de Control<\/strong>&nbsp;del&nbsp;<em><strong>C2<\/strong><\/em>, alertando sobre el&nbsp;<strong>hallazgo de un cuerpo sin vida<\/strong>&nbsp;dentro de una finca ubicada en calle&nbsp;<strong>Camino del Este<\/strong>&nbsp;a la altura de&nbsp;<strong>la playa La Fortuna<\/strong>, un domicilio distinto al que ten\u00eda registrado la v\u00edctima.<\/p>\n\n\n\n<p class=\"wp-block-paragraph\">En el sitio de la intervenci\u00f3n,&nbsp;<strong>especialistas en criminal\u00edstica<\/strong>&nbsp;procesaron el \u00e1rea, observando que el cuerpo de Dominga estaba acostado en una cama y mostraba un&nbsp;<strong>avanzado estado de descomposici\u00f3n,&nbsp;<\/strong>cercano a la<strong>&nbsp;fase de esqueletizaci\u00f3n,&nbsp;<\/strong>seg\u00fan el informe de la<strong>&nbsp;PGJE.&nbsp;<\/strong><\/p>\n\n\n\n<p class=\"wp-block-paragraph\">Tras el procesamiento del lugar, los peritajes determinaron que en la escena&nbsp;<strong>no se encontraron signos de violencia f\u00edsica<\/strong>, dando como resultado de la necropsia que&nbsp;<strong>la causa de muerte fue natural<\/strong>, de acuerdo con las pruebas post mortem validadas por la&nbsp;<em>PGJE<\/em>.&nbsp;<\/p>\n\n\n\n<p class=\"wp-block-paragraph\">Tras revelar los detalles&nbsp;<strong>del hallazgo del cuerpo de la mujer<\/strong>, la dependencia estatal&nbsp;<strong>desactiv\u00f3 la ficha de b\u00fasqueda<\/strong>&nbsp;correspondiente,&nbsp;procediendo a realizar los tr\u00e1mites de<strong>&nbsp;la entrega de los restos de Dominga Mar\u00eda a su familia&nbsp;<\/strong>y que de esta manera, tenga una sepultura digna y que sus seres queridos puedan darle el \u00faltimo adi\u00f3s.&nbsp;<\/p>\n\n\n\n<p class=\"wp-block-paragraph\"><\/p>\n","protected":false},"excerpt":{"rendered":"<p>Dominga Mar\u00eda hab\u00eda sido reportada como desaparecida desde el pasado 25 de junio en San Jos\u00e9 del Cabo, hasta que&#8230;<\/p>\n","protected":false},"author":2,"featured_media":15084,"comment_status":"open","ping_status":"open","sticky":false,"template":"","format":"standard","meta":{"footnotes":""},"categories":[237],"tags":[],"class_list":["post-15083","post","type-post","status-publish","format-standard","has-post-thumbnail","hentry","category-seguridad"],"yoast_head":"<!-- This site is optimized with the Yoast SEO Premium plugin v26.8 (Yoast SEO v28.4) - https:\/\/yoast.com\/product\/yoast-seo-premium-wordpress\/ -->\n<title>El tr\u00e1gico final de Dominga Mar\u00eda en Los Cabos - Buenos D\u00edas BCS<\/title>\n<meta name=\"robots\" content=\"index, follow, max-snippet:-1, max-image-preview:large, max-video-preview:-1\" \/>\n<link rel=\"canonical\" href=\"https:\/\/buenosdiasbcs.com\/?p=15083\" \/>\n<meta property=\"og:locale\" content=\"es_ES\" \/>\n<meta property=\"og:type\" content=\"article\" \/>\n<meta property=\"og:title\" content=\"El tr\u00e1gico final de Dominga Mar\u00eda en Los Cabos\" \/>\n<meta property=\"og:description\" content=\"Dominga Mar\u00eda hab\u00eda sido reportada como desaparecida desde el pasado 25 de junio en San Jos\u00e9 del Cabo, hasta que...\" \/>\n<meta property=\"og:url\" content=\"https:\/\/buenosdiasbcs.com\/?p=15083\" \/>\n<meta property=\"og:site_name\" content=\"Buenos D\u00edas BCS\" \/>\n<meta property=\"article:published_time\" content=\"2026-09-04T07:53:00+00:00\" \/>\n<meta property=\"og:image\" content=\"https:\/\/buenosdiasbcs.com\/wp-content\/uploads\/2026\/09\/restos-de-dominga-maria-velazquez-desaparecida-desde-junio-son-identificados-en-san-jose-del-cabo-e83bf443-focus-0-0-1479-828.webp\" \/>\n\t<meta property=\"og:image:width\" content=\"1280\" \/>\n\t<meta property=\"og:image:height\" content=\"720\" \/>\n\t<meta property=\"og:image:type\" content=\"image\/webp\" \/>\n<meta name=\"author\" content=\"Edici\u00f3n Buenos D\u00edas\" \/>\n<meta name=\"twitter:card\" content=\"summary_large_image\" \/>\n<meta name=\"twitter:label1\" content=\"Escrito por\" \/>\n\t<meta name=\"twitter:data1\" content=\"Edici\u00f3n Buenos D\u00edas\" \/>\n\t<meta name=\"twitter:label2\" content=\"Tiempo de lectura\" \/>\n\t<meta name=\"twitter:data2\" content=\"3 minutos\" \/>\n<script type=\"application\/ld+json\" class=\"yoast-schema-graph\">{\"@context\":\"https:\\\/\\\/schema.org\",\"@graph\":[{\"@type\":\"Article\",\"@id\":\"https:\\\/\\\/buenosdiasbcs.com\\\/?p=15083#article\",\"isPartOf\":{\"@id\":\"https:\\\/\\\/buenosdiasbcs.com\\\/?p=15083\"},\"author\":{\"name\":\"Edici\u00f3n Buenos D\u00edas\",\"@id\":\"https:\\\/\\\/buenosdiasbcs.com\\\/#\\\/schema\\\/person\\\/15aedc247eab7070ee5d76d6d069a821\"},\"headline\":\"El tr\u00e1gico final de Dominga Mar\u00eda en Los Cabos\",\"datePublished\":\"2026-09-04T07:53:00+00:00\",\"mainEntityOfPage\":{\"@id\":\"https:\\\/\\\/buenosdiasbcs.com\\\/?p=15083\"},\"wordCount\":528,\"commentCount\":0,\"publisher\":{\"@id\":\"https:\\\/\\\/buenosdiasbcs.com\\\/#organization\"},\"image\":{\"@id\":\"https:\\\/\\\/buenosdiasbcs.com\\\/?p=15083#primaryimage\"},\"thumbnailUrl\":\"https:\\\/\\\/buenosdiasbcs.com\\\/wp-content\\\/uploads\\\/2026\\\/09\\\/restos-de-dominga-maria-velazquez-desaparecida-desde-junio-son-identificados-en-san-jose-del-cabo-e83bf443-focus-0-0-1479-828.webp\",\"articleSection\":[\"Seguridad\"],\"inLanguage\":\"es\",\"potentialAction\":[{\"@type\":\"CommentAction\",\"name\":\"Comment\",\"target\":[\"https:\\\/\\\/buenosdiasbcs.com\\\/?p=15083#respond\"]}]},{\"@type\":\"WebPage\",\"@id\":\"https:\\\/\\\/buenosdiasbcs.com\\\/?p=15083\",\"url\":\"https:\\\/\\\/buenosdiasbcs.com\\\/?p=15083\",\"name\":\"El tr\u00e1gico final de Dominga Mar\u00eda en Los Cabos - Buenos D\u00edas BCS\",\"isPartOf\":{\"@id\":\"https:\\\/\\\/buenosdiasbcs.com\\\/#website\"},\"primaryImageOfPage\":{\"@id\":\"https:\\\/\\\/buenosdiasbcs.com\\\/?p=15083#primaryimage\"},\"image\":{\"@id\":\"https:\\\/\\\/buenosdiasbcs.com\\\/?p=15083#primaryimage\"},\"thumbnailUrl\":\"https:\\\/\\\/buenosdiasbcs.com\\\/wp-content\\\/uploads\\\/2026\\\/09\\\/restos-de-dominga-maria-velazquez-desaparecida-desde-junio-son-identificados-en-san-jose-del-cabo-e83bf443-focus-0-0-1479-828.webp\",\"datePublished\":\"2026-09-04T07:53:00+00:00\",\"breadcrumb\":{\"@id\":\"https:\\\/\\\/buenosdiasbcs.com\\\/?p=15083#breadcrumb\"},\"inLanguage\":\"es\",\"potentialAction\":[{\"@type\":\"ReadAction\",\"target\":[\"https:\\\/\\\/buenosdiasbcs.com\\\/?p=15083\"]}]},{\"@type\":\"ImageObject\",\"inLanguage\":\"es\",\"@id\":\"https:\\\/\\\/buenosdiasbcs.com\\\/?p=15083#primaryimage\",\"url\":\"https:\\\/\\\/buenosdiasbcs.com\\\/wp-content\\\/uploads\\\/2026\\\/09\\\/restos-de-dominga-maria-velazquez-desaparecida-desde-junio-son-identificados-en-san-jose-del-cabo-e83bf443-focus-0-0-1479-828.webp\",\"contentUrl\":\"https:\\\/\\\/buenosdiasbcs.com\\\/wp-content\\\/uploads\\\/2026\\\/09\\\/restos-de-dominga-maria-velazquez-desaparecida-desde-junio-son-identificados-en-san-jose-del-cabo-e83bf443-focus-0-0-1479-828.webp\",\"width\":1280,\"height\":720},{\"@type\":\"BreadcrumbList\",\"@id\":\"https:\\\/\\\/buenosdiasbcs.com\\\/?p=15083#breadcrumb\",\"itemListElement\":[{\"@type\":\"ListItem\",\"position\":1,\"name\":\"Portada\",\"item\":\"https:\\\/\\\/buenosdiasbcs.com\\\/\"},{\"@type\":\"ListItem\",\"position\":2,\"name\":\"El tr\u00e1gico final de Dominga Mar\u00eda en Los Cabos\"}]},{\"@type\":\"WebSite\",\"@id\":\"https:\\\/\\\/buenosdiasbcs.com\\\/#website\",\"url\":\"https:\\\/\\\/buenosdiasbcs.com\\\/\",\"name\":\"Buenos D\u00edas BCS\",\"description\":\"\",\"publisher\":{\"@id\":\"https:\\\/\\\/buenosdiasbcs.com\\\/#organization\"},\"potentialAction\":[{\"@type\":\"SearchAction\",\"target\":{\"@type\":\"EntryPoint\",\"urlTemplate\":\"https:\\\/\\\/buenosdiasbcs.com\\\/?s={search_term_string}\"},\"query-input\":{\"@type\":\"PropertyValueSpecification\",\"valueRequired\":true,\"valueName\":\"search_term_string\"}}],\"inLanguage\":\"es\"},{\"@type\":\"Organization\",\"@id\":\"https:\\\/\\\/buenosdiasbcs.com\\\/#organization\",\"name\":\"Buenos D\u00edas BCS\",\"url\":\"https:\\\/\\\/buenosdiasbcs.com\\\/\",\"logo\":{\"@type\":\"ImageObject\",\"inLanguage\":\"es\",\"@id\":\"https:\\\/\\\/buenosdiasbcs.com\\\/#\\\/schema\\\/logo\\\/image\\\/\",\"url\":\"https:\\\/\\\/buenosdiasbcs.com\\\/wp-content\\\/uploads\\\/2026\\\/01\\\/logo-buenos-dias-40-01.png\",\"contentUrl\":\"https:\\\/\\\/buenosdiasbcs.com\\\/wp-content\\\/uploads\\\/2026\\\/01\\\/logo-buenos-dias-40-01.png\",\"width\":277,\"height\":40,\"caption\":\"Buenos D\u00edas BCS\"},\"image\":{\"@id\":\"https:\\\/\\\/buenosdiasbcs.com\\\/#\\\/schema\\\/logo\\\/image\\\/\"}},{\"@type\":\"Person\",\"@id\":\"https:\\\/\\\/buenosdiasbcs.com\\\/#\\\/schema\\\/person\\\/15aedc247eab7070ee5d76d6d069a821\",\"name\":\"Edici\u00f3n Buenos D\u00edas\",\"image\":{\"@type\":\"ImageObject\",\"inLanguage\":\"es\",\"@id\":\"https:\\\/\\\/buenosdiasbcs.com\\\/wp-content\\\/uploads\\\/2026\\\/01\\\/cropped-sol-96x96.png\",\"url\":\"https:\\\/\\\/buenosdiasbcs.com\\\/wp-content\\\/uploads\\\/2026\\\/01\\\/cropped-sol-96x96.png\",\"contentUrl\":\"https:\\\/\\\/buenosdiasbcs.com\\\/wp-content\\\/uploads\\\/2026\\\/01\\\/cropped-sol-96x96.png\",\"caption\":\"Edici\u00f3n Buenos D\u00edas\"},\"url\":\"https:\\\/\\\/buenosdiasbcs.com\\\/?author=2\"}]}<\/script>\n<!-- \/ Yoast SEO Premium plugin. -->","yoast_head_json":{"title":"El tr\u00e1gico final de Dominga Mar\u00eda en Los Cabos - Buenos D\u00edas BCS","robots":{"index":"index","follow":"follow","max-snippet":"max-snippet:-1","max-image-preview":"max-image-preview:large","max-video-preview":"max-video-preview:-1"},"canonical":"https:\/\/buenosdiasbcs.com\/?p=15083","og_locale":"es_ES","og_type":"article","og_title":"El tr\u00e1gico final de Dominga Mar\u00eda en Los Cabos","og_description":"Dominga Mar\u00eda hab\u00eda sido reportada como desaparecida desde el pasado 25 de junio en San Jos\u00e9 del Cabo, hasta que...","og_url":"https:\/\/buenosdiasbcs.com\/?p=15083","og_site_name":"Buenos D\u00edas BCS","article_published_time":"2026-09-04T07:53:00+00:00","og_image":[{"width":1280,"height":720,"url":"https:\/\/buenosdiasbcs.com\/wp-content\/uploads\/2026\/09\/restos-de-dominga-maria-velazquez-desaparecida-desde-junio-son-identificados-en-san-jose-del-cabo-e83bf443-focus-0-0-1479-828.webp","type":"image\/webp"}],"author":"Edici\u00f3n Buenos D\u00edas","twitter_card":"summary_large_image","twitter_misc":{"Escrito por":"Edici\u00f3n Buenos D\u00edas","Tiempo de lectura":"3 minutos"},"schema":{"@context":"https:\/\/schema.org","@graph":[{"@type":"Article","@id":"https:\/\/buenosdiasbcs.com\/?p=15083#article","isPartOf":{"@id":"https:\/\/buenosdiasbcs.com\/?p=15083"},"author":{"name":"Edici\u00f3n Buenos D\u00edas","@id":"https:\/\/buenosdiasbcs.com\/#\/schema\/person\/15aedc247eab7070ee5d76d6d069a821"},"headline":"El tr\u00e1gico final de Dominga Mar\u00eda en Los Cabos","datePublished":"2026-09-04T07:53:00+00:00","mainEntityOfPage":{"@id":"https:\/\/buenosdiasbcs.com\/?p=15083"},"wordCount":528,"commentCount":0,"publisher":{"@id":"https:\/\/buenosdiasbcs.com\/#organization"},"image":{"@id":"https:\/\/buenosdiasbcs.com\/?p=15083#primaryimage"},"thumbnailUrl":"https:\/\/buenosdiasbcs.com\/wp-content\/uploads\/2026\/09\/restos-de-dominga-maria-velazquez-desaparecida-desde-junio-son-identificados-en-san-jose-del-cabo-e83bf443-focus-0-0-1479-828.webp","articleSection":["Seguridad"],"inLanguage":"es","potentialAction":[{"@type":"CommentAction","name":"Comment","target":["https:\/\/buenosdiasbcs.com\/?p=15083#respond"]}]},{"@type":"WebPage","@id":"https:\/\/buenosdiasbcs.com\/?p=15083","url":"https:\/\/buenosdiasbcs.com\/?p=15083","name":"El tr\u00e1gico final de Dominga Mar\u00eda en Los Cabos - Buenos D\u00edas BCS","isPartOf":{"@id":"https:\/\/buenosdiasbcs.com\/#website"},"primaryImageOfPage":{"@id":"https:\/\/buenosdiasbcs.com\/?p=15083#primaryimage"},"image":{"@id":"https:\/\/buenosdiasbcs.com\/?p=15083#primaryimage"},"thumbnailUrl":"https:\/\/buenosdiasbcs.com\/wp-content\/uploads\/2026\/09\/restos-de-dominga-maria-velazquez-desaparecida-desde-junio-son-identificados-en-san-jose-del-cabo-e83bf443-focus-0-0-1479-828.webp","datePublished":"2026-09-04T07:53:00+00:00","breadcrumb":{"@id":"https:\/\/buenosdiasbcs.com\/?p=15083#breadcrumb"},"inLanguage":"es","potentialAction":[{"@type":"ReadAction","target":["https:\/\/buenosdiasbcs.com\/?p=15083"]}]},{"@type":"ImageObject","inLanguage":"es","@id":"https:\/\/buenosdiasbcs.com\/?p=15083#primaryimage","url":"https:\/\/buenosdiasbcs.com\/wp-content\/uploads\/2026\/09\/restos-de-dominga-maria-velazquez-desaparecida-desde-junio-son-identificados-en-san-jose-del-cabo-e83bf443-focus-0-0-1479-828.webp","contentUrl":"https:\/\/buenosdiasbcs.com\/wp-content\/uploads\/2026\/09\/restos-de-dominga-maria-velazquez-desaparecida-desde-junio-son-identificados-en-san-jose-del-cabo-e83bf443-focus-0-0-1479-828.webp","width":1280,"height":720},{"@type":"BreadcrumbList","@id":"https:\/\/buenosdiasbcs.com\/?p=15083#breadcrumb","itemListElement":[{"@type":"ListItem","position":1,"name":"Portada","item":"https:\/\/buenosdiasbcs.com\/"},{"@type":"ListItem","position":2,"name":"El tr\u00e1gico final de Dominga Mar\u00eda en Los Cabos"}]},{"@type":"WebSite","@id":"https:\/\/buenosdiasbcs.com\/#website","url":"https:\/\/buenosdiasbcs.com\/","name":"Buenos D\u00edas BCS","description":"","publisher":{"@id":"https:\/\/buenosdiasbcs.com\/#organization"},"potentialAction":[{"@type":"SearchAction","target":{"@type":"EntryPoint","urlTemplate":"https:\/\/buenosdiasbcs.com\/?s={search_term_string}"},"query-input":{"@type":"PropertyValueSpecification","valueRequired":true,"valueName":"search_term_string"}}],"inLanguage":"es"},{"@type":"Organization","@id":"https:\/\/buenosdiasbcs.com\/#organization","name":"Buenos D\u00edas BCS","url":"https:\/\/buenosdiasbcs.com\/","logo":{"@type":"ImageObject","inLanguage":"es","@id":"https:\/\/buenosdiasbcs.com\/#\/schema\/logo\/image\/","url":"https:\/\/buenosdiasbcs.com\/wp-content\/uploads\/2026\/01\/logo-buenos-dias-40-01.png","contentUrl":"https:\/\/buenosdiasbcs.com\/wp-content\/uploads\/2026\/01\/logo-buenos-dias-40-01.png","width":277,"height":40,"caption":"Buenos D\u00edas BCS"},"image":{"@id":"https:\/\/buenosdiasbcs.com\/#\/schema\/logo\/image\/"}},{"@type":"Person","@id":"https:\/\/buenosdiasbcs.com\/#\/schema\/person\/15aedc247eab7070ee5d76d6d069a821","name":"Edici\u00f3n Buenos D\u00edas","image":{"@type":"ImageObject","inLanguage":"es","@id":"https:\/\/buenosdiasbcs.com\/wp-content\/uploads\/2026\/01\/cropped-sol-96x96.png","url":"https:\/\/buenosdiasbcs.com\/wp-content\/uploads\/2026\/01\/cropped-sol-96x96.png","contentUrl":"https:\/\/buenosdiasbcs.com\/wp-content\/uploads\/2026\/01\/cropped-sol-96x96.png","caption":"Edici\u00f3n Buenos D\u00edas"},"url":"https:\/\/buenosdiasbcs.com\/?author=2"}]}},"amp_enabled":true,"_links":{"self":[{"href":"https:\/\/buenosdiasbcs.com\/index.php?rest_route=\/wp\/v2\/posts\/15083","targetHints":{"allow":["GET"]}}],"collection":[{"href":"https:\/\/buenosdiasbcs.com\/index.php?rest_route=\/wp\/v2\/posts"}],"about":[{"href":"https:\/\/buenosdiasbcs.com\/index.php?rest_route=\/wp\/v2\/types\/post"}],"author":[{"embeddable":true,"href":"https:\/\/buenosdiasbcs.com\/index.php?rest_route=\/wp\/v2\/users\/2"}],"replies":[{"embeddable":true,"href":"https:\/\/buenosdiasbcs.com\/index.php?rest_route=%2Fwp%2Fv2%2Fcomments&post=15083"}],"version-history":[{"count":2,"href":"https:\/\/buenosdiasbcs.com\/index.php?rest_route=\/wp\/v2\/posts\/15083\/revisions"}],"predecessor-version":[{"id":15086,"href":"https:\/\/buenosdiasbcs.com\/index.php?rest_route=\/wp\/v2\/posts\/15083\/revisions\/15086"}],"wp:featuredmedia":[{"embeddable":true,"href":"https:\/\/buenosdiasbcs.com\/index.php?rest_route=\/wp\/v2\/media\/15084"}],"wp:attachment":[{"href":"https:\/\/buenosdiasbcs.com\/index.php?rest_route=%2Fwp%2Fv2%2Fmedia&parent=15083"}],"wp:term":[{"taxonomy":"category","embeddable":true,"href":"https:\/\/buenosdiasbcs.com\/index.php?rest_route=%2Fwp%2Fv2%2Fcategories&post=15083"},{"taxonomy":"post_tag","embeddable":true,"href":"https:\/\/buenosdiasbcs.com\/index.php?rest_route=%2Fwp%2Fv2%2Ftags&post=15083"}],"curies":[{"name":"wp","href":"https:\/\/api.w.org\/{rel}","templated":true}]}}