{"id":15070,"date":"2026-09-04T00:39:00","date_gmt":"2026-09-04T07:39:00","guid":{"rendered":"https:\/\/buenosdiasbcs.com\/?p=15070"},"modified":"2026-09-03T14:43:28","modified_gmt":"2026-09-03T21:43:28","slug":"sheinbaum-deja-en-inzunza-decision-de-seguir-en-senado-pese-a-senalamientos-de-eu","status":"publish","type":"post","link":"https:\/\/buenosdiasbcs.com\/?p=15070","title":{"rendered":"Sheinbaum deja en Inzunza decisi\u00f3n de seguir en Senado pese a se\u00f1alamientos de EU"},"content":{"rendered":"\n<h2 id=\"h-la-mandataria-sostuvo-que-ya-ha-fijado-publicamente-su-postura-y-que-corresponde-al-senador-decidir-si-continua-en-funciones\" class=\"wp-block-heading\">La Mandataria sostuvo que ya ha fijado p\u00fablicamente su postura y que corresponde al senador decidir si contin\u00faa en funciones<\/h2>\n\n\n\n<p class=\"wp-block-paragraph\"><strong>Ciudad de M\u00e9xico.-<\/strong>&nbsp;La presidenta Claudia Sheinbaum dej\u00f3 en Enrique Inzunza la responsabilidad de mantenerse en el Senado y ejercer su voto, pese a que el legislador sinaloense&nbsp;<strong>enfrenta<\/strong>&nbsp;<strong>acusaciones<\/strong>&nbsp;de autoridades de Estados Unidos por presuntos v\u00ednculos con el C\u00e1rtel de Sinaloa y volvi\u00f3 esta semana a la C\u00e1mara alta tras varios meses de ausencia.<\/p>\n\n\n\n<p class=\"wp-block-paragraph\">Cuestionada sobre la conveniencia de que Inzunza permanezca en un cargo de elecci\u00f3n popular bajo esos se\u00f1alamientos, la Mandataria sostuvo que ya&nbsp;<strong>ha fijado p\u00fablicamente su postura<\/strong>&nbsp;y que corresponde al senador decidir si contin\u00faa en funciones.<\/p>\n\n\n\n<blockquote class=\"wp-block-quote is-layout-flow wp-block-quote-is-layout-flow\">\n<p class=\"wp-block-paragraph\">\u201c&nbsp;Cada senador y cada diputado toman por conciencia la decisi\u00f3n de su voto. Entonces, cada quien es responsable y se respeta la autonom\u00eda de las instituciones\u201d, afirm\u00f3.&nbsp;<\/p>\n<\/blockquote>\n\n\n\n<p class=\"wp-block-paragraph\">Inzunza reapareci\u00f3 en el Senado&nbsp;<strong>luego de 124 d\u00edas de ausencia<\/strong>&nbsp;y ha rechazado las imputaciones formuladas desde Estados Unidos, al sostener que no se ha presentado una sola prueba que acredite v\u00ednculos con el narcotr\u00e1fico.<\/p>\n\n\n\n<p class=\"wp-block-paragraph\">La Fiscal\u00eda del Distrito Sur de Nueva York lo incluy\u00f3 en abril, junto con&nbsp;<strong>Rub\u00e9n<\/strong><strong>Rocha<\/strong>&nbsp;<strong>Moya<\/strong>&nbsp;y otros funcionarios sinaloenses, en se\u00f1alamientos relacionados con presuntos nexos con organizaciones criminales, mientras autoridades estadounidenses han solicitado acciones contra varios de los involucrados.<\/p>\n\n\n\n<p class=\"wp-block-paragraph\">Sheinbaum insisti\u00f3 en que, como Presidenta, define la<strong>&nbsp;pol\u00edtica p\u00fablica y coordina al Gabinete<\/strong>, pero no toma las decisiones individuales de legisladores ni de otros poderes.<\/p>\n\n\n\n<blockquote class=\"wp-block-quote is-layout-flow wp-block-quote-is-layout-flow\">\n<p class=\"wp-block-paragraph\">\u201c&nbsp;Por supuesto que soy Presidenta de la Rep\u00fablica, y decido la pol\u00edtica p\u00fablica y coordino al Gabinete, y definimos el avance. Cada Gobernador es aut\u00f3nomo en su estado\u201d, sostuvo.<\/p>\n<\/blockquote>\n\n\n\n<blockquote class=\"wp-block-quote is-layout-flow wp-block-quote-is-layout-flow\">\n<p class=\"wp-block-paragraph\">\u201c&nbsp;Ya conocen mi opini\u00f3n, la opini\u00f3n que he vertido aqu\u00ed durante varias veces, pero la decisi\u00f3n, finalmente es de la persona\u201d.<\/p>\n<\/blockquote>\n\n\n\n<p class=\"wp-block-paragraph\">Inzunza dej\u00f3 la bancada de Morena y regres\u00f3 como senador sin grupo parlamentario, aunque ha dicho que continuar\u00e1 respaldando las iniciativas impulsadas por Sheinbaum y el oficialismo.<\/p>\n\n\n\n<p class=\"wp-block-paragraph\"><\/p>\n","protected":false},"excerpt":{"rendered":"<p>La Mandataria sostuvo que ya ha fijado p\u00fablicamente su postura y que corresponde al senador decidir si contin\u00faa en funciones&#8230;<\/p>\n","protected":false},"author":2,"featured_media":15072,"comment_status":"open","ping_status":"open","sticky":false,"template":"","format":"standard","meta":{"footnotes":""},"categories":[32],"tags":[],"class_list":["post-15070","post","type-post","status-publish","format-standard","has-post-thumbnail","hentry","category-la-nacion"],"yoast_head":"<!-- This site is optimized with the Yoast SEO Premium plugin v26.8 (Yoast SEO v28.4) - https:\/\/yoast.com\/product\/yoast-seo-premium-wordpress\/ -->\n<title>Sheinbaum deja en Inzunza decisi\u00f3n de seguir en Senado pese a se\u00f1alamientos de EU - Buenos D\u00edas BCS<\/title>\n<meta name=\"robots\" content=\"index, follow, max-snippet:-1, max-image-preview:large, max-video-preview:-1\" \/>\n<link rel=\"canonical\" href=\"https:\/\/buenosdiasbcs.com\/?p=15070\" \/>\n<meta property=\"og:locale\" content=\"es_ES\" \/>\n<meta property=\"og:type\" content=\"article\" \/>\n<meta property=\"og:title\" content=\"Sheinbaum deja en Inzunza decisi\u00f3n de seguir en Senado pese a se\u00f1alamientos de EU\" \/>\n<meta property=\"og:description\" content=\"La Mandataria sostuvo que ya ha fijado p\u00fablicamente su postura y que corresponde al senador decidir si contin\u00faa en funciones...\" \/>\n<meta property=\"og:url\" content=\"https:\/\/buenosdiasbcs.com\/?p=15070\" \/>\n<meta property=\"og:site_name\" content=\"Buenos D\u00edas BCS\" \/>\n<meta property=\"article:published_time\" content=\"2026-09-04T07:39:00+00:00\" \/>\n<meta property=\"og:image\" content=\"https:\/\/buenosdiasbcs.com\/wp-content\/uploads\/2026\/09\/UDULVQVIZZHSHO62KKIJ7FBWKQ.png.jpeg\" \/>\n\t<meta property=\"og:image:width\" content=\"2560\" \/>\n\t<meta property=\"og:image:height\" content=\"1440\" \/>\n\t<meta property=\"og:image:type\" content=\"image\/jpeg\" \/>\n<meta name=\"author\" content=\"Edici\u00f3n Buenos D\u00edas\" \/>\n<meta name=\"twitter:card\" content=\"summary_large_image\" \/>\n<meta name=\"twitter:label1\" content=\"Escrito por\" \/>\n\t<meta name=\"twitter:data1\" content=\"Edici\u00f3n Buenos D\u00edas\" \/>\n\t<meta name=\"twitter:label2\" content=\"Tiempo de lectura\" \/>\n\t<meta name=\"twitter:data2\" content=\"2 minutos\" \/>\n<script type=\"application\/ld+json\" class=\"yoast-schema-graph\">{\"@context\":\"https:\\\/\\\/schema.org\",\"@graph\":[{\"@type\":\"Article\",\"@id\":\"https:\\\/\\\/buenosdiasbcs.com\\\/?p=15070#article\",\"isPartOf\":{\"@id\":\"https:\\\/\\\/buenosdiasbcs.com\\\/?p=15070\"},\"author\":{\"name\":\"Edici\u00f3n Buenos D\u00edas\",\"@id\":\"https:\\\/\\\/buenosdiasbcs.com\\\/#\\\/schema\\\/person\\\/15aedc247eab7070ee5d76d6d069a821\"},\"headline\":\"Sheinbaum deja en Inzunza decisi\u00f3n de seguir en Senado pese a se\u00f1alamientos de EU\",\"datePublished\":\"2026-09-04T07:39:00+00:00\",\"mainEntityOfPage\":{\"@id\":\"https:\\\/\\\/buenosdiasbcs.com\\\/?p=15070\"},\"wordCount\":379,\"commentCount\":0,\"publisher\":{\"@id\":\"https:\\\/\\\/buenosdiasbcs.com\\\/#organization\"},\"image\":{\"@id\":\"https:\\\/\\\/buenosdiasbcs.com\\\/?p=15070#primaryimage\"},\"thumbnailUrl\":\"https:\\\/\\\/buenosdiasbcs.com\\\/wp-content\\\/uploads\\\/2026\\\/09\\\/UDULVQVIZZHSHO62KKIJ7FBWKQ.png.jpeg\",\"articleSection\":[\"La Naci\u00f3n\"],\"inLanguage\":\"es\",\"potentialAction\":[{\"@type\":\"CommentAction\",\"name\":\"Comment\",\"target\":[\"https:\\\/\\\/buenosdiasbcs.com\\\/?p=15070#respond\"]}]},{\"@type\":\"WebPage\",\"@id\":\"https:\\\/\\\/buenosdiasbcs.com\\\/?p=15070\",\"url\":\"https:\\\/\\\/buenosdiasbcs.com\\\/?p=15070\",\"name\":\"Sheinbaum deja en Inzunza decisi\u00f3n de seguir en Senado pese a se\u00f1alamientos de EU - Buenos D\u00edas BCS\",\"isPartOf\":{\"@id\":\"https:\\\/\\\/buenosdiasbcs.com\\\/#website\"},\"primaryImageOfPage\":{\"@id\":\"https:\\\/\\\/buenosdiasbcs.com\\\/?p=15070#primaryimage\"},\"image\":{\"@id\":\"https:\\\/\\\/buenosdiasbcs.com\\\/?p=15070#primaryimage\"},\"thumbnailUrl\":\"https:\\\/\\\/buenosdiasbcs.com\\\/wp-content\\\/uploads\\\/2026\\\/09\\\/UDULVQVIZZHSHO62KKIJ7FBWKQ.png.jpeg\",\"datePublished\":\"2026-09-04T07:39:00+00:00\",\"breadcrumb\":{\"@id\":\"https:\\\/\\\/buenosdiasbcs.com\\\/?p=15070#breadcrumb\"},\"inLanguage\":\"es\",\"potentialAction\":[{\"@type\":\"ReadAction\",\"target\":[\"https:\\\/\\\/buenosdiasbcs.com\\\/?p=15070\"]}]},{\"@type\":\"ImageObject\",\"inLanguage\":\"es\",\"@id\":\"https:\\\/\\\/buenosdiasbcs.com\\\/?p=15070#primaryimage\",\"url\":\"https:\\\/\\\/buenosdiasbcs.com\\\/wp-content\\\/uploads\\\/2026\\\/09\\\/UDULVQVIZZHSHO62KKIJ7FBWKQ.png.jpeg\",\"contentUrl\":\"https:\\\/\\\/buenosdiasbcs.com\\\/wp-content\\\/uploads\\\/2026\\\/09\\\/UDULVQVIZZHSHO62KKIJ7FBWKQ.png.jpeg\",\"width\":2560,\"height\":1440},{\"@type\":\"BreadcrumbList\",\"@id\":\"https:\\\/\\\/buenosdiasbcs.com\\\/?p=15070#breadcrumb\",\"itemListElement\":[{\"@type\":\"ListItem\",\"position\":1,\"name\":\"Portada\",\"item\":\"https:\\\/\\\/buenosdiasbcs.com\\\/\"},{\"@type\":\"ListItem\",\"position\":2,\"name\":\"Sheinbaum deja en Inzunza decisi\u00f3n de seguir en Senado pese a se\u00f1alamientos de EU\"}]},{\"@type\":\"WebSite\",\"@id\":\"https:\\\/\\\/buenosdiasbcs.com\\\/#website\",\"url\":\"https:\\\/\\\/buenosdiasbcs.com\\\/\",\"name\":\"Buenos D\u00edas BCS\",\"description\":\"\",\"publisher\":{\"@id\":\"https:\\\/\\\/buenosdiasbcs.com\\\/#organization\"},\"potentialAction\":[{\"@type\":\"SearchAction\",\"target\":{\"@type\":\"EntryPoint\",\"urlTemplate\":\"https:\\\/\\\/buenosdiasbcs.com\\\/?s={search_term_string}\"},\"query-input\":{\"@type\":\"PropertyValueSpecification\",\"valueRequired\":true,\"valueName\":\"search_term_string\"}}],\"inLanguage\":\"es\"},{\"@type\":\"Organization\",\"@id\":\"https:\\\/\\\/buenosdiasbcs.com\\\/#organization\",\"name\":\"Buenos D\u00edas BCS\",\"url\":\"https:\\\/\\\/buenosdiasbcs.com\\\/\",\"logo\":{\"@type\":\"ImageObject\",\"inLanguage\":\"es\",\"@id\":\"https:\\\/\\\/buenosdiasbcs.com\\\/#\\\/schema\\\/logo\\\/image\\\/\",\"url\":\"https:\\\/\\\/buenosdiasbcs.com\\\/wp-content\\\/uploads\\\/2026\\\/01\\\/logo-buenos-dias-40-01.png\",\"contentUrl\":\"https:\\\/\\\/buenosdiasbcs.com\\\/wp-content\\\/uploads\\\/2026\\\/01\\\/logo-buenos-dias-40-01.png\",\"width\":277,\"height\":40,\"caption\":\"Buenos D\u00edas BCS\"},\"image\":{\"@id\":\"https:\\\/\\\/buenosdiasbcs.com\\\/#\\\/schema\\\/logo\\\/image\\\/\"}},{\"@type\":\"Person\",\"@id\":\"https:\\\/\\\/buenosdiasbcs.com\\\/#\\\/schema\\\/person\\\/15aedc247eab7070ee5d76d6d069a821\",\"name\":\"Edici\u00f3n Buenos D\u00edas\",\"image\":{\"@type\":\"ImageObject\",\"inLanguage\":\"es\",\"@id\":\"https:\\\/\\\/buenosdiasbcs.com\\\/wp-content\\\/uploads\\\/2026\\\/01\\\/cropped-sol-96x96.png\",\"url\":\"https:\\\/\\\/buenosdiasbcs.com\\\/wp-content\\\/uploads\\\/2026\\\/01\\\/cropped-sol-96x96.png\",\"contentUrl\":\"https:\\\/\\\/buenosdiasbcs.com\\\/wp-content\\\/uploads\\\/2026\\\/01\\\/cropped-sol-96x96.png\",\"caption\":\"Edici\u00f3n Buenos D\u00edas\"},\"url\":\"https:\\\/\\\/buenosdiasbcs.com\\\/?author=2\"}]}<\/script>\n<!-- \/ Yoast SEO Premium plugin. -->","yoast_head_json":{"title":"Sheinbaum deja en Inzunza decisi\u00f3n de seguir en Senado pese a se\u00f1alamientos de EU - Buenos D\u00edas BCS","robots":{"index":"index","follow":"follow","max-snippet":"max-snippet:-1","max-image-preview":"max-image-preview:large","max-video-preview":"max-video-preview:-1"},"canonical":"https:\/\/buenosdiasbcs.com\/?p=15070","og_locale":"es_ES","og_type":"article","og_title":"Sheinbaum deja en Inzunza decisi\u00f3n de seguir en Senado pese a se\u00f1alamientos de EU","og_description":"La Mandataria sostuvo que ya ha fijado p\u00fablicamente su postura y que corresponde al senador decidir si contin\u00faa en funciones...","og_url":"https:\/\/buenosdiasbcs.com\/?p=15070","og_site_name":"Buenos D\u00edas BCS","article_published_time":"2026-09-04T07:39:00+00:00","og_image":[{"width":2560,"height":1440,"url":"https:\/\/buenosdiasbcs.com\/wp-content\/uploads\/2026\/09\/UDULVQVIZZHSHO62KKIJ7FBWKQ.png.jpeg","type":"image\/jpeg"}],"author":"Edici\u00f3n Buenos D\u00edas","twitter_card":"summary_large_image","twitter_misc":{"Escrito por":"Edici\u00f3n Buenos D\u00edas","Tiempo de lectura":"2 minutos"},"schema":{"@context":"https:\/\/schema.org","@graph":[{"@type":"Article","@id":"https:\/\/buenosdiasbcs.com\/?p=15070#article","isPartOf":{"@id":"https:\/\/buenosdiasbcs.com\/?p=15070"},"author":{"name":"Edici\u00f3n Buenos D\u00edas","@id":"https:\/\/buenosdiasbcs.com\/#\/schema\/person\/15aedc247eab7070ee5d76d6d069a821"},"headline":"Sheinbaum deja en Inzunza decisi\u00f3n de seguir en Senado pese a se\u00f1alamientos de EU","datePublished":"2026-09-04T07:39:00+00:00","mainEntityOfPage":{"@id":"https:\/\/buenosdiasbcs.com\/?p=15070"},"wordCount":379,"commentCount":0,"publisher":{"@id":"https:\/\/buenosdiasbcs.com\/#organization"},"image":{"@id":"https:\/\/buenosdiasbcs.com\/?p=15070#primaryimage"},"thumbnailUrl":"https:\/\/buenosdiasbcs.com\/wp-content\/uploads\/2026\/09\/UDULVQVIZZHSHO62KKIJ7FBWKQ.png.jpeg","articleSection":["La Naci\u00f3n"],"inLanguage":"es","potentialAction":[{"@type":"CommentAction","name":"Comment","target":["https:\/\/buenosdiasbcs.com\/?p=15070#respond"]}]},{"@type":"WebPage","@id":"https:\/\/buenosdiasbcs.com\/?p=15070","url":"https:\/\/buenosdiasbcs.com\/?p=15070","name":"Sheinbaum deja en Inzunza decisi\u00f3n de seguir en Senado pese a se\u00f1alamientos de EU - Buenos D\u00edas BCS","isPartOf":{"@id":"https:\/\/buenosdiasbcs.com\/#website"},"primaryImageOfPage":{"@id":"https:\/\/buenosdiasbcs.com\/?p=15070#primaryimage"},"image":{"@id":"https:\/\/buenosdiasbcs.com\/?p=15070#primaryimage"},"thumbnailUrl":"https:\/\/buenosdiasbcs.com\/wp-content\/uploads\/2026\/09\/UDULVQVIZZHSHO62KKIJ7FBWKQ.png.jpeg","datePublished":"2026-09-04T07:39:00+00:00","breadcrumb":{"@id":"https:\/\/buenosdiasbcs.com\/?p=15070#breadcrumb"},"inLanguage":"es","potentialAction":[{"@type":"ReadAction","target":["https:\/\/buenosdiasbcs.com\/?p=15070"]}]},{"@type":"ImageObject","inLanguage":"es","@id":"https:\/\/buenosdiasbcs.com\/?p=15070#primaryimage","url":"https:\/\/buenosdiasbcs.com\/wp-content\/uploads\/2026\/09\/UDULVQVIZZHSHO62KKIJ7FBWKQ.png.jpeg","contentUrl":"https:\/\/buenosdiasbcs.com\/wp-content\/uploads\/2026\/09\/UDULVQVIZZHSHO62KKIJ7FBWKQ.png.jpeg","width":2560,"height":1440},{"@type":"BreadcrumbList","@id":"https:\/\/buenosdiasbcs.com\/?p=15070#breadcrumb","itemListElement":[{"@type":"ListItem","position":1,"name":"Portada","item":"https:\/\/buenosdiasbcs.com\/"},{"@type":"ListItem","position":2,"name":"Sheinbaum deja en Inzunza decisi\u00f3n de seguir en Senado pese a se\u00f1alamientos de EU"}]},{"@type":"WebSite","@id":"https:\/\/buenosdiasbcs.com\/#website","url":"https:\/\/buenosdiasbcs.com\/","name":"Buenos D\u00edas BCS","description":"","publisher":{"@id":"https:\/\/buenosdiasbcs.com\/#organization"},"potentialAction":[{"@type":"SearchAction","target":{"@type":"EntryPoint","urlTemplate":"https:\/\/buenosdiasbcs.com\/?s={search_term_string}"},"query-input":{"@type":"PropertyValueSpecification","valueRequired":true,"valueName":"search_term_string"}}],"inLanguage":"es"},{"@type":"Organization","@id":"https:\/\/buenosdiasbcs.com\/#organization","name":"Buenos D\u00edas BCS","url":"https:\/\/buenosdiasbcs.com\/","logo":{"@type":"ImageObject","inLanguage":"es","@id":"https:\/\/buenosdiasbcs.com\/#\/schema\/logo\/image\/","url":"https:\/\/buenosdiasbcs.com\/wp-content\/uploads\/2026\/01\/logo-buenos-dias-40-01.png","contentUrl":"https:\/\/buenosdiasbcs.com\/wp-content\/uploads\/2026\/01\/logo-buenos-dias-40-01.png","width":277,"height":40,"caption":"Buenos D\u00edas BCS"},"image":{"@id":"https:\/\/buenosdiasbcs.com\/#\/schema\/logo\/image\/"}},{"@type":"Person","@id":"https:\/\/buenosdiasbcs.com\/#\/schema\/person\/15aedc247eab7070ee5d76d6d069a821","name":"Edici\u00f3n Buenos D\u00edas","image":{"@type":"ImageObject","inLanguage":"es","@id":"https:\/\/buenosdiasbcs.com\/wp-content\/uploads\/2026\/01\/cropped-sol-96x96.png","url":"https:\/\/buenosdiasbcs.com\/wp-content\/uploads\/2026\/01\/cropped-sol-96x96.png","contentUrl":"https:\/\/buenosdiasbcs.com\/wp-content\/uploads\/2026\/01\/cropped-sol-96x96.png","caption":"Edici\u00f3n Buenos D\u00edas"},"url":"https:\/\/buenosdiasbcs.com\/?author=2"}]}},"amp_enabled":true,"_links":{"self":[{"href":"https:\/\/buenosdiasbcs.com\/index.php?rest_route=\/wp\/v2\/posts\/15070","targetHints":{"allow":["GET"]}}],"collection":[{"href":"https:\/\/buenosdiasbcs.com\/index.php?rest_route=\/wp\/v2\/posts"}],"about":[{"href":"https:\/\/buenosdiasbcs.com\/index.php?rest_route=\/wp\/v2\/types\/post"}],"author":[{"embeddable":true,"href":"https:\/\/buenosdiasbcs.com\/index.php?rest_route=\/wp\/v2\/users\/2"}],"replies":[{"embeddable":true,"href":"https:\/\/buenosdiasbcs.com\/index.php?rest_route=%2Fwp%2Fv2%2Fcomments&post=15070"}],"version-history":[{"count":1,"href":"https:\/\/buenosdiasbcs.com\/index.php?rest_route=\/wp\/v2\/posts\/15070\/revisions"}],"predecessor-version":[{"id":15073,"href":"https:\/\/buenosdiasbcs.com\/index.php?rest_route=\/wp\/v2\/posts\/15070\/revisions\/15073"}],"wp:featuredmedia":[{"embeddable":true,"href":"https:\/\/buenosdiasbcs.com\/index.php?rest_route=\/wp\/v2\/media\/15072"}],"wp:attachment":[{"href":"https:\/\/buenosdiasbcs.com\/index.php?rest_route=%2Fwp%2Fv2%2Fmedia&parent=15070"}],"wp:term":[{"taxonomy":"category","embeddable":true,"href":"https:\/\/buenosdiasbcs.com\/index.php?rest_route=%2Fwp%2Fv2%2Fcategories&post=15070"},{"taxonomy":"post_tag","embeddable":true,"href":"https:\/\/buenosdiasbcs.com\/index.php?rest_route=%2Fwp%2Fv2%2Ftags&post=15070"}],"curies":[{"name":"wp","href":"https:\/\/api.w.org\/{rel}","templated":true}]}}