{"id":15067,"date":"2026-09-04T00:36:00","date_gmt":"2026-09-04T07:36:00","guid":{"rendered":"https:\/\/buenosdiasbcs.com\/?p=15067"},"modified":"2026-09-03T14:39:45","modified_gmt":"2026-09-03T21:39:45","slug":"trump-califica-a-espana-de-pais-arruinado-y-considera-muy-triste-lo-ocurrido-en-ceuta","status":"publish","type":"post","link":"https:\/\/buenosdiasbcs.com\/?p=15067","title":{"rendered":"Trump califica a Espa\u00f1a de \u2018pa\u00eds arruinado\u2019 y considera muy triste lo ocurrido en Ceuta"},"content":{"rendered":"\n<h2 id=\"h-washington-el-presidente-de-estados-unidos-donald-trump-califico-este-miercoles-a-espana-de-pais-arruinado-y-afirmo-que-la-entrada-masiva-de-inmigrantes-en-ceuta-del-pasado-julio-fue-muy-triste-de-ver-espana-sera-un-pais-arruinado-tengo-problemas-con-espana-porque-no-se-esta-comportando-demasiado-bien-con-respecto-a-la-otan\" class=\"wp-block-heading\">Washington.- El presidente de Estados Unidos, Donald Trump, calific\u00f3 este mi\u00e9rcoles a Espa\u00f1a de pa\u00eds arruinado y afirm\u00f3 que la entrada masiva de inmigrantes en Ceuta del pasado julio fue muy triste de ver. \u201cEspa\u00f1a ser\u00e1 un pa\u00eds arruinado. Tengo problemas con Espa\u00f1a porque no se est\u00e1 comportando demasiado bien con respecto a la OTAN [\u2026]<\/h2>\n\n\n\n<p class=\"wp-block-paragraph\"><strong>Washington.-<\/strong>&nbsp;El presidente de Estados Unidos, Donald Trump, calific\u00f3 este mi\u00e9rcoles a Espa\u00f1a de&nbsp;<strong>pa\u00eds arruinado<\/strong>&nbsp;y afirm\u00f3 que la entrada masiva de inmigrantes en Ceuta del pasado julio fue&nbsp;<strong>muy triste de ver.<\/strong><\/p>\n\n\n\n<blockquote class=\"wp-block-quote is-layout-flow wp-block-quote-is-layout-flow\">\n<p class=\"wp-block-paragraph\">\u201cEspa\u00f1a ser\u00e1 un pa\u00eds arruinado. Tengo problemas con Espa\u00f1a porque no se est\u00e1 comportando demasiado bien con respecto a la OTAN y no paga lo que deber\u00eda pagar\u201d, declar\u00f3 el mandatario en una entrevista con el canal brit\u00e1nico GB News.<\/p>\n<\/blockquote>\n\n\n\n<p class=\"wp-block-paragraph\">Trump consider\u00f3&nbsp;<strong>terrible<\/strong>&nbsp;la situaci\u00f3n porque, seg\u00fan dijo,&nbsp;<strong>los dem\u00e1s pa\u00edses de la Alianza Atl\u00e1ntica<\/strong>&nbsp;aceptaron elevar el gasto militar, mientras que Espa\u00f1a&nbsp;<strong>dice: \u2018Yo no pago\u2019.<\/strong><\/p>\n\n\n\n<h2 id=\"h-trump-impactado-por-las-imagenes-en-ceuta\" class=\"wp-block-heading\">Trump, impactado por las im\u00e1genes en Ceuta<\/h2>\n\n\n\n<p class=\"wp-block-paragraph\">El presidente estadounidense tambi\u00e9n aludi\u00f3 a la<strong>&nbsp;entrada masiva de miles de inmigrantes&nbsp;<\/strong>en la ciudad aut\u00f3noma de Ceuta, fronteriza con Marruecos, el pasado 30 de julio.<\/p>\n\n\n\n<figure class=\"wp-block-image is-resized\"><img decoding=\"async\" data-src=\"https:\/\/www.zocalo.com.mx\/wp-content\/uploads\/2026\/09\/espa-1.jpg\" alt=\"\" style=\"width:760px;height:auto\" src=\"data:image\/svg+xml;base64,PHN2ZyB3aWR0aD0iMSIgaGVpZ2h0PSIxIiB4bWxucz0iaHR0cDovL3d3dy53My5vcmcvMjAwMC9zdmciPjwvc3ZnPg==\" class=\"lazyload\" \/><\/figure>\n\n\n\n<blockquote class=\"wp-block-quote is-layout-flow wp-block-quote-is-layout-flow\">\n<p class=\"wp-block-paragraph\">\u201cLo que est\u00e1 ocurriendo all\u00ed es muy triste de ver (\u2026) Miles de personas irrumpiendo en masa en su pa\u00eds. Nunca he visto nada igual\u201d, expres\u00f3.<\/p>\n<\/blockquote>\n\n\n\n<p class=\"wp-block-paragraph\">Trump mantiene una relaci\u00f3n tensa con el Gobierno del presidente espa\u00f1ol,&nbsp;<strong>Pedro S\u00e1nchez<\/strong>, por la postura del pa\u00eds europeo sobre el gasto militar y por su negativa a autorizar el uso de bases militares en su territorio para abastecer a aviones de combate estadounidenses que participan en la guerra de Ir\u00e1n.<\/p>\n\n\n\n<p class=\"wp-block-paragraph\">El republicano tambi\u00e9n ha utilizado la situaci\u00f3n en Ceuta en su campa\u00f1a de cara a las elecciones legislativas del pr\u00f3ximo 3 de noviembre,<strong>&nbsp;al advertir a los estadounidenses de que algo similar ocurrir\u00e1 en su pa\u00eds si los dem\u00f3cratas regresan al poder.<\/strong><\/p>\n\n\n\n<p class=\"wp-block-paragraph\"><\/p>\n","protected":false},"excerpt":{"rendered":"<p>Washington.- El presidente de Estados Unidos, Donald Trump, calific\u00f3 este mi\u00e9rcoles a Espa\u00f1a de pa\u00eds arruinado y afirm\u00f3 que la&#8230;<\/p>\n","protected":false},"author":2,"featured_media":15068,"comment_status":"open","ping_status":"open","sticky":false,"template":"","format":"standard","meta":{"footnotes":""},"categories":[29],"tags":[],"class_list":["post-15067","post","type-post","status-publish","format-standard","has-post-thumbnail","hentry","category-internacional"],"yoast_head":"<!-- This site is optimized with the Yoast SEO Premium plugin v26.8 (Yoast SEO v28.4) - https:\/\/yoast.com\/product\/yoast-seo-premium-wordpress\/ -->\n<title>Trump califica a Espa\u00f1a de \u2018pa\u00eds arruinado\u2019 y considera muy triste lo ocurrido en Ceuta - Buenos D\u00edas BCS<\/title>\n<meta name=\"robots\" content=\"index, follow, max-snippet:-1, max-image-preview:large, max-video-preview:-1\" \/>\n<link rel=\"canonical\" href=\"https:\/\/buenosdiasbcs.com\/?p=15067\" \/>\n<meta property=\"og:locale\" content=\"es_ES\" \/>\n<meta property=\"og:type\" content=\"article\" \/>\n<meta property=\"og:title\" content=\"Trump califica a Espa\u00f1a de \u2018pa\u00eds arruinado\u2019 y considera muy triste lo ocurrido en Ceuta\" \/>\n<meta property=\"og:description\" content=\"Washington.- El presidente de Estados Unidos, Donald Trump, calific\u00f3 este mi\u00e9rcoles a Espa\u00f1a de pa\u00eds arruinado y afirm\u00f3 que la...\" \/>\n<meta property=\"og:url\" content=\"https:\/\/buenosdiasbcs.com\/?p=15067\" \/>\n<meta property=\"og:site_name\" content=\"Buenos D\u00edas BCS\" \/>\n<meta property=\"article:published_time\" content=\"2026-09-04T07:36:00+00:00\" \/>\n<meta property=\"og:image\" content=\"https:\/\/buenosdiasbcs.com\/wp-content\/uploads\/2026\/09\/casi-la-mitad-de-1500-menores-migrantes-en-ceuta-son-ninas-1f7af7f2-focus-0-0-1200-675.jpg\" \/>\n\t<meta property=\"og:image:width\" content=\"1199\" \/>\n\t<meta property=\"og:image:height\" content=\"675\" \/>\n\t<meta property=\"og:image:type\" content=\"image\/jpeg\" \/>\n<meta name=\"author\" content=\"Edici\u00f3n Buenos D\u00edas\" \/>\n<meta name=\"twitter:card\" content=\"summary_large_image\" \/>\n<meta name=\"twitter:label1\" content=\"Escrito por\" \/>\n\t<meta name=\"twitter:data1\" content=\"Edici\u00f3n Buenos D\u00edas\" \/>\n\t<meta name=\"twitter:label2\" content=\"Tiempo de lectura\" \/>\n\t<meta name=\"twitter:data2\" content=\"2 minutos\" \/>\n<script type=\"application\/ld+json\" class=\"yoast-schema-graph\">{\"@context\":\"https:\\\/\\\/schema.org\",\"@graph\":[{\"@type\":\"Article\",\"@id\":\"https:\\\/\\\/buenosdiasbcs.com\\\/?p=15067#article\",\"isPartOf\":{\"@id\":\"https:\\\/\\\/buenosdiasbcs.com\\\/?p=15067\"},\"author\":{\"name\":\"Edici\u00f3n Buenos D\u00edas\",\"@id\":\"https:\\\/\\\/buenosdiasbcs.com\\\/#\\\/schema\\\/person\\\/15aedc247eab7070ee5d76d6d069a821\"},\"headline\":\"Trump califica a Espa\u00f1a de \u2018pa\u00eds arruinado\u2019 y considera muy triste lo ocurrido en Ceuta\",\"datePublished\":\"2026-09-04T07:36:00+00:00\",\"mainEntityOfPage\":{\"@id\":\"https:\\\/\\\/buenosdiasbcs.com\\\/?p=15067\"},\"wordCount\":373,\"commentCount\":0,\"publisher\":{\"@id\":\"https:\\\/\\\/buenosdiasbcs.com\\\/#organization\"},\"image\":{\"@id\":\"https:\\\/\\\/buenosdiasbcs.com\\\/?p=15067#primaryimage\"},\"thumbnailUrl\":\"https:\\\/\\\/buenosdiasbcs.com\\\/wp-content\\\/uploads\\\/2026\\\/09\\\/casi-la-mitad-de-1500-menores-migrantes-en-ceuta-son-ninas-1f7af7f2-focus-0-0-1200-675.jpg\",\"articleSection\":[\"Internacional\"],\"inLanguage\":\"es\",\"potentialAction\":[{\"@type\":\"CommentAction\",\"name\":\"Comment\",\"target\":[\"https:\\\/\\\/buenosdiasbcs.com\\\/?p=15067#respond\"]}]},{\"@type\":\"WebPage\",\"@id\":\"https:\\\/\\\/buenosdiasbcs.com\\\/?p=15067\",\"url\":\"https:\\\/\\\/buenosdiasbcs.com\\\/?p=15067\",\"name\":\"Trump califica a Espa\u00f1a de \u2018pa\u00eds arruinado\u2019 y considera muy triste lo ocurrido en Ceuta - Buenos D\u00edas BCS\",\"isPartOf\":{\"@id\":\"https:\\\/\\\/buenosdiasbcs.com\\\/#website\"},\"primaryImageOfPage\":{\"@id\":\"https:\\\/\\\/buenosdiasbcs.com\\\/?p=15067#primaryimage\"},\"image\":{\"@id\":\"https:\\\/\\\/buenosdiasbcs.com\\\/?p=15067#primaryimage\"},\"thumbnailUrl\":\"https:\\\/\\\/buenosdiasbcs.com\\\/wp-content\\\/uploads\\\/2026\\\/09\\\/casi-la-mitad-de-1500-menores-migrantes-en-ceuta-son-ninas-1f7af7f2-focus-0-0-1200-675.jpg\",\"datePublished\":\"2026-09-04T07:36:00+00:00\",\"breadcrumb\":{\"@id\":\"https:\\\/\\\/buenosdiasbcs.com\\\/?p=15067#breadcrumb\"},\"inLanguage\":\"es\",\"potentialAction\":[{\"@type\":\"ReadAction\",\"target\":[\"https:\\\/\\\/buenosdiasbcs.com\\\/?p=15067\"]}]},{\"@type\":\"ImageObject\",\"inLanguage\":\"es\",\"@id\":\"https:\\\/\\\/buenosdiasbcs.com\\\/?p=15067#primaryimage\",\"url\":\"https:\\\/\\\/buenosdiasbcs.com\\\/wp-content\\\/uploads\\\/2026\\\/09\\\/casi-la-mitad-de-1500-menores-migrantes-en-ceuta-son-ninas-1f7af7f2-focus-0-0-1200-675.jpg\",\"contentUrl\":\"https:\\\/\\\/buenosdiasbcs.com\\\/wp-content\\\/uploads\\\/2026\\\/09\\\/casi-la-mitad-de-1500-menores-migrantes-en-ceuta-son-ninas-1f7af7f2-focus-0-0-1200-675.jpg\",\"width\":1199,\"height\":675,\"caption\":\"CEUTA, 25\\\/08\\\/2026.- Migrantes observan desde una roca de la playa \u0091Juan XXXIII\u0091 de Ceuta. Varios cientos de vecinos de Ceuta han trasladado este martes hasta la plaza de los Reyes, frente a la Delegaci\u00f3n del Gobierno, la protesta contra el posible alojamiento de migrantes en distintos puntos de la ciudad, despu\u00e9s de que una concentraci\u00f3n iniciada en la zona del Fischer se haya convertido en una movilizaci\u00f3n ciudadana. EFE\\\/Reduan\"},{\"@type\":\"BreadcrumbList\",\"@id\":\"https:\\\/\\\/buenosdiasbcs.com\\\/?p=15067#breadcrumb\",\"itemListElement\":[{\"@type\":\"ListItem\",\"position\":1,\"name\":\"Portada\",\"item\":\"https:\\\/\\\/buenosdiasbcs.com\\\/\"},{\"@type\":\"ListItem\",\"position\":2,\"name\":\"Trump califica a Espa\u00f1a de \u2018pa\u00eds arruinado\u2019 y considera muy triste lo ocurrido en Ceuta\"}]},{\"@type\":\"WebSite\",\"@id\":\"https:\\\/\\\/buenosdiasbcs.com\\\/#website\",\"url\":\"https:\\\/\\\/buenosdiasbcs.com\\\/\",\"name\":\"Buenos D\u00edas BCS\",\"description\":\"\",\"publisher\":{\"@id\":\"https:\\\/\\\/buenosdiasbcs.com\\\/#organization\"},\"potentialAction\":[{\"@type\":\"SearchAction\",\"target\":{\"@type\":\"EntryPoint\",\"urlTemplate\":\"https:\\\/\\\/buenosdiasbcs.com\\\/?s={search_term_string}\"},\"query-input\":{\"@type\":\"PropertyValueSpecification\",\"valueRequired\":true,\"valueName\":\"search_term_string\"}}],\"inLanguage\":\"es\"},{\"@type\":\"Organization\",\"@id\":\"https:\\\/\\\/buenosdiasbcs.com\\\/#organization\",\"name\":\"Buenos D\u00edas BCS\",\"url\":\"https:\\\/\\\/buenosdiasbcs.com\\\/\",\"logo\":{\"@type\":\"ImageObject\",\"inLanguage\":\"es\",\"@id\":\"https:\\\/\\\/buenosdiasbcs.com\\\/#\\\/schema\\\/logo\\\/image\\\/\",\"url\":\"https:\\\/\\\/buenosdiasbcs.com\\\/wp-content\\\/uploads\\\/2026\\\/01\\\/logo-buenos-dias-40-01.png\",\"contentUrl\":\"https:\\\/\\\/buenosdiasbcs.com\\\/wp-content\\\/uploads\\\/2026\\\/01\\\/logo-buenos-dias-40-01.png\",\"width\":277,\"height\":40,\"caption\":\"Buenos D\u00edas BCS\"},\"image\":{\"@id\":\"https:\\\/\\\/buenosdiasbcs.com\\\/#\\\/schema\\\/logo\\\/image\\\/\"}},{\"@type\":\"Person\",\"@id\":\"https:\\\/\\\/buenosdiasbcs.com\\\/#\\\/schema\\\/person\\\/15aedc247eab7070ee5d76d6d069a821\",\"name\":\"Edici\u00f3n Buenos D\u00edas\",\"image\":{\"@type\":\"ImageObject\",\"inLanguage\":\"es\",\"@id\":\"https:\\\/\\\/buenosdiasbcs.com\\\/wp-content\\\/uploads\\\/2026\\\/01\\\/cropped-sol-96x96.png\",\"url\":\"https:\\\/\\\/buenosdiasbcs.com\\\/wp-content\\\/uploads\\\/2026\\\/01\\\/cropped-sol-96x96.png\",\"contentUrl\":\"https:\\\/\\\/buenosdiasbcs.com\\\/wp-content\\\/uploads\\\/2026\\\/01\\\/cropped-sol-96x96.png\",\"caption\":\"Edici\u00f3n Buenos D\u00edas\"},\"url\":\"https:\\\/\\\/buenosdiasbcs.com\\\/?author=2\"}]}<\/script>\n<!-- \/ Yoast SEO Premium plugin. -->","yoast_head_json":{"title":"Trump califica a Espa\u00f1a de \u2018pa\u00eds arruinado\u2019 y considera muy triste lo ocurrido en Ceuta - Buenos D\u00edas BCS","robots":{"index":"index","follow":"follow","max-snippet":"max-snippet:-1","max-image-preview":"max-image-preview:large","max-video-preview":"max-video-preview:-1"},"canonical":"https:\/\/buenosdiasbcs.com\/?p=15067","og_locale":"es_ES","og_type":"article","og_title":"Trump califica a Espa\u00f1a de \u2018pa\u00eds arruinado\u2019 y considera muy triste lo ocurrido en Ceuta","og_description":"Washington.- El presidente de Estados Unidos, Donald Trump, calific\u00f3 este mi\u00e9rcoles a Espa\u00f1a de pa\u00eds arruinado y afirm\u00f3 que la...","og_url":"https:\/\/buenosdiasbcs.com\/?p=15067","og_site_name":"Buenos D\u00edas BCS","article_published_time":"2026-09-04T07:36:00+00:00","og_image":[{"width":1199,"height":675,"url":"https:\/\/buenosdiasbcs.com\/wp-content\/uploads\/2026\/09\/casi-la-mitad-de-1500-menores-migrantes-en-ceuta-son-ninas-1f7af7f2-focus-0-0-1200-675.jpg","type":"image\/jpeg"}],"author":"Edici\u00f3n Buenos D\u00edas","twitter_card":"summary_large_image","twitter_misc":{"Escrito por":"Edici\u00f3n Buenos D\u00edas","Tiempo de lectura":"2 minutos"},"schema":{"@context":"https:\/\/schema.org","@graph":[{"@type":"Article","@id":"https:\/\/buenosdiasbcs.com\/?p=15067#article","isPartOf":{"@id":"https:\/\/buenosdiasbcs.com\/?p=15067"},"author":{"name":"Edici\u00f3n Buenos D\u00edas","@id":"https:\/\/buenosdiasbcs.com\/#\/schema\/person\/15aedc247eab7070ee5d76d6d069a821"},"headline":"Trump califica a Espa\u00f1a de \u2018pa\u00eds arruinado\u2019 y considera muy triste lo ocurrido en Ceuta","datePublished":"2026-09-04T07:36:00+00:00","mainEntityOfPage":{"@id":"https:\/\/buenosdiasbcs.com\/?p=15067"},"wordCount":373,"commentCount":0,"publisher":{"@id":"https:\/\/buenosdiasbcs.com\/#organization"},"image":{"@id":"https:\/\/buenosdiasbcs.com\/?p=15067#primaryimage"},"thumbnailUrl":"https:\/\/buenosdiasbcs.com\/wp-content\/uploads\/2026\/09\/casi-la-mitad-de-1500-menores-migrantes-en-ceuta-son-ninas-1f7af7f2-focus-0-0-1200-675.jpg","articleSection":["Internacional"],"inLanguage":"es","potentialAction":[{"@type":"CommentAction","name":"Comment","target":["https:\/\/buenosdiasbcs.com\/?p=15067#respond"]}]},{"@type":"WebPage","@id":"https:\/\/buenosdiasbcs.com\/?p=15067","url":"https:\/\/buenosdiasbcs.com\/?p=15067","name":"Trump califica a Espa\u00f1a de \u2018pa\u00eds arruinado\u2019 y considera muy triste lo ocurrido en Ceuta - Buenos D\u00edas BCS","isPartOf":{"@id":"https:\/\/buenosdiasbcs.com\/#website"},"primaryImageOfPage":{"@id":"https:\/\/buenosdiasbcs.com\/?p=15067#primaryimage"},"image":{"@id":"https:\/\/buenosdiasbcs.com\/?p=15067#primaryimage"},"thumbnailUrl":"https:\/\/buenosdiasbcs.com\/wp-content\/uploads\/2026\/09\/casi-la-mitad-de-1500-menores-migrantes-en-ceuta-son-ninas-1f7af7f2-focus-0-0-1200-675.jpg","datePublished":"2026-09-04T07:36:00+00:00","breadcrumb":{"@id":"https:\/\/buenosdiasbcs.com\/?p=15067#breadcrumb"},"inLanguage":"es","potentialAction":[{"@type":"ReadAction","target":["https:\/\/buenosdiasbcs.com\/?p=15067"]}]},{"@type":"ImageObject","inLanguage":"es","@id":"https:\/\/buenosdiasbcs.com\/?p=15067#primaryimage","url":"https:\/\/buenosdiasbcs.com\/wp-content\/uploads\/2026\/09\/casi-la-mitad-de-1500-menores-migrantes-en-ceuta-son-ninas-1f7af7f2-focus-0-0-1200-675.jpg","contentUrl":"https:\/\/buenosdiasbcs.com\/wp-content\/uploads\/2026\/09\/casi-la-mitad-de-1500-menores-migrantes-en-ceuta-son-ninas-1f7af7f2-focus-0-0-1200-675.jpg","width":1199,"height":675,"caption":"CEUTA, 25\/08\/2026.- Migrantes observan desde una roca de la playa \u0091Juan XXXIII\u0091 de Ceuta. Varios cientos de vecinos de Ceuta han trasladado este martes hasta la plaza de los Reyes, frente a la Delegaci\u00f3n del Gobierno, la protesta contra el posible alojamiento de migrantes en distintos puntos de la ciudad, despu\u00e9s de que una concentraci\u00f3n iniciada en la zona del Fischer se haya convertido en una movilizaci\u00f3n ciudadana. EFE\/Reduan"},{"@type":"BreadcrumbList","@id":"https:\/\/buenosdiasbcs.com\/?p=15067#breadcrumb","itemListElement":[{"@type":"ListItem","position":1,"name":"Portada","item":"https:\/\/buenosdiasbcs.com\/"},{"@type":"ListItem","position":2,"name":"Trump califica a Espa\u00f1a de \u2018pa\u00eds arruinado\u2019 y considera muy triste lo ocurrido en Ceuta"}]},{"@type":"WebSite","@id":"https:\/\/buenosdiasbcs.com\/#website","url":"https:\/\/buenosdiasbcs.com\/","name":"Buenos D\u00edas BCS","description":"","publisher":{"@id":"https:\/\/buenosdiasbcs.com\/#organization"},"potentialAction":[{"@type":"SearchAction","target":{"@type":"EntryPoint","urlTemplate":"https:\/\/buenosdiasbcs.com\/?s={search_term_string}"},"query-input":{"@type":"PropertyValueSpecification","valueRequired":true,"valueName":"search_term_string"}}],"inLanguage":"es"},{"@type":"Organization","@id":"https:\/\/buenosdiasbcs.com\/#organization","name":"Buenos D\u00edas BCS","url":"https:\/\/buenosdiasbcs.com\/","logo":{"@type":"ImageObject","inLanguage":"es","@id":"https:\/\/buenosdiasbcs.com\/#\/schema\/logo\/image\/","url":"https:\/\/buenosdiasbcs.com\/wp-content\/uploads\/2026\/01\/logo-buenos-dias-40-01.png","contentUrl":"https:\/\/buenosdiasbcs.com\/wp-content\/uploads\/2026\/01\/logo-buenos-dias-40-01.png","width":277,"height":40,"caption":"Buenos D\u00edas BCS"},"image":{"@id":"https:\/\/buenosdiasbcs.com\/#\/schema\/logo\/image\/"}},{"@type":"Person","@id":"https:\/\/buenosdiasbcs.com\/#\/schema\/person\/15aedc247eab7070ee5d76d6d069a821","name":"Edici\u00f3n Buenos D\u00edas","image":{"@type":"ImageObject","inLanguage":"es","@id":"https:\/\/buenosdiasbcs.com\/wp-content\/uploads\/2026\/01\/cropped-sol-96x96.png","url":"https:\/\/buenosdiasbcs.com\/wp-content\/uploads\/2026\/01\/cropped-sol-96x96.png","contentUrl":"https:\/\/buenosdiasbcs.com\/wp-content\/uploads\/2026\/01\/cropped-sol-96x96.png","caption":"Edici\u00f3n Buenos D\u00edas"},"url":"https:\/\/buenosdiasbcs.com\/?author=2"}]}},"amp_enabled":true,"_links":{"self":[{"href":"https:\/\/buenosdiasbcs.com\/index.php?rest_route=\/wp\/v2\/posts\/15067","targetHints":{"allow":["GET"]}}],"collection":[{"href":"https:\/\/buenosdiasbcs.com\/index.php?rest_route=\/wp\/v2\/posts"}],"about":[{"href":"https:\/\/buenosdiasbcs.com\/index.php?rest_route=\/wp\/v2\/types\/post"}],"author":[{"embeddable":true,"href":"https:\/\/buenosdiasbcs.com\/index.php?rest_route=\/wp\/v2\/users\/2"}],"replies":[{"embeddable":true,"href":"https:\/\/buenosdiasbcs.com\/index.php?rest_route=%2Fwp%2Fv2%2Fcomments&post=15067"}],"version-history":[{"count":1,"href":"https:\/\/buenosdiasbcs.com\/index.php?rest_route=\/wp\/v2\/posts\/15067\/revisions"}],"predecessor-version":[{"id":15069,"href":"https:\/\/buenosdiasbcs.com\/index.php?rest_route=\/wp\/v2\/posts\/15067\/revisions\/15069"}],"wp:featuredmedia":[{"embeddable":true,"href":"https:\/\/buenosdiasbcs.com\/index.php?rest_route=\/wp\/v2\/media\/15068"}],"wp:attachment":[{"href":"https:\/\/buenosdiasbcs.com\/index.php?rest_route=%2Fwp%2Fv2%2Fmedia&parent=15067"}],"wp:term":[{"taxonomy":"category","embeddable":true,"href":"https:\/\/buenosdiasbcs.com\/index.php?rest_route=%2Fwp%2Fv2%2Fcategories&post=15067"},{"taxonomy":"post_tag","embeddable":true,"href":"https:\/\/buenosdiasbcs.com\/index.php?rest_route=%2Fwp%2Fv2%2Ftags&post=15067"}],"curies":[{"name":"wp","href":"https:\/\/api.w.org\/{rel}","templated":true}]}}