{"id":15064,"date":"2026-09-04T00:32:00","date_gmt":"2026-09-04T07:32:00","guid":{"rendered":"https:\/\/buenosdiasbcs.com\/?p=15064"},"modified":"2026-09-03T14:36:42","modified_gmt":"2026-09-03T21:36:42","slug":"crece-guerra-entre-iran-y-eu-teheran-lanza-misiles-contra-kuwait","status":"publish","type":"post","link":"https:\/\/buenosdiasbcs.com\/?p=15064","title":{"rendered":"Crece guerra entre Ir\u00e1n y EU: Teher\u00e1n lanza misiles contra Kuwait"},"content":{"rendered":"\n<h2 id=\"h-el-nuevo-intercambio-de-ataques-aumenta-la-preocupacion-en-medio-oriente-ante-la-posibilidad-de-que-el-conflicto-se-extienda-a-otros-paises-de-la-region\" class=\"wp-block-heading\">El nuevo intercambio de ataques aumenta la preocupaci\u00f3n en Medio Oriente ante la posibilidad de que el conflicto se extienda a otros pa\u00edses de la regi\u00f3n.<\/h2>\n\n\n\n<p class=\"wp-block-paragraph\">La guerra entre Ir\u00e1n y Estados Unidos ampli\u00f3 este jueves su alcance luego de que&nbsp;<strong>Teher\u00e1n lanzara misiles y drones contra Kuwait<\/strong>, dando inicio a una nueva jornada de represalias por los bombardeos estadounidenses realizados a principios de semana.&nbsp;<\/p>\n\n\n\n<p class=\"wp-block-paragraph\">Las defensas antia\u00e9reas kuwait\u00edes interceptaron los ataques, mientras otros pa\u00edses aliados de Washington tambi\u00e9n reportaron incursiones iran\u00edes.<\/p>\n\n\n\n<h2 id=\"h-ataque-de-iran-contra-kuwait-eleva-la-tension-en-medio-oriente\" class=\"wp-block-heading\">Ataque de Ir\u00e1n contra Kuwait eleva la tensi\u00f3n en Medio Oriente<\/h2>\n\n\n\n<p class=\"wp-block-paragraph\">Las sirenas de alerta se activaron en distintas zonas de Kuwait y el Ministerio de Defensa calific\u00f3 los hechos como una \u201cflagrante agresi\u00f3n iran\u00ed\u201d. El ataque se produjo un d\u00eda despu\u00e9s de que Bahr\u00e9in y Jordania informaran que sus sistemas de defensa a\u00e9rea hab\u00edan interceptado varios ataques procedentes de Ir\u00e1n.<\/p>\n\n\n\n<p class=\"wp-block-paragraph\">La escalada comenz\u00f3 a intensificarse el domingo, cuando Estados Unidos atac\u00f3 lanzacohetes iran\u00edes ubicados en una isla del estrecho de Ormuz, acci\u00f3n que justific\u00f3 al asegurar que Teher\u00e1n planeaba utilizar esas armas para lanzar minas contra esta estrat\u00e9gica v\u00eda mar\u00edtima.<\/p>\n\n\n\n<p class=\"wp-block-paragraph\">El nuevo intercambio de ataques aumenta la preocupaci\u00f3n en Medio Oriente ante la posibilidad de que el conflicto se extienda a otros pa\u00edses de la regi\u00f3n, especialmente aquellos que mantienen alianzas militares y estrat\u00e9gicas con Estados Unidos.<\/p>\n\n\n\n<h2 id=\"h-israel-arresta-a-un-colono-por-ataque-contra-palestinos\" class=\"wp-block-heading\">Israel arresta a un colono por ataque contra palestinos<\/h2>\n\n\n\n<p class=\"wp-block-paragraph\">Mientras la confrontaci\u00f3n entre Washington y Teher\u00e1n contin\u00faa, la tensi\u00f3n tambi\u00e9n aumenta en Cisjordania. La polic\u00eda israel\u00ed inform\u00f3 este jueves sobre el arresto de un colono acusado de participar en un ataque contra una vivienda palestina ocurrido la semana pasada en la localidad de Qusra.<\/p>\n\n\n\n<p class=\"wp-block-paragraph\">El sospechoso, de 19 a\u00f1os, permanece detenido para ser interrogado y las autoridades solicitar\u00e1n ampliar su arresto. De acuerdo con la polic\u00eda, el joven habr\u00eda participado el s\u00e1bado en un episodio violento en el que colonos arrojaron piedras y se atrincheraron dentro de la vivienda de un residente palestino.<\/p>\n\n\n\n<p class=\"wp-block-paragraph\">Las autoridades israel\u00edes indicaron que investigan el caso junto con la agencia de seguridad interna y que trabajan para identificar y detener a otros posibles implicados.<\/p>\n\n\n\n<p class=\"wp-block-paragraph\">El arresto ocurre despu\u00e9s de varias semanas de incursiones de colonos en Qusra, al sur de Nablus, incluidos ataques contra viviendas palestinas. Uno de los episodios involucr\u00f3 la propiedad de un palestino-estadounidense de Ohio y provoc\u00f3 condenas tanto del embajador estadounidense, Mike Huckabee, como del primer ministro israel\u00ed, Benjamin Netanyahu.<\/p>\n\n\n\n<p class=\"wp-block-paragraph\">Con informaci\u00f3n de AP<\/p>\n\n\n\n<p class=\"wp-block-paragraph\"><\/p>\n","protected":false},"excerpt":{"rendered":"<p>El nuevo intercambio de ataques aumenta la preocupaci\u00f3n en Medio Oriente ante la posibilidad de que el conflicto se extienda&#8230;<\/p>\n","protected":false},"author":2,"featured_media":15065,"comment_status":"open","ping_status":"open","sticky":false,"template":"","format":"standard","meta":{"footnotes":""},"categories":[29],"tags":[],"class_list":["post-15064","post","type-post","status-publish","format-standard","has-post-thumbnail","hentry","category-internacional"],"yoast_head":"<!-- This site is optimized with the Yoast SEO Premium plugin v26.8 (Yoast SEO v28.4) - https:\/\/yoast.com\/product\/yoast-seo-premium-wordpress\/ -->\n<title>Crece guerra entre Ir\u00e1n y EU: Teher\u00e1n lanza misiles contra Kuwait - Buenos D\u00edas BCS<\/title>\n<meta name=\"robots\" content=\"index, follow, max-snippet:-1, max-image-preview:large, max-video-preview:-1\" \/>\n<link rel=\"canonical\" href=\"https:\/\/buenosdiasbcs.com\/?p=15064\" \/>\n<meta property=\"og:locale\" content=\"es_ES\" \/>\n<meta property=\"og:type\" content=\"article\" \/>\n<meta property=\"og:title\" content=\"Crece guerra entre Ir\u00e1n y EU: Teher\u00e1n lanza misiles contra Kuwait\" \/>\n<meta property=\"og:description\" content=\"El nuevo intercambio de ataques aumenta la preocupaci\u00f3n en Medio Oriente ante la posibilidad de que el conflicto se extienda...\" \/>\n<meta property=\"og:url\" content=\"https:\/\/buenosdiasbcs.com\/?p=15064\" \/>\n<meta property=\"og:site_name\" content=\"Buenos D\u00edas BCS\" \/>\n<meta property=\"article:published_time\" content=\"2026-09-04T07:32:00+00:00\" \/>\n<meta property=\"og:image\" content=\"https:\/\/buenosdiasbcs.com\/wp-content\/uploads\/2026\/09\/1788445906396.png.webp\" \/>\n\t<meta property=\"og:image:width\" content=\"820\" \/>\n\t<meta property=\"og:image:height\" content=\"508\" \/>\n\t<meta property=\"og:image:type\" content=\"image\/webp\" \/>\n<meta name=\"author\" content=\"Edici\u00f3n Buenos D\u00edas\" \/>\n<meta name=\"twitter:card\" content=\"summary_large_image\" \/>\n<meta name=\"twitter:label1\" content=\"Escrito por\" \/>\n\t<meta name=\"twitter:data1\" content=\"Edici\u00f3n Buenos D\u00edas\" \/>\n\t<meta name=\"twitter:label2\" content=\"Tiempo de lectura\" \/>\n\t<meta name=\"twitter:data2\" content=\"3 minutos\" \/>\n<script type=\"application\/ld+json\" class=\"yoast-schema-graph\">{\"@context\":\"https:\\\/\\\/schema.org\",\"@graph\":[{\"@type\":\"Article\",\"@id\":\"https:\\\/\\\/buenosdiasbcs.com\\\/?p=15064#article\",\"isPartOf\":{\"@id\":\"https:\\\/\\\/buenosdiasbcs.com\\\/?p=15064\"},\"author\":{\"name\":\"Edici\u00f3n Buenos D\u00edas\",\"@id\":\"https:\\\/\\\/buenosdiasbcs.com\\\/#\\\/schema\\\/person\\\/15aedc247eab7070ee5d76d6d069a821\"},\"headline\":\"Crece guerra entre Ir\u00e1n y EU: Teher\u00e1n lanza misiles contra Kuwait\",\"datePublished\":\"2026-09-04T07:32:00+00:00\",\"mainEntityOfPage\":{\"@id\":\"https:\\\/\\\/buenosdiasbcs.com\\\/?p=15064\"},\"wordCount\":460,\"commentCount\":0,\"publisher\":{\"@id\":\"https:\\\/\\\/buenosdiasbcs.com\\\/#organization\"},\"image\":{\"@id\":\"https:\\\/\\\/buenosdiasbcs.com\\\/?p=15064#primaryimage\"},\"thumbnailUrl\":\"https:\\\/\\\/buenosdiasbcs.com\\\/wp-content\\\/uploads\\\/2026\\\/09\\\/1788445906396.png.webp\",\"articleSection\":[\"Internacional\"],\"inLanguage\":\"es\",\"potentialAction\":[{\"@type\":\"CommentAction\",\"name\":\"Comment\",\"target\":[\"https:\\\/\\\/buenosdiasbcs.com\\\/?p=15064#respond\"]}]},{\"@type\":\"WebPage\",\"@id\":\"https:\\\/\\\/buenosdiasbcs.com\\\/?p=15064\",\"url\":\"https:\\\/\\\/buenosdiasbcs.com\\\/?p=15064\",\"name\":\"Crece guerra entre Ir\u00e1n y EU: Teher\u00e1n lanza misiles contra Kuwait - Buenos D\u00edas BCS\",\"isPartOf\":{\"@id\":\"https:\\\/\\\/buenosdiasbcs.com\\\/#website\"},\"primaryImageOfPage\":{\"@id\":\"https:\\\/\\\/buenosdiasbcs.com\\\/?p=15064#primaryimage\"},\"image\":{\"@id\":\"https:\\\/\\\/buenosdiasbcs.com\\\/?p=15064#primaryimage\"},\"thumbnailUrl\":\"https:\\\/\\\/buenosdiasbcs.com\\\/wp-content\\\/uploads\\\/2026\\\/09\\\/1788445906396.png.webp\",\"datePublished\":\"2026-09-04T07:32:00+00:00\",\"breadcrumb\":{\"@id\":\"https:\\\/\\\/buenosdiasbcs.com\\\/?p=15064#breadcrumb\"},\"inLanguage\":\"es\",\"potentialAction\":[{\"@type\":\"ReadAction\",\"target\":[\"https:\\\/\\\/buenosdiasbcs.com\\\/?p=15064\"]}]},{\"@type\":\"ImageObject\",\"inLanguage\":\"es\",\"@id\":\"https:\\\/\\\/buenosdiasbcs.com\\\/?p=15064#primaryimage\",\"url\":\"https:\\\/\\\/buenosdiasbcs.com\\\/wp-content\\\/uploads\\\/2026\\\/09\\\/1788445906396.png.webp\",\"contentUrl\":\"https:\\\/\\\/buenosdiasbcs.com\\\/wp-content\\\/uploads\\\/2026\\\/09\\\/1788445906396.png.webp\",\"width\":820,\"height\":508},{\"@type\":\"BreadcrumbList\",\"@id\":\"https:\\\/\\\/buenosdiasbcs.com\\\/?p=15064#breadcrumb\",\"itemListElement\":[{\"@type\":\"ListItem\",\"position\":1,\"name\":\"Portada\",\"item\":\"https:\\\/\\\/buenosdiasbcs.com\\\/\"},{\"@type\":\"ListItem\",\"position\":2,\"name\":\"Crece guerra entre Ir\u00e1n y EU: Teher\u00e1n lanza misiles contra Kuwait\"}]},{\"@type\":\"WebSite\",\"@id\":\"https:\\\/\\\/buenosdiasbcs.com\\\/#website\",\"url\":\"https:\\\/\\\/buenosdiasbcs.com\\\/\",\"name\":\"Buenos D\u00edas BCS\",\"description\":\"\",\"publisher\":{\"@id\":\"https:\\\/\\\/buenosdiasbcs.com\\\/#organization\"},\"potentialAction\":[{\"@type\":\"SearchAction\",\"target\":{\"@type\":\"EntryPoint\",\"urlTemplate\":\"https:\\\/\\\/buenosdiasbcs.com\\\/?s={search_term_string}\"},\"query-input\":{\"@type\":\"PropertyValueSpecification\",\"valueRequired\":true,\"valueName\":\"search_term_string\"}}],\"inLanguage\":\"es\"},{\"@type\":\"Organization\",\"@id\":\"https:\\\/\\\/buenosdiasbcs.com\\\/#organization\",\"name\":\"Buenos D\u00edas BCS\",\"url\":\"https:\\\/\\\/buenosdiasbcs.com\\\/\",\"logo\":{\"@type\":\"ImageObject\",\"inLanguage\":\"es\",\"@id\":\"https:\\\/\\\/buenosdiasbcs.com\\\/#\\\/schema\\\/logo\\\/image\\\/\",\"url\":\"https:\\\/\\\/buenosdiasbcs.com\\\/wp-content\\\/uploads\\\/2026\\\/01\\\/logo-buenos-dias-40-01.png\",\"contentUrl\":\"https:\\\/\\\/buenosdiasbcs.com\\\/wp-content\\\/uploads\\\/2026\\\/01\\\/logo-buenos-dias-40-01.png\",\"width\":277,\"height\":40,\"caption\":\"Buenos D\u00edas BCS\"},\"image\":{\"@id\":\"https:\\\/\\\/buenosdiasbcs.com\\\/#\\\/schema\\\/logo\\\/image\\\/\"}},{\"@type\":\"Person\",\"@id\":\"https:\\\/\\\/buenosdiasbcs.com\\\/#\\\/schema\\\/person\\\/15aedc247eab7070ee5d76d6d069a821\",\"name\":\"Edici\u00f3n Buenos D\u00edas\",\"image\":{\"@type\":\"ImageObject\",\"inLanguage\":\"es\",\"@id\":\"https:\\\/\\\/buenosdiasbcs.com\\\/wp-content\\\/uploads\\\/2026\\\/01\\\/cropped-sol-96x96.png\",\"url\":\"https:\\\/\\\/buenosdiasbcs.com\\\/wp-content\\\/uploads\\\/2026\\\/01\\\/cropped-sol-96x96.png\",\"contentUrl\":\"https:\\\/\\\/buenosdiasbcs.com\\\/wp-content\\\/uploads\\\/2026\\\/01\\\/cropped-sol-96x96.png\",\"caption\":\"Edici\u00f3n Buenos D\u00edas\"},\"url\":\"https:\\\/\\\/buenosdiasbcs.com\\\/?author=2\"}]}<\/script>\n<!-- \/ Yoast SEO Premium plugin. -->","yoast_head_json":{"title":"Crece guerra entre Ir\u00e1n y EU: Teher\u00e1n lanza misiles contra Kuwait - Buenos D\u00edas BCS","robots":{"index":"index","follow":"follow","max-snippet":"max-snippet:-1","max-image-preview":"max-image-preview:large","max-video-preview":"max-video-preview:-1"},"canonical":"https:\/\/buenosdiasbcs.com\/?p=15064","og_locale":"es_ES","og_type":"article","og_title":"Crece guerra entre Ir\u00e1n y EU: Teher\u00e1n lanza misiles contra Kuwait","og_description":"El nuevo intercambio de ataques aumenta la preocupaci\u00f3n en Medio Oriente ante la posibilidad de que el conflicto se extienda...","og_url":"https:\/\/buenosdiasbcs.com\/?p=15064","og_site_name":"Buenos D\u00edas BCS","article_published_time":"2026-09-04T07:32:00+00:00","og_image":[{"width":820,"height":508,"url":"https:\/\/buenosdiasbcs.com\/wp-content\/uploads\/2026\/09\/1788445906396.png.webp","type":"image\/webp"}],"author":"Edici\u00f3n Buenos D\u00edas","twitter_card":"summary_large_image","twitter_misc":{"Escrito por":"Edici\u00f3n Buenos D\u00edas","Tiempo de lectura":"3 minutos"},"schema":{"@context":"https:\/\/schema.org","@graph":[{"@type":"Article","@id":"https:\/\/buenosdiasbcs.com\/?p=15064#article","isPartOf":{"@id":"https:\/\/buenosdiasbcs.com\/?p=15064"},"author":{"name":"Edici\u00f3n Buenos D\u00edas","@id":"https:\/\/buenosdiasbcs.com\/#\/schema\/person\/15aedc247eab7070ee5d76d6d069a821"},"headline":"Crece guerra entre Ir\u00e1n y EU: Teher\u00e1n lanza misiles contra Kuwait","datePublished":"2026-09-04T07:32:00+00:00","mainEntityOfPage":{"@id":"https:\/\/buenosdiasbcs.com\/?p=15064"},"wordCount":460,"commentCount":0,"publisher":{"@id":"https:\/\/buenosdiasbcs.com\/#organization"},"image":{"@id":"https:\/\/buenosdiasbcs.com\/?p=15064#primaryimage"},"thumbnailUrl":"https:\/\/buenosdiasbcs.com\/wp-content\/uploads\/2026\/09\/1788445906396.png.webp","articleSection":["Internacional"],"inLanguage":"es","potentialAction":[{"@type":"CommentAction","name":"Comment","target":["https:\/\/buenosdiasbcs.com\/?p=15064#respond"]}]},{"@type":"WebPage","@id":"https:\/\/buenosdiasbcs.com\/?p=15064","url":"https:\/\/buenosdiasbcs.com\/?p=15064","name":"Crece guerra entre Ir\u00e1n y EU: Teher\u00e1n lanza misiles contra Kuwait - Buenos D\u00edas BCS","isPartOf":{"@id":"https:\/\/buenosdiasbcs.com\/#website"},"primaryImageOfPage":{"@id":"https:\/\/buenosdiasbcs.com\/?p=15064#primaryimage"},"image":{"@id":"https:\/\/buenosdiasbcs.com\/?p=15064#primaryimage"},"thumbnailUrl":"https:\/\/buenosdiasbcs.com\/wp-content\/uploads\/2026\/09\/1788445906396.png.webp","datePublished":"2026-09-04T07:32:00+00:00","breadcrumb":{"@id":"https:\/\/buenosdiasbcs.com\/?p=15064#breadcrumb"},"inLanguage":"es","potentialAction":[{"@type":"ReadAction","target":["https:\/\/buenosdiasbcs.com\/?p=15064"]}]},{"@type":"ImageObject","inLanguage":"es","@id":"https:\/\/buenosdiasbcs.com\/?p=15064#primaryimage","url":"https:\/\/buenosdiasbcs.com\/wp-content\/uploads\/2026\/09\/1788445906396.png.webp","contentUrl":"https:\/\/buenosdiasbcs.com\/wp-content\/uploads\/2026\/09\/1788445906396.png.webp","width":820,"height":508},{"@type":"BreadcrumbList","@id":"https:\/\/buenosdiasbcs.com\/?p=15064#breadcrumb","itemListElement":[{"@type":"ListItem","position":1,"name":"Portada","item":"https:\/\/buenosdiasbcs.com\/"},{"@type":"ListItem","position":2,"name":"Crece guerra entre Ir\u00e1n y EU: Teher\u00e1n lanza misiles contra Kuwait"}]},{"@type":"WebSite","@id":"https:\/\/buenosdiasbcs.com\/#website","url":"https:\/\/buenosdiasbcs.com\/","name":"Buenos D\u00edas BCS","description":"","publisher":{"@id":"https:\/\/buenosdiasbcs.com\/#organization"},"potentialAction":[{"@type":"SearchAction","target":{"@type":"EntryPoint","urlTemplate":"https:\/\/buenosdiasbcs.com\/?s={search_term_string}"},"query-input":{"@type":"PropertyValueSpecification","valueRequired":true,"valueName":"search_term_string"}}],"inLanguage":"es"},{"@type":"Organization","@id":"https:\/\/buenosdiasbcs.com\/#organization","name":"Buenos D\u00edas BCS","url":"https:\/\/buenosdiasbcs.com\/","logo":{"@type":"ImageObject","inLanguage":"es","@id":"https:\/\/buenosdiasbcs.com\/#\/schema\/logo\/image\/","url":"https:\/\/buenosdiasbcs.com\/wp-content\/uploads\/2026\/01\/logo-buenos-dias-40-01.png","contentUrl":"https:\/\/buenosdiasbcs.com\/wp-content\/uploads\/2026\/01\/logo-buenos-dias-40-01.png","width":277,"height":40,"caption":"Buenos D\u00edas BCS"},"image":{"@id":"https:\/\/buenosdiasbcs.com\/#\/schema\/logo\/image\/"}},{"@type":"Person","@id":"https:\/\/buenosdiasbcs.com\/#\/schema\/person\/15aedc247eab7070ee5d76d6d069a821","name":"Edici\u00f3n Buenos D\u00edas","image":{"@type":"ImageObject","inLanguage":"es","@id":"https:\/\/buenosdiasbcs.com\/wp-content\/uploads\/2026\/01\/cropped-sol-96x96.png","url":"https:\/\/buenosdiasbcs.com\/wp-content\/uploads\/2026\/01\/cropped-sol-96x96.png","contentUrl":"https:\/\/buenosdiasbcs.com\/wp-content\/uploads\/2026\/01\/cropped-sol-96x96.png","caption":"Edici\u00f3n Buenos D\u00edas"},"url":"https:\/\/buenosdiasbcs.com\/?author=2"}]}},"amp_enabled":true,"_links":{"self":[{"href":"https:\/\/buenosdiasbcs.com\/index.php?rest_route=\/wp\/v2\/posts\/15064","targetHints":{"allow":["GET"]}}],"collection":[{"href":"https:\/\/buenosdiasbcs.com\/index.php?rest_route=\/wp\/v2\/posts"}],"about":[{"href":"https:\/\/buenosdiasbcs.com\/index.php?rest_route=\/wp\/v2\/types\/post"}],"author":[{"embeddable":true,"href":"https:\/\/buenosdiasbcs.com\/index.php?rest_route=\/wp\/v2\/users\/2"}],"replies":[{"embeddable":true,"href":"https:\/\/buenosdiasbcs.com\/index.php?rest_route=%2Fwp%2Fv2%2Fcomments&post=15064"}],"version-history":[{"count":1,"href":"https:\/\/buenosdiasbcs.com\/index.php?rest_route=\/wp\/v2\/posts\/15064\/revisions"}],"predecessor-version":[{"id":15066,"href":"https:\/\/buenosdiasbcs.com\/index.php?rest_route=\/wp\/v2\/posts\/15064\/revisions\/15066"}],"wp:featuredmedia":[{"embeddable":true,"href":"https:\/\/buenosdiasbcs.com\/index.php?rest_route=\/wp\/v2\/media\/15065"}],"wp:attachment":[{"href":"https:\/\/buenosdiasbcs.com\/index.php?rest_route=%2Fwp%2Fv2%2Fmedia&parent=15064"}],"wp:term":[{"taxonomy":"category","embeddable":true,"href":"https:\/\/buenosdiasbcs.com\/index.php?rest_route=%2Fwp%2Fv2%2Fcategories&post=15064"},{"taxonomy":"post_tag","embeddable":true,"href":"https:\/\/buenosdiasbcs.com\/index.php?rest_route=%2Fwp%2Fv2%2Ftags&post=15064"}],"curies":[{"name":"wp","href":"https:\/\/api.w.org\/{rel}","templated":true}]}}