{"id":15028,"date":"2026-09-03T00:47:00","date_gmt":"2026-09-03T07:47:00","guid":{"rendered":"https:\/\/buenosdiasbcs.com\/?p=15028"},"modified":"2026-09-02T21:50:28","modified_gmt":"2026-09-03T04:50:28","slug":"historico-el-nino-alimenta-la-rara-sucesion-de-tres-tormentas-en-el-pacifico","status":"publish","type":"post","link":"https:\/\/buenosdiasbcs.com\/?p=15028","title":{"rendered":"Hist\u00f3rico El Ni\u00f1o alimenta la rara sucesi\u00f3n de tres tormentas en el Pac\u00edfico"},"content":{"rendered":"\n<h2 id=\"h-tres-ciclones-simultaneos-avanzan-por-el-pacifico-impulsados-por-un-historico-el-nino-uno-de-ellos-ya-acecha-cerca-de-las-costas-mexicanas\" class=\"wp-block-heading\">Tres ciclones simult\u00e1neos avanzan por el Pac\u00edfico impulsados por un hist\u00f3rico El Ni\u00f1o; uno de ellos ya acecha cerca de las costas mexicanas.<\/h2>\n\n\n\n<p class=\"wp-block-paragraph\"><strong>Washington, Estados Unidos.-<\/strong>&nbsp;Dos poderosos huracanes y una tormenta tropical cada vez m\u00e1s fuerte atraviesan el mi\u00e9rcoles el oc\u00e9ano Pac\u00edfico, cuyas aguas se han calentado por un episodio de&nbsp;<strong>El Ni\u00f1o de intensidad hist\u00f3rica<\/strong>.<\/p>\n\n\n\n<p class=\"wp-block-paragraph\">Se espera que los huracanes&nbsp;<strong>Lowell y Karina, ambos de categor\u00eda 4<\/strong>, pasen lejos de la costa de Haw\u00e1i, de acuerdo con el Centro Nacional de Huracanes (NHC, en ingl\u00e9s) estadounidense. Sin embargo, sus trayectorias contin\u00faan siendo inciertas.<\/p>\n\n\n\n<p class=\"wp-block-paragraph\">Lowell y Karina son seguidos por la&nbsp;<strong>tormenta tropical Marie<\/strong>, a pocos cientos de kil\u00f3metros de las costas mexicanas. \u201cSe espera que se convierta en un hurac\u00e1n m\u00e1s tarde en el d\u00eda (mi\u00e9rcoles)\u201d, dijo el NHC.<\/p>\n\n\n\n<blockquote class=\"wp-block-quote is-layout-flow wp-block-quote-is-layout-flow\">\n<p class=\"wp-block-paragraph\">\u201cEl calentamiento por El Ni\u00f1o crea las condiciones para estas tormentas, que son impulsadas en gran parte por aguas c\u00e1lidas\u201d, dijo a la AFP Julia Cole, climat\u00f3loga de la Universidad de Michigan.<\/p>\n<\/blockquote>\n\n\n\n<p class=\"wp-block-paragraph\">Una secuencia de&nbsp;<strong>tres tormentas es definitivamente rara de observar<\/strong>, agreg\u00f3.<\/p>\n\n\n\n<p class=\"wp-block-paragraph\">En 2015, cuando hubo otro Ni\u00f1o particularmente fuerte, se present\u00f3 una sucesi\u00f3n de&nbsp;<strong>cuatro ciclones<\/strong>.<\/p>\n\n\n\n<p class=\"wp-block-paragraph\">El fen\u00f3meno de este a\u00f1o tiene un&nbsp;<strong>69% de probabilidades de convertirse en el m\u00e1s intenso jam\u00e1s registrado<\/strong>, de acuerdo con la Administraci\u00f3n Nacional Oce\u00e1nica y Atmosf\u00e9rica de Estados Unidos.<\/p>\n\n\n\n<p class=\"wp-block-paragraph\">El Ni\u00f1o ocurre cada&nbsp;<strong>dos a siete a\u00f1os<\/strong>&nbsp;cuando los vientos alisios, corrientes que van de este a oeste y que normalmente retienen las aguas c\u00e1lidas en el Pac\u00edfico occidental, se debilitan temporalmente. Esto hace que esas aguas asciendan a la superficie y se desplacen hacia el este.<\/p>\n\n\n\n<p class=\"wp-block-paragraph\">Cuando las temperaturas se mantienen por encima de lo normal durante varios meses, se generan&nbsp;<strong>m\u00e1s tormentas en la regi\u00f3n<\/strong>, lo que repercute en toda la atm\u00f3sfera del planeta.<\/p>\n\n\n\n<p class=\"wp-block-paragraph\">Como consecuencia, el clima se vuelve&nbsp;<strong>m\u00e1s c\u00e1lido y seco en algunos lugares, y m\u00e1s h\u00famedo en otros<\/strong>.<\/p>\n\n\n\n<p class=\"wp-block-paragraph\">Cient\u00edficos est\u00e1n de acuerdo en que el&nbsp;<strong>cambio clim\u00e1tico amplifica sus efectos<\/strong>. Sin embargo, no hay consenso respecto a si fortalece a El Ni\u00f1o en s\u00ed mismo, aunque ha emergido evidencia en ese sentido.<\/p>\n\n\n\n<p class=\"wp-block-paragraph\"><\/p>\n","protected":false},"excerpt":{"rendered":"<p>Tres ciclones simult\u00e1neos avanzan por el Pac\u00edfico impulsados por un hist\u00f3rico El Ni\u00f1o; uno de ellos ya acecha cerca de&#8230;<\/p>\n","protected":false},"author":2,"featured_media":15029,"comment_status":"open","ping_status":"open","sticky":false,"template":"","format":"standard","meta":{"footnotes":""},"categories":[22],"tags":[],"class_list":["post-15028","post","type-post","status-publish","format-standard","has-post-thumbnail","hentry","category-ciencia"],"yoast_head":"<!-- This site is optimized with the Yoast SEO Premium plugin v26.8 (Yoast SEO v28.4) - https:\/\/yoast.com\/product\/yoast-seo-premium-wordpress\/ -->\n<title>Hist\u00f3rico El Ni\u00f1o alimenta la rara sucesi\u00f3n de tres tormentas en el Pac\u00edfico - Buenos D\u00edas BCS<\/title>\n<meta name=\"robots\" content=\"index, follow, max-snippet:-1, max-image-preview:large, max-video-preview:-1\" \/>\n<link rel=\"canonical\" href=\"https:\/\/buenosdiasbcs.com\/?p=15028\" \/>\n<meta property=\"og:locale\" content=\"es_ES\" \/>\n<meta property=\"og:type\" content=\"article\" \/>\n<meta property=\"og:title\" content=\"Hist\u00f3rico El Ni\u00f1o alimenta la rara sucesi\u00f3n de tres tormentas en el Pac\u00edfico\" \/>\n<meta property=\"og:description\" content=\"Tres ciclones simult\u00e1neos avanzan por el Pac\u00edfico impulsados por un hist\u00f3rico El Ni\u00f1o; uno de ellos ya acecha cerca de...\" \/>\n<meta property=\"og:url\" content=\"https:\/\/buenosdiasbcs.com\/?p=15028\" \/>\n<meta property=\"og:site_name\" content=\"Buenos D\u00edas BCS\" \/>\n<meta property=\"article:published_time\" content=\"2026-09-03T07:47:00+00:00\" \/>\n<meta property=\"og:image\" content=\"https:\/\/buenosdiasbcs.com\/wp-content\/uploads\/2026\/09\/agua.jpg\" \/>\n\t<meta property=\"og:image:width\" content=\"650\" \/>\n\t<meta property=\"og:image:height\" content=\"417\" \/>\n\t<meta property=\"og:image:type\" content=\"image\/jpeg\" \/>\n<meta name=\"author\" content=\"Edici\u00f3n Buenos D\u00edas\" \/>\n<meta name=\"twitter:card\" content=\"summary_large_image\" \/>\n<meta name=\"twitter:label1\" content=\"Escrito por\" \/>\n\t<meta name=\"twitter:data1\" content=\"Edici\u00f3n Buenos D\u00edas\" \/>\n\t<meta name=\"twitter:label2\" content=\"Tiempo de lectura\" \/>\n\t<meta name=\"twitter:data2\" content=\"2 minutos\" \/>\n<script type=\"application\/ld+json\" class=\"yoast-schema-graph\">{\"@context\":\"https:\\\/\\\/schema.org\",\"@graph\":[{\"@type\":\"Article\",\"@id\":\"https:\\\/\\\/buenosdiasbcs.com\\\/?p=15028#article\",\"isPartOf\":{\"@id\":\"https:\\\/\\\/buenosdiasbcs.com\\\/?p=15028\"},\"author\":{\"name\":\"Edici\u00f3n Buenos D\u00edas\",\"@id\":\"https:\\\/\\\/buenosdiasbcs.com\\\/#\\\/schema\\\/person\\\/15aedc247eab7070ee5d76d6d069a821\"},\"headline\":\"Hist\u00f3rico El Ni\u00f1o alimenta la rara sucesi\u00f3n de tres tormentas en el Pac\u00edfico\",\"datePublished\":\"2026-09-03T07:47:00+00:00\",\"mainEntityOfPage\":{\"@id\":\"https:\\\/\\\/buenosdiasbcs.com\\\/?p=15028\"},\"wordCount\":421,\"commentCount\":0,\"publisher\":{\"@id\":\"https:\\\/\\\/buenosdiasbcs.com\\\/#organization\"},\"image\":{\"@id\":\"https:\\\/\\\/buenosdiasbcs.com\\\/?p=15028#primaryimage\"},\"thumbnailUrl\":\"https:\\\/\\\/buenosdiasbcs.com\\\/wp-content\\\/uploads\\\/2026\\\/09\\\/agua.jpg\",\"articleSection\":[\"Ciencia\"],\"inLanguage\":\"es\",\"potentialAction\":[{\"@type\":\"CommentAction\",\"name\":\"Comment\",\"target\":[\"https:\\\/\\\/buenosdiasbcs.com\\\/?p=15028#respond\"]}]},{\"@type\":\"WebPage\",\"@id\":\"https:\\\/\\\/buenosdiasbcs.com\\\/?p=15028\",\"url\":\"https:\\\/\\\/buenosdiasbcs.com\\\/?p=15028\",\"name\":\"Hist\u00f3rico El Ni\u00f1o alimenta la rara sucesi\u00f3n de tres tormentas en el Pac\u00edfico - Buenos D\u00edas BCS\",\"isPartOf\":{\"@id\":\"https:\\\/\\\/buenosdiasbcs.com\\\/#website\"},\"primaryImageOfPage\":{\"@id\":\"https:\\\/\\\/buenosdiasbcs.com\\\/?p=15028#primaryimage\"},\"image\":{\"@id\":\"https:\\\/\\\/buenosdiasbcs.com\\\/?p=15028#primaryimage\"},\"thumbnailUrl\":\"https:\\\/\\\/buenosdiasbcs.com\\\/wp-content\\\/uploads\\\/2026\\\/09\\\/agua.jpg\",\"datePublished\":\"2026-09-03T07:47:00+00:00\",\"breadcrumb\":{\"@id\":\"https:\\\/\\\/buenosdiasbcs.com\\\/?p=15028#breadcrumb\"},\"inLanguage\":\"es\",\"potentialAction\":[{\"@type\":\"ReadAction\",\"target\":[\"https:\\\/\\\/buenosdiasbcs.com\\\/?p=15028\"]}]},{\"@type\":\"ImageObject\",\"inLanguage\":\"es\",\"@id\":\"https:\\\/\\\/buenosdiasbcs.com\\\/?p=15028#primaryimage\",\"url\":\"https:\\\/\\\/buenosdiasbcs.com\\\/wp-content\\\/uploads\\\/2026\\\/09\\\/agua.jpg\",\"contentUrl\":\"https:\\\/\\\/buenosdiasbcs.com\\\/wp-content\\\/uploads\\\/2026\\\/09\\\/agua.jpg\",\"width\":650,\"height\":417},{\"@type\":\"BreadcrumbList\",\"@id\":\"https:\\\/\\\/buenosdiasbcs.com\\\/?p=15028#breadcrumb\",\"itemListElement\":[{\"@type\":\"ListItem\",\"position\":1,\"name\":\"Portada\",\"item\":\"https:\\\/\\\/buenosdiasbcs.com\\\/\"},{\"@type\":\"ListItem\",\"position\":2,\"name\":\"Hist\u00f3rico El Ni\u00f1o alimenta la rara sucesi\u00f3n de tres tormentas en el Pac\u00edfico\"}]},{\"@type\":\"WebSite\",\"@id\":\"https:\\\/\\\/buenosdiasbcs.com\\\/#website\",\"url\":\"https:\\\/\\\/buenosdiasbcs.com\\\/\",\"name\":\"Buenos D\u00edas BCS\",\"description\":\"\",\"publisher\":{\"@id\":\"https:\\\/\\\/buenosdiasbcs.com\\\/#organization\"},\"potentialAction\":[{\"@type\":\"SearchAction\",\"target\":{\"@type\":\"EntryPoint\",\"urlTemplate\":\"https:\\\/\\\/buenosdiasbcs.com\\\/?s={search_term_string}\"},\"query-input\":{\"@type\":\"PropertyValueSpecification\",\"valueRequired\":true,\"valueName\":\"search_term_string\"}}],\"inLanguage\":\"es\"},{\"@type\":\"Organization\",\"@id\":\"https:\\\/\\\/buenosdiasbcs.com\\\/#organization\",\"name\":\"Buenos D\u00edas BCS\",\"url\":\"https:\\\/\\\/buenosdiasbcs.com\\\/\",\"logo\":{\"@type\":\"ImageObject\",\"inLanguage\":\"es\",\"@id\":\"https:\\\/\\\/buenosdiasbcs.com\\\/#\\\/schema\\\/logo\\\/image\\\/\",\"url\":\"https:\\\/\\\/buenosdiasbcs.com\\\/wp-content\\\/uploads\\\/2026\\\/01\\\/logo-buenos-dias-40-01.png\",\"contentUrl\":\"https:\\\/\\\/buenosdiasbcs.com\\\/wp-content\\\/uploads\\\/2026\\\/01\\\/logo-buenos-dias-40-01.png\",\"width\":277,\"height\":40,\"caption\":\"Buenos D\u00edas BCS\"},\"image\":{\"@id\":\"https:\\\/\\\/buenosdiasbcs.com\\\/#\\\/schema\\\/logo\\\/image\\\/\"}},{\"@type\":\"Person\",\"@id\":\"https:\\\/\\\/buenosdiasbcs.com\\\/#\\\/schema\\\/person\\\/15aedc247eab7070ee5d76d6d069a821\",\"name\":\"Edici\u00f3n Buenos D\u00edas\",\"image\":{\"@type\":\"ImageObject\",\"inLanguage\":\"es\",\"@id\":\"https:\\\/\\\/buenosdiasbcs.com\\\/wp-content\\\/uploads\\\/2026\\\/01\\\/cropped-sol-96x96.png\",\"url\":\"https:\\\/\\\/buenosdiasbcs.com\\\/wp-content\\\/uploads\\\/2026\\\/01\\\/cropped-sol-96x96.png\",\"contentUrl\":\"https:\\\/\\\/buenosdiasbcs.com\\\/wp-content\\\/uploads\\\/2026\\\/01\\\/cropped-sol-96x96.png\",\"caption\":\"Edici\u00f3n Buenos D\u00edas\"},\"url\":\"https:\\\/\\\/buenosdiasbcs.com\\\/?author=2\"}]}<\/script>\n<!-- \/ Yoast SEO Premium plugin. -->","yoast_head_json":{"title":"Hist\u00f3rico El Ni\u00f1o alimenta la rara sucesi\u00f3n de tres tormentas en el Pac\u00edfico - Buenos D\u00edas BCS","robots":{"index":"index","follow":"follow","max-snippet":"max-snippet:-1","max-image-preview":"max-image-preview:large","max-video-preview":"max-video-preview:-1"},"canonical":"https:\/\/buenosdiasbcs.com\/?p=15028","og_locale":"es_ES","og_type":"article","og_title":"Hist\u00f3rico El Ni\u00f1o alimenta la rara sucesi\u00f3n de tres tormentas en el Pac\u00edfico","og_description":"Tres ciclones simult\u00e1neos avanzan por el Pac\u00edfico impulsados por un hist\u00f3rico El Ni\u00f1o; uno de ellos ya acecha cerca de...","og_url":"https:\/\/buenosdiasbcs.com\/?p=15028","og_site_name":"Buenos D\u00edas BCS","article_published_time":"2026-09-03T07:47:00+00:00","og_image":[{"width":650,"height":417,"url":"https:\/\/buenosdiasbcs.com\/wp-content\/uploads\/2026\/09\/agua.jpg","type":"image\/jpeg"}],"author":"Edici\u00f3n Buenos D\u00edas","twitter_card":"summary_large_image","twitter_misc":{"Escrito por":"Edici\u00f3n Buenos D\u00edas","Tiempo de lectura":"2 minutos"},"schema":{"@context":"https:\/\/schema.org","@graph":[{"@type":"Article","@id":"https:\/\/buenosdiasbcs.com\/?p=15028#article","isPartOf":{"@id":"https:\/\/buenosdiasbcs.com\/?p=15028"},"author":{"name":"Edici\u00f3n Buenos D\u00edas","@id":"https:\/\/buenosdiasbcs.com\/#\/schema\/person\/15aedc247eab7070ee5d76d6d069a821"},"headline":"Hist\u00f3rico El Ni\u00f1o alimenta la rara sucesi\u00f3n de tres tormentas en el Pac\u00edfico","datePublished":"2026-09-03T07:47:00+00:00","mainEntityOfPage":{"@id":"https:\/\/buenosdiasbcs.com\/?p=15028"},"wordCount":421,"commentCount":0,"publisher":{"@id":"https:\/\/buenosdiasbcs.com\/#organization"},"image":{"@id":"https:\/\/buenosdiasbcs.com\/?p=15028#primaryimage"},"thumbnailUrl":"https:\/\/buenosdiasbcs.com\/wp-content\/uploads\/2026\/09\/agua.jpg","articleSection":["Ciencia"],"inLanguage":"es","potentialAction":[{"@type":"CommentAction","name":"Comment","target":["https:\/\/buenosdiasbcs.com\/?p=15028#respond"]}]},{"@type":"WebPage","@id":"https:\/\/buenosdiasbcs.com\/?p=15028","url":"https:\/\/buenosdiasbcs.com\/?p=15028","name":"Hist\u00f3rico El Ni\u00f1o alimenta la rara sucesi\u00f3n de tres tormentas en el Pac\u00edfico - Buenos D\u00edas BCS","isPartOf":{"@id":"https:\/\/buenosdiasbcs.com\/#website"},"primaryImageOfPage":{"@id":"https:\/\/buenosdiasbcs.com\/?p=15028#primaryimage"},"image":{"@id":"https:\/\/buenosdiasbcs.com\/?p=15028#primaryimage"},"thumbnailUrl":"https:\/\/buenosdiasbcs.com\/wp-content\/uploads\/2026\/09\/agua.jpg","datePublished":"2026-09-03T07:47:00+00:00","breadcrumb":{"@id":"https:\/\/buenosdiasbcs.com\/?p=15028#breadcrumb"},"inLanguage":"es","potentialAction":[{"@type":"ReadAction","target":["https:\/\/buenosdiasbcs.com\/?p=15028"]}]},{"@type":"ImageObject","inLanguage":"es","@id":"https:\/\/buenosdiasbcs.com\/?p=15028#primaryimage","url":"https:\/\/buenosdiasbcs.com\/wp-content\/uploads\/2026\/09\/agua.jpg","contentUrl":"https:\/\/buenosdiasbcs.com\/wp-content\/uploads\/2026\/09\/agua.jpg","width":650,"height":417},{"@type":"BreadcrumbList","@id":"https:\/\/buenosdiasbcs.com\/?p=15028#breadcrumb","itemListElement":[{"@type":"ListItem","position":1,"name":"Portada","item":"https:\/\/buenosdiasbcs.com\/"},{"@type":"ListItem","position":2,"name":"Hist\u00f3rico El Ni\u00f1o alimenta la rara sucesi\u00f3n de tres tormentas en el Pac\u00edfico"}]},{"@type":"WebSite","@id":"https:\/\/buenosdiasbcs.com\/#website","url":"https:\/\/buenosdiasbcs.com\/","name":"Buenos D\u00edas BCS","description":"","publisher":{"@id":"https:\/\/buenosdiasbcs.com\/#organization"},"potentialAction":[{"@type":"SearchAction","target":{"@type":"EntryPoint","urlTemplate":"https:\/\/buenosdiasbcs.com\/?s={search_term_string}"},"query-input":{"@type":"PropertyValueSpecification","valueRequired":true,"valueName":"search_term_string"}}],"inLanguage":"es"},{"@type":"Organization","@id":"https:\/\/buenosdiasbcs.com\/#organization","name":"Buenos D\u00edas BCS","url":"https:\/\/buenosdiasbcs.com\/","logo":{"@type":"ImageObject","inLanguage":"es","@id":"https:\/\/buenosdiasbcs.com\/#\/schema\/logo\/image\/","url":"https:\/\/buenosdiasbcs.com\/wp-content\/uploads\/2026\/01\/logo-buenos-dias-40-01.png","contentUrl":"https:\/\/buenosdiasbcs.com\/wp-content\/uploads\/2026\/01\/logo-buenos-dias-40-01.png","width":277,"height":40,"caption":"Buenos D\u00edas BCS"},"image":{"@id":"https:\/\/buenosdiasbcs.com\/#\/schema\/logo\/image\/"}},{"@type":"Person","@id":"https:\/\/buenosdiasbcs.com\/#\/schema\/person\/15aedc247eab7070ee5d76d6d069a821","name":"Edici\u00f3n Buenos D\u00edas","image":{"@type":"ImageObject","inLanguage":"es","@id":"https:\/\/buenosdiasbcs.com\/wp-content\/uploads\/2026\/01\/cropped-sol-96x96.png","url":"https:\/\/buenosdiasbcs.com\/wp-content\/uploads\/2026\/01\/cropped-sol-96x96.png","contentUrl":"https:\/\/buenosdiasbcs.com\/wp-content\/uploads\/2026\/01\/cropped-sol-96x96.png","caption":"Edici\u00f3n Buenos D\u00edas"},"url":"https:\/\/buenosdiasbcs.com\/?author=2"}]}},"amp_enabled":true,"_links":{"self":[{"href":"https:\/\/buenosdiasbcs.com\/index.php?rest_route=\/wp\/v2\/posts\/15028","targetHints":{"allow":["GET"]}}],"collection":[{"href":"https:\/\/buenosdiasbcs.com\/index.php?rest_route=\/wp\/v2\/posts"}],"about":[{"href":"https:\/\/buenosdiasbcs.com\/index.php?rest_route=\/wp\/v2\/types\/post"}],"author":[{"embeddable":true,"href":"https:\/\/buenosdiasbcs.com\/index.php?rest_route=\/wp\/v2\/users\/2"}],"replies":[{"embeddable":true,"href":"https:\/\/buenosdiasbcs.com\/index.php?rest_route=%2Fwp%2Fv2%2Fcomments&post=15028"}],"version-history":[{"count":1,"href":"https:\/\/buenosdiasbcs.com\/index.php?rest_route=\/wp\/v2\/posts\/15028\/revisions"}],"predecessor-version":[{"id":15030,"href":"https:\/\/buenosdiasbcs.com\/index.php?rest_route=\/wp\/v2\/posts\/15028\/revisions\/15030"}],"wp:featuredmedia":[{"embeddable":true,"href":"https:\/\/buenosdiasbcs.com\/index.php?rest_route=\/wp\/v2\/media\/15029"}],"wp:attachment":[{"href":"https:\/\/buenosdiasbcs.com\/index.php?rest_route=%2Fwp%2Fv2%2Fmedia&parent=15028"}],"wp:term":[{"taxonomy":"category","embeddable":true,"href":"https:\/\/buenosdiasbcs.com\/index.php?rest_route=%2Fwp%2Fv2%2Fcategories&post=15028"},{"taxonomy":"post_tag","embeddable":true,"href":"https:\/\/buenosdiasbcs.com\/index.php?rest_route=%2Fwp%2Fv2%2Ftags&post=15028"}],"curies":[{"name":"wp","href":"https:\/\/api.w.org\/{rel}","templated":true}]}}