{"id":15021,"date":"2026-09-03T00:42:00","date_gmt":"2026-09-03T07:42:00","guid":{"rendered":"https:\/\/buenosdiasbcs.com\/?p=15021"},"modified":"2026-09-02T21:45:39","modified_gmt":"2026-09-03T04:45:39","slug":"sheinbaum-niega-que-amlo-intervenga-en-decisiones-de-su-gobierno-no-me-manda-mensajes","status":"publish","type":"post","link":"https:\/\/buenosdiasbcs.com\/?p=15021","title":{"rendered":"Sheinbaum niega que AMLO intervenga en decisiones de su Gobierno; \u2018no me manda mensajes\u2019"},"content":{"rendered":"\n<h2 id=\"h-la-presidenta-afirmo-que-el-politico-tabasqueno-se-encuentra-retirado-de-la-actividad-politica-y-concentrado-en-terminar-su-segundo-libro\" class=\"wp-block-heading\">La Presidenta afirm\u00f3 que el pol\u00edtico tabasque\u00f1o se encuentra retirado de la actividad pol\u00edtica y concentrado en terminar su segundo libro<\/h2>\n\n\n\n<p class=\"wp-block-paragraph\"><strong>Ciudad de M\u00e9xico.-<\/strong>&nbsp;La presidenta Claudia Sheinbaum asegur\u00f3 que su antecesor, Andr\u00e9s Manuel L\u00f3pez Obrador,<strong>&nbsp;no le ha enviado mensajes ni realizado una sola llamada<\/strong>&nbsp;para indicarle qu\u00e9 hacer en el Gobierno.<\/p>\n\n\n\n<p class=\"wp-block-paragraph\">Un d\u00eda despu\u00e9s de negar en su Segundo Informe que existan&nbsp;<strong><a href=\"https:\/\/www.zocalo.com.mx\/sheinbaum-niega-divisiones-y-rompimientos-dentro-de-la-cuarta-transformacion\/\">rompimientos al interior de la 4T<\/a><\/strong>, la Mandataria sostuvo que el ex Presidente se ha mantenido al margen de las decisiones de su Administraci\u00f3n y calific\u00f3 como absurdo que exista una confrontaci\u00f3n entre ambos.<\/p>\n\n\n\n<blockquote class=\"wp-block-quote is-layout-flow wp-block-quote-is-layout-flow\">\n<p class=\"wp-block-paragraph\">\u201c&nbsp;El Presidente Andr\u00e9s Manuel L\u00f3pez Obrador ha sido sumamente respetuoso con nuestro Gobierno, sumamente respetuoso. No ha mandado ning\u00fan mensaje que diga: \u2018haz esto, haz aquello, no estoy de acuerdo con esto que hiciste, no me parece&#8217;\u201d, afirm\u00f3.<\/p>\n<\/blockquote>\n\n\n\n<blockquote class=\"wp-block-quote is-layout-flow wp-block-quote-is-layout-flow\">\n<p class=\"wp-block-paragraph\">\u201c&nbsp;No ha habido una sola llamada que me haya dicho esto o aquello. Esta idea de que detr\u00e1s de la Presidenta est\u00e1 gobernando L\u00f3pez Obrador es una idea muy machista, la verdad\u201d.<\/p>\n<\/blockquote>\n\n\n\n<p class=\"wp-block-paragraph\">Sheinbaum afirm\u00f3 que el pol\u00edtico tabasque\u00f1o<strong>&nbsp;se encuentra retirado<\/strong>&nbsp;de la actividad pol\u00edtica y concentrado en terminar su segundo libro, por lo que rechaz\u00f3 que intervenga en las decisiones de su Administraci\u00f3n.<\/p>\n\n\n\n<p class=\"wp-block-paragraph\">Tras denunciar que los&nbsp;<strong>se\u00f1alamientos sobre una ruptura<\/strong>&nbsp;con el ex Presidente buscan debilitar a su movimiento, sostuvo que ni ella ni L\u00f3pez Obrador, en su momento, han intervenido para la definici\u00f3n de las candidaturas de Morena.<\/p>\n\n\n\n<blockquote class=\"wp-block-quote is-layout-flow wp-block-quote-is-layout-flow\">\n<p class=\"wp-block-paragraph\">\u201c&nbsp;Los candidatos en Morena los pone el pueblo porque los ponen las encuestas. Ni siquiera la Presidenta participa, ni en su momento el Presidente L\u00f3pez Obrador, en definir a los candidatos. Eso es lo que le da una enorme cohesi\u00f3n a nuestro movimiento\u201d, afirm\u00f3.<\/p>\n<\/blockquote>\n\n\n\n<blockquote class=\"wp-block-quote is-layout-flow wp-block-quote-is-layout-flow\">\n<p class=\"wp-block-paragraph\">\u201c&nbsp;Es absolutamente falso que quieren poner, quieren incidir en una divisi\u00f3n. Eso s\u00ed quieren ellos, quieren que haya una divisi\u00f3n. \u00bfPara qu\u00e9? Pues para debilitar al movimiento que representamos, pero otra vez van a fracasar\u201d.<\/p>\n<\/blockquote>\n\n\n\n<p class=\"wp-block-paragraph\"><\/p>\n","protected":false},"excerpt":{"rendered":"<p>La Presidenta afirm\u00f3 que el pol\u00edtico tabasque\u00f1o se encuentra retirado de la actividad pol\u00edtica y concentrado en terminar su segundo&#8230;<\/p>\n","protected":false},"author":2,"featured_media":15023,"comment_status":"open","ping_status":"open","sticky":false,"template":"","format":"standard","meta":{"footnotes":""},"categories":[32],"tags":[],"class_list":["post-15021","post","type-post","status-publish","format-standard","has-post-thumbnail","hentry","category-la-nacion"],"yoast_head":"<!-- This site is optimized with the Yoast SEO Premium plugin v26.8 (Yoast SEO v28.4) - https:\/\/yoast.com\/product\/yoast-seo-premium-wordpress\/ -->\n<title>Sheinbaum niega que AMLO intervenga en decisiones de su Gobierno; \u2018no me manda mensajes\u2019 - Buenos D\u00edas BCS<\/title>\n<meta name=\"robots\" content=\"index, follow, max-snippet:-1, max-image-preview:large, max-video-preview:-1\" \/>\n<link rel=\"canonical\" href=\"https:\/\/buenosdiasbcs.com\/?p=15021\" \/>\n<meta property=\"og:locale\" content=\"es_ES\" \/>\n<meta property=\"og:type\" content=\"article\" \/>\n<meta property=\"og:title\" content=\"Sheinbaum niega que AMLO intervenga en decisiones de su Gobierno; \u2018no me manda mensajes\u2019\" \/>\n<meta property=\"og:description\" content=\"La Presidenta afirm\u00f3 que el pol\u00edtico tabasque\u00f1o se encuentra retirado de la actividad pol\u00edtica y concentrado en terminar su segundo...\" \/>\n<meta property=\"og:url\" content=\"https:\/\/buenosdiasbcs.com\/?p=15021\" \/>\n<meta property=\"og:site_name\" content=\"Buenos D\u00edas BCS\" \/>\n<meta property=\"article:published_time\" content=\"2026-09-03T07:42:00+00:00\" \/>\n<meta name=\"author\" content=\"Edici\u00f3n Buenos D\u00edas\" \/>\n<meta name=\"twitter:card\" content=\"summary_large_image\" \/>\n<meta name=\"twitter:label1\" content=\"Escrito por\" \/>\n\t<meta name=\"twitter:data1\" content=\"Edici\u00f3n Buenos D\u00edas\" \/>\n\t<meta name=\"twitter:label2\" content=\"Tiempo de lectura\" \/>\n\t<meta name=\"twitter:data2\" content=\"1 minuto\" \/>\n<script type=\"application\/ld+json\" class=\"yoast-schema-graph\">{\"@context\":\"https:\\\/\\\/schema.org\",\"@graph\":[{\"@type\":\"Article\",\"@id\":\"https:\\\/\\\/buenosdiasbcs.com\\\/?p=15021#article\",\"isPartOf\":{\"@id\":\"https:\\\/\\\/buenosdiasbcs.com\\\/?p=15021\"},\"author\":{\"name\":\"Edici\u00f3n Buenos D\u00edas\",\"@id\":\"https:\\\/\\\/buenosdiasbcs.com\\\/#\\\/schema\\\/person\\\/15aedc247eab7070ee5d76d6d069a821\"},\"headline\":\"Sheinbaum niega que AMLO intervenga en decisiones de su Gobierno; \u2018no me manda mensajes\u2019\",\"datePublished\":\"2026-09-03T07:42:00+00:00\",\"mainEntityOfPage\":{\"@id\":\"https:\\\/\\\/buenosdiasbcs.com\\\/?p=15021\"},\"wordCount\":369,\"commentCount\":0,\"publisher\":{\"@id\":\"https:\\\/\\\/buenosdiasbcs.com\\\/#organization\"},\"image\":{\"@id\":\"https:\\\/\\\/buenosdiasbcs.com\\\/?p=15021#primaryimage\"},\"thumbnailUrl\":\"https:\\\/\\\/buenosdiasbcs.com\\\/wp-content\\\/uploads\\\/2026\\\/09\\\/MZGW2K5VOJEPFISNUW7OGYBYWY.jpg.avif\",\"articleSection\":[\"La Naci\u00f3n\"],\"inLanguage\":\"es\",\"potentialAction\":[{\"@type\":\"CommentAction\",\"name\":\"Comment\",\"target\":[\"https:\\\/\\\/buenosdiasbcs.com\\\/?p=15021#respond\"]}]},{\"@type\":\"WebPage\",\"@id\":\"https:\\\/\\\/buenosdiasbcs.com\\\/?p=15021\",\"url\":\"https:\\\/\\\/buenosdiasbcs.com\\\/?p=15021\",\"name\":\"Sheinbaum niega que AMLO intervenga en decisiones de su Gobierno; \u2018no me manda mensajes\u2019 - Buenos D\u00edas BCS\",\"isPartOf\":{\"@id\":\"https:\\\/\\\/buenosdiasbcs.com\\\/#website\"},\"primaryImageOfPage\":{\"@id\":\"https:\\\/\\\/buenosdiasbcs.com\\\/?p=15021#primaryimage\"},\"image\":{\"@id\":\"https:\\\/\\\/buenosdiasbcs.com\\\/?p=15021#primaryimage\"},\"thumbnailUrl\":\"https:\\\/\\\/buenosdiasbcs.com\\\/wp-content\\\/uploads\\\/2026\\\/09\\\/MZGW2K5VOJEPFISNUW7OGYBYWY.jpg.avif\",\"datePublished\":\"2026-09-03T07:42:00+00:00\",\"breadcrumb\":{\"@id\":\"https:\\\/\\\/buenosdiasbcs.com\\\/?p=15021#breadcrumb\"},\"inLanguage\":\"es\",\"potentialAction\":[{\"@type\":\"ReadAction\",\"target\":[\"https:\\\/\\\/buenosdiasbcs.com\\\/?p=15021\"]}]},{\"@type\":\"ImageObject\",\"inLanguage\":\"es\",\"@id\":\"https:\\\/\\\/buenosdiasbcs.com\\\/?p=15021#primaryimage\",\"url\":\"https:\\\/\\\/buenosdiasbcs.com\\\/wp-content\\\/uploads\\\/2026\\\/09\\\/MZGW2K5VOJEPFISNUW7OGYBYWY.jpg.avif\",\"contentUrl\":\"https:\\\/\\\/buenosdiasbcs.com\\\/wp-content\\\/uploads\\\/2026\\\/09\\\/MZGW2K5VOJEPFISNUW7OGYBYWY.jpg.avif\",\"width\":1081,\"height\":666},{\"@type\":\"BreadcrumbList\",\"@id\":\"https:\\\/\\\/buenosdiasbcs.com\\\/?p=15021#breadcrumb\",\"itemListElement\":[{\"@type\":\"ListItem\",\"position\":1,\"name\":\"Portada\",\"item\":\"https:\\\/\\\/buenosdiasbcs.com\\\/\"},{\"@type\":\"ListItem\",\"position\":2,\"name\":\"Sheinbaum niega que AMLO intervenga en decisiones de su Gobierno; \u2018no me manda mensajes\u2019\"}]},{\"@type\":\"WebSite\",\"@id\":\"https:\\\/\\\/buenosdiasbcs.com\\\/#website\",\"url\":\"https:\\\/\\\/buenosdiasbcs.com\\\/\",\"name\":\"Buenos D\u00edas BCS\",\"description\":\"\",\"publisher\":{\"@id\":\"https:\\\/\\\/buenosdiasbcs.com\\\/#organization\"},\"potentialAction\":[{\"@type\":\"SearchAction\",\"target\":{\"@type\":\"EntryPoint\",\"urlTemplate\":\"https:\\\/\\\/buenosdiasbcs.com\\\/?s={search_term_string}\"},\"query-input\":{\"@type\":\"PropertyValueSpecification\",\"valueRequired\":true,\"valueName\":\"search_term_string\"}}],\"inLanguage\":\"es\"},{\"@type\":\"Organization\",\"@id\":\"https:\\\/\\\/buenosdiasbcs.com\\\/#organization\",\"name\":\"Buenos D\u00edas BCS\",\"url\":\"https:\\\/\\\/buenosdiasbcs.com\\\/\",\"logo\":{\"@type\":\"ImageObject\",\"inLanguage\":\"es\",\"@id\":\"https:\\\/\\\/buenosdiasbcs.com\\\/#\\\/schema\\\/logo\\\/image\\\/\",\"url\":\"https:\\\/\\\/buenosdiasbcs.com\\\/wp-content\\\/uploads\\\/2026\\\/01\\\/logo-buenos-dias-40-01.png\",\"contentUrl\":\"https:\\\/\\\/buenosdiasbcs.com\\\/wp-content\\\/uploads\\\/2026\\\/01\\\/logo-buenos-dias-40-01.png\",\"width\":277,\"height\":40,\"caption\":\"Buenos D\u00edas BCS\"},\"image\":{\"@id\":\"https:\\\/\\\/buenosdiasbcs.com\\\/#\\\/schema\\\/logo\\\/image\\\/\"}},{\"@type\":\"Person\",\"@id\":\"https:\\\/\\\/buenosdiasbcs.com\\\/#\\\/schema\\\/person\\\/15aedc247eab7070ee5d76d6d069a821\",\"name\":\"Edici\u00f3n Buenos D\u00edas\",\"image\":{\"@type\":\"ImageObject\",\"inLanguage\":\"es\",\"@id\":\"https:\\\/\\\/buenosdiasbcs.com\\\/wp-content\\\/uploads\\\/2026\\\/01\\\/cropped-sol-96x96.png\",\"url\":\"https:\\\/\\\/buenosdiasbcs.com\\\/wp-content\\\/uploads\\\/2026\\\/01\\\/cropped-sol-96x96.png\",\"contentUrl\":\"https:\\\/\\\/buenosdiasbcs.com\\\/wp-content\\\/uploads\\\/2026\\\/01\\\/cropped-sol-96x96.png\",\"caption\":\"Edici\u00f3n Buenos D\u00edas\"},\"url\":\"https:\\\/\\\/buenosdiasbcs.com\\\/?author=2\"}]}<\/script>\n<!-- \/ Yoast SEO Premium plugin. -->","yoast_head_json":{"title":"Sheinbaum niega que AMLO intervenga en decisiones de su Gobierno; \u2018no me manda mensajes\u2019 - Buenos D\u00edas BCS","robots":{"index":"index","follow":"follow","max-snippet":"max-snippet:-1","max-image-preview":"max-image-preview:large","max-video-preview":"max-video-preview:-1"},"canonical":"https:\/\/buenosdiasbcs.com\/?p=15021","og_locale":"es_ES","og_type":"article","og_title":"Sheinbaum niega que AMLO intervenga en decisiones de su Gobierno; \u2018no me manda mensajes\u2019","og_description":"La Presidenta afirm\u00f3 que el pol\u00edtico tabasque\u00f1o se encuentra retirado de la actividad pol\u00edtica y concentrado en terminar su segundo...","og_url":"https:\/\/buenosdiasbcs.com\/?p=15021","og_site_name":"Buenos D\u00edas BCS","article_published_time":"2026-09-03T07:42:00+00:00","author":"Edici\u00f3n Buenos D\u00edas","twitter_card":"summary_large_image","twitter_misc":{"Escrito por":"Edici\u00f3n Buenos D\u00edas","Tiempo de lectura":"1 minuto"},"schema":{"@context":"https:\/\/schema.org","@graph":[{"@type":"Article","@id":"https:\/\/buenosdiasbcs.com\/?p=15021#article","isPartOf":{"@id":"https:\/\/buenosdiasbcs.com\/?p=15021"},"author":{"name":"Edici\u00f3n Buenos D\u00edas","@id":"https:\/\/buenosdiasbcs.com\/#\/schema\/person\/15aedc247eab7070ee5d76d6d069a821"},"headline":"Sheinbaum niega que AMLO intervenga en decisiones de su Gobierno; \u2018no me manda mensajes\u2019","datePublished":"2026-09-03T07:42:00+00:00","mainEntityOfPage":{"@id":"https:\/\/buenosdiasbcs.com\/?p=15021"},"wordCount":369,"commentCount":0,"publisher":{"@id":"https:\/\/buenosdiasbcs.com\/#organization"},"image":{"@id":"https:\/\/buenosdiasbcs.com\/?p=15021#primaryimage"},"thumbnailUrl":"https:\/\/buenosdiasbcs.com\/wp-content\/uploads\/2026\/09\/MZGW2K5VOJEPFISNUW7OGYBYWY.jpg.avif","articleSection":["La Naci\u00f3n"],"inLanguage":"es","potentialAction":[{"@type":"CommentAction","name":"Comment","target":["https:\/\/buenosdiasbcs.com\/?p=15021#respond"]}]},{"@type":"WebPage","@id":"https:\/\/buenosdiasbcs.com\/?p=15021","url":"https:\/\/buenosdiasbcs.com\/?p=15021","name":"Sheinbaum niega que AMLO intervenga en decisiones de su Gobierno; \u2018no me manda mensajes\u2019 - Buenos D\u00edas BCS","isPartOf":{"@id":"https:\/\/buenosdiasbcs.com\/#website"},"primaryImageOfPage":{"@id":"https:\/\/buenosdiasbcs.com\/?p=15021#primaryimage"},"image":{"@id":"https:\/\/buenosdiasbcs.com\/?p=15021#primaryimage"},"thumbnailUrl":"https:\/\/buenosdiasbcs.com\/wp-content\/uploads\/2026\/09\/MZGW2K5VOJEPFISNUW7OGYBYWY.jpg.avif","datePublished":"2026-09-03T07:42:00+00:00","breadcrumb":{"@id":"https:\/\/buenosdiasbcs.com\/?p=15021#breadcrumb"},"inLanguage":"es","potentialAction":[{"@type":"ReadAction","target":["https:\/\/buenosdiasbcs.com\/?p=15021"]}]},{"@type":"ImageObject","inLanguage":"es","@id":"https:\/\/buenosdiasbcs.com\/?p=15021#primaryimage","url":"https:\/\/buenosdiasbcs.com\/wp-content\/uploads\/2026\/09\/MZGW2K5VOJEPFISNUW7OGYBYWY.jpg.avif","contentUrl":"https:\/\/buenosdiasbcs.com\/wp-content\/uploads\/2026\/09\/MZGW2K5VOJEPFISNUW7OGYBYWY.jpg.avif","width":1081,"height":666},{"@type":"BreadcrumbList","@id":"https:\/\/buenosdiasbcs.com\/?p=15021#breadcrumb","itemListElement":[{"@type":"ListItem","position":1,"name":"Portada","item":"https:\/\/buenosdiasbcs.com\/"},{"@type":"ListItem","position":2,"name":"Sheinbaum niega que AMLO intervenga en decisiones de su Gobierno; \u2018no me manda mensajes\u2019"}]},{"@type":"WebSite","@id":"https:\/\/buenosdiasbcs.com\/#website","url":"https:\/\/buenosdiasbcs.com\/","name":"Buenos D\u00edas BCS","description":"","publisher":{"@id":"https:\/\/buenosdiasbcs.com\/#organization"},"potentialAction":[{"@type":"SearchAction","target":{"@type":"EntryPoint","urlTemplate":"https:\/\/buenosdiasbcs.com\/?s={search_term_string}"},"query-input":{"@type":"PropertyValueSpecification","valueRequired":true,"valueName":"search_term_string"}}],"inLanguage":"es"},{"@type":"Organization","@id":"https:\/\/buenosdiasbcs.com\/#organization","name":"Buenos D\u00edas BCS","url":"https:\/\/buenosdiasbcs.com\/","logo":{"@type":"ImageObject","inLanguage":"es","@id":"https:\/\/buenosdiasbcs.com\/#\/schema\/logo\/image\/","url":"https:\/\/buenosdiasbcs.com\/wp-content\/uploads\/2026\/01\/logo-buenos-dias-40-01.png","contentUrl":"https:\/\/buenosdiasbcs.com\/wp-content\/uploads\/2026\/01\/logo-buenos-dias-40-01.png","width":277,"height":40,"caption":"Buenos D\u00edas BCS"},"image":{"@id":"https:\/\/buenosdiasbcs.com\/#\/schema\/logo\/image\/"}},{"@type":"Person","@id":"https:\/\/buenosdiasbcs.com\/#\/schema\/person\/15aedc247eab7070ee5d76d6d069a821","name":"Edici\u00f3n Buenos D\u00edas","image":{"@type":"ImageObject","inLanguage":"es","@id":"https:\/\/buenosdiasbcs.com\/wp-content\/uploads\/2026\/01\/cropped-sol-96x96.png","url":"https:\/\/buenosdiasbcs.com\/wp-content\/uploads\/2026\/01\/cropped-sol-96x96.png","contentUrl":"https:\/\/buenosdiasbcs.com\/wp-content\/uploads\/2026\/01\/cropped-sol-96x96.png","caption":"Edici\u00f3n Buenos D\u00edas"},"url":"https:\/\/buenosdiasbcs.com\/?author=2"}]}},"amp_enabled":true,"_links":{"self":[{"href":"https:\/\/buenosdiasbcs.com\/index.php?rest_route=\/wp\/v2\/posts\/15021","targetHints":{"allow":["GET"]}}],"collection":[{"href":"https:\/\/buenosdiasbcs.com\/index.php?rest_route=\/wp\/v2\/posts"}],"about":[{"href":"https:\/\/buenosdiasbcs.com\/index.php?rest_route=\/wp\/v2\/types\/post"}],"author":[{"embeddable":true,"href":"https:\/\/buenosdiasbcs.com\/index.php?rest_route=\/wp\/v2\/users\/2"}],"replies":[{"embeddable":true,"href":"https:\/\/buenosdiasbcs.com\/index.php?rest_route=%2Fwp%2Fv2%2Fcomments&post=15021"}],"version-history":[{"count":1,"href":"https:\/\/buenosdiasbcs.com\/index.php?rest_route=\/wp\/v2\/posts\/15021\/revisions"}],"predecessor-version":[{"id":15024,"href":"https:\/\/buenosdiasbcs.com\/index.php?rest_route=\/wp\/v2\/posts\/15021\/revisions\/15024"}],"wp:featuredmedia":[{"embeddable":true,"href":"https:\/\/buenosdiasbcs.com\/index.php?rest_route=\/wp\/v2\/media\/15023"}],"wp:attachment":[{"href":"https:\/\/buenosdiasbcs.com\/index.php?rest_route=%2Fwp%2Fv2%2Fmedia&parent=15021"}],"wp:term":[{"taxonomy":"category","embeddable":true,"href":"https:\/\/buenosdiasbcs.com\/index.php?rest_route=%2Fwp%2Fv2%2Fcategories&post=15021"},{"taxonomy":"post_tag","embeddable":true,"href":"https:\/\/buenosdiasbcs.com\/index.php?rest_route=%2Fwp%2Fv2%2Ftags&post=15021"}],"curies":[{"name":"wp","href":"https:\/\/api.w.org\/{rel}","templated":true}]}}