{"id":15018,"date":"2026-09-03T00:39:00","date_gmt":"2026-09-03T07:39:00","guid":{"rendered":"https:\/\/buenosdiasbcs.com\/?p=15018"},"modified":"2026-09-02T21:42:38","modified_gmt":"2026-09-03T04:42:38","slug":"frenan-eventual-juicio-contra-ruffo-por-huachicol-fiscal","status":"publish","type":"post","link":"https:\/\/buenosdiasbcs.com\/?p=15018","title":{"rendered":"Frenan eventual juicio contra Ruffo por huachicol fiscal"},"content":{"rendered":"\n<h2 id=\"h-un-tribunal-federal-determino-que-debe-continuar-la-investigacion-y-el-proceso-contra-ernesto-ruffo-appel-ex-gobernador-de-baja-california\" class=\"wp-block-heading\">Un tribunal federal determin\u00f3 que debe continuar la investigaci\u00f3n y el proceso contra Ernesto Ruffo Appel, ex Gobernador de Baja California<\/h2>\n\n\n\n<p class=\"wp-block-paragraph\"><strong>Ciudad de M\u00e9xico.-<\/strong>&nbsp;Un tribunal federal determin\u00f3 que debe continuar la investigaci\u00f3n y el proceso contra&nbsp;<strong>Ernesto Ruffo Appel, ex Gobernador de Baja California,<\/strong>&nbsp;pero ratific\u00f3 suspender su eventual juicio por presunto huachicol fiscal.<\/p>\n\n\n\n<p class=\"wp-block-paragraph\">El Primer Tribunal Colegiado en Materia Penal de Toluca declar\u00f3 infundada una queja que promovi\u00f3 la Fiscal\u00eda General de la Rep\u00fablica contra la suspensi\u00f3n definitiva que el pasado 23 de julio le concedi\u00f3 a Ruffo el Juez Cuarto de Distrito en Materia Penal en el Estado de M\u00e9xico, Daniel Marcelino Ni\u00f1o Jim\u00e9nez.<\/p>\n\n\n\n<p class=\"wp-block-paragraph\">En esa suspensi\u00f3n, se instruy\u00f3 al juez de la causa frenar la instrucci\u00f3n del proceso cuando concluya la etapa intermedia, es decir, que pod\u00eda tramitar el procedimiento penal y cerrar su instrucci\u00f3n -lo que llevar\u00e1 varios meses-, pero no dictar la apertura del juicio.<\/p>\n\n\n\n<p class=\"wp-block-paragraph\"><strong>En dicha resoluci\u00f3n, Ni\u00f1o Jim\u00e9nez<\/strong>&nbsp;estableci\u00f3 que esta suspensi\u00f3n estar\u00eda vigente hasta que se resolviera en \u00faltima instancia el amparo contra la vinculaci\u00f3n a proceso.<\/p>\n\n\n\n<p class=\"wp-block-paragraph\"><strong>La FGR impugn\u00f3 esta decisi\u00f3n<\/strong>&nbsp;porque consider\u00f3 que afectaba el inter\u00e9s social y las disposiciones de orden p\u00fablico, porque en su opini\u00f3n el freno a la apertura del juicio da\u00f1a la impartici\u00f3n de justicia pronta y expedita, dado que se trata de delitos \u201cde alto impacto que vulneran la estabilidad econ\u00f3mica del Estado y la seguridad nacional\u201d.<\/p>\n\n\n\n<p class=\"wp-block-paragraph\">El tribunal, sin embargo, declar\u00f3 infundados los argumentos de la Fiscal\u00eda, porque los t\u00e9rminos de la suspensi\u00f3n cumplen con lo establecido en la Ley de Amparo y no impide ni la continuaci\u00f3n de la investigaci\u00f3n ni del proceso.<\/p>\n\n\n\n<p class=\"wp-block-paragraph\">\u201cContrariamente a lo se\u00f1alado por la parte recurrente, el acto reclamado no encuadra en alguna de las hip\u00f3tesis previstas en el art\u00edculo 129 de la Ley de Amparo, ni se advierte, en abstracto, afectaci\u00f3n al inter\u00e9s social o contravenci\u00f3n a disposiciones de orden p\u00fablico\u201d, puntualiz\u00f3.<\/p>\n\n\n\n<p class=\"wp-block-paragraph\">\u201cA\u00fan y cuando el esclarecimiento de los hechos y substanciaci\u00f3n del proceso son prioritarios, no menos cierto lo es que el legislador fij\u00f3 los efectos de la suspensi\u00f3n en la ley, en tanto que dicha medida no impide al fiscal el continuar con la indagatoria correspondiente, ni la substanciaci\u00f3n del procedimiento hasta la conclusi\u00f3n de la etapa intermedia\u201d.<\/p>\n\n\n\n<p class=\"wp-block-paragraph\">El ex gobernador fue detenido&nbsp;<strong>el 16 de julio pasado en Ensenada, Baja California,<\/strong>&nbsp;con base en una orden de aprehensi\u00f3n por el delito en materia de hidrocarburos, delincuencia organizada y contrabando, los dos primeros previstos con prisi\u00f3n preventiva de oficio. Dos d\u00edas despu\u00e9s, fue internado en el Penal del Altiplano, donde a la fecha permanece.<\/p>\n\n\n\n<p class=\"wp-block-paragraph\">De acuerdo con la imputaci\u00f3n de la FGR, en el 2025 la empresa Ingemar, de la que Ruffo es accionista y fundador, import\u00f3 2 mil 137 millones 455 mil 156.22 litros de petrol\u00edferos y Servicios Aduanales JR, S.A. de C.V. otros 225 mil 633 litros, sin contar con los permisos de la Secretar\u00eda de Energ\u00eda.<\/p>\n\n\n\n<p class=\"wp-block-paragraph\">Del total del contrabando, las autoridades federales aseguraron s\u00f3lo 18 millones 24.86 litros de hidrocarburos&nbsp;<strong>en Coahuila, San Luis Potos\u00ed y Tamaulipas.<\/strong>&nbsp;El da\u00f1o a la hacienda p\u00fablica por la introducci\u00f3n ilegal al pa\u00eds de estos productos asciende a 166 millones 466 mil 735.26 pesos.<\/p>\n\n\n\n<p class=\"wp-block-paragraph\"><\/p>\n","protected":false},"excerpt":{"rendered":"<p>Un tribunal federal determin\u00f3 que debe continuar la investigaci\u00f3n y el proceso contra Ernesto Ruffo Appel, ex Gobernador de Baja&#8230;<\/p>\n","protected":false},"author":2,"featured_media":15019,"comment_status":"open","ping_status":"open","sticky":false,"template":"","format":"standard","meta":{"footnotes":""},"categories":[32],"tags":[],"class_list":["post-15018","post","type-post","status-publish","format-standard","has-post-thumbnail","hentry","category-la-nacion"],"yoast_head":"<!-- This site is optimized with the Yoast SEO Premium plugin v26.8 (Yoast SEO v28.4) - https:\/\/yoast.com\/product\/yoast-seo-premium-wordpress\/ -->\n<title>Frenan eventual juicio contra Ruffo por huachicol fiscal - Buenos D\u00edas BCS<\/title>\n<meta name=\"robots\" content=\"index, follow, max-snippet:-1, max-image-preview:large, max-video-preview:-1\" \/>\n<link rel=\"canonical\" href=\"https:\/\/buenosdiasbcs.com\/?p=15018\" \/>\n<meta property=\"og:locale\" content=\"es_ES\" \/>\n<meta property=\"og:type\" content=\"article\" \/>\n<meta property=\"og:title\" content=\"Frenan eventual juicio contra Ruffo por huachicol fiscal\" \/>\n<meta property=\"og:description\" content=\"Un tribunal federal determin\u00f3 que debe continuar la investigaci\u00f3n y el proceso contra Ernesto Ruffo Appel, ex Gobernador de Baja...\" \/>\n<meta property=\"og:url\" content=\"https:\/\/buenosdiasbcs.com\/?p=15018\" \/>\n<meta property=\"og:site_name\" content=\"Buenos D\u00edas BCS\" \/>\n<meta property=\"article:published_time\" content=\"2026-09-03T07:39:00+00:00\" \/>\n<meta property=\"og:image\" content=\"https:\/\/buenosdiasbcs.com\/wp-content\/uploads\/2026\/09\/6235512.jpg\" \/>\n\t<meta property=\"og:image:width\" content=\"960\" \/>\n\t<meta property=\"og:image:height\" content=\"640\" \/>\n\t<meta property=\"og:image:type\" content=\"image\/jpeg\" \/>\n<meta name=\"author\" content=\"Edici\u00f3n Buenos D\u00edas\" \/>\n<meta name=\"twitter:card\" content=\"summary_large_image\" \/>\n<meta name=\"twitter:label1\" content=\"Escrito por\" \/>\n\t<meta name=\"twitter:data1\" content=\"Edici\u00f3n Buenos D\u00edas\" \/>\n\t<meta name=\"twitter:label2\" content=\"Tiempo de lectura\" \/>\n\t<meta name=\"twitter:data2\" content=\"3 minutos\" \/>\n<script type=\"application\/ld+json\" class=\"yoast-schema-graph\">{\"@context\":\"https:\\\/\\\/schema.org\",\"@graph\":[{\"@type\":\"Article\",\"@id\":\"https:\\\/\\\/buenosdiasbcs.com\\\/?p=15018#article\",\"isPartOf\":{\"@id\":\"https:\\\/\\\/buenosdiasbcs.com\\\/?p=15018\"},\"author\":{\"name\":\"Edici\u00f3n Buenos D\u00edas\",\"@id\":\"https:\\\/\\\/buenosdiasbcs.com\\\/#\\\/schema\\\/person\\\/15aedc247eab7070ee5d76d6d069a821\"},\"headline\":\"Frenan eventual juicio contra Ruffo por huachicol fiscal\",\"datePublished\":\"2026-09-03T07:39:00+00:00\",\"mainEntityOfPage\":{\"@id\":\"https:\\\/\\\/buenosdiasbcs.com\\\/?p=15018\"},\"wordCount\":591,\"commentCount\":0,\"publisher\":{\"@id\":\"https:\\\/\\\/buenosdiasbcs.com\\\/#organization\"},\"image\":{\"@id\":\"https:\\\/\\\/buenosdiasbcs.com\\\/?p=15018#primaryimage\"},\"thumbnailUrl\":\"https:\\\/\\\/buenosdiasbcs.com\\\/wp-content\\\/uploads\\\/2026\\\/09\\\/6235512.jpg\",\"articleSection\":[\"La Naci\u00f3n\"],\"inLanguage\":\"es\",\"potentialAction\":[{\"@type\":\"CommentAction\",\"name\":\"Comment\",\"target\":[\"https:\\\/\\\/buenosdiasbcs.com\\\/?p=15018#respond\"]}]},{\"@type\":\"WebPage\",\"@id\":\"https:\\\/\\\/buenosdiasbcs.com\\\/?p=15018\",\"url\":\"https:\\\/\\\/buenosdiasbcs.com\\\/?p=15018\",\"name\":\"Frenan eventual juicio contra Ruffo por huachicol fiscal - Buenos D\u00edas BCS\",\"isPartOf\":{\"@id\":\"https:\\\/\\\/buenosdiasbcs.com\\\/#website\"},\"primaryImageOfPage\":{\"@id\":\"https:\\\/\\\/buenosdiasbcs.com\\\/?p=15018#primaryimage\"},\"image\":{\"@id\":\"https:\\\/\\\/buenosdiasbcs.com\\\/?p=15018#primaryimage\"},\"thumbnailUrl\":\"https:\\\/\\\/buenosdiasbcs.com\\\/wp-content\\\/uploads\\\/2026\\\/09\\\/6235512.jpg\",\"datePublished\":\"2026-09-03T07:39:00+00:00\",\"breadcrumb\":{\"@id\":\"https:\\\/\\\/buenosdiasbcs.com\\\/?p=15018#breadcrumb\"},\"inLanguage\":\"es\",\"potentialAction\":[{\"@type\":\"ReadAction\",\"target\":[\"https:\\\/\\\/buenosdiasbcs.com\\\/?p=15018\"]}]},{\"@type\":\"ImageObject\",\"inLanguage\":\"es\",\"@id\":\"https:\\\/\\\/buenosdiasbcs.com\\\/?p=15018#primaryimage\",\"url\":\"https:\\\/\\\/buenosdiasbcs.com\\\/wp-content\\\/uploads\\\/2026\\\/09\\\/6235512.jpg\",\"contentUrl\":\"https:\\\/\\\/buenosdiasbcs.com\\\/wp-content\\\/uploads\\\/2026\\\/09\\\/6235512.jpg\",\"width\":960,\"height\":640},{\"@type\":\"BreadcrumbList\",\"@id\":\"https:\\\/\\\/buenosdiasbcs.com\\\/?p=15018#breadcrumb\",\"itemListElement\":[{\"@type\":\"ListItem\",\"position\":1,\"name\":\"Portada\",\"item\":\"https:\\\/\\\/buenosdiasbcs.com\\\/\"},{\"@type\":\"ListItem\",\"position\":2,\"name\":\"Frenan eventual juicio contra Ruffo por huachicol fiscal\"}]},{\"@type\":\"WebSite\",\"@id\":\"https:\\\/\\\/buenosdiasbcs.com\\\/#website\",\"url\":\"https:\\\/\\\/buenosdiasbcs.com\\\/\",\"name\":\"Buenos D\u00edas BCS\",\"description\":\"\",\"publisher\":{\"@id\":\"https:\\\/\\\/buenosdiasbcs.com\\\/#organization\"},\"potentialAction\":[{\"@type\":\"SearchAction\",\"target\":{\"@type\":\"EntryPoint\",\"urlTemplate\":\"https:\\\/\\\/buenosdiasbcs.com\\\/?s={search_term_string}\"},\"query-input\":{\"@type\":\"PropertyValueSpecification\",\"valueRequired\":true,\"valueName\":\"search_term_string\"}}],\"inLanguage\":\"es\"},{\"@type\":\"Organization\",\"@id\":\"https:\\\/\\\/buenosdiasbcs.com\\\/#organization\",\"name\":\"Buenos D\u00edas BCS\",\"url\":\"https:\\\/\\\/buenosdiasbcs.com\\\/\",\"logo\":{\"@type\":\"ImageObject\",\"inLanguage\":\"es\",\"@id\":\"https:\\\/\\\/buenosdiasbcs.com\\\/#\\\/schema\\\/logo\\\/image\\\/\",\"url\":\"https:\\\/\\\/buenosdiasbcs.com\\\/wp-content\\\/uploads\\\/2026\\\/01\\\/logo-buenos-dias-40-01.png\",\"contentUrl\":\"https:\\\/\\\/buenosdiasbcs.com\\\/wp-content\\\/uploads\\\/2026\\\/01\\\/logo-buenos-dias-40-01.png\",\"width\":277,\"height\":40,\"caption\":\"Buenos D\u00edas BCS\"},\"image\":{\"@id\":\"https:\\\/\\\/buenosdiasbcs.com\\\/#\\\/schema\\\/logo\\\/image\\\/\"}},{\"@type\":\"Person\",\"@id\":\"https:\\\/\\\/buenosdiasbcs.com\\\/#\\\/schema\\\/person\\\/15aedc247eab7070ee5d76d6d069a821\",\"name\":\"Edici\u00f3n Buenos D\u00edas\",\"image\":{\"@type\":\"ImageObject\",\"inLanguage\":\"es\",\"@id\":\"https:\\\/\\\/buenosdiasbcs.com\\\/wp-content\\\/uploads\\\/2026\\\/01\\\/cropped-sol-96x96.png\",\"url\":\"https:\\\/\\\/buenosdiasbcs.com\\\/wp-content\\\/uploads\\\/2026\\\/01\\\/cropped-sol-96x96.png\",\"contentUrl\":\"https:\\\/\\\/buenosdiasbcs.com\\\/wp-content\\\/uploads\\\/2026\\\/01\\\/cropped-sol-96x96.png\",\"caption\":\"Edici\u00f3n Buenos D\u00edas\"},\"url\":\"https:\\\/\\\/buenosdiasbcs.com\\\/?author=2\"}]}<\/script>\n<!-- \/ Yoast SEO Premium plugin. -->","yoast_head_json":{"title":"Frenan eventual juicio contra Ruffo por huachicol fiscal - Buenos D\u00edas BCS","robots":{"index":"index","follow":"follow","max-snippet":"max-snippet:-1","max-image-preview":"max-image-preview:large","max-video-preview":"max-video-preview:-1"},"canonical":"https:\/\/buenosdiasbcs.com\/?p=15018","og_locale":"es_ES","og_type":"article","og_title":"Frenan eventual juicio contra Ruffo por huachicol fiscal","og_description":"Un tribunal federal determin\u00f3 que debe continuar la investigaci\u00f3n y el proceso contra Ernesto Ruffo Appel, ex Gobernador de Baja...","og_url":"https:\/\/buenosdiasbcs.com\/?p=15018","og_site_name":"Buenos D\u00edas BCS","article_published_time":"2026-09-03T07:39:00+00:00","og_image":[{"width":960,"height":640,"url":"https:\/\/buenosdiasbcs.com\/wp-content\/uploads\/2026\/09\/6235512.jpg","type":"image\/jpeg"}],"author":"Edici\u00f3n Buenos D\u00edas","twitter_card":"summary_large_image","twitter_misc":{"Escrito por":"Edici\u00f3n Buenos D\u00edas","Tiempo de lectura":"3 minutos"},"schema":{"@context":"https:\/\/schema.org","@graph":[{"@type":"Article","@id":"https:\/\/buenosdiasbcs.com\/?p=15018#article","isPartOf":{"@id":"https:\/\/buenosdiasbcs.com\/?p=15018"},"author":{"name":"Edici\u00f3n Buenos D\u00edas","@id":"https:\/\/buenosdiasbcs.com\/#\/schema\/person\/15aedc247eab7070ee5d76d6d069a821"},"headline":"Frenan eventual juicio contra Ruffo por huachicol fiscal","datePublished":"2026-09-03T07:39:00+00:00","mainEntityOfPage":{"@id":"https:\/\/buenosdiasbcs.com\/?p=15018"},"wordCount":591,"commentCount":0,"publisher":{"@id":"https:\/\/buenosdiasbcs.com\/#organization"},"image":{"@id":"https:\/\/buenosdiasbcs.com\/?p=15018#primaryimage"},"thumbnailUrl":"https:\/\/buenosdiasbcs.com\/wp-content\/uploads\/2026\/09\/6235512.jpg","articleSection":["La Naci\u00f3n"],"inLanguage":"es","potentialAction":[{"@type":"CommentAction","name":"Comment","target":["https:\/\/buenosdiasbcs.com\/?p=15018#respond"]}]},{"@type":"WebPage","@id":"https:\/\/buenosdiasbcs.com\/?p=15018","url":"https:\/\/buenosdiasbcs.com\/?p=15018","name":"Frenan eventual juicio contra Ruffo por huachicol fiscal - Buenos D\u00edas BCS","isPartOf":{"@id":"https:\/\/buenosdiasbcs.com\/#website"},"primaryImageOfPage":{"@id":"https:\/\/buenosdiasbcs.com\/?p=15018#primaryimage"},"image":{"@id":"https:\/\/buenosdiasbcs.com\/?p=15018#primaryimage"},"thumbnailUrl":"https:\/\/buenosdiasbcs.com\/wp-content\/uploads\/2026\/09\/6235512.jpg","datePublished":"2026-09-03T07:39:00+00:00","breadcrumb":{"@id":"https:\/\/buenosdiasbcs.com\/?p=15018#breadcrumb"},"inLanguage":"es","potentialAction":[{"@type":"ReadAction","target":["https:\/\/buenosdiasbcs.com\/?p=15018"]}]},{"@type":"ImageObject","inLanguage":"es","@id":"https:\/\/buenosdiasbcs.com\/?p=15018#primaryimage","url":"https:\/\/buenosdiasbcs.com\/wp-content\/uploads\/2026\/09\/6235512.jpg","contentUrl":"https:\/\/buenosdiasbcs.com\/wp-content\/uploads\/2026\/09\/6235512.jpg","width":960,"height":640},{"@type":"BreadcrumbList","@id":"https:\/\/buenosdiasbcs.com\/?p=15018#breadcrumb","itemListElement":[{"@type":"ListItem","position":1,"name":"Portada","item":"https:\/\/buenosdiasbcs.com\/"},{"@type":"ListItem","position":2,"name":"Frenan eventual juicio contra Ruffo por huachicol fiscal"}]},{"@type":"WebSite","@id":"https:\/\/buenosdiasbcs.com\/#website","url":"https:\/\/buenosdiasbcs.com\/","name":"Buenos D\u00edas BCS","description":"","publisher":{"@id":"https:\/\/buenosdiasbcs.com\/#organization"},"potentialAction":[{"@type":"SearchAction","target":{"@type":"EntryPoint","urlTemplate":"https:\/\/buenosdiasbcs.com\/?s={search_term_string}"},"query-input":{"@type":"PropertyValueSpecification","valueRequired":true,"valueName":"search_term_string"}}],"inLanguage":"es"},{"@type":"Organization","@id":"https:\/\/buenosdiasbcs.com\/#organization","name":"Buenos D\u00edas BCS","url":"https:\/\/buenosdiasbcs.com\/","logo":{"@type":"ImageObject","inLanguage":"es","@id":"https:\/\/buenosdiasbcs.com\/#\/schema\/logo\/image\/","url":"https:\/\/buenosdiasbcs.com\/wp-content\/uploads\/2026\/01\/logo-buenos-dias-40-01.png","contentUrl":"https:\/\/buenosdiasbcs.com\/wp-content\/uploads\/2026\/01\/logo-buenos-dias-40-01.png","width":277,"height":40,"caption":"Buenos D\u00edas BCS"},"image":{"@id":"https:\/\/buenosdiasbcs.com\/#\/schema\/logo\/image\/"}},{"@type":"Person","@id":"https:\/\/buenosdiasbcs.com\/#\/schema\/person\/15aedc247eab7070ee5d76d6d069a821","name":"Edici\u00f3n Buenos D\u00edas","image":{"@type":"ImageObject","inLanguage":"es","@id":"https:\/\/buenosdiasbcs.com\/wp-content\/uploads\/2026\/01\/cropped-sol-96x96.png","url":"https:\/\/buenosdiasbcs.com\/wp-content\/uploads\/2026\/01\/cropped-sol-96x96.png","contentUrl":"https:\/\/buenosdiasbcs.com\/wp-content\/uploads\/2026\/01\/cropped-sol-96x96.png","caption":"Edici\u00f3n Buenos D\u00edas"},"url":"https:\/\/buenosdiasbcs.com\/?author=2"}]}},"amp_enabled":true,"_links":{"self":[{"href":"https:\/\/buenosdiasbcs.com\/index.php?rest_route=\/wp\/v2\/posts\/15018","targetHints":{"allow":["GET"]}}],"collection":[{"href":"https:\/\/buenosdiasbcs.com\/index.php?rest_route=\/wp\/v2\/posts"}],"about":[{"href":"https:\/\/buenosdiasbcs.com\/index.php?rest_route=\/wp\/v2\/types\/post"}],"author":[{"embeddable":true,"href":"https:\/\/buenosdiasbcs.com\/index.php?rest_route=\/wp\/v2\/users\/2"}],"replies":[{"embeddable":true,"href":"https:\/\/buenosdiasbcs.com\/index.php?rest_route=%2Fwp%2Fv2%2Fcomments&post=15018"}],"version-history":[{"count":1,"href":"https:\/\/buenosdiasbcs.com\/index.php?rest_route=\/wp\/v2\/posts\/15018\/revisions"}],"predecessor-version":[{"id":15020,"href":"https:\/\/buenosdiasbcs.com\/index.php?rest_route=\/wp\/v2\/posts\/15018\/revisions\/15020"}],"wp:featuredmedia":[{"embeddable":true,"href":"https:\/\/buenosdiasbcs.com\/index.php?rest_route=\/wp\/v2\/media\/15019"}],"wp:attachment":[{"href":"https:\/\/buenosdiasbcs.com\/index.php?rest_route=%2Fwp%2Fv2%2Fmedia&parent=15018"}],"wp:term":[{"taxonomy":"category","embeddable":true,"href":"https:\/\/buenosdiasbcs.com\/index.php?rest_route=%2Fwp%2Fv2%2Fcategories&post=15018"},{"taxonomy":"post_tag","embeddable":true,"href":"https:\/\/buenosdiasbcs.com\/index.php?rest_route=%2Fwp%2Fv2%2Ftags&post=15018"}],"curies":[{"name":"wp","href":"https:\/\/api.w.org\/{rel}","templated":true}]}}