{"id":15004,"date":"2026-09-03T00:25:00","date_gmt":"2026-09-03T07:25:00","guid":{"rendered":"https:\/\/buenosdiasbcs.com\/?p=15004"},"modified":"2026-09-02T21:28:33","modified_gmt":"2026-09-03T04:28:33","slug":"que-paso-con-la-promesa-de-cfe-siguen-apagones-en-la-paz","status":"publish","type":"post","link":"https:\/\/buenosdiasbcs.com\/?p=15004","title":{"rendered":"\u00bfQu\u00e9 pas\u00f3 con la promesa de CFE? Siguen apagones en La Paz"},"content":{"rendered":"\n<h2 id=\"h-ante-la-continuidad-de-las-fallas-victor-castro-senalo-que-insistira-nuevamente-ante-la-comision-federal-de-electricidad\" class=\"wp-block-heading\">Ante la continuidad de las fallas, V\u00edctor Castro se\u00f1al\u00f3 que insistir\u00e1 nuevamente ante la Comisi\u00f3n Federal de Electricidad.<\/h2>\n\n\n\n<p class=\"wp-block-paragraph\">Apenas unos d\u00edas despu\u00e9s de que la&nbsp;<strong>Comisi\u00f3n Federal de Electricidad<\/strong>&nbsp;(<strong>CFE<\/strong>) descartara nuevos&nbsp;<strong>apagones<\/strong>&nbsp;relacionados con falta de&nbsp;<strong>capacidad de generaci\u00f3n<\/strong>&nbsp;en&nbsp;<strong>Baja California Sur<\/strong>, las&nbsp;<strong>interrupciones<\/strong>&nbsp;en el servicio el\u00e9ctrico contin\u00faan en&nbsp;<strong>La Paz<\/strong>.<\/p>\n\n\n\n<p class=\"wp-block-paragraph\">El&nbsp;<strong>gobernador V\u00edctor Castro Cos\u00edo<\/strong>&nbsp;<strong>reconoci\u00f3<\/strong>&nbsp;este mi\u00e9rcoles 2 de septiembre que lo planteado por la&nbsp;<strong>empresa<\/strong>&nbsp;el\u00e9ctrica&nbsp;<strong>no se cumpli\u00f3<\/strong>.<\/p>\n\n\n\n<p class=\"wp-block-paragraph\">\u201cLa&nbsp;<strong>Comisi\u00f3n Federal<\/strong>&nbsp;sigui\u00f3 hoy y le vamos a seguir diciendo &#8220;Oye, nos&nbsp;<strong>prometi\u00f3<\/strong>, pero&nbsp;<strong>no lo cumplieron&nbsp;<\/strong>\u201d, declar\u00f3 el mandatario al ser cuestionado nuevamente por las fallas en el suministro.<\/p>\n\n\n\n<p class=\"wp-block-paragraph\">El se\u00f1alamiento ocurre despu\u00e9s de que durante esta semana continuaran report\u00e1ndose problemas con el servicio el\u00e9ctrico y habitantes de la&nbsp;<strong>colonia El Cardonal<\/strong>&nbsp;permanecieran cerca de&nbsp;<strong>12 horas sin energ\u00eda<\/strong>, situaci\u00f3n que fue expuesta al gobernador durante la conferencia de este mi\u00e9rcoles.<\/p>\n\n\n\n<h2 id=\"h-que-habia-nbsp-prometido-cfe-nbsp-sobre-los-nbsp-apagones-nbsp-en-bcs\" class=\"wp-block-heading\">\u00bfQu\u00e9 hab\u00eda&nbsp;<strong>prometido CFE<\/strong>&nbsp;sobre los&nbsp;<strong>apagones<\/strong>&nbsp;en BCS?<\/h2>\n\n\n\n<p class=\"wp-block-paragraph\">El pasado 28 de agosto, autoridades estatales, representantes empresariales, acad\u00e9micos y directivos de la&nbsp;<strong>CFE<\/strong>&nbsp;sostuvieron una&nbsp;<strong>reuni\u00f3n<\/strong>&nbsp;para revisar las constantes&nbsp;<strong>interrupciones<\/strong>&nbsp;registradas en&nbsp;<strong>Baja California Sur<\/strong>.<\/p>\n\n\n\n<p class=\"wp-block-paragraph\">Un d\u00eda despu\u00e9s,&nbsp;<strong>V\u00edctor Castro<\/strong>&nbsp;inform\u00f3 que hab\u00eda preguntado directamente a los representantes de la Comisi\u00f3n si exist\u00eda la posibilidad de que continuaran los&nbsp;<strong>apagones<\/strong>&nbsp;por falta de&nbsp;<strong>capacidad de generaci\u00f3n<\/strong>.<\/p>\n\n\n\n<p class=\"wp-block-paragraph\">\u201cLe preguntamos con insistencia que si consideraban que va a haber m\u00e1s&nbsp;<strong>apagones<\/strong>;&nbsp;<strong>categ\u00f3ricamente dijeron que no<\/strong>\u201d, declar\u00f3 entonces.<\/p>\n\n\n\n<p class=\"wp-block-paragraph\">El gobernador se\u00f1al\u00f3 adem\u00e1s que la&nbsp;<strong>empresa<\/strong>&nbsp;hab\u00eda asegurado contar con&nbsp;<strong>capacidad<\/strong>&nbsp;para enfrentar la&nbsp;<strong>demanda de energ\u00eda<\/strong>&nbsp;en el estado.<\/p>\n\n\n\n<p class=\"wp-block-paragraph\">\u201cTienen&nbsp;<strong>capacidad<\/strong>&nbsp;para generar\u201d, afirm\u00f3.<\/p>\n\n\n\n<p class=\"wp-block-paragraph\">La previsi\u00f3n tambi\u00e9n contemplaba el incremento en el consumo provocado por el&nbsp;<strong>regreso a clases<\/strong>.<\/p>\n\n\n\n<p class=\"wp-block-paragraph\">\u201cAhora entrando las escuelas tendr\u00edan&nbsp;<strong>capacidad<\/strong>&nbsp;tambi\u00e9n para darle energ\u00eda a todas las instituciones\u201d, declar\u00f3&nbsp;<strong>Castro&nbsp;<\/strong>Cos\u00edo.<\/p>\n\n\n\n<p class=\"wp-block-paragraph\">El mandatario aclar\u00f3 en aquella ocasi\u00f3n que pod\u00edan presentarse&nbsp;<strong>interrupciones<\/strong>derivadas de&nbsp;<strong>accidentes<\/strong>&nbsp;o&nbsp;<strong>fallas t\u00e9cnicas<\/strong>, pero la informaci\u00f3n proporcionada por&nbsp;<strong>CFE<\/strong>&nbsp;descartaba problemas relacionados con falta de&nbsp;<strong>capacidad de generaci\u00f3n<\/strong>.<\/p>\n\n\n\n<h2 id=\"h-donde-se-han-reportado-nuevos-nbsp-apagones-nbsp-en-nbsp-la-paz\" class=\"wp-block-heading\">\u00bfD\u00f3nde se han reportado nuevos&nbsp;<strong>apagones<\/strong>&nbsp;en&nbsp;<strong>La Paz<\/strong>?<\/h2>\n\n\n\n<p class=\"wp-block-paragraph\">Las&nbsp;<strong>interrupciones<\/strong>&nbsp;no terminaron despu\u00e9s de aquella&nbsp;<strong>reuni\u00f3n<\/strong>.<\/p>\n\n\n\n<p class=\"wp-block-paragraph\">Durante la conferencia de este mi\u00e9rcoles se cuestion\u00f3 al gobernador sobre el caso de la&nbsp;<strong>colonia El Cardonal<\/strong>, donde habitantes reportaron haber permanecido cerca de&nbsp;<strong>12 horas sin electricidad<\/strong>&nbsp;y&nbsp;<strong>sin informaci\u00f3n<\/strong>&nbsp;sobre el restablecimiento del servicio.<\/p>\n\n\n\n<p class=\"wp-block-paragraph\">Los problemas con el suministro tambi\u00e9n han tenido otras consecuencias en&nbsp;<strong>La Paz<\/strong>. Durante los \u00faltimos d\u00edas,&nbsp;<strong>cortes el\u00e9ctricos<\/strong>&nbsp;han afectado la operaci\u00f3n de infraestructura utilizada para el abastecimiento de agua potable.<\/p>\n\n\n\n<p class=\"wp-block-paragraph\">Los nuevos reportes se suman a una serie de&nbsp;<strong>interrupciones<\/strong>&nbsp;registradas durante agosto en diferentes sectores de la capital&nbsp;<strong>sudcaliforniana<\/strong>.<\/p>\n\n\n\n<p class=\"wp-block-paragraph\">En uno de los episodios de mayor alcance, una falla en la Subestaci\u00f3n&nbsp;<strong>La Paz<\/strong>afect\u00f3 a&nbsp;<strong>miles de usuarios<\/strong>.&nbsp;<strong><a href=\"https:\/\/www.posta.com.mx\/bcs\/reunion-por-apagones-en-bcs-termina-sin-acciones-inmediatas-para-reforzar-suministro-electrico\/vl2248353\">CFE<\/a><\/strong>inform\u00f3 entonces que las&nbsp;<strong>interrupciones<\/strong>estaban relacionadas con&nbsp;<strong>problemas t\u00e9cnicos<\/strong>&nbsp;en la infraestructura.<\/p>\n\n\n\n<h2 id=\"h-por-que-se-estan-registrando-nbsp-apagones-nbsp-en-nbsp-baja-california-sur\" class=\"wp-block-heading\">\u00bfPor qu\u00e9 se est\u00e1n registrando&nbsp;<strong>apagones<\/strong>&nbsp;en&nbsp;<strong>Baja California Sur<\/strong>?<\/h2>\n\n\n\n<p class=\"wp-block-paragraph\">Durante la&nbsp;<strong>reuni\u00f3n<\/strong>&nbsp;realizada a finales de agosto,&nbsp;<strong>Gerardo \u00d3scar Santiago Ruiz<\/strong>, responsable de la&nbsp;<strong>Gerencia Divisional<\/strong>&nbsp;de Distribuci\u00f3n Baja California de&nbsp;<strong>CFE<\/strong>, explic\u00f3 que algunas de las&nbsp;<strong>interrupciones<\/strong>&nbsp;recientes fueron ocasionadas por&nbsp;<strong>fallas t\u00e9cnicas<\/strong>.<\/p>\n\n\n\n<p class=\"wp-block-paragraph\">Entre las causas expuestas estuvieron:<\/p>\n\n\n\n<ul class=\"wp-block-list\">\n<li><strong>Fallas en equipos<\/strong>\u00a0de\u00a0<strong>subestaciones el\u00e9ctricas<\/strong>.<\/li>\n\n\n\n<li>Problemas en\u00a0<strong>interruptores<\/strong>\u00a0que ocasionaron la salida de circuitos.<\/li>\n\n\n\n<li><strong>Obstrucciones<\/strong>\u00a0provocadas por\u00a0<strong>\u00e1rboles y vegetaci\u00f3n<\/strong>\u00a0en las\u00a0<strong>l\u00edneas<\/strong>.<\/li>\n\n\n\n<li>Necesidad de\u00a0<strong>mantenimiento<\/strong>\u00a0en\u00a0<strong>infraestructura el\u00e9ctrica<\/strong>.<\/li>\n\n\n\n<li>Posibles\u00a0<strong>accidentes<\/strong>\u00a0o\u00a0<strong>fallas t\u00e9cnicas<\/strong>\u00a0eventuales.<\/li>\n<\/ul>\n\n\n\n<p class=\"wp-block-paragraph\"><strong>CFE<\/strong>&nbsp;inform\u00f3 adem\u00e1s que continuar\u00eda con trabajos de&nbsp;<strong>mantenimiento<\/strong>&nbsp;para reducir la posibilidad de nuevas&nbsp;<strong>interrupciones<\/strong>&nbsp;y plante\u00f3 valorar nuevas subestaciones y&nbsp;<strong>mejoras en instalaciones<\/strong>&nbsp;existentes.<\/p>\n\n\n\n<h2 id=\"h-que-hara-nbsp-victor-castro-nbsp-ante-los-nuevos-nbsp-apagones\" class=\"wp-block-heading\">\u00bfQu\u00e9 har\u00e1&nbsp;<strong>V\u00edctor Castro<\/strong>&nbsp;ante los nuevos&nbsp;<strong>apagones<\/strong>?<\/h2>\n\n\n\n<p class=\"wp-block-paragraph\">Ante la continuidad de las fallas,&nbsp;<strong>V\u00edctor Castro<\/strong>&nbsp;se\u00f1al\u00f3 que&nbsp;<strong>insistir\u00e1<\/strong>&nbsp;nuevamente ante la&nbsp;<strong>Comisi\u00f3n Federal de Electricidad<\/strong>.<\/p>\n\n\n\n<p class=\"wp-block-paragraph\">El gobernador ya hab\u00eda solicitado a la&nbsp;<strong>empresa<\/strong>&nbsp;mejorar la comunicaci\u00f3n con los&nbsp;<strong>usuarios<\/strong>&nbsp;para que la poblaci\u00f3n conozca las causas de las&nbsp;<strong>interrupciones<\/strong>&nbsp;y los tiempos estimados para recuperar el servicio.<\/p>\n\n\n\n<p class=\"wp-block-paragraph\">Ahora, menos de una semana despu\u00e9s de que&nbsp;<strong>CFE<\/strong>&nbsp;asegurara contar con&nbsp;<strong>capacidad<\/strong>&nbsp;suficiente para atender la&nbsp;<strong>demanda el\u00e9ctrica<\/strong>, el mandatario&nbsp;<strong>reconoci\u00f3<\/strong>&nbsp;que los&nbsp;<strong>apagones<\/strong>&nbsp;no han terminado.<\/p>\n\n\n\n<p class=\"wp-block-paragraph\">\u201cNos&nbsp;<strong>prometi\u00f3<\/strong>, pero&nbsp;<strong>no lo cumplieron<\/strong>\u201d,&nbsp;<strong>se\u00f1al\u00f3<\/strong><\/p>\n\n\n\n<p class=\"wp-block-paragraph\"><\/p>\n","protected":false},"excerpt":{"rendered":"<p>Ante la continuidad de las fallas, V\u00edctor Castro se\u00f1al\u00f3 que insistir\u00e1 nuevamente ante la Comisi\u00f3n Federal de Electricidad. Apenas unos&#8230;<\/p>\n","protected":false},"author":2,"featured_media":15005,"comment_status":"open","ping_status":"open","sticky":false,"template":"","format":"standard","meta":{"footnotes":""},"categories":[25],"tags":[],"class_list":["post-15004","post","type-post","status-publish","format-standard","has-post-thumbnail","hentry","category-sociedad"],"yoast_head":"<!-- This site is optimized with the Yoast SEO Premium plugin v26.8 (Yoast SEO v28.4) - https:\/\/yoast.com\/product\/yoast-seo-premium-wordpress\/ -->\n<title>\u00bfQu\u00e9 pas\u00f3 con la promesa de CFE? Siguen apagones en La Paz - Buenos D\u00edas BCS<\/title>\n<meta name=\"robots\" content=\"index, follow, max-snippet:-1, max-image-preview:large, max-video-preview:-1\" \/>\n<link rel=\"canonical\" href=\"https:\/\/buenosdiasbcs.com\/?p=15004\" \/>\n<meta property=\"og:locale\" content=\"es_ES\" \/>\n<meta property=\"og:type\" content=\"article\" \/>\n<meta property=\"og:title\" content=\"\u00bfQu\u00e9 pas\u00f3 con la promesa de CFE? Siguen apagones en La Paz\" \/>\n<meta property=\"og:description\" content=\"Ante la continuidad de las fallas, V\u00edctor Castro se\u00f1al\u00f3 que insistir\u00e1 nuevamente ante la Comisi\u00f3n Federal de Electricidad. Apenas unos...\" \/>\n<meta property=\"og:url\" content=\"https:\/\/buenosdiasbcs.com\/?p=15004\" \/>\n<meta property=\"og:site_name\" content=\"Buenos D\u00edas BCS\" \/>\n<meta property=\"article:published_time\" content=\"2026-09-03T07:25:00+00:00\" \/>\n<meta property=\"og:image\" content=\"https:\/\/buenosdiasbcs.com\/wp-content\/uploads\/2026\/09\/que-paso-con-la-promesa-de-cfe-siguen-apagones-en-la-paz-178517f6.webp\" \/>\n\t<meta property=\"og:image:width\" content=\"1479\" \/>\n\t<meta property=\"og:image:height\" content=\"828\" \/>\n\t<meta property=\"og:image:type\" content=\"image\/webp\" \/>\n<meta name=\"author\" content=\"Edici\u00f3n Buenos D\u00edas\" \/>\n<meta name=\"twitter:card\" content=\"summary_large_image\" \/>\n<meta name=\"twitter:label1\" content=\"Escrito por\" \/>\n\t<meta name=\"twitter:data1\" content=\"Edici\u00f3n Buenos D\u00edas\" \/>\n\t<meta name=\"twitter:label2\" content=\"Tiempo de lectura\" \/>\n\t<meta name=\"twitter:data2\" content=\"4 minutos\" \/>\n<script type=\"application\/ld+json\" class=\"yoast-schema-graph\">{\"@context\":\"https:\\\/\\\/schema.org\",\"@graph\":[{\"@type\":\"Article\",\"@id\":\"https:\\\/\\\/buenosdiasbcs.com\\\/?p=15004#article\",\"isPartOf\":{\"@id\":\"https:\\\/\\\/buenosdiasbcs.com\\\/?p=15004\"},\"author\":{\"name\":\"Edici\u00f3n Buenos D\u00edas\",\"@id\":\"https:\\\/\\\/buenosdiasbcs.com\\\/#\\\/schema\\\/person\\\/15aedc247eab7070ee5d76d6d069a821\"},\"headline\":\"\u00bfQu\u00e9 pas\u00f3 con la promesa de CFE? Siguen apagones en La Paz\",\"datePublished\":\"2026-09-03T07:25:00+00:00\",\"mainEntityOfPage\":{\"@id\":\"https:\\\/\\\/buenosdiasbcs.com\\\/?p=15004\"},\"wordCount\":884,\"commentCount\":0,\"publisher\":{\"@id\":\"https:\\\/\\\/buenosdiasbcs.com\\\/#organization\"},\"image\":{\"@id\":\"https:\\\/\\\/buenosdiasbcs.com\\\/?p=15004#primaryimage\"},\"thumbnailUrl\":\"https:\\\/\\\/buenosdiasbcs.com\\\/wp-content\\\/uploads\\\/2026\\\/09\\\/que-paso-con-la-promesa-de-cfe-siguen-apagones-en-la-paz-178517f6.webp\",\"articleSection\":[\"Sociedad\"],\"inLanguage\":\"es\",\"potentialAction\":[{\"@type\":\"CommentAction\",\"name\":\"Comment\",\"target\":[\"https:\\\/\\\/buenosdiasbcs.com\\\/?p=15004#respond\"]}]},{\"@type\":\"WebPage\",\"@id\":\"https:\\\/\\\/buenosdiasbcs.com\\\/?p=15004\",\"url\":\"https:\\\/\\\/buenosdiasbcs.com\\\/?p=15004\",\"name\":\"\u00bfQu\u00e9 pas\u00f3 con la promesa de CFE? Siguen apagones en La Paz - Buenos D\u00edas BCS\",\"isPartOf\":{\"@id\":\"https:\\\/\\\/buenosdiasbcs.com\\\/#website\"},\"primaryImageOfPage\":{\"@id\":\"https:\\\/\\\/buenosdiasbcs.com\\\/?p=15004#primaryimage\"},\"image\":{\"@id\":\"https:\\\/\\\/buenosdiasbcs.com\\\/?p=15004#primaryimage\"},\"thumbnailUrl\":\"https:\\\/\\\/buenosdiasbcs.com\\\/wp-content\\\/uploads\\\/2026\\\/09\\\/que-paso-con-la-promesa-de-cfe-siguen-apagones-en-la-paz-178517f6.webp\",\"datePublished\":\"2026-09-03T07:25:00+00:00\",\"breadcrumb\":{\"@id\":\"https:\\\/\\\/buenosdiasbcs.com\\\/?p=15004#breadcrumb\"},\"inLanguage\":\"es\",\"potentialAction\":[{\"@type\":\"ReadAction\",\"target\":[\"https:\\\/\\\/buenosdiasbcs.com\\\/?p=15004\"]}]},{\"@type\":\"ImageObject\",\"inLanguage\":\"es\",\"@id\":\"https:\\\/\\\/buenosdiasbcs.com\\\/?p=15004#primaryimage\",\"url\":\"https:\\\/\\\/buenosdiasbcs.com\\\/wp-content\\\/uploads\\\/2026\\\/09\\\/que-paso-con-la-promesa-de-cfe-siguen-apagones-en-la-paz-178517f6.webp\",\"contentUrl\":\"https:\\\/\\\/buenosdiasbcs.com\\\/wp-content\\\/uploads\\\/2026\\\/09\\\/que-paso-con-la-promesa-de-cfe-siguen-apagones-en-la-paz-178517f6.webp\",\"width\":1479,\"height\":828},{\"@type\":\"BreadcrumbList\",\"@id\":\"https:\\\/\\\/buenosdiasbcs.com\\\/?p=15004#breadcrumb\",\"itemListElement\":[{\"@type\":\"ListItem\",\"position\":1,\"name\":\"Portada\",\"item\":\"https:\\\/\\\/buenosdiasbcs.com\\\/\"},{\"@type\":\"ListItem\",\"position\":2,\"name\":\"\u00bfQu\u00e9 pas\u00f3 con la promesa de CFE? Siguen apagones en La Paz\"}]},{\"@type\":\"WebSite\",\"@id\":\"https:\\\/\\\/buenosdiasbcs.com\\\/#website\",\"url\":\"https:\\\/\\\/buenosdiasbcs.com\\\/\",\"name\":\"Buenos D\u00edas BCS\",\"description\":\"\",\"publisher\":{\"@id\":\"https:\\\/\\\/buenosdiasbcs.com\\\/#organization\"},\"potentialAction\":[{\"@type\":\"SearchAction\",\"target\":{\"@type\":\"EntryPoint\",\"urlTemplate\":\"https:\\\/\\\/buenosdiasbcs.com\\\/?s={search_term_string}\"},\"query-input\":{\"@type\":\"PropertyValueSpecification\",\"valueRequired\":true,\"valueName\":\"search_term_string\"}}],\"inLanguage\":\"es\"},{\"@type\":\"Organization\",\"@id\":\"https:\\\/\\\/buenosdiasbcs.com\\\/#organization\",\"name\":\"Buenos D\u00edas BCS\",\"url\":\"https:\\\/\\\/buenosdiasbcs.com\\\/\",\"logo\":{\"@type\":\"ImageObject\",\"inLanguage\":\"es\",\"@id\":\"https:\\\/\\\/buenosdiasbcs.com\\\/#\\\/schema\\\/logo\\\/image\\\/\",\"url\":\"https:\\\/\\\/buenosdiasbcs.com\\\/wp-content\\\/uploads\\\/2026\\\/01\\\/logo-buenos-dias-40-01.png\",\"contentUrl\":\"https:\\\/\\\/buenosdiasbcs.com\\\/wp-content\\\/uploads\\\/2026\\\/01\\\/logo-buenos-dias-40-01.png\",\"width\":277,\"height\":40,\"caption\":\"Buenos D\u00edas BCS\"},\"image\":{\"@id\":\"https:\\\/\\\/buenosdiasbcs.com\\\/#\\\/schema\\\/logo\\\/image\\\/\"}},{\"@type\":\"Person\",\"@id\":\"https:\\\/\\\/buenosdiasbcs.com\\\/#\\\/schema\\\/person\\\/15aedc247eab7070ee5d76d6d069a821\",\"name\":\"Edici\u00f3n Buenos D\u00edas\",\"image\":{\"@type\":\"ImageObject\",\"inLanguage\":\"es\",\"@id\":\"https:\\\/\\\/buenosdiasbcs.com\\\/wp-content\\\/uploads\\\/2026\\\/01\\\/cropped-sol-96x96.png\",\"url\":\"https:\\\/\\\/buenosdiasbcs.com\\\/wp-content\\\/uploads\\\/2026\\\/01\\\/cropped-sol-96x96.png\",\"contentUrl\":\"https:\\\/\\\/buenosdiasbcs.com\\\/wp-content\\\/uploads\\\/2026\\\/01\\\/cropped-sol-96x96.png\",\"caption\":\"Edici\u00f3n Buenos D\u00edas\"},\"url\":\"https:\\\/\\\/buenosdiasbcs.com\\\/?author=2\"}]}<\/script>\n<!-- \/ Yoast SEO Premium plugin. -->","yoast_head_json":{"title":"\u00bfQu\u00e9 pas\u00f3 con la promesa de CFE? Siguen apagones en La Paz - Buenos D\u00edas BCS","robots":{"index":"index","follow":"follow","max-snippet":"max-snippet:-1","max-image-preview":"max-image-preview:large","max-video-preview":"max-video-preview:-1"},"canonical":"https:\/\/buenosdiasbcs.com\/?p=15004","og_locale":"es_ES","og_type":"article","og_title":"\u00bfQu\u00e9 pas\u00f3 con la promesa de CFE? Siguen apagones en La Paz","og_description":"Ante la continuidad de las fallas, V\u00edctor Castro se\u00f1al\u00f3 que insistir\u00e1 nuevamente ante la Comisi\u00f3n Federal de Electricidad. Apenas unos...","og_url":"https:\/\/buenosdiasbcs.com\/?p=15004","og_site_name":"Buenos D\u00edas BCS","article_published_time":"2026-09-03T07:25:00+00:00","og_image":[{"width":1479,"height":828,"url":"https:\/\/buenosdiasbcs.com\/wp-content\/uploads\/2026\/09\/que-paso-con-la-promesa-de-cfe-siguen-apagones-en-la-paz-178517f6.webp","type":"image\/webp"}],"author":"Edici\u00f3n Buenos D\u00edas","twitter_card":"summary_large_image","twitter_misc":{"Escrito por":"Edici\u00f3n Buenos D\u00edas","Tiempo de lectura":"4 minutos"},"schema":{"@context":"https:\/\/schema.org","@graph":[{"@type":"Article","@id":"https:\/\/buenosdiasbcs.com\/?p=15004#article","isPartOf":{"@id":"https:\/\/buenosdiasbcs.com\/?p=15004"},"author":{"name":"Edici\u00f3n Buenos D\u00edas","@id":"https:\/\/buenosdiasbcs.com\/#\/schema\/person\/15aedc247eab7070ee5d76d6d069a821"},"headline":"\u00bfQu\u00e9 pas\u00f3 con la promesa de CFE? Siguen apagones en La Paz","datePublished":"2026-09-03T07:25:00+00:00","mainEntityOfPage":{"@id":"https:\/\/buenosdiasbcs.com\/?p=15004"},"wordCount":884,"commentCount":0,"publisher":{"@id":"https:\/\/buenosdiasbcs.com\/#organization"},"image":{"@id":"https:\/\/buenosdiasbcs.com\/?p=15004#primaryimage"},"thumbnailUrl":"https:\/\/buenosdiasbcs.com\/wp-content\/uploads\/2026\/09\/que-paso-con-la-promesa-de-cfe-siguen-apagones-en-la-paz-178517f6.webp","articleSection":["Sociedad"],"inLanguage":"es","potentialAction":[{"@type":"CommentAction","name":"Comment","target":["https:\/\/buenosdiasbcs.com\/?p=15004#respond"]}]},{"@type":"WebPage","@id":"https:\/\/buenosdiasbcs.com\/?p=15004","url":"https:\/\/buenosdiasbcs.com\/?p=15004","name":"\u00bfQu\u00e9 pas\u00f3 con la promesa de CFE? Siguen apagones en La Paz - Buenos D\u00edas BCS","isPartOf":{"@id":"https:\/\/buenosdiasbcs.com\/#website"},"primaryImageOfPage":{"@id":"https:\/\/buenosdiasbcs.com\/?p=15004#primaryimage"},"image":{"@id":"https:\/\/buenosdiasbcs.com\/?p=15004#primaryimage"},"thumbnailUrl":"https:\/\/buenosdiasbcs.com\/wp-content\/uploads\/2026\/09\/que-paso-con-la-promesa-de-cfe-siguen-apagones-en-la-paz-178517f6.webp","datePublished":"2026-09-03T07:25:00+00:00","breadcrumb":{"@id":"https:\/\/buenosdiasbcs.com\/?p=15004#breadcrumb"},"inLanguage":"es","potentialAction":[{"@type":"ReadAction","target":["https:\/\/buenosdiasbcs.com\/?p=15004"]}]},{"@type":"ImageObject","inLanguage":"es","@id":"https:\/\/buenosdiasbcs.com\/?p=15004#primaryimage","url":"https:\/\/buenosdiasbcs.com\/wp-content\/uploads\/2026\/09\/que-paso-con-la-promesa-de-cfe-siguen-apagones-en-la-paz-178517f6.webp","contentUrl":"https:\/\/buenosdiasbcs.com\/wp-content\/uploads\/2026\/09\/que-paso-con-la-promesa-de-cfe-siguen-apagones-en-la-paz-178517f6.webp","width":1479,"height":828},{"@type":"BreadcrumbList","@id":"https:\/\/buenosdiasbcs.com\/?p=15004#breadcrumb","itemListElement":[{"@type":"ListItem","position":1,"name":"Portada","item":"https:\/\/buenosdiasbcs.com\/"},{"@type":"ListItem","position":2,"name":"\u00bfQu\u00e9 pas\u00f3 con la promesa de CFE? Siguen apagones en La Paz"}]},{"@type":"WebSite","@id":"https:\/\/buenosdiasbcs.com\/#website","url":"https:\/\/buenosdiasbcs.com\/","name":"Buenos D\u00edas BCS","description":"","publisher":{"@id":"https:\/\/buenosdiasbcs.com\/#organization"},"potentialAction":[{"@type":"SearchAction","target":{"@type":"EntryPoint","urlTemplate":"https:\/\/buenosdiasbcs.com\/?s={search_term_string}"},"query-input":{"@type":"PropertyValueSpecification","valueRequired":true,"valueName":"search_term_string"}}],"inLanguage":"es"},{"@type":"Organization","@id":"https:\/\/buenosdiasbcs.com\/#organization","name":"Buenos D\u00edas BCS","url":"https:\/\/buenosdiasbcs.com\/","logo":{"@type":"ImageObject","inLanguage":"es","@id":"https:\/\/buenosdiasbcs.com\/#\/schema\/logo\/image\/","url":"https:\/\/buenosdiasbcs.com\/wp-content\/uploads\/2026\/01\/logo-buenos-dias-40-01.png","contentUrl":"https:\/\/buenosdiasbcs.com\/wp-content\/uploads\/2026\/01\/logo-buenos-dias-40-01.png","width":277,"height":40,"caption":"Buenos D\u00edas BCS"},"image":{"@id":"https:\/\/buenosdiasbcs.com\/#\/schema\/logo\/image\/"}},{"@type":"Person","@id":"https:\/\/buenosdiasbcs.com\/#\/schema\/person\/15aedc247eab7070ee5d76d6d069a821","name":"Edici\u00f3n Buenos D\u00edas","image":{"@type":"ImageObject","inLanguage":"es","@id":"https:\/\/buenosdiasbcs.com\/wp-content\/uploads\/2026\/01\/cropped-sol-96x96.png","url":"https:\/\/buenosdiasbcs.com\/wp-content\/uploads\/2026\/01\/cropped-sol-96x96.png","contentUrl":"https:\/\/buenosdiasbcs.com\/wp-content\/uploads\/2026\/01\/cropped-sol-96x96.png","caption":"Edici\u00f3n Buenos D\u00edas"},"url":"https:\/\/buenosdiasbcs.com\/?author=2"}]}},"amp_enabled":true,"_links":{"self":[{"href":"https:\/\/buenosdiasbcs.com\/index.php?rest_route=\/wp\/v2\/posts\/15004","targetHints":{"allow":["GET"]}}],"collection":[{"href":"https:\/\/buenosdiasbcs.com\/index.php?rest_route=\/wp\/v2\/posts"}],"about":[{"href":"https:\/\/buenosdiasbcs.com\/index.php?rest_route=\/wp\/v2\/types\/post"}],"author":[{"embeddable":true,"href":"https:\/\/buenosdiasbcs.com\/index.php?rest_route=\/wp\/v2\/users\/2"}],"replies":[{"embeddable":true,"href":"https:\/\/buenosdiasbcs.com\/index.php?rest_route=%2Fwp%2Fv2%2Fcomments&post=15004"}],"version-history":[{"count":1,"href":"https:\/\/buenosdiasbcs.com\/index.php?rest_route=\/wp\/v2\/posts\/15004\/revisions"}],"predecessor-version":[{"id":15006,"href":"https:\/\/buenosdiasbcs.com\/index.php?rest_route=\/wp\/v2\/posts\/15004\/revisions\/15006"}],"wp:featuredmedia":[{"embeddable":true,"href":"https:\/\/buenosdiasbcs.com\/index.php?rest_route=\/wp\/v2\/media\/15005"}],"wp:attachment":[{"href":"https:\/\/buenosdiasbcs.com\/index.php?rest_route=%2Fwp%2Fv2%2Fmedia&parent=15004"}],"wp:term":[{"taxonomy":"category","embeddable":true,"href":"https:\/\/buenosdiasbcs.com\/index.php?rest_route=%2Fwp%2Fv2%2Fcategories&post=15004"},{"taxonomy":"post_tag","embeddable":true,"href":"https:\/\/buenosdiasbcs.com\/index.php?rest_route=%2Fwp%2Fv2%2Ftags&post=15004"}],"curies":[{"name":"wp","href":"https:\/\/api.w.org\/{rel}","templated":true}]}}