{"id":14991,"date":"2026-09-03T00:12:00","date_gmt":"2026-09-03T07:12:00","guid":{"rendered":"https:\/\/buenosdiasbcs.com\/?p=14991"},"modified":"2026-09-02T21:13:38","modified_gmt":"2026-09-03T04:13:38","slug":"respalda-gobierno-estatal-a-la-uabcs-con-inversion-y-acciones-para-ampliar-la-educacion-superior","status":"publish","type":"post","link":"https:\/\/buenosdiasbcs.com\/?p=14991","title":{"rendered":"Respalda Gobierno estatal a la UABCS con inversi\u00f3n y acciones para ampliar la educaci\u00f3n superior"},"content":{"rendered":"\n<p class=\"wp-block-paragraph\">6 horas&nbsp;<\/p>\n\n\n\n<figure class=\"wp-block-image is-resized\"><img decoding=\"async\" data-src=\"https:\/\/www.bcs.gob.mx\/wp-content\/uploads\/2026\/09\/WhatsApp-Image-2026-09-02-at-3.29.31-PM-810x455.jpeg\" alt=\"\" style=\"--smush-placeholder-width: 810px; --smush-placeholder-aspect-ratio: 810\/455;aspect-ratio:1.7802197802197801;width:810px;height:auto\" src=\"data:image\/svg+xml;base64,PHN2ZyB3aWR0aD0iMSIgaGVpZ2h0PSIxIiB4bWxucz0iaHR0cDovL3d3dy53My5vcmcvMjAwMC9zdmciPjwvc3ZnPg==\" class=\"lazyload\" \/><\/figure>\n\n\n\n<p class=\"wp-block-paragraph\">Durante los cinco a\u00f1os de esta administraci\u00f3n, el compromiso con la educaci\u00f3n de las y los sudcalifornianos se ha reflejado en acciones concretas, se\u00f1al\u00f3 el gobernador V\u00edctor Manuel Castro Cos\u00edo durante la Conferencia para el Pueblo de este mi\u00e9rcoles, donde destac\u00f3 el apoyo otorgado a la Universidad Aut\u00f3noma de Baja California Sur (UABCS) para ampliar el acceso a la educaci\u00f3n superior en los cinco municipios, adem\u00e1s de mejorar la infraestructura y el equipamiento universitario.<\/p>\n\n\n\n<p class=\"wp-block-paragraph\">Acompa\u00f1ado por el rector de la m\u00e1xima casa de estudios, Dante Arturo Salgado Gonz\u00e1lez, el Ejecutivo estatal record\u00f3 que durante la administraci\u00f3n anterior se invirtieron 150 millones de pesos en la instituci\u00f3n, mientras que en lo que va del actual gobierno se han destinado m\u00e1s de 480 millones de pesos.<\/p>\n\n\n\n<p class=\"wp-block-paragraph\">Se\u00f1al\u00f3 que esta inversi\u00f3n forma parte del compromiso de la Cuarta Transformaci\u00f3n con la educaci\u00f3n y el bienestar de la poblaci\u00f3n, por lo que reiter\u00f3 la disposici\u00f3n de continuar atendiendo las necesidades de la comunidad universitaria.<\/p>\n\n\n\n<p class=\"wp-block-paragraph\">Por su parte, el rector de la UABCS reconoci\u00f3 el acompa\u00f1amiento del Gobierno del Estado y destac\u00f3 que los campus de Guerrero Negro, Loreto, Ciudad Insurgentes y Los Cabos ofrecen alternativas para que j\u00f3venes cursen estudios de nivel superior sin necesidad de trasladarse a otros municipios o fuera del estado.<\/p>\n\n\n\n<p class=\"wp-block-paragraph\">Entre los avances registrados, inform\u00f3 que la matr\u00edcula se increment\u00f3 de 7 mil 954 estudiantes en 2021 a 9 mil 978 en 2026, lo que representa un crecimiento del 25.45 por ciento. En ese mismo periodo, la oferta educativa aument\u00f3 de 50 a 63 programas educativos.<\/p>\n\n\n\n<p class=\"wp-block-paragraph\">En materia de infraestructura, dio a conocer que la inversi\u00f3n se ha distribuido entre los distintos campus universitarios de la entidad: 284.3 millones de pesos en La Paz; 114.5 millones en Los Cabos; 76.5 millones en Ciudad Insurgentes; 7.1 millones en Loreto y 2.2 millones en Guerrero Negro.<\/p>\n\n\n\n<p class=\"wp-block-paragraph\">Finalmente, el Gobernador reiter\u00f3 que mantener una educaci\u00f3n p\u00fablica accesible y de calidad es una tarea permanente, por lo que continuar\u00e1 trabajando para que las y los j\u00f3venes cuenten con mayores oportunidades de formaci\u00f3n profesional en Baja California Sur.<\/p>\n\n\n\n<p class=\"wp-block-paragraph\"><\/p>\n","protected":false},"excerpt":{"rendered":"<p>6 horas&nbsp; Durante los cinco a\u00f1os de esta administraci\u00f3n, el compromiso con la educaci\u00f3n de las y los sudcalifornianos se&#8230;<\/p>\n","protected":false},"author":2,"featured_media":14982,"comment_status":"open","ping_status":"open","sticky":false,"template":"","format":"standard","meta":{"footnotes":""},"categories":[24],"tags":[],"class_list":["post-14991","post","type-post","status-publish","format-standard","has-post-thumbnail","hentry","category-gobierno"],"yoast_head":"<!-- This site is optimized with the Yoast SEO Premium plugin v26.8 (Yoast SEO v28.4) - https:\/\/yoast.com\/product\/yoast-seo-premium-wordpress\/ -->\n<title>Respalda Gobierno estatal a la UABCS con inversi\u00f3n y acciones para ampliar la educaci\u00f3n superior - Buenos D\u00edas BCS<\/title>\n<meta name=\"robots\" content=\"index, follow, max-snippet:-1, max-image-preview:large, max-video-preview:-1\" \/>\n<link rel=\"canonical\" href=\"https:\/\/buenosdiasbcs.com\/?p=14991\" \/>\n<meta property=\"og:locale\" content=\"es_ES\" \/>\n<meta property=\"og:type\" content=\"article\" \/>\n<meta property=\"og:title\" content=\"Respalda Gobierno estatal a la UABCS con inversi\u00f3n y acciones para ampliar la educaci\u00f3n superior\" \/>\n<meta property=\"og:description\" content=\"6 horas&nbsp; Durante los cinco a\u00f1os de esta administraci\u00f3n, el compromiso con la educaci\u00f3n de las y los sudcalifornianos se...\" \/>\n<meta property=\"og:url\" content=\"https:\/\/buenosdiasbcs.com\/?p=14991\" \/>\n<meta property=\"og:site_name\" content=\"Buenos D\u00edas BCS\" \/>\n<meta property=\"article:published_time\" content=\"2026-09-03T07:12:00+00:00\" \/>\n<meta property=\"og:image\" content=\"https:\/\/buenosdiasbcs.com\/wp-content\/uploads\/2026\/09\/WhatsApp-Image-2026-09-02-at-3.29.31-PM.jpeg\" \/>\n\t<meta property=\"og:image:width\" content=\"1280\" \/>\n\t<meta property=\"og:image:height\" content=\"719\" \/>\n\t<meta property=\"og:image:type\" content=\"image\/jpeg\" \/>\n<meta name=\"author\" content=\"Edici\u00f3n Buenos D\u00edas\" \/>\n<meta name=\"twitter:card\" content=\"summary_large_image\" \/>\n<meta name=\"twitter:label1\" content=\"Escrito por\" \/>\n\t<meta name=\"twitter:data1\" content=\"Edici\u00f3n Buenos D\u00edas\" \/>\n\t<meta name=\"twitter:label2\" content=\"Tiempo de lectura\" \/>\n\t<meta name=\"twitter:data2\" content=\"2 minutos\" \/>\n<script type=\"application\/ld+json\" class=\"yoast-schema-graph\">{\"@context\":\"https:\\\/\\\/schema.org\",\"@graph\":[{\"@type\":\"Article\",\"@id\":\"https:\\\/\\\/buenosdiasbcs.com\\\/?p=14991#article\",\"isPartOf\":{\"@id\":\"https:\\\/\\\/buenosdiasbcs.com\\\/?p=14991\"},\"author\":{\"name\":\"Edici\u00f3n Buenos D\u00edas\",\"@id\":\"https:\\\/\\\/buenosdiasbcs.com\\\/#\\\/schema\\\/person\\\/15aedc247eab7070ee5d76d6d069a821\"},\"headline\":\"Respalda Gobierno estatal a la UABCS con inversi\u00f3n y acciones para ampliar la educaci\u00f3n superior\",\"datePublished\":\"2026-09-03T07:12:00+00:00\",\"mainEntityOfPage\":{\"@id\":\"https:\\\/\\\/buenosdiasbcs.com\\\/?p=14991\"},\"wordCount\":376,\"commentCount\":0,\"publisher\":{\"@id\":\"https:\\\/\\\/buenosdiasbcs.com\\\/#organization\"},\"image\":{\"@id\":\"https:\\\/\\\/buenosdiasbcs.com\\\/?p=14991#primaryimage\"},\"thumbnailUrl\":\"https:\\\/\\\/buenosdiasbcs.com\\\/wp-content\\\/uploads\\\/2026\\\/09\\\/WhatsApp-Image-2026-09-02-at-3.29.31-PM.jpeg\",\"articleSection\":[\"Gobierno\"],\"inLanguage\":\"es\",\"potentialAction\":[{\"@type\":\"CommentAction\",\"name\":\"Comment\",\"target\":[\"https:\\\/\\\/buenosdiasbcs.com\\\/?p=14991#respond\"]}]},{\"@type\":\"WebPage\",\"@id\":\"https:\\\/\\\/buenosdiasbcs.com\\\/?p=14991\",\"url\":\"https:\\\/\\\/buenosdiasbcs.com\\\/?p=14991\",\"name\":\"Respalda Gobierno estatal a la UABCS con inversi\u00f3n y acciones para ampliar la educaci\u00f3n superior - Buenos D\u00edas BCS\",\"isPartOf\":{\"@id\":\"https:\\\/\\\/buenosdiasbcs.com\\\/#website\"},\"primaryImageOfPage\":{\"@id\":\"https:\\\/\\\/buenosdiasbcs.com\\\/?p=14991#primaryimage\"},\"image\":{\"@id\":\"https:\\\/\\\/buenosdiasbcs.com\\\/?p=14991#primaryimage\"},\"thumbnailUrl\":\"https:\\\/\\\/buenosdiasbcs.com\\\/wp-content\\\/uploads\\\/2026\\\/09\\\/WhatsApp-Image-2026-09-02-at-3.29.31-PM.jpeg\",\"datePublished\":\"2026-09-03T07:12:00+00:00\",\"breadcrumb\":{\"@id\":\"https:\\\/\\\/buenosdiasbcs.com\\\/?p=14991#breadcrumb\"},\"inLanguage\":\"es\",\"potentialAction\":[{\"@type\":\"ReadAction\",\"target\":[\"https:\\\/\\\/buenosdiasbcs.com\\\/?p=14991\"]}]},{\"@type\":\"ImageObject\",\"inLanguage\":\"es\",\"@id\":\"https:\\\/\\\/buenosdiasbcs.com\\\/?p=14991#primaryimage\",\"url\":\"https:\\\/\\\/buenosdiasbcs.com\\\/wp-content\\\/uploads\\\/2026\\\/09\\\/WhatsApp-Image-2026-09-02-at-3.29.31-PM.jpeg\",\"contentUrl\":\"https:\\\/\\\/buenosdiasbcs.com\\\/wp-content\\\/uploads\\\/2026\\\/09\\\/WhatsApp-Image-2026-09-02-at-3.29.31-PM.jpeg\",\"width\":1280,\"height\":719},{\"@type\":\"BreadcrumbList\",\"@id\":\"https:\\\/\\\/buenosdiasbcs.com\\\/?p=14991#breadcrumb\",\"itemListElement\":[{\"@type\":\"ListItem\",\"position\":1,\"name\":\"Portada\",\"item\":\"https:\\\/\\\/buenosdiasbcs.com\\\/\"},{\"@type\":\"ListItem\",\"position\":2,\"name\":\"Respalda Gobierno estatal a la UABCS con inversi\u00f3n y acciones para ampliar la educaci\u00f3n superior\"}]},{\"@type\":\"WebSite\",\"@id\":\"https:\\\/\\\/buenosdiasbcs.com\\\/#website\",\"url\":\"https:\\\/\\\/buenosdiasbcs.com\\\/\",\"name\":\"Buenos D\u00edas BCS\",\"description\":\"\",\"publisher\":{\"@id\":\"https:\\\/\\\/buenosdiasbcs.com\\\/#organization\"},\"potentialAction\":[{\"@type\":\"SearchAction\",\"target\":{\"@type\":\"EntryPoint\",\"urlTemplate\":\"https:\\\/\\\/buenosdiasbcs.com\\\/?s={search_term_string}\"},\"query-input\":{\"@type\":\"PropertyValueSpecification\",\"valueRequired\":true,\"valueName\":\"search_term_string\"}}],\"inLanguage\":\"es\"},{\"@type\":\"Organization\",\"@id\":\"https:\\\/\\\/buenosdiasbcs.com\\\/#organization\",\"name\":\"Buenos D\u00edas BCS\",\"url\":\"https:\\\/\\\/buenosdiasbcs.com\\\/\",\"logo\":{\"@type\":\"ImageObject\",\"inLanguage\":\"es\",\"@id\":\"https:\\\/\\\/buenosdiasbcs.com\\\/#\\\/schema\\\/logo\\\/image\\\/\",\"url\":\"https:\\\/\\\/buenosdiasbcs.com\\\/wp-content\\\/uploads\\\/2026\\\/01\\\/logo-buenos-dias-40-01.png\",\"contentUrl\":\"https:\\\/\\\/buenosdiasbcs.com\\\/wp-content\\\/uploads\\\/2026\\\/01\\\/logo-buenos-dias-40-01.png\",\"width\":277,\"height\":40,\"caption\":\"Buenos D\u00edas BCS\"},\"image\":{\"@id\":\"https:\\\/\\\/buenosdiasbcs.com\\\/#\\\/schema\\\/logo\\\/image\\\/\"}},{\"@type\":\"Person\",\"@id\":\"https:\\\/\\\/buenosdiasbcs.com\\\/#\\\/schema\\\/person\\\/15aedc247eab7070ee5d76d6d069a821\",\"name\":\"Edici\u00f3n Buenos D\u00edas\",\"image\":{\"@type\":\"ImageObject\",\"inLanguage\":\"es\",\"@id\":\"https:\\\/\\\/buenosdiasbcs.com\\\/wp-content\\\/uploads\\\/2026\\\/01\\\/cropped-sol-96x96.png\",\"url\":\"https:\\\/\\\/buenosdiasbcs.com\\\/wp-content\\\/uploads\\\/2026\\\/01\\\/cropped-sol-96x96.png\",\"contentUrl\":\"https:\\\/\\\/buenosdiasbcs.com\\\/wp-content\\\/uploads\\\/2026\\\/01\\\/cropped-sol-96x96.png\",\"caption\":\"Edici\u00f3n Buenos D\u00edas\"},\"url\":\"https:\\\/\\\/buenosdiasbcs.com\\\/?author=2\"}]}<\/script>\n<!-- \/ Yoast SEO Premium plugin. -->","yoast_head_json":{"title":"Respalda Gobierno estatal a la UABCS con inversi\u00f3n y acciones para ampliar la educaci\u00f3n superior - Buenos D\u00edas BCS","robots":{"index":"index","follow":"follow","max-snippet":"max-snippet:-1","max-image-preview":"max-image-preview:large","max-video-preview":"max-video-preview:-1"},"canonical":"https:\/\/buenosdiasbcs.com\/?p=14991","og_locale":"es_ES","og_type":"article","og_title":"Respalda Gobierno estatal a la UABCS con inversi\u00f3n y acciones para ampliar la educaci\u00f3n superior","og_description":"6 horas&nbsp; Durante los cinco a\u00f1os de esta administraci\u00f3n, el compromiso con la educaci\u00f3n de las y los sudcalifornianos se...","og_url":"https:\/\/buenosdiasbcs.com\/?p=14991","og_site_name":"Buenos D\u00edas BCS","article_published_time":"2026-09-03T07:12:00+00:00","og_image":[{"width":1280,"height":719,"url":"https:\/\/buenosdiasbcs.com\/wp-content\/uploads\/2026\/09\/WhatsApp-Image-2026-09-02-at-3.29.31-PM.jpeg","type":"image\/jpeg"}],"author":"Edici\u00f3n Buenos D\u00edas","twitter_card":"summary_large_image","twitter_misc":{"Escrito por":"Edici\u00f3n Buenos D\u00edas","Tiempo de lectura":"2 minutos"},"schema":{"@context":"https:\/\/schema.org","@graph":[{"@type":"Article","@id":"https:\/\/buenosdiasbcs.com\/?p=14991#article","isPartOf":{"@id":"https:\/\/buenosdiasbcs.com\/?p=14991"},"author":{"name":"Edici\u00f3n Buenos D\u00edas","@id":"https:\/\/buenosdiasbcs.com\/#\/schema\/person\/15aedc247eab7070ee5d76d6d069a821"},"headline":"Respalda Gobierno estatal a la UABCS con inversi\u00f3n y acciones para ampliar la educaci\u00f3n superior","datePublished":"2026-09-03T07:12:00+00:00","mainEntityOfPage":{"@id":"https:\/\/buenosdiasbcs.com\/?p=14991"},"wordCount":376,"commentCount":0,"publisher":{"@id":"https:\/\/buenosdiasbcs.com\/#organization"},"image":{"@id":"https:\/\/buenosdiasbcs.com\/?p=14991#primaryimage"},"thumbnailUrl":"https:\/\/buenosdiasbcs.com\/wp-content\/uploads\/2026\/09\/WhatsApp-Image-2026-09-02-at-3.29.31-PM.jpeg","articleSection":["Gobierno"],"inLanguage":"es","potentialAction":[{"@type":"CommentAction","name":"Comment","target":["https:\/\/buenosdiasbcs.com\/?p=14991#respond"]}]},{"@type":"WebPage","@id":"https:\/\/buenosdiasbcs.com\/?p=14991","url":"https:\/\/buenosdiasbcs.com\/?p=14991","name":"Respalda Gobierno estatal a la UABCS con inversi\u00f3n y acciones para ampliar la educaci\u00f3n superior - Buenos D\u00edas BCS","isPartOf":{"@id":"https:\/\/buenosdiasbcs.com\/#website"},"primaryImageOfPage":{"@id":"https:\/\/buenosdiasbcs.com\/?p=14991#primaryimage"},"image":{"@id":"https:\/\/buenosdiasbcs.com\/?p=14991#primaryimage"},"thumbnailUrl":"https:\/\/buenosdiasbcs.com\/wp-content\/uploads\/2026\/09\/WhatsApp-Image-2026-09-02-at-3.29.31-PM.jpeg","datePublished":"2026-09-03T07:12:00+00:00","breadcrumb":{"@id":"https:\/\/buenosdiasbcs.com\/?p=14991#breadcrumb"},"inLanguage":"es","potentialAction":[{"@type":"ReadAction","target":["https:\/\/buenosdiasbcs.com\/?p=14991"]}]},{"@type":"ImageObject","inLanguage":"es","@id":"https:\/\/buenosdiasbcs.com\/?p=14991#primaryimage","url":"https:\/\/buenosdiasbcs.com\/wp-content\/uploads\/2026\/09\/WhatsApp-Image-2026-09-02-at-3.29.31-PM.jpeg","contentUrl":"https:\/\/buenosdiasbcs.com\/wp-content\/uploads\/2026\/09\/WhatsApp-Image-2026-09-02-at-3.29.31-PM.jpeg","width":1280,"height":719},{"@type":"BreadcrumbList","@id":"https:\/\/buenosdiasbcs.com\/?p=14991#breadcrumb","itemListElement":[{"@type":"ListItem","position":1,"name":"Portada","item":"https:\/\/buenosdiasbcs.com\/"},{"@type":"ListItem","position":2,"name":"Respalda Gobierno estatal a la UABCS con inversi\u00f3n y acciones para ampliar la educaci\u00f3n superior"}]},{"@type":"WebSite","@id":"https:\/\/buenosdiasbcs.com\/#website","url":"https:\/\/buenosdiasbcs.com\/","name":"Buenos D\u00edas BCS","description":"","publisher":{"@id":"https:\/\/buenosdiasbcs.com\/#organization"},"potentialAction":[{"@type":"SearchAction","target":{"@type":"EntryPoint","urlTemplate":"https:\/\/buenosdiasbcs.com\/?s={search_term_string}"},"query-input":{"@type":"PropertyValueSpecification","valueRequired":true,"valueName":"search_term_string"}}],"inLanguage":"es"},{"@type":"Organization","@id":"https:\/\/buenosdiasbcs.com\/#organization","name":"Buenos D\u00edas BCS","url":"https:\/\/buenosdiasbcs.com\/","logo":{"@type":"ImageObject","inLanguage":"es","@id":"https:\/\/buenosdiasbcs.com\/#\/schema\/logo\/image\/","url":"https:\/\/buenosdiasbcs.com\/wp-content\/uploads\/2026\/01\/logo-buenos-dias-40-01.png","contentUrl":"https:\/\/buenosdiasbcs.com\/wp-content\/uploads\/2026\/01\/logo-buenos-dias-40-01.png","width":277,"height":40,"caption":"Buenos D\u00edas BCS"},"image":{"@id":"https:\/\/buenosdiasbcs.com\/#\/schema\/logo\/image\/"}},{"@type":"Person","@id":"https:\/\/buenosdiasbcs.com\/#\/schema\/person\/15aedc247eab7070ee5d76d6d069a821","name":"Edici\u00f3n Buenos D\u00edas","image":{"@type":"ImageObject","inLanguage":"es","@id":"https:\/\/buenosdiasbcs.com\/wp-content\/uploads\/2026\/01\/cropped-sol-96x96.png","url":"https:\/\/buenosdiasbcs.com\/wp-content\/uploads\/2026\/01\/cropped-sol-96x96.png","contentUrl":"https:\/\/buenosdiasbcs.com\/wp-content\/uploads\/2026\/01\/cropped-sol-96x96.png","caption":"Edici\u00f3n Buenos D\u00edas"},"url":"https:\/\/buenosdiasbcs.com\/?author=2"}]}},"amp_enabled":true,"_links":{"self":[{"href":"https:\/\/buenosdiasbcs.com\/index.php?rest_route=\/wp\/v2\/posts\/14991","targetHints":{"allow":["GET"]}}],"collection":[{"href":"https:\/\/buenosdiasbcs.com\/index.php?rest_route=\/wp\/v2\/posts"}],"about":[{"href":"https:\/\/buenosdiasbcs.com\/index.php?rest_route=\/wp\/v2\/types\/post"}],"author":[{"embeddable":true,"href":"https:\/\/buenosdiasbcs.com\/index.php?rest_route=\/wp\/v2\/users\/2"}],"replies":[{"embeddable":true,"href":"https:\/\/buenosdiasbcs.com\/index.php?rest_route=%2Fwp%2Fv2%2Fcomments&post=14991"}],"version-history":[{"count":1,"href":"https:\/\/buenosdiasbcs.com\/index.php?rest_route=\/wp\/v2\/posts\/14991\/revisions"}],"predecessor-version":[{"id":14992,"href":"https:\/\/buenosdiasbcs.com\/index.php?rest_route=\/wp\/v2\/posts\/14991\/revisions\/14992"}],"wp:featuredmedia":[{"embeddable":true,"href":"https:\/\/buenosdiasbcs.com\/index.php?rest_route=\/wp\/v2\/media\/14982"}],"wp:attachment":[{"href":"https:\/\/buenosdiasbcs.com\/index.php?rest_route=%2Fwp%2Fv2%2Fmedia&parent=14991"}],"wp:term":[{"taxonomy":"category","embeddable":true,"href":"https:\/\/buenosdiasbcs.com\/index.php?rest_route=%2Fwp%2Fv2%2Fcategories&post=14991"},{"taxonomy":"post_tag","embeddable":true,"href":"https:\/\/buenosdiasbcs.com\/index.php?rest_route=%2Fwp%2Fv2%2Ftags&post=14991"}],"curies":[{"name":"wp","href":"https:\/\/api.w.org\/{rel}","templated":true}]}}