{"id":14989,"date":"2026-09-03T00:10:00","date_gmt":"2026-09-03T07:10:00","guid":{"rendered":"https:\/\/buenosdiasbcs.com\/?p=14989"},"modified":"2026-09-02T21:12:27","modified_gmt":"2026-09-03T04:12:27","slug":"destina-gobierno-de-bcs-100-mdp-para-atender-fallas-electricas-en-escuelas","status":"publish","type":"post","link":"https:\/\/buenosdiasbcs.com\/?p=14989","title":{"rendered":"Destina Gobierno de BCS 100 mdp para atender fallas el\u00e9ctricas en escuelas"},"content":{"rendered":"\n<p class=\"wp-block-paragraph\">El Gobierno del Estado, a trav\u00e9s del Instituto Sudcaliforniano de la Infraestructura F\u00edsica Educativa (ISIFE), contempla una inversi\u00f3n de 100 millones de pesos durante el ciclo escolar 2026-2027 para atender fallas en la red el\u00e9ctrica de planteles de los cinco municipios, inform\u00f3 el director de la dependencia, Pablo Cota N\u00fa\u00f1ez.<\/p>\n\n\n\n<p class=\"wp-block-paragraph\">El servidor p\u00fablico explic\u00f3 que, previo al inicio del ciclo escolar, se realizaron trabajos en 30 planteles que presentaban diversas deficiencias. Actualmente, se da seguimiento a situaciones relacionadas con el robo de cableado y, principalmente, con la regularizaci\u00f3n de cargas el\u00e9ctricas requeridas para el adecuado funcionamiento de los equipos de aire acondicionado.<\/p>\n\n\n\n<p class=\"wp-block-paragraph\">Cota N\u00fa\u00f1ez se\u00f1al\u00f3 que el ISIFE mantiene coordinaci\u00f3n permanente con la Comisi\u00f3n Federal de Electricidad (CFE) para dar soluci\u00f3n a estos casos y procurar que alumnas, alumnos y personal docente y administrativo desarrollen sus actividades en espacios adecuados.<\/p>\n\n\n\n<p class=\"wp-block-paragraph\">Asimismo, dio a conocer que, durante la actual administraci\u00f3n, se han destinado m\u00e1s de 200 millones de pesos a infraestructura el\u00e9ctrica de escuelas de educaci\u00f3n inicial, preescolar, primaria y secundaria, principalmente en Los Cabos y La Paz. Estas acciones se han efectuado en coordinaci\u00f3n con la Secretar\u00eda de Educaci\u00f3n P\u00fablica y con la autorizaci\u00f3n de la CFE.<\/p>\n\n\n\n<p class=\"wp-block-paragraph\">Como parte de estas acciones, el ISIFE supervisa que las obras cumplan con los criterios establecidos para contar con planteles inclusivos, entre ellos la construcci\u00f3n de rampas de acceso para personas usuarias de sillas de ruedas, as\u00ed como la instalaci\u00f3n de accesorios que facilitan el uso de sanitarios y lavamanos.<\/p>\n\n\n\n<p class=\"wp-block-paragraph\"><\/p>\n","protected":false},"excerpt":{"rendered":"<p>El Gobierno del Estado, a trav\u00e9s del Instituto Sudcaliforniano de la Infraestructura F\u00edsica Educativa (ISIFE), contempla una inversi\u00f3n de 100&#8230;<\/p>\n","protected":false},"author":2,"featured_media":14981,"comment_status":"open","ping_status":"open","sticky":false,"template":"","format":"standard","meta":{"footnotes":""},"categories":[24],"tags":[],"class_list":["post-14989","post","type-post","status-publish","format-standard","has-post-thumbnail","hentry","category-gobierno"],"yoast_head":"<!-- This site is optimized with the Yoast SEO Premium plugin v26.8 (Yoast SEO v28.4) - https:\/\/yoast.com\/product\/yoast-seo-premium-wordpress\/ -->\n<title>Destina Gobierno de BCS 100 mdp para atender fallas el\u00e9ctricas en escuelas - Buenos D\u00edas BCS<\/title>\n<meta name=\"robots\" content=\"index, follow, max-snippet:-1, max-image-preview:large, max-video-preview:-1\" \/>\n<link rel=\"canonical\" href=\"https:\/\/buenosdiasbcs.com\/?p=14989\" \/>\n<meta property=\"og:locale\" content=\"es_ES\" \/>\n<meta property=\"og:type\" content=\"article\" \/>\n<meta property=\"og:title\" content=\"Destina Gobierno de BCS 100 mdp para atender fallas el\u00e9ctricas en escuelas\" \/>\n<meta property=\"og:description\" content=\"El Gobierno del Estado, a trav\u00e9s del Instituto Sudcaliforniano de la Infraestructura F\u00edsica Educativa (ISIFE), contempla una inversi\u00f3n de 100...\" \/>\n<meta property=\"og:url\" content=\"https:\/\/buenosdiasbcs.com\/?p=14989\" \/>\n<meta property=\"og:site_name\" content=\"Buenos D\u00edas BCS\" \/>\n<meta property=\"article:published_time\" content=\"2026-09-03T07:10:00+00:00\" \/>\n<meta property=\"og:image\" content=\"https:\/\/buenosdiasbcs.com\/wp-content\/uploads\/2026\/09\/WhatsApp-Image-2026-09-02-at-1.34.54-PM.jpeg\" \/>\n\t<meta property=\"og:image:width\" content=\"1600\" \/>\n\t<meta property=\"og:image:height\" content=\"905\" \/>\n\t<meta property=\"og:image:type\" content=\"image\/jpeg\" \/>\n<meta name=\"author\" content=\"Edici\u00f3n Buenos D\u00edas\" \/>\n<meta name=\"twitter:card\" content=\"summary_large_image\" \/>\n<meta name=\"twitter:label1\" content=\"Escrito por\" \/>\n\t<meta name=\"twitter:data1\" content=\"Edici\u00f3n Buenos D\u00edas\" \/>\n\t<meta name=\"twitter:label2\" content=\"Tiempo de lectura\" \/>\n\t<meta name=\"twitter:data2\" content=\"2 minutos\" \/>\n<script type=\"application\/ld+json\" class=\"yoast-schema-graph\">{\"@context\":\"https:\\\/\\\/schema.org\",\"@graph\":[{\"@type\":\"Article\",\"@id\":\"https:\\\/\\\/buenosdiasbcs.com\\\/?p=14989#article\",\"isPartOf\":{\"@id\":\"https:\\\/\\\/buenosdiasbcs.com\\\/?p=14989\"},\"author\":{\"name\":\"Edici\u00f3n Buenos D\u00edas\",\"@id\":\"https:\\\/\\\/buenosdiasbcs.com\\\/#\\\/schema\\\/person\\\/15aedc247eab7070ee5d76d6d069a821\"},\"headline\":\"Destina Gobierno de BCS 100 mdp para atender fallas el\u00e9ctricas en escuelas\",\"datePublished\":\"2026-09-03T07:10:00+00:00\",\"mainEntityOfPage\":{\"@id\":\"https:\\\/\\\/buenosdiasbcs.com\\\/?p=14989\"},\"wordCount\":280,\"commentCount\":0,\"publisher\":{\"@id\":\"https:\\\/\\\/buenosdiasbcs.com\\\/#organization\"},\"image\":{\"@id\":\"https:\\\/\\\/buenosdiasbcs.com\\\/?p=14989#primaryimage\"},\"thumbnailUrl\":\"https:\\\/\\\/buenosdiasbcs.com\\\/wp-content\\\/uploads\\\/2026\\\/09\\\/WhatsApp-Image-2026-09-02-at-1.34.54-PM.jpeg\",\"articleSection\":[\"Gobierno\"],\"inLanguage\":\"es\",\"potentialAction\":[{\"@type\":\"CommentAction\",\"name\":\"Comment\",\"target\":[\"https:\\\/\\\/buenosdiasbcs.com\\\/?p=14989#respond\"]}]},{\"@type\":\"WebPage\",\"@id\":\"https:\\\/\\\/buenosdiasbcs.com\\\/?p=14989\",\"url\":\"https:\\\/\\\/buenosdiasbcs.com\\\/?p=14989\",\"name\":\"Destina Gobierno de BCS 100 mdp para atender fallas el\u00e9ctricas en escuelas - Buenos D\u00edas BCS\",\"isPartOf\":{\"@id\":\"https:\\\/\\\/buenosdiasbcs.com\\\/#website\"},\"primaryImageOfPage\":{\"@id\":\"https:\\\/\\\/buenosdiasbcs.com\\\/?p=14989#primaryimage\"},\"image\":{\"@id\":\"https:\\\/\\\/buenosdiasbcs.com\\\/?p=14989#primaryimage\"},\"thumbnailUrl\":\"https:\\\/\\\/buenosdiasbcs.com\\\/wp-content\\\/uploads\\\/2026\\\/09\\\/WhatsApp-Image-2026-09-02-at-1.34.54-PM.jpeg\",\"datePublished\":\"2026-09-03T07:10:00+00:00\",\"breadcrumb\":{\"@id\":\"https:\\\/\\\/buenosdiasbcs.com\\\/?p=14989#breadcrumb\"},\"inLanguage\":\"es\",\"potentialAction\":[{\"@type\":\"ReadAction\",\"target\":[\"https:\\\/\\\/buenosdiasbcs.com\\\/?p=14989\"]}]},{\"@type\":\"ImageObject\",\"inLanguage\":\"es\",\"@id\":\"https:\\\/\\\/buenosdiasbcs.com\\\/?p=14989#primaryimage\",\"url\":\"https:\\\/\\\/buenosdiasbcs.com\\\/wp-content\\\/uploads\\\/2026\\\/09\\\/WhatsApp-Image-2026-09-02-at-1.34.54-PM.jpeg\",\"contentUrl\":\"https:\\\/\\\/buenosdiasbcs.com\\\/wp-content\\\/uploads\\\/2026\\\/09\\\/WhatsApp-Image-2026-09-02-at-1.34.54-PM.jpeg\",\"width\":1600,\"height\":905},{\"@type\":\"BreadcrumbList\",\"@id\":\"https:\\\/\\\/buenosdiasbcs.com\\\/?p=14989#breadcrumb\",\"itemListElement\":[{\"@type\":\"ListItem\",\"position\":1,\"name\":\"Portada\",\"item\":\"https:\\\/\\\/buenosdiasbcs.com\\\/\"},{\"@type\":\"ListItem\",\"position\":2,\"name\":\"Destina Gobierno de BCS 100 mdp para atender fallas el\u00e9ctricas en escuelas\"}]},{\"@type\":\"WebSite\",\"@id\":\"https:\\\/\\\/buenosdiasbcs.com\\\/#website\",\"url\":\"https:\\\/\\\/buenosdiasbcs.com\\\/\",\"name\":\"Buenos D\u00edas BCS\",\"description\":\"\",\"publisher\":{\"@id\":\"https:\\\/\\\/buenosdiasbcs.com\\\/#organization\"},\"potentialAction\":[{\"@type\":\"SearchAction\",\"target\":{\"@type\":\"EntryPoint\",\"urlTemplate\":\"https:\\\/\\\/buenosdiasbcs.com\\\/?s={search_term_string}\"},\"query-input\":{\"@type\":\"PropertyValueSpecification\",\"valueRequired\":true,\"valueName\":\"search_term_string\"}}],\"inLanguage\":\"es\"},{\"@type\":\"Organization\",\"@id\":\"https:\\\/\\\/buenosdiasbcs.com\\\/#organization\",\"name\":\"Buenos D\u00edas BCS\",\"url\":\"https:\\\/\\\/buenosdiasbcs.com\\\/\",\"logo\":{\"@type\":\"ImageObject\",\"inLanguage\":\"es\",\"@id\":\"https:\\\/\\\/buenosdiasbcs.com\\\/#\\\/schema\\\/logo\\\/image\\\/\",\"url\":\"https:\\\/\\\/buenosdiasbcs.com\\\/wp-content\\\/uploads\\\/2026\\\/01\\\/logo-buenos-dias-40-01.png\",\"contentUrl\":\"https:\\\/\\\/buenosdiasbcs.com\\\/wp-content\\\/uploads\\\/2026\\\/01\\\/logo-buenos-dias-40-01.png\",\"width\":277,\"height\":40,\"caption\":\"Buenos D\u00edas BCS\"},\"image\":{\"@id\":\"https:\\\/\\\/buenosdiasbcs.com\\\/#\\\/schema\\\/logo\\\/image\\\/\"}},{\"@type\":\"Person\",\"@id\":\"https:\\\/\\\/buenosdiasbcs.com\\\/#\\\/schema\\\/person\\\/15aedc247eab7070ee5d76d6d069a821\",\"name\":\"Edici\u00f3n Buenos D\u00edas\",\"image\":{\"@type\":\"ImageObject\",\"inLanguage\":\"es\",\"@id\":\"https:\\\/\\\/buenosdiasbcs.com\\\/wp-content\\\/uploads\\\/2026\\\/01\\\/cropped-sol-96x96.png\",\"url\":\"https:\\\/\\\/buenosdiasbcs.com\\\/wp-content\\\/uploads\\\/2026\\\/01\\\/cropped-sol-96x96.png\",\"contentUrl\":\"https:\\\/\\\/buenosdiasbcs.com\\\/wp-content\\\/uploads\\\/2026\\\/01\\\/cropped-sol-96x96.png\",\"caption\":\"Edici\u00f3n Buenos D\u00edas\"},\"url\":\"https:\\\/\\\/buenosdiasbcs.com\\\/?author=2\"}]}<\/script>\n<!-- \/ Yoast SEO Premium plugin. -->","yoast_head_json":{"title":"Destina Gobierno de BCS 100 mdp para atender fallas el\u00e9ctricas en escuelas - Buenos D\u00edas BCS","robots":{"index":"index","follow":"follow","max-snippet":"max-snippet:-1","max-image-preview":"max-image-preview:large","max-video-preview":"max-video-preview:-1"},"canonical":"https:\/\/buenosdiasbcs.com\/?p=14989","og_locale":"es_ES","og_type":"article","og_title":"Destina Gobierno de BCS 100 mdp para atender fallas el\u00e9ctricas en escuelas","og_description":"El Gobierno del Estado, a trav\u00e9s del Instituto Sudcaliforniano de la Infraestructura F\u00edsica Educativa (ISIFE), contempla una inversi\u00f3n de 100...","og_url":"https:\/\/buenosdiasbcs.com\/?p=14989","og_site_name":"Buenos D\u00edas BCS","article_published_time":"2026-09-03T07:10:00+00:00","og_image":[{"width":1600,"height":905,"url":"https:\/\/buenosdiasbcs.com\/wp-content\/uploads\/2026\/09\/WhatsApp-Image-2026-09-02-at-1.34.54-PM.jpeg","type":"image\/jpeg"}],"author":"Edici\u00f3n Buenos D\u00edas","twitter_card":"summary_large_image","twitter_misc":{"Escrito por":"Edici\u00f3n Buenos D\u00edas","Tiempo de lectura":"2 minutos"},"schema":{"@context":"https:\/\/schema.org","@graph":[{"@type":"Article","@id":"https:\/\/buenosdiasbcs.com\/?p=14989#article","isPartOf":{"@id":"https:\/\/buenosdiasbcs.com\/?p=14989"},"author":{"name":"Edici\u00f3n Buenos D\u00edas","@id":"https:\/\/buenosdiasbcs.com\/#\/schema\/person\/15aedc247eab7070ee5d76d6d069a821"},"headline":"Destina Gobierno de BCS 100 mdp para atender fallas el\u00e9ctricas en escuelas","datePublished":"2026-09-03T07:10:00+00:00","mainEntityOfPage":{"@id":"https:\/\/buenosdiasbcs.com\/?p=14989"},"wordCount":280,"commentCount":0,"publisher":{"@id":"https:\/\/buenosdiasbcs.com\/#organization"},"image":{"@id":"https:\/\/buenosdiasbcs.com\/?p=14989#primaryimage"},"thumbnailUrl":"https:\/\/buenosdiasbcs.com\/wp-content\/uploads\/2026\/09\/WhatsApp-Image-2026-09-02-at-1.34.54-PM.jpeg","articleSection":["Gobierno"],"inLanguage":"es","potentialAction":[{"@type":"CommentAction","name":"Comment","target":["https:\/\/buenosdiasbcs.com\/?p=14989#respond"]}]},{"@type":"WebPage","@id":"https:\/\/buenosdiasbcs.com\/?p=14989","url":"https:\/\/buenosdiasbcs.com\/?p=14989","name":"Destina Gobierno de BCS 100 mdp para atender fallas el\u00e9ctricas en escuelas - Buenos D\u00edas BCS","isPartOf":{"@id":"https:\/\/buenosdiasbcs.com\/#website"},"primaryImageOfPage":{"@id":"https:\/\/buenosdiasbcs.com\/?p=14989#primaryimage"},"image":{"@id":"https:\/\/buenosdiasbcs.com\/?p=14989#primaryimage"},"thumbnailUrl":"https:\/\/buenosdiasbcs.com\/wp-content\/uploads\/2026\/09\/WhatsApp-Image-2026-09-02-at-1.34.54-PM.jpeg","datePublished":"2026-09-03T07:10:00+00:00","breadcrumb":{"@id":"https:\/\/buenosdiasbcs.com\/?p=14989#breadcrumb"},"inLanguage":"es","potentialAction":[{"@type":"ReadAction","target":["https:\/\/buenosdiasbcs.com\/?p=14989"]}]},{"@type":"ImageObject","inLanguage":"es","@id":"https:\/\/buenosdiasbcs.com\/?p=14989#primaryimage","url":"https:\/\/buenosdiasbcs.com\/wp-content\/uploads\/2026\/09\/WhatsApp-Image-2026-09-02-at-1.34.54-PM.jpeg","contentUrl":"https:\/\/buenosdiasbcs.com\/wp-content\/uploads\/2026\/09\/WhatsApp-Image-2026-09-02-at-1.34.54-PM.jpeg","width":1600,"height":905},{"@type":"BreadcrumbList","@id":"https:\/\/buenosdiasbcs.com\/?p=14989#breadcrumb","itemListElement":[{"@type":"ListItem","position":1,"name":"Portada","item":"https:\/\/buenosdiasbcs.com\/"},{"@type":"ListItem","position":2,"name":"Destina Gobierno de BCS 100 mdp para atender fallas el\u00e9ctricas en escuelas"}]},{"@type":"WebSite","@id":"https:\/\/buenosdiasbcs.com\/#website","url":"https:\/\/buenosdiasbcs.com\/","name":"Buenos D\u00edas BCS","description":"","publisher":{"@id":"https:\/\/buenosdiasbcs.com\/#organization"},"potentialAction":[{"@type":"SearchAction","target":{"@type":"EntryPoint","urlTemplate":"https:\/\/buenosdiasbcs.com\/?s={search_term_string}"},"query-input":{"@type":"PropertyValueSpecification","valueRequired":true,"valueName":"search_term_string"}}],"inLanguage":"es"},{"@type":"Organization","@id":"https:\/\/buenosdiasbcs.com\/#organization","name":"Buenos D\u00edas BCS","url":"https:\/\/buenosdiasbcs.com\/","logo":{"@type":"ImageObject","inLanguage":"es","@id":"https:\/\/buenosdiasbcs.com\/#\/schema\/logo\/image\/","url":"https:\/\/buenosdiasbcs.com\/wp-content\/uploads\/2026\/01\/logo-buenos-dias-40-01.png","contentUrl":"https:\/\/buenosdiasbcs.com\/wp-content\/uploads\/2026\/01\/logo-buenos-dias-40-01.png","width":277,"height":40,"caption":"Buenos D\u00edas BCS"},"image":{"@id":"https:\/\/buenosdiasbcs.com\/#\/schema\/logo\/image\/"}},{"@type":"Person","@id":"https:\/\/buenosdiasbcs.com\/#\/schema\/person\/15aedc247eab7070ee5d76d6d069a821","name":"Edici\u00f3n Buenos D\u00edas","image":{"@type":"ImageObject","inLanguage":"es","@id":"https:\/\/buenosdiasbcs.com\/wp-content\/uploads\/2026\/01\/cropped-sol-96x96.png","url":"https:\/\/buenosdiasbcs.com\/wp-content\/uploads\/2026\/01\/cropped-sol-96x96.png","contentUrl":"https:\/\/buenosdiasbcs.com\/wp-content\/uploads\/2026\/01\/cropped-sol-96x96.png","caption":"Edici\u00f3n Buenos D\u00edas"},"url":"https:\/\/buenosdiasbcs.com\/?author=2"}]}},"amp_enabled":true,"_links":{"self":[{"href":"https:\/\/buenosdiasbcs.com\/index.php?rest_route=\/wp\/v2\/posts\/14989","targetHints":{"allow":["GET"]}}],"collection":[{"href":"https:\/\/buenosdiasbcs.com\/index.php?rest_route=\/wp\/v2\/posts"}],"about":[{"href":"https:\/\/buenosdiasbcs.com\/index.php?rest_route=\/wp\/v2\/types\/post"}],"author":[{"embeddable":true,"href":"https:\/\/buenosdiasbcs.com\/index.php?rest_route=\/wp\/v2\/users\/2"}],"replies":[{"embeddable":true,"href":"https:\/\/buenosdiasbcs.com\/index.php?rest_route=%2Fwp%2Fv2%2Fcomments&post=14989"}],"version-history":[{"count":1,"href":"https:\/\/buenosdiasbcs.com\/index.php?rest_route=\/wp\/v2\/posts\/14989\/revisions"}],"predecessor-version":[{"id":14990,"href":"https:\/\/buenosdiasbcs.com\/index.php?rest_route=\/wp\/v2\/posts\/14989\/revisions\/14990"}],"wp:featuredmedia":[{"embeddable":true,"href":"https:\/\/buenosdiasbcs.com\/index.php?rest_route=\/wp\/v2\/media\/14981"}],"wp:attachment":[{"href":"https:\/\/buenosdiasbcs.com\/index.php?rest_route=%2Fwp%2Fv2%2Fmedia&parent=14989"}],"wp:term":[{"taxonomy":"category","embeddable":true,"href":"https:\/\/buenosdiasbcs.com\/index.php?rest_route=%2Fwp%2Fv2%2Fcategories&post=14989"},{"taxonomy":"post_tag","embeddable":true,"href":"https:\/\/buenosdiasbcs.com\/index.php?rest_route=%2Fwp%2Fv2%2Ftags&post=14989"}],"curies":[{"name":"wp","href":"https:\/\/api.w.org\/{rel}","templated":true}]}}