{"id":14972,"date":"2026-09-02T00:44:00","date_gmt":"2026-09-02T07:44:00","guid":{"rendered":"https:\/\/buenosdiasbcs.com\/?p=14972"},"modified":"2026-09-01T21:45:42","modified_gmt":"2026-09-02T04:45:42","slug":"llama-gobierno-de-los-cabos-a-fomentar-desde-las-aulas-el-amor-por-mexico-al-iniciar-mes-patrio","status":"publish","type":"post","link":"https:\/\/buenosdiasbcs.com\/?p=14972","title":{"rendered":"Llama Gobierno de Los Cabos a fomentar desde las aulas el amor por M\u00e9xico al iniciar Mes Patrio"},"content":{"rendered":"\n<p class=\"wp-block-paragraph\"><strong>Los Cabos, Baja California Sur.-&nbsp;<\/strong>Con un llamado a fomentar desde las aulas el amor por M\u00e9xico y fortalecer el orgullo por la historia y las ra\u00edces, el primer regidor en funciones de presidente municipal por Ministerio de Ley, Jos\u00e9 Manuel Larumbe Pineda, encabez\u00f3 la ceremonia c\u00edvica de inicio del Mes Patrio en la Escuela Primaria Francisco Pay\u00e9n Sandoval.<\/p>\n\n\n\n<p class=\"wp-block-paragraph\">Ante alumnado, personal docente y directivo, as\u00ed como integrantes del Cabildo y titulares de dependencias municipales, Larumbe Pineda destac\u00f3 que septiembre es una oportunidad para reafirmar el patriotismo, la identidad nacional y el reconocimiento al legado hist\u00f3rico que ha dado forma al pa\u00eds.<\/p>\n\n\n\n<p class=\"wp-block-paragraph\">Subray\u00f3 que estos valores deben transmitirse a las nuevas generaciones, fomentando desde las escuelas el respeto a los s\u00edmbolos patrios, el sentido de pertenencia, la unidad y la preservaci\u00f3n de las tradiciones que distinguen a M\u00e9xico.<\/p>\n\n\n\n<p class=\"wp-block-paragraph\">Como oradora oficial, la titular de la Direcci\u00f3n de Recursos Humanos, Silvia Collins, resalt\u00f3 que la historia de M\u00e9xico no pertenece solo al pasado, sino que se construye todos los d\u00edas:<\/p>\n\n\n\n<p class=\"wp-block-paragraph\">\u201cUstedes, ni\u00f1as y ni\u00f1os, son parte fundamental de ese futuro. Cada vez que estudian, que respetan a sus compa\u00f1eros, que ayudan a quien lo necesita y que cuidan su escuela, su comunidad y el medio ambiente, est\u00e1n haciendo algo por M\u00e9xico\u201d.<\/p>\n\n\n\n<p class=\"wp-block-paragraph\">A\u00f1adi\u00f3 que ser mexicanas y mexicanos no es solo celebrar el 15 de septiembre, sino respetar, ayudar, trabajar, estudiar, cumplir con nuestras responsabilidades y tratar a todas las personas con dignidad.<\/p>\n\n\n\n<p class=\"wp-block-paragraph\">Con esta ceremonia, el XV Ayuntamiento de Los Cabos dio inicio a las actividades conmemorativas que se realizar\u00e1n durante septiembre para honrar la historia, la cultura y la identidad nacional.<\/p>\n","protected":false},"excerpt":{"rendered":"<p>Los Cabos, Baja California Sur.-&nbsp;Con un llamado a fomentar desde las aulas el amor por M\u00e9xico y fortalecer el orgullo&#8230;<\/p>\n","protected":false},"author":2,"featured_media":14973,"comment_status":"open","ping_status":"open","sticky":false,"template":"","format":"standard","meta":{"footnotes":""},"categories":[31],"tags":[],"class_list":["post-14972","post","type-post","status-publish","format-standard","has-post-thumbnail","hentry","category-los-cabos"],"yoast_head":"<!-- This site is optimized with the Yoast SEO Premium plugin v26.8 (Yoast SEO v28.4) - https:\/\/yoast.com\/product\/yoast-seo-premium-wordpress\/ -->\n<title>Llama Gobierno de Los Cabos a fomentar desde las aulas el amor por M\u00e9xico al iniciar Mes Patrio - Buenos D\u00edas BCS<\/title>\n<meta name=\"robots\" content=\"index, follow, max-snippet:-1, max-image-preview:large, max-video-preview:-1\" \/>\n<link rel=\"canonical\" href=\"https:\/\/buenosdiasbcs.com\/?p=14972\" \/>\n<meta property=\"og:locale\" content=\"es_ES\" \/>\n<meta property=\"og:type\" content=\"article\" \/>\n<meta property=\"og:title\" content=\"Llama Gobierno de Los Cabos a fomentar desde las aulas el amor por M\u00e9xico al iniciar Mes Patrio\" \/>\n<meta property=\"og:description\" content=\"Los Cabos, Baja California Sur.-&nbsp;Con un llamado a fomentar desde las aulas el amor por M\u00e9xico y fortalecer el orgullo...\" \/>\n<meta property=\"og:url\" content=\"https:\/\/buenosdiasbcs.com\/?p=14972\" \/>\n<meta property=\"og:site_name\" content=\"Buenos D\u00edas BCS\" \/>\n<meta property=\"article:published_time\" content=\"2026-09-02T07:44:00+00:00\" \/>\n<meta property=\"og:image\" content=\"https:\/\/buenosdiasbcs.com\/wp-content\/uploads\/2026\/09\/WhatsApp-Image-2026-09-01-at-14.12.28-1536x1023-1.jpeg\" \/>\n\t<meta property=\"og:image:width\" content=\"1536\" \/>\n\t<meta property=\"og:image:height\" content=\"1023\" \/>\n\t<meta property=\"og:image:type\" content=\"image\/jpeg\" \/>\n<meta name=\"author\" content=\"Edici\u00f3n Buenos D\u00edas\" \/>\n<meta name=\"twitter:card\" content=\"summary_large_image\" \/>\n<meta name=\"twitter:label1\" content=\"Escrito por\" \/>\n\t<meta name=\"twitter:data1\" content=\"Edici\u00f3n Buenos D\u00edas\" \/>\n\t<meta name=\"twitter:label2\" content=\"Tiempo de lectura\" \/>\n\t<meta name=\"twitter:data2\" content=\"2 minutos\" \/>\n<script type=\"application\/ld+json\" class=\"yoast-schema-graph\">{\"@context\":\"https:\\\/\\\/schema.org\",\"@graph\":[{\"@type\":\"Article\",\"@id\":\"https:\\\/\\\/buenosdiasbcs.com\\\/?p=14972#article\",\"isPartOf\":{\"@id\":\"https:\\\/\\\/buenosdiasbcs.com\\\/?p=14972\"},\"author\":{\"name\":\"Edici\u00f3n Buenos D\u00edas\",\"@id\":\"https:\\\/\\\/buenosdiasbcs.com\\\/#\\\/schema\\\/person\\\/15aedc247eab7070ee5d76d6d069a821\"},\"headline\":\"Llama Gobierno de Los Cabos a fomentar desde las aulas el amor por M\u00e9xico al iniciar Mes Patrio\",\"datePublished\":\"2026-09-02T07:44:00+00:00\",\"mainEntityOfPage\":{\"@id\":\"https:\\\/\\\/buenosdiasbcs.com\\\/?p=14972\"},\"wordCount\":310,\"commentCount\":0,\"publisher\":{\"@id\":\"https:\\\/\\\/buenosdiasbcs.com\\\/#organization\"},\"image\":{\"@id\":\"https:\\\/\\\/buenosdiasbcs.com\\\/?p=14972#primaryimage\"},\"thumbnailUrl\":\"https:\\\/\\\/buenosdiasbcs.com\\\/wp-content\\\/uploads\\\/2026\\\/09\\\/WhatsApp-Image-2026-09-01-at-14.12.28-1536x1023-1.jpeg\",\"articleSection\":[\"Los Cabos\"],\"inLanguage\":\"es\",\"potentialAction\":[{\"@type\":\"CommentAction\",\"name\":\"Comment\",\"target\":[\"https:\\\/\\\/buenosdiasbcs.com\\\/?p=14972#respond\"]}]},{\"@type\":\"WebPage\",\"@id\":\"https:\\\/\\\/buenosdiasbcs.com\\\/?p=14972\",\"url\":\"https:\\\/\\\/buenosdiasbcs.com\\\/?p=14972\",\"name\":\"Llama Gobierno de Los Cabos a fomentar desde las aulas el amor por M\u00e9xico al iniciar Mes Patrio - Buenos D\u00edas BCS\",\"isPartOf\":{\"@id\":\"https:\\\/\\\/buenosdiasbcs.com\\\/#website\"},\"primaryImageOfPage\":{\"@id\":\"https:\\\/\\\/buenosdiasbcs.com\\\/?p=14972#primaryimage\"},\"image\":{\"@id\":\"https:\\\/\\\/buenosdiasbcs.com\\\/?p=14972#primaryimage\"},\"thumbnailUrl\":\"https:\\\/\\\/buenosdiasbcs.com\\\/wp-content\\\/uploads\\\/2026\\\/09\\\/WhatsApp-Image-2026-09-01-at-14.12.28-1536x1023-1.jpeg\",\"datePublished\":\"2026-09-02T07:44:00+00:00\",\"breadcrumb\":{\"@id\":\"https:\\\/\\\/buenosdiasbcs.com\\\/?p=14972#breadcrumb\"},\"inLanguage\":\"es\",\"potentialAction\":[{\"@type\":\"ReadAction\",\"target\":[\"https:\\\/\\\/buenosdiasbcs.com\\\/?p=14972\"]}]},{\"@type\":\"ImageObject\",\"inLanguage\":\"es\",\"@id\":\"https:\\\/\\\/buenosdiasbcs.com\\\/?p=14972#primaryimage\",\"url\":\"https:\\\/\\\/buenosdiasbcs.com\\\/wp-content\\\/uploads\\\/2026\\\/09\\\/WhatsApp-Image-2026-09-01-at-14.12.28-1536x1023-1.jpeg\",\"contentUrl\":\"https:\\\/\\\/buenosdiasbcs.com\\\/wp-content\\\/uploads\\\/2026\\\/09\\\/WhatsApp-Image-2026-09-01-at-14.12.28-1536x1023-1.jpeg\",\"width\":1536,\"height\":1023},{\"@type\":\"BreadcrumbList\",\"@id\":\"https:\\\/\\\/buenosdiasbcs.com\\\/?p=14972#breadcrumb\",\"itemListElement\":[{\"@type\":\"ListItem\",\"position\":1,\"name\":\"Portada\",\"item\":\"https:\\\/\\\/buenosdiasbcs.com\\\/\"},{\"@type\":\"ListItem\",\"position\":2,\"name\":\"Llama Gobierno de Los Cabos a fomentar desde las aulas el amor por M\u00e9xico al iniciar Mes Patrio\"}]},{\"@type\":\"WebSite\",\"@id\":\"https:\\\/\\\/buenosdiasbcs.com\\\/#website\",\"url\":\"https:\\\/\\\/buenosdiasbcs.com\\\/\",\"name\":\"Buenos D\u00edas BCS\",\"description\":\"\",\"publisher\":{\"@id\":\"https:\\\/\\\/buenosdiasbcs.com\\\/#organization\"},\"potentialAction\":[{\"@type\":\"SearchAction\",\"target\":{\"@type\":\"EntryPoint\",\"urlTemplate\":\"https:\\\/\\\/buenosdiasbcs.com\\\/?s={search_term_string}\"},\"query-input\":{\"@type\":\"PropertyValueSpecification\",\"valueRequired\":true,\"valueName\":\"search_term_string\"}}],\"inLanguage\":\"es\"},{\"@type\":\"Organization\",\"@id\":\"https:\\\/\\\/buenosdiasbcs.com\\\/#organization\",\"name\":\"Buenos D\u00edas BCS\",\"url\":\"https:\\\/\\\/buenosdiasbcs.com\\\/\",\"logo\":{\"@type\":\"ImageObject\",\"inLanguage\":\"es\",\"@id\":\"https:\\\/\\\/buenosdiasbcs.com\\\/#\\\/schema\\\/logo\\\/image\\\/\",\"url\":\"https:\\\/\\\/buenosdiasbcs.com\\\/wp-content\\\/uploads\\\/2026\\\/01\\\/logo-buenos-dias-40-01.png\",\"contentUrl\":\"https:\\\/\\\/buenosdiasbcs.com\\\/wp-content\\\/uploads\\\/2026\\\/01\\\/logo-buenos-dias-40-01.png\",\"width\":277,\"height\":40,\"caption\":\"Buenos D\u00edas BCS\"},\"image\":{\"@id\":\"https:\\\/\\\/buenosdiasbcs.com\\\/#\\\/schema\\\/logo\\\/image\\\/\"}},{\"@type\":\"Person\",\"@id\":\"https:\\\/\\\/buenosdiasbcs.com\\\/#\\\/schema\\\/person\\\/15aedc247eab7070ee5d76d6d069a821\",\"name\":\"Edici\u00f3n Buenos D\u00edas\",\"image\":{\"@type\":\"ImageObject\",\"inLanguage\":\"es\",\"@id\":\"https:\\\/\\\/buenosdiasbcs.com\\\/wp-content\\\/uploads\\\/2026\\\/01\\\/cropped-sol-96x96.png\",\"url\":\"https:\\\/\\\/buenosdiasbcs.com\\\/wp-content\\\/uploads\\\/2026\\\/01\\\/cropped-sol-96x96.png\",\"contentUrl\":\"https:\\\/\\\/buenosdiasbcs.com\\\/wp-content\\\/uploads\\\/2026\\\/01\\\/cropped-sol-96x96.png\",\"caption\":\"Edici\u00f3n Buenos D\u00edas\"},\"url\":\"https:\\\/\\\/buenosdiasbcs.com\\\/?author=2\"}]}<\/script>\n<!-- \/ Yoast SEO Premium plugin. -->","yoast_head_json":{"title":"Llama Gobierno de Los Cabos a fomentar desde las aulas el amor por M\u00e9xico al iniciar Mes Patrio - Buenos D\u00edas BCS","robots":{"index":"index","follow":"follow","max-snippet":"max-snippet:-1","max-image-preview":"max-image-preview:large","max-video-preview":"max-video-preview:-1"},"canonical":"https:\/\/buenosdiasbcs.com\/?p=14972","og_locale":"es_ES","og_type":"article","og_title":"Llama Gobierno de Los Cabos a fomentar desde las aulas el amor por M\u00e9xico al iniciar Mes Patrio","og_description":"Los Cabos, Baja California Sur.-&nbsp;Con un llamado a fomentar desde las aulas el amor por M\u00e9xico y fortalecer el orgullo...","og_url":"https:\/\/buenosdiasbcs.com\/?p=14972","og_site_name":"Buenos D\u00edas BCS","article_published_time":"2026-09-02T07:44:00+00:00","og_image":[{"width":1536,"height":1023,"url":"https:\/\/buenosdiasbcs.com\/wp-content\/uploads\/2026\/09\/WhatsApp-Image-2026-09-01-at-14.12.28-1536x1023-1.jpeg","type":"image\/jpeg"}],"author":"Edici\u00f3n Buenos D\u00edas","twitter_card":"summary_large_image","twitter_misc":{"Escrito por":"Edici\u00f3n Buenos D\u00edas","Tiempo de lectura":"2 minutos"},"schema":{"@context":"https:\/\/schema.org","@graph":[{"@type":"Article","@id":"https:\/\/buenosdiasbcs.com\/?p=14972#article","isPartOf":{"@id":"https:\/\/buenosdiasbcs.com\/?p=14972"},"author":{"name":"Edici\u00f3n Buenos D\u00edas","@id":"https:\/\/buenosdiasbcs.com\/#\/schema\/person\/15aedc247eab7070ee5d76d6d069a821"},"headline":"Llama Gobierno de Los Cabos a fomentar desde las aulas el amor por M\u00e9xico al iniciar Mes Patrio","datePublished":"2026-09-02T07:44:00+00:00","mainEntityOfPage":{"@id":"https:\/\/buenosdiasbcs.com\/?p=14972"},"wordCount":310,"commentCount":0,"publisher":{"@id":"https:\/\/buenosdiasbcs.com\/#organization"},"image":{"@id":"https:\/\/buenosdiasbcs.com\/?p=14972#primaryimage"},"thumbnailUrl":"https:\/\/buenosdiasbcs.com\/wp-content\/uploads\/2026\/09\/WhatsApp-Image-2026-09-01-at-14.12.28-1536x1023-1.jpeg","articleSection":["Los Cabos"],"inLanguage":"es","potentialAction":[{"@type":"CommentAction","name":"Comment","target":["https:\/\/buenosdiasbcs.com\/?p=14972#respond"]}]},{"@type":"WebPage","@id":"https:\/\/buenosdiasbcs.com\/?p=14972","url":"https:\/\/buenosdiasbcs.com\/?p=14972","name":"Llama Gobierno de Los Cabos a fomentar desde las aulas el amor por M\u00e9xico al iniciar Mes Patrio - Buenos D\u00edas BCS","isPartOf":{"@id":"https:\/\/buenosdiasbcs.com\/#website"},"primaryImageOfPage":{"@id":"https:\/\/buenosdiasbcs.com\/?p=14972#primaryimage"},"image":{"@id":"https:\/\/buenosdiasbcs.com\/?p=14972#primaryimage"},"thumbnailUrl":"https:\/\/buenosdiasbcs.com\/wp-content\/uploads\/2026\/09\/WhatsApp-Image-2026-09-01-at-14.12.28-1536x1023-1.jpeg","datePublished":"2026-09-02T07:44:00+00:00","breadcrumb":{"@id":"https:\/\/buenosdiasbcs.com\/?p=14972#breadcrumb"},"inLanguage":"es","potentialAction":[{"@type":"ReadAction","target":["https:\/\/buenosdiasbcs.com\/?p=14972"]}]},{"@type":"ImageObject","inLanguage":"es","@id":"https:\/\/buenosdiasbcs.com\/?p=14972#primaryimage","url":"https:\/\/buenosdiasbcs.com\/wp-content\/uploads\/2026\/09\/WhatsApp-Image-2026-09-01-at-14.12.28-1536x1023-1.jpeg","contentUrl":"https:\/\/buenosdiasbcs.com\/wp-content\/uploads\/2026\/09\/WhatsApp-Image-2026-09-01-at-14.12.28-1536x1023-1.jpeg","width":1536,"height":1023},{"@type":"BreadcrumbList","@id":"https:\/\/buenosdiasbcs.com\/?p=14972#breadcrumb","itemListElement":[{"@type":"ListItem","position":1,"name":"Portada","item":"https:\/\/buenosdiasbcs.com\/"},{"@type":"ListItem","position":2,"name":"Llama Gobierno de Los Cabos a fomentar desde las aulas el amor por M\u00e9xico al iniciar Mes Patrio"}]},{"@type":"WebSite","@id":"https:\/\/buenosdiasbcs.com\/#website","url":"https:\/\/buenosdiasbcs.com\/","name":"Buenos D\u00edas BCS","description":"","publisher":{"@id":"https:\/\/buenosdiasbcs.com\/#organization"},"potentialAction":[{"@type":"SearchAction","target":{"@type":"EntryPoint","urlTemplate":"https:\/\/buenosdiasbcs.com\/?s={search_term_string}"},"query-input":{"@type":"PropertyValueSpecification","valueRequired":true,"valueName":"search_term_string"}}],"inLanguage":"es"},{"@type":"Organization","@id":"https:\/\/buenosdiasbcs.com\/#organization","name":"Buenos D\u00edas BCS","url":"https:\/\/buenosdiasbcs.com\/","logo":{"@type":"ImageObject","inLanguage":"es","@id":"https:\/\/buenosdiasbcs.com\/#\/schema\/logo\/image\/","url":"https:\/\/buenosdiasbcs.com\/wp-content\/uploads\/2026\/01\/logo-buenos-dias-40-01.png","contentUrl":"https:\/\/buenosdiasbcs.com\/wp-content\/uploads\/2026\/01\/logo-buenos-dias-40-01.png","width":277,"height":40,"caption":"Buenos D\u00edas BCS"},"image":{"@id":"https:\/\/buenosdiasbcs.com\/#\/schema\/logo\/image\/"}},{"@type":"Person","@id":"https:\/\/buenosdiasbcs.com\/#\/schema\/person\/15aedc247eab7070ee5d76d6d069a821","name":"Edici\u00f3n Buenos D\u00edas","image":{"@type":"ImageObject","inLanguage":"es","@id":"https:\/\/buenosdiasbcs.com\/wp-content\/uploads\/2026\/01\/cropped-sol-96x96.png","url":"https:\/\/buenosdiasbcs.com\/wp-content\/uploads\/2026\/01\/cropped-sol-96x96.png","contentUrl":"https:\/\/buenosdiasbcs.com\/wp-content\/uploads\/2026\/01\/cropped-sol-96x96.png","caption":"Edici\u00f3n Buenos D\u00edas"},"url":"https:\/\/buenosdiasbcs.com\/?author=2"}]}},"amp_enabled":true,"_links":{"self":[{"href":"https:\/\/buenosdiasbcs.com\/index.php?rest_route=\/wp\/v2\/posts\/14972","targetHints":{"allow":["GET"]}}],"collection":[{"href":"https:\/\/buenosdiasbcs.com\/index.php?rest_route=\/wp\/v2\/posts"}],"about":[{"href":"https:\/\/buenosdiasbcs.com\/index.php?rest_route=\/wp\/v2\/types\/post"}],"author":[{"embeddable":true,"href":"https:\/\/buenosdiasbcs.com\/index.php?rest_route=\/wp\/v2\/users\/2"}],"replies":[{"embeddable":true,"href":"https:\/\/buenosdiasbcs.com\/index.php?rest_route=%2Fwp%2Fv2%2Fcomments&post=14972"}],"version-history":[{"count":1,"href":"https:\/\/buenosdiasbcs.com\/index.php?rest_route=\/wp\/v2\/posts\/14972\/revisions"}],"predecessor-version":[{"id":14974,"href":"https:\/\/buenosdiasbcs.com\/index.php?rest_route=\/wp\/v2\/posts\/14972\/revisions\/14974"}],"wp:featuredmedia":[{"embeddable":true,"href":"https:\/\/buenosdiasbcs.com\/index.php?rest_route=\/wp\/v2\/media\/14973"}],"wp:attachment":[{"href":"https:\/\/buenosdiasbcs.com\/index.php?rest_route=%2Fwp%2Fv2%2Fmedia&parent=14972"}],"wp:term":[{"taxonomy":"category","embeddable":true,"href":"https:\/\/buenosdiasbcs.com\/index.php?rest_route=%2Fwp%2Fv2%2Fcategories&post=14972"},{"taxonomy":"post_tag","embeddable":true,"href":"https:\/\/buenosdiasbcs.com\/index.php?rest_route=%2Fwp%2Fv2%2Ftags&post=14972"}],"curies":[{"name":"wp","href":"https:\/\/api.w.org\/{rel}","templated":true}]}}