{"id":14950,"date":"2026-09-02T00:29:00","date_gmt":"2026-09-02T07:29:00","guid":{"rendered":"https:\/\/buenosdiasbcs.com\/?p=14950"},"modified":"2026-09-01T21:32:00","modified_gmt":"2026-09-02T04:32:00","slug":"calendario-de-pago-de-pensiones-bienestar-2026-los-depositos-de-septiembre-ya-tienen-fecha-en-bcs","status":"publish","type":"post","link":"https:\/\/buenosdiasbcs.com\/?p=14950","title":{"rendered":"Calendario de pago de Pensiones Bienestar 2026: los dep\u00f3sitos de septiembre ya tienen fecha en BCS"},"content":{"rendered":"\n<h2 id=\"h-los-depositos-de-las-pensiones-bienestar-2026-en-bcs-seran-de-manera-escalonada-y-la-fecha-dependera-de-la-primera-letra-del-apellido\" class=\"wp-block-heading\">Los dep\u00f3sitos de las Pensiones Bienestar 2026 en BCS ser\u00e1n de manera escalonada y la fecha depender\u00e1 de la primera letra del apellido.<\/h2>\n\n\n\n<p class=\"wp-block-paragraph\">La entrega de las&nbsp;<strong>Pensiones para el Bienestar<\/strong>&nbsp;correspondiente al&nbsp;<strong>bimestre septiembre-octubre<\/strong>&nbsp;ya comenz\u00f3 en&nbsp;<strong>Baja California Sur<\/strong>, al igual que&nbsp;<a href=\"https:\/\/www.posta.com.mx\/bcs\/vales-escolares-en-bcs-2026-cuanto-dan-y-quienes-pueden-recibirlos\/vl2248085\">la entrega de vales escolares.<\/a><\/p>\n\n\n\n<p class=\"wp-block-paragraph\">Los dep\u00f3sitos se realizar\u00e1n de manera escalonada en cada uno de los programas sociales durante&nbsp;<strong>septiembre<\/strong>, de acuerdo con la&nbsp;<strong>primera letra<\/strong>&nbsp;del apellido de cada beneficiario.<\/p>\n\n\n\n<h2 id=\"h-cuando-depositaran-las-nbsp-pensiones-para-el-bienestar-nbsp-de-nbsp-septiembre-nbsp-en-nbsp-baja-california-sur\" class=\"wp-block-heading\">\u00bfCu\u00e1ndo depositar\u00e1n las&nbsp;<strong>Pensiones para el Bienestar<\/strong>&nbsp;de&nbsp;<strong>septiembre<\/strong>&nbsp;en&nbsp;<strong>Baja California Sur<\/strong>?<\/h2>\n\n\n\n<p class=\"wp-block-paragraph\">La Delegaci\u00f3n de Programas para el Bienestar en&nbsp;<strong>Baja California Sur<\/strong>&nbsp;inform\u00f3 que los&nbsp;<strong>dep\u00f3sitos comenzar\u00e1n<\/strong>&nbsp;el&nbsp;<strong>martes 1 de septiembre de 2026<\/strong>&nbsp;y continuar\u00e1n hasta el&nbsp;<strong>viernes 25 de septiembre<\/strong>.<\/p>\n\n\n\n<p class=\"wp-block-paragraph\">El pago corresponde al bimestre&nbsp;<strong>septiembre-octubre de 2026<\/strong>&nbsp;y se realizar\u00e1 directamente en la&nbsp;<strong>Tarjeta del Bienestar<\/strong>, por lo que las personas beneficiarias no necesitan acudir&nbsp;<strong>a<\/strong>&nbsp;una sucursal para recibir el dep\u00f3sito.&nbsp;La&nbsp;<strong>fecha depende<\/strong>de la&nbsp;<strong>primera letra<\/strong>&nbsp;del primer apellido, por lo que el&nbsp;<strong>calendario<\/strong>&nbsp;queda de la siguiente manera:<\/p>\n\n\n\n<ul class=\"wp-block-list\">\n<li><strong>A<\/strong>: martes 1 de\u00a0<strong>septiembre<\/strong><\/li>\n\n\n\n<li><strong>B<\/strong>: mi\u00e9rcoles 2 de\u00a0<strong>septiembre<\/strong><\/li>\n\n\n\n<li><strong>C<\/strong>:\u00a0<strong>jueves 3 y viernes 4<\/strong>\u00a0de\u00a0<strong>septiembre<\/strong><\/li>\n\n\n\n<li><strong>D, E, F<\/strong>: lunes 7 de\u00a0<strong>septiembre<\/strong><\/li>\n\n\n\n<li><strong>G<\/strong>:\u00a0<strong>martes 8 y mi\u00e9rcoles 9<\/strong>\u00a0de\u00a0<strong>septiembre<\/strong><\/li>\n\n\n\n<li><strong>H, I, J, K<\/strong>: jueves 10 de\u00a0<strong>septiembre<\/strong><\/li>\n\n\n\n<li><strong>L<\/strong>: viernes 11 de\u00a0<strong>septiembre<\/strong><\/li>\n\n\n\n<li><strong>M<\/strong>:\u00a0<strong>lunes 14 y martes 15<\/strong>\u00a0de\u00a0<strong>septiembre<\/strong><\/li>\n\n\n\n<li><strong>N, \u00d1, O<\/strong>: jueves 17 de\u00a0<strong>septiembre<\/strong><\/li>\n\n\n\n<li><strong>P, Q<\/strong>: viernes 18 de\u00a0<strong>septiembre<\/strong><\/li>\n\n\n\n<li><strong>R<\/strong>:\u00a0<strong>lunes 21 y martes 22<\/strong>\u00a0de\u00a0<strong>septiembre<\/strong><\/li>\n\n\n\n<li><strong>S<\/strong>: mi\u00e9rcoles 23 de\u00a0<strong>septiembre<\/strong><\/li>\n\n\n\n<li><strong>T, U, V<\/strong>: jueves 24 de\u00a0<strong>septiembre<\/strong><\/li>\n\n\n\n<li><strong>W, X, Y, Z<\/strong>: viernes 25 de\u00a0<strong>septiembre<\/strong><\/li>\n<\/ul>\n\n\n\n<p class=\"wp-block-paragraph\">De esta forma, quienes tengan apellido que comienza con&nbsp;<strong>A<\/strong>&nbsp;son las&nbsp;<strong>primeras personas<\/strong>&nbsp;en recibir el recurso, mientras que los apellidos que comienzan con&nbsp;<strong>W, X, Y o Z<\/strong>&nbsp;tendr\u00e1n el dep\u00f3sito hasta el \u00faltimo d\u00eda establecido en el&nbsp;<strong>calendario<\/strong>.<\/p>\n\n\n\n<h2 id=\"h-cuanto-depositaran-por-cada-pension-del-bienestar-en-nbsp-septiembre-nbsp-en-nbsp-baja-california-sur\" class=\"wp-block-heading\">\u00bfCu\u00e1nto depositar\u00e1n por cada Pensi\u00f3n del Bienestar en&nbsp;<strong>septiembre<\/strong>&nbsp;en&nbsp;<strong>Baja California Sur<\/strong>?<\/h2>\n\n\n\n<p class=\"wp-block-paragraph\">Durante esta dispersi\u00f3n se entregar\u00e1n los recursos correspondientes&nbsp;<strong>a<\/strong><strong>distintos<\/strong>&nbsp;<strong>programas sociales<\/strong>; entre ellos, las&nbsp;<strong>pensiones<\/strong>&nbsp;dirigidas&nbsp;<strong>a<\/strong>&nbsp;personas adultas mayores y personas con discapacidad, adem\u00e1s de los&nbsp;<strong>apoyos para mujeres<\/strong>&nbsp;y madres trabajadoras.&nbsp;Los montos correspondientes al&nbsp;<strong>bimestre septiembre-octubre<\/strong>&nbsp;de 2026 son:<\/p>\n\n\n\n<ul class=\"wp-block-list\">\n<li><strong>Pensi\u00f3n para el Bienestar de las Personas Adultas Mayores:<\/strong>\u00a0<strong>6,400 pesos<\/strong><\/li>\n\n\n\n<li><strong>Pensi\u00f3n Mujeres Bienestar:<\/strong>\u00a0<strong>3,100 pesos<\/strong><\/li>\n\n\n\n<li><strong>Pensi\u00f3n para el Bienestar de las Personas con Discapacidad Permanente:<\/strong>\u00a0<strong>3,300 pesos<\/strong><\/li>\n\n\n\n<li><strong>Programa para el Bienestar de las Ni\u00f1as y Ni\u00f1os, Hijos de Madres Trabajadoras:<\/strong>\u00a0<strong>1,650 pesos<\/strong>\u00a0en la mayor\u00eda de los casos<\/li>\n<\/ul>\n\n\n\n<p class=\"wp-block-paragraph\">Los dep\u00f3sitos se realizan directamente&nbsp;<strong>a<\/strong>&nbsp;las cuentas de las personas derechohabientes. Una vez que el dinero aparece en la tarjeta, puede utilizarse para compras o retirarse en efectivo.<\/p>\n\n\n\n<p class=\"wp-block-paragraph\">Tambi\u00e9n es importante considerar que&nbsp;<strong>no es necesario retirar el dinero el mismo d\u00eda del dep\u00f3sito<\/strong>, ya que los recursos pueden permanecer en la cuenta para utilizarse posteriormente, por lo que cada persona puede disponer de ellos cuando lo necesite.<\/p>\n\n\n\n<p class=\"wp-block-paragraph\">El&nbsp;<strong>calendario<\/strong>&nbsp;aplica para las personas que forman parte de los programas y reciben su apoyo mediante la&nbsp;<strong>Tarjeta del Bienestar<\/strong>; de esta manera, pueden saber con anticipaci\u00f3n qu\u00e9 d\u00eda deben revisar si ya recibieron el dep\u00f3sito.&nbsp;Otro de los programas que comenz\u00f3 recientemente es<a href=\"https:\/\/www.posta.com.mx\/bcs\/credencial-del-servicio-universal-de-salud-en-bcs-para-que-sirve-y-donde-tramitarla\/vl2242660#google_vignette\">&nbsp;el servicio universal de salud, dirigido principalmente a adultos mayores.<\/a><\/p>\n\n\n\n<h2 id=\"h-donde-estan-las-sucursales-del-nbsp-banco-del-bienestar-en-en-nbsp-baja-california-sur\" class=\"wp-block-heading\">\u00bfD\u00f3nde est\u00e1n las sucursales del&nbsp;<strong>Banco del Bienestar<\/strong>en en&nbsp;<strong>Baja California Sur<\/strong>?<\/h2>\n\n\n\n<p class=\"wp-block-paragraph\">Para quienes necesiten retirar efectivo, el estado cuenta con sucursales del&nbsp;<strong>Banco del Bienestar<\/strong>&nbsp;distribuidas en sus&nbsp;<strong>cinco municipios<\/strong>, que son las siguientes:<\/p>\n\n\n\n<h3 id=\"h-comondu\" class=\"wp-block-heading\"><strong>Comond\u00fa<\/strong><\/h3>\n\n\n\n<ul class=\"wp-block-list\">\n<li><strong>Ciudad Constituci\u00f3n:\u00a0<\/strong><strong>blvd. Agust\u00edn Olachea Avil\u00e9s<\/strong>\u00a0<strong>s<\/strong>\/n,\u00a0<strong>colonia Centro<\/strong>. Se encuentra entre Miguel Hidalgo y Costilla y Nicol\u00e1s Bravo,\u00a0<strong>a<\/strong>\u00a0un costado de las instalaciones de SADER.<\/li>\n\n\n\n<li><strong>Ciudad Insurgentes: c<\/strong>alle Adolfo L\u00f3pez Mateos\u00a0<strong>s<\/strong>\/n,\u00a0<strong>colonia Centro<\/strong>. Est\u00e1 entre Miguel Hidalgo y Costilla y Belisario Dom\u00ednguez,\u00a0<strong>a<\/strong>\u00a0una cuadra de Minis\u00faper Melvis.<\/li>\n<\/ul>\n\n\n\n<h3 id=\"h-la-paz-nbsp\" class=\"wp-block-heading\"><strong>La Paz<\/strong>:&nbsp;<\/h3>\n\n\n\n<ul class=\"wp-block-list\">\n<li><strong>c<\/strong>alle Francisco I. Madero 426,\u00a0<strong>colonia Zona Central<\/strong>. Entre Constituci\u00f3n y 5 de Mayo.<\/li>\n\n\n\n<li><strong>La Paz \u2013 Las Garzas: c<\/strong>alle Jalisco\u00a0<strong>s<\/strong>\/n,\u00a0<strong>colonia Las Garzas<\/strong>. Entre Antonio \u00c1lvarez Rico y Agust\u00edn Olachea Avil\u00e9s,\u00a0<strong>a<\/strong>\u00a0un costado de la Biblioteca P\u00fablica Leopoldo Ramos.<\/li>\n<\/ul>\n\n\n\n<h3 id=\"h-loreto\" class=\"wp-block-heading\"><strong>Loreto<\/strong><\/h3>\n\n\n\n<ul class=\"wp-block-list\">\n<li><strong>Calle Escuela Preparatoria<\/strong>\u00a0<strong>s<\/strong>\/n,\u00a0<strong>colonia Exploradores<\/strong>. Entre Nicol\u00e1s Tamaral y carretera\u00a0<strong>Loreto<\/strong>&#8211;<strong>Santa Rosal\u00eda<\/strong>, aproximadamente\u00a0<strong>a<\/strong>\u00a0100 metros del pante\u00f3n.<\/li>\n<\/ul>\n\n\n\n<h3 id=\"h-los-cabos\" class=\"wp-block-heading\"><strong>Los Cabos<\/strong><\/h3>\n\n\n\n<ul class=\"wp-block-list\">\n<li><strong>Cabo San Lucas:\u00a0<\/strong><strong>calle Chapultepec<\/strong>\u00a0<strong>s<\/strong>\/n.<\/li>\n\n\n\n<li><strong>San Jos\u00e9 del Cabo:\u00a0<\/strong><strong>calle Ignacio Manuel Altamirano<\/strong>\u00a0<strong>s<\/strong>\/n.<\/li>\n<\/ul>\n\n\n\n<h3 id=\"h-mulege\" class=\"wp-block-heading\"><strong>Muleg\u00e9<\/strong><\/h3>\n\n\n\n<ul class=\"wp-block-list\">\n<li><strong>Guerrero Negro:\u00a0<\/strong><strong>calle Profesora Josefina Flores Estrada<\/strong>\u00a0<strong>s<\/strong>\/n,\u00a0<strong>colonia Centro<\/strong>. Entre Adolfo Ruiz Cortines y Manuel Alem\u00e1n Valdez,\u00a0<strong>a<\/strong>\u00a0un costado del CETMAR 21.<\/li>\n\n\n\n<li><strong>Santa Rosal\u00eda:\u00a0<\/strong><strong>calle Carlos Moreno<\/strong>\u00a0<strong>s<\/strong>\/n,\u00a0<strong>colonia Deportiva<\/strong>. Entre Del Yeso y 8 de Octubre, aproximadamente\u00a0<strong>a<\/strong>\u00a0100 metros del COBACH.<\/li>\n\n\n\n<li><strong>Villa Alberto Andr\u00e9s Alvarado Ar\u00e1mburo:\u00a0<\/strong><strong>calle 24 de Agosto<\/strong>\u00a0<strong>s<\/strong>\/n. Entre Lic. Hugo Cervantes del R\u00edo y Benito Ju\u00e1rez,\u00a0<strong>a<\/strong>\u00a0100 metros de Telecomm-Tel\u00e9grafos.<\/li>\n<\/ul>\n\n\n\n<p class=\"wp-block-paragraph\">Las personas beneficiarias pueden consultar su&nbsp;<strong>fecha de pago<\/strong>&nbsp;tomando como referencia la&nbsp;<strong>primera letra<\/strong>&nbsp;de su primer apellido y esperar el dep\u00f3sito directamente en su&nbsp;<strong>Tarjeta del Bienestar<\/strong>.&nbsp;<strong>L<\/strong><strong>a<\/strong>&nbsp;entrega de los apoyos continuar\u00e1 durante&nbsp;<strong>septiembre<\/strong>&nbsp;hasta completar el&nbsp;<strong>calendario<\/strong>&nbsp;correspondiente al bimestre.<\/p>\n\n\n\n<p class=\"wp-block-paragraph\">Tambi\u00e9n es importante tener&nbsp;<strong>precauci\u00f3n<\/strong>&nbsp;ante posibles&nbsp;<strong>fraudes<\/strong>&nbsp;relacionados con&nbsp;<strong>programas sociales<\/strong>,&nbsp;<a href=\"https:\/\/www.posta.com.mx\/bcs\/congreso-de-bcs-busca-aumentar-penas-por-fraude-en-programas-sociales\/vl2205659\">ya que pueden presentarse a trav\u00e9s de plataformas digitales, redes sociales o aplicaciones de mensajer\u00eda como WhatsApp.<\/a><\/p>\n\n\n\n<p class=\"wp-block-paragraph\"><\/p>\n","protected":false},"excerpt":{"rendered":"<p>Los dep\u00f3sitos de las Pensiones Bienestar 2026 en BCS ser\u00e1n de manera escalonada y la fecha depender\u00e1 de la primera&#8230;<\/p>\n","protected":false},"author":2,"featured_media":14952,"comment_status":"open","ping_status":"open","sticky":false,"template":"","format":"standard","meta":{"footnotes":""},"categories":[25],"tags":[],"class_list":["post-14950","post","type-post","status-publish","format-standard","has-post-thumbnail","hentry","category-sociedad"],"yoast_head":"<!-- This site is optimized with the Yoast SEO Premium plugin v26.8 (Yoast SEO v28.4) - https:\/\/yoast.com\/product\/yoast-seo-premium-wordpress\/ -->\n<title>Calendario de pago de Pensiones Bienestar 2026: los dep\u00f3sitos de septiembre ya tienen fecha en BCS - Buenos D\u00edas BCS<\/title>\n<meta name=\"robots\" content=\"index, follow, max-snippet:-1, max-image-preview:large, max-video-preview:-1\" \/>\n<link rel=\"canonical\" href=\"https:\/\/buenosdiasbcs.com\/?p=14950\" \/>\n<meta property=\"og:locale\" content=\"es_ES\" \/>\n<meta property=\"og:type\" content=\"article\" \/>\n<meta property=\"og:title\" content=\"Calendario de pago de Pensiones Bienestar 2026: los dep\u00f3sitos de septiembre ya tienen fecha en BCS\" \/>\n<meta property=\"og:description\" content=\"Los dep\u00f3sitos de las Pensiones Bienestar 2026 en BCS ser\u00e1n de manera escalonada y la fecha depender\u00e1 de la primera...\" \/>\n<meta property=\"og:url\" content=\"https:\/\/buenosdiasbcs.com\/?p=14950\" \/>\n<meta property=\"og:site_name\" content=\"Buenos D\u00edas BCS\" \/>\n<meta property=\"article:published_time\" content=\"2026-09-02T07:29:00+00:00\" \/>\n<meta property=\"og:image\" content=\"https:\/\/buenosdiasbcs.com\/wp-content\/uploads\/2026\/09\/calendario-de-pago-de-pensiones-bienestar-2026-los-depositos-de-septiembre-ya-tienen-fecha-en-bcs-ab87ab5d-focus-0-0-1479-828.webp\" \/>\n\t<meta property=\"og:image:width\" content=\"1280\" \/>\n\t<meta property=\"og:image:height\" content=\"720\" \/>\n\t<meta property=\"og:image:type\" content=\"image\/webp\" \/>\n<meta name=\"author\" content=\"Edici\u00f3n Buenos D\u00edas\" \/>\n<meta name=\"twitter:card\" content=\"summary_large_image\" \/>\n<meta name=\"twitter:label1\" content=\"Escrito por\" \/>\n\t<meta name=\"twitter:data1\" content=\"Edici\u00f3n Buenos D\u00edas\" \/>\n\t<meta name=\"twitter:label2\" content=\"Tiempo de lectura\" \/>\n\t<meta name=\"twitter:data2\" content=\"5 minutos\" \/>\n<script type=\"application\/ld+json\" class=\"yoast-schema-graph\">{\"@context\":\"https:\\\/\\\/schema.org\",\"@graph\":[{\"@type\":\"Article\",\"@id\":\"https:\\\/\\\/buenosdiasbcs.com\\\/?p=14950#article\",\"isPartOf\":{\"@id\":\"https:\\\/\\\/buenosdiasbcs.com\\\/?p=14950\"},\"author\":{\"name\":\"Edici\u00f3n Buenos D\u00edas\",\"@id\":\"https:\\\/\\\/buenosdiasbcs.com\\\/#\\\/schema\\\/person\\\/15aedc247eab7070ee5d76d6d069a821\"},\"headline\":\"Calendario de pago de Pensiones Bienestar 2026: los dep\u00f3sitos de septiembre ya tienen fecha en BCS\",\"datePublished\":\"2026-09-02T07:29:00+00:00\",\"mainEntityOfPage\":{\"@id\":\"https:\\\/\\\/buenosdiasbcs.com\\\/?p=14950\"},\"wordCount\":984,\"commentCount\":0,\"publisher\":{\"@id\":\"https:\\\/\\\/buenosdiasbcs.com\\\/#organization\"},\"image\":{\"@id\":\"https:\\\/\\\/buenosdiasbcs.com\\\/?p=14950#primaryimage\"},\"thumbnailUrl\":\"https:\\\/\\\/buenosdiasbcs.com\\\/wp-content\\\/uploads\\\/2026\\\/09\\\/calendario-de-pago-de-pensiones-bienestar-2026-los-depositos-de-septiembre-ya-tienen-fecha-en-bcs-ab87ab5d-focus-0-0-1479-828.webp\",\"articleSection\":[\"Sociedad\"],\"inLanguage\":\"es\",\"potentialAction\":[{\"@type\":\"CommentAction\",\"name\":\"Comment\",\"target\":[\"https:\\\/\\\/buenosdiasbcs.com\\\/?p=14950#respond\"]}]},{\"@type\":\"WebPage\",\"@id\":\"https:\\\/\\\/buenosdiasbcs.com\\\/?p=14950\",\"url\":\"https:\\\/\\\/buenosdiasbcs.com\\\/?p=14950\",\"name\":\"Calendario de pago de Pensiones Bienestar 2026: los dep\u00f3sitos de septiembre ya tienen fecha en BCS - Buenos D\u00edas BCS\",\"isPartOf\":{\"@id\":\"https:\\\/\\\/buenosdiasbcs.com\\\/#website\"},\"primaryImageOfPage\":{\"@id\":\"https:\\\/\\\/buenosdiasbcs.com\\\/?p=14950#primaryimage\"},\"image\":{\"@id\":\"https:\\\/\\\/buenosdiasbcs.com\\\/?p=14950#primaryimage\"},\"thumbnailUrl\":\"https:\\\/\\\/buenosdiasbcs.com\\\/wp-content\\\/uploads\\\/2026\\\/09\\\/calendario-de-pago-de-pensiones-bienestar-2026-los-depositos-de-septiembre-ya-tienen-fecha-en-bcs-ab87ab5d-focus-0-0-1479-828.webp\",\"datePublished\":\"2026-09-02T07:29:00+00:00\",\"breadcrumb\":{\"@id\":\"https:\\\/\\\/buenosdiasbcs.com\\\/?p=14950#breadcrumb\"},\"inLanguage\":\"es\",\"potentialAction\":[{\"@type\":\"ReadAction\",\"target\":[\"https:\\\/\\\/buenosdiasbcs.com\\\/?p=14950\"]}]},{\"@type\":\"ImageObject\",\"inLanguage\":\"es\",\"@id\":\"https:\\\/\\\/buenosdiasbcs.com\\\/?p=14950#primaryimage\",\"url\":\"https:\\\/\\\/buenosdiasbcs.com\\\/wp-content\\\/uploads\\\/2026\\\/09\\\/calendario-de-pago-de-pensiones-bienestar-2026-los-depositos-de-septiembre-ya-tienen-fecha-en-bcs-ab87ab5d-focus-0-0-1479-828.webp\",\"contentUrl\":\"https:\\\/\\\/buenosdiasbcs.com\\\/wp-content\\\/uploads\\\/2026\\\/09\\\/calendario-de-pago-de-pensiones-bienestar-2026-los-depositos-de-septiembre-ya-tienen-fecha-en-bcs-ab87ab5d-focus-0-0-1479-828.webp\",\"width\":1280,\"height\":720},{\"@type\":\"BreadcrumbList\",\"@id\":\"https:\\\/\\\/buenosdiasbcs.com\\\/?p=14950#breadcrumb\",\"itemListElement\":[{\"@type\":\"ListItem\",\"position\":1,\"name\":\"Portada\",\"item\":\"https:\\\/\\\/buenosdiasbcs.com\\\/\"},{\"@type\":\"ListItem\",\"position\":2,\"name\":\"Calendario de pago de Pensiones Bienestar 2026: los dep\u00f3sitos de septiembre ya tienen fecha en BCS\"}]},{\"@type\":\"WebSite\",\"@id\":\"https:\\\/\\\/buenosdiasbcs.com\\\/#website\",\"url\":\"https:\\\/\\\/buenosdiasbcs.com\\\/\",\"name\":\"Buenos D\u00edas BCS\",\"description\":\"\",\"publisher\":{\"@id\":\"https:\\\/\\\/buenosdiasbcs.com\\\/#organization\"},\"potentialAction\":[{\"@type\":\"SearchAction\",\"target\":{\"@type\":\"EntryPoint\",\"urlTemplate\":\"https:\\\/\\\/buenosdiasbcs.com\\\/?s={search_term_string}\"},\"query-input\":{\"@type\":\"PropertyValueSpecification\",\"valueRequired\":true,\"valueName\":\"search_term_string\"}}],\"inLanguage\":\"es\"},{\"@type\":\"Organization\",\"@id\":\"https:\\\/\\\/buenosdiasbcs.com\\\/#organization\",\"name\":\"Buenos D\u00edas BCS\",\"url\":\"https:\\\/\\\/buenosdiasbcs.com\\\/\",\"logo\":{\"@type\":\"ImageObject\",\"inLanguage\":\"es\",\"@id\":\"https:\\\/\\\/buenosdiasbcs.com\\\/#\\\/schema\\\/logo\\\/image\\\/\",\"url\":\"https:\\\/\\\/buenosdiasbcs.com\\\/wp-content\\\/uploads\\\/2026\\\/01\\\/logo-buenos-dias-40-01.png\",\"contentUrl\":\"https:\\\/\\\/buenosdiasbcs.com\\\/wp-content\\\/uploads\\\/2026\\\/01\\\/logo-buenos-dias-40-01.png\",\"width\":277,\"height\":40,\"caption\":\"Buenos D\u00edas BCS\"},\"image\":{\"@id\":\"https:\\\/\\\/buenosdiasbcs.com\\\/#\\\/schema\\\/logo\\\/image\\\/\"}},{\"@type\":\"Person\",\"@id\":\"https:\\\/\\\/buenosdiasbcs.com\\\/#\\\/schema\\\/person\\\/15aedc247eab7070ee5d76d6d069a821\",\"name\":\"Edici\u00f3n Buenos D\u00edas\",\"image\":{\"@type\":\"ImageObject\",\"inLanguage\":\"es\",\"@id\":\"https:\\\/\\\/buenosdiasbcs.com\\\/wp-content\\\/uploads\\\/2026\\\/01\\\/cropped-sol-96x96.png\",\"url\":\"https:\\\/\\\/buenosdiasbcs.com\\\/wp-content\\\/uploads\\\/2026\\\/01\\\/cropped-sol-96x96.png\",\"contentUrl\":\"https:\\\/\\\/buenosdiasbcs.com\\\/wp-content\\\/uploads\\\/2026\\\/01\\\/cropped-sol-96x96.png\",\"caption\":\"Edici\u00f3n Buenos D\u00edas\"},\"url\":\"https:\\\/\\\/buenosdiasbcs.com\\\/?author=2\"}]}<\/script>\n<!-- \/ Yoast SEO Premium plugin. -->","yoast_head_json":{"title":"Calendario de pago de Pensiones Bienestar 2026: los dep\u00f3sitos de septiembre ya tienen fecha en BCS - Buenos D\u00edas BCS","robots":{"index":"index","follow":"follow","max-snippet":"max-snippet:-1","max-image-preview":"max-image-preview:large","max-video-preview":"max-video-preview:-1"},"canonical":"https:\/\/buenosdiasbcs.com\/?p=14950","og_locale":"es_ES","og_type":"article","og_title":"Calendario de pago de Pensiones Bienestar 2026: los dep\u00f3sitos de septiembre ya tienen fecha en BCS","og_description":"Los dep\u00f3sitos de las Pensiones Bienestar 2026 en BCS ser\u00e1n de manera escalonada y la fecha depender\u00e1 de la primera...","og_url":"https:\/\/buenosdiasbcs.com\/?p=14950","og_site_name":"Buenos D\u00edas BCS","article_published_time":"2026-09-02T07:29:00+00:00","og_image":[{"width":1280,"height":720,"url":"https:\/\/buenosdiasbcs.com\/wp-content\/uploads\/2026\/09\/calendario-de-pago-de-pensiones-bienestar-2026-los-depositos-de-septiembre-ya-tienen-fecha-en-bcs-ab87ab5d-focus-0-0-1479-828.webp","type":"image\/webp"}],"author":"Edici\u00f3n Buenos D\u00edas","twitter_card":"summary_large_image","twitter_misc":{"Escrito por":"Edici\u00f3n Buenos D\u00edas","Tiempo de lectura":"5 minutos"},"schema":{"@context":"https:\/\/schema.org","@graph":[{"@type":"Article","@id":"https:\/\/buenosdiasbcs.com\/?p=14950#article","isPartOf":{"@id":"https:\/\/buenosdiasbcs.com\/?p=14950"},"author":{"name":"Edici\u00f3n Buenos D\u00edas","@id":"https:\/\/buenosdiasbcs.com\/#\/schema\/person\/15aedc247eab7070ee5d76d6d069a821"},"headline":"Calendario de pago de Pensiones Bienestar 2026: los dep\u00f3sitos de septiembre ya tienen fecha en BCS","datePublished":"2026-09-02T07:29:00+00:00","mainEntityOfPage":{"@id":"https:\/\/buenosdiasbcs.com\/?p=14950"},"wordCount":984,"commentCount":0,"publisher":{"@id":"https:\/\/buenosdiasbcs.com\/#organization"},"image":{"@id":"https:\/\/buenosdiasbcs.com\/?p=14950#primaryimage"},"thumbnailUrl":"https:\/\/buenosdiasbcs.com\/wp-content\/uploads\/2026\/09\/calendario-de-pago-de-pensiones-bienestar-2026-los-depositos-de-septiembre-ya-tienen-fecha-en-bcs-ab87ab5d-focus-0-0-1479-828.webp","articleSection":["Sociedad"],"inLanguage":"es","potentialAction":[{"@type":"CommentAction","name":"Comment","target":["https:\/\/buenosdiasbcs.com\/?p=14950#respond"]}]},{"@type":"WebPage","@id":"https:\/\/buenosdiasbcs.com\/?p=14950","url":"https:\/\/buenosdiasbcs.com\/?p=14950","name":"Calendario de pago de Pensiones Bienestar 2026: los dep\u00f3sitos de septiembre ya tienen fecha en BCS - Buenos D\u00edas BCS","isPartOf":{"@id":"https:\/\/buenosdiasbcs.com\/#website"},"primaryImageOfPage":{"@id":"https:\/\/buenosdiasbcs.com\/?p=14950#primaryimage"},"image":{"@id":"https:\/\/buenosdiasbcs.com\/?p=14950#primaryimage"},"thumbnailUrl":"https:\/\/buenosdiasbcs.com\/wp-content\/uploads\/2026\/09\/calendario-de-pago-de-pensiones-bienestar-2026-los-depositos-de-septiembre-ya-tienen-fecha-en-bcs-ab87ab5d-focus-0-0-1479-828.webp","datePublished":"2026-09-02T07:29:00+00:00","breadcrumb":{"@id":"https:\/\/buenosdiasbcs.com\/?p=14950#breadcrumb"},"inLanguage":"es","potentialAction":[{"@type":"ReadAction","target":["https:\/\/buenosdiasbcs.com\/?p=14950"]}]},{"@type":"ImageObject","inLanguage":"es","@id":"https:\/\/buenosdiasbcs.com\/?p=14950#primaryimage","url":"https:\/\/buenosdiasbcs.com\/wp-content\/uploads\/2026\/09\/calendario-de-pago-de-pensiones-bienestar-2026-los-depositos-de-septiembre-ya-tienen-fecha-en-bcs-ab87ab5d-focus-0-0-1479-828.webp","contentUrl":"https:\/\/buenosdiasbcs.com\/wp-content\/uploads\/2026\/09\/calendario-de-pago-de-pensiones-bienestar-2026-los-depositos-de-septiembre-ya-tienen-fecha-en-bcs-ab87ab5d-focus-0-0-1479-828.webp","width":1280,"height":720},{"@type":"BreadcrumbList","@id":"https:\/\/buenosdiasbcs.com\/?p=14950#breadcrumb","itemListElement":[{"@type":"ListItem","position":1,"name":"Portada","item":"https:\/\/buenosdiasbcs.com\/"},{"@type":"ListItem","position":2,"name":"Calendario de pago de Pensiones Bienestar 2026: los dep\u00f3sitos de septiembre ya tienen fecha en BCS"}]},{"@type":"WebSite","@id":"https:\/\/buenosdiasbcs.com\/#website","url":"https:\/\/buenosdiasbcs.com\/","name":"Buenos D\u00edas BCS","description":"","publisher":{"@id":"https:\/\/buenosdiasbcs.com\/#organization"},"potentialAction":[{"@type":"SearchAction","target":{"@type":"EntryPoint","urlTemplate":"https:\/\/buenosdiasbcs.com\/?s={search_term_string}"},"query-input":{"@type":"PropertyValueSpecification","valueRequired":true,"valueName":"search_term_string"}}],"inLanguage":"es"},{"@type":"Organization","@id":"https:\/\/buenosdiasbcs.com\/#organization","name":"Buenos D\u00edas BCS","url":"https:\/\/buenosdiasbcs.com\/","logo":{"@type":"ImageObject","inLanguage":"es","@id":"https:\/\/buenosdiasbcs.com\/#\/schema\/logo\/image\/","url":"https:\/\/buenosdiasbcs.com\/wp-content\/uploads\/2026\/01\/logo-buenos-dias-40-01.png","contentUrl":"https:\/\/buenosdiasbcs.com\/wp-content\/uploads\/2026\/01\/logo-buenos-dias-40-01.png","width":277,"height":40,"caption":"Buenos D\u00edas BCS"},"image":{"@id":"https:\/\/buenosdiasbcs.com\/#\/schema\/logo\/image\/"}},{"@type":"Person","@id":"https:\/\/buenosdiasbcs.com\/#\/schema\/person\/15aedc247eab7070ee5d76d6d069a821","name":"Edici\u00f3n Buenos D\u00edas","image":{"@type":"ImageObject","inLanguage":"es","@id":"https:\/\/buenosdiasbcs.com\/wp-content\/uploads\/2026\/01\/cropped-sol-96x96.png","url":"https:\/\/buenosdiasbcs.com\/wp-content\/uploads\/2026\/01\/cropped-sol-96x96.png","contentUrl":"https:\/\/buenosdiasbcs.com\/wp-content\/uploads\/2026\/01\/cropped-sol-96x96.png","caption":"Edici\u00f3n Buenos D\u00edas"},"url":"https:\/\/buenosdiasbcs.com\/?author=2"}]}},"amp_enabled":true,"_links":{"self":[{"href":"https:\/\/buenosdiasbcs.com\/index.php?rest_route=\/wp\/v2\/posts\/14950","targetHints":{"allow":["GET"]}}],"collection":[{"href":"https:\/\/buenosdiasbcs.com\/index.php?rest_route=\/wp\/v2\/posts"}],"about":[{"href":"https:\/\/buenosdiasbcs.com\/index.php?rest_route=\/wp\/v2\/types\/post"}],"author":[{"embeddable":true,"href":"https:\/\/buenosdiasbcs.com\/index.php?rest_route=\/wp\/v2\/users\/2"}],"replies":[{"embeddable":true,"href":"https:\/\/buenosdiasbcs.com\/index.php?rest_route=%2Fwp%2Fv2%2Fcomments&post=14950"}],"version-history":[{"count":1,"href":"https:\/\/buenosdiasbcs.com\/index.php?rest_route=\/wp\/v2\/posts\/14950\/revisions"}],"predecessor-version":[{"id":14953,"href":"https:\/\/buenosdiasbcs.com\/index.php?rest_route=\/wp\/v2\/posts\/14950\/revisions\/14953"}],"wp:featuredmedia":[{"embeddable":true,"href":"https:\/\/buenosdiasbcs.com\/index.php?rest_route=\/wp\/v2\/media\/14952"}],"wp:attachment":[{"href":"https:\/\/buenosdiasbcs.com\/index.php?rest_route=%2Fwp%2Fv2%2Fmedia&parent=14950"}],"wp:term":[{"taxonomy":"category","embeddable":true,"href":"https:\/\/buenosdiasbcs.com\/index.php?rest_route=%2Fwp%2Fv2%2Fcategories&post=14950"},{"taxonomy":"post_tag","embeddable":true,"href":"https:\/\/buenosdiasbcs.com\/index.php?rest_route=%2Fwp%2Fv2%2Ftags&post=14950"}],"curies":[{"name":"wp","href":"https:\/\/api.w.org\/{rel}","templated":true}]}}