{"id":14943,"date":"2026-09-02T00:25:00","date_gmt":"2026-09-02T07:25:00","guid":{"rendered":"https:\/\/buenosdiasbcs.com\/?p=14943"},"modified":"2026-09-01T21:27:15","modified_gmt":"2026-09-02T04:27:15","slug":"edificio-en-valle-del-mezquite-que-llevaba-anos-con-grietas-colapsa-tras-las-lluvias-en-la-paz","status":"publish","type":"post","link":"https:\/\/buenosdiasbcs.com\/?p=14943","title":{"rendered":"Edificio en Valle del Mezquite que llevaba a\u00f1os con grietas colapsa tras las lluvias en La Paz"},"content":{"rendered":"\n<h2 id=\"h-el-edificio-en-valle-del-mezquite-ya-habia-sido-senalado-por-habitantes-debido-al-riesgo-que-representaba-por-sus-danos-estructurales\" class=\"wp-block-heading\">El Edificio en Valle del Mezquite ya hab\u00eda sido se\u00f1alado por habitantes debido al riesgo que representaba por sus da\u00f1os estructurales.<\/h2>\n\n\n\n<p class=\"wp-block-paragraph\">Colapso parcial en un inmueble de Valle del Mezquite tras las lluvias; a la izquierda se observan los escombros ca\u00eddos y a la derecha una marcada separaci\u00f3n en la estructura. Foto: Facebook \/ Alicia Jacobo Mart\u00ednez<\/p>\n\n\n\n<p class=\"wp-block-paragraph\"><a href=\"https:\/\/www.posta.com.mx\/mexico\/denuncian-vecinos-de-valle-del-mezquite-demora-en-evaluacion-de-danos\/vl1611237\">Un edificio de Valle del Mezquite, cuyos vecinos hab\u00edan alertado durante a\u00f1os sobre las condiciones del inmueble<\/a>,&nbsp;<strong>colaps\u00f3<\/strong>&nbsp;tras las&nbsp;<strong>recientes lluvias<\/strong>registradas en La Paz.<\/p>\n\n\n\n<p class=\"wp-block-paragraph\">El edificio ya contaba con un&nbsp;<strong>dictamen de Protecci\u00f3n Civil<\/strong>&nbsp;que se\u00f1alaba que representaba un&nbsp;<strong>riesgo<\/strong>&nbsp;para las personas que lo&nbsp;<strong>habitaban<\/strong>.<\/p>\n\n\n\n<h2 id=\"h-que-se-sabe-sobre-el-edificio-de-nbsp-valle-del-mezquite-que-nbsp-colapso-nbsp-tras-las-lluvias-en-la-paz\" class=\"wp-block-heading\">\u00bfQu\u00e9 se sabe sobre el edificio de&nbsp;<strong>Valle del Mezquite<\/strong>que&nbsp;<strong>colaps\u00f3<\/strong>&nbsp;tras las lluvias en La Paz?<\/h2>\n\n\n\n<p class=\"wp-block-paragraph\"><strong>Vecinos<\/strong>&nbsp;de&nbsp;<strong>Valle del Mezquite<\/strong>&nbsp;reportaron que parte de la&nbsp;<strong>estructura<\/strong>&nbsp;de uno de los edificios habitacionales se desplom\u00f3 despu\u00e9s de las lluvias registradas este lunes&nbsp;<strong>31 de agosto<\/strong>&nbsp;en La Paz.<\/p>\n\n\n\n<p class=\"wp-block-paragraph\">El hecho fue reportado inicialmente por&nbsp;<strong>M\u00e1s Noticias de BCS<\/strong>, medio que comparti\u00f3&nbsp;<strong>im\u00e1genes<\/strong>&nbsp;de los&nbsp;<strong>da\u00f1os<\/strong>. De acuerdo con la informaci\u00f3n publicada, la&nbsp;<strong>parte superior<\/strong>&nbsp;del inmueble sufri\u00f3 un&nbsp;<strong>colapso<\/strong>&nbsp;y qued\u00f3 expuesta una zona de la&nbsp;<strong>estructura<\/strong>&nbsp;que ya presentaba&nbsp;<strong>da\u00f1os<\/strong>.<\/p>\n\n\n\n<p class=\"wp-block-paragraph\">Las&nbsp;<strong>im\u00e1genes<\/strong>&nbsp;tambi\u00e9n muestran la separaci\u00f3n de algunas paredes y las&nbsp;<strong>afectaciones<\/strong>&nbsp;que han ido aumentando con el paso del&nbsp;<strong>tiempo<\/strong>.<\/p>\n\n\n\n<p class=\"wp-block-paragraph\">El&nbsp;<strong>problema<\/strong>&nbsp;no comenz\u00f3 con las lluvias de este lunes, ya que los habitantes de la zona llevan varios a\u00f1os se\u00f1alando la presencia de&nbsp;<strong>grietas<\/strong>&nbsp;y fracturas en los edificios, principalmente en uno de los conjuntos habitacionales que cuenta con&nbsp;<strong>12 departamentos<\/strong>.<\/p>\n\n\n\n<p class=\"wp-block-paragraph\">En agosto de&nbsp;<strong>2026<\/strong>, el secretario general del Ayuntamiento de La Paz,&nbsp;<strong>Jeh\u00fa Fernando V\u00e1zquez Sav\u00edn<\/strong>, confirm\u00f3 que existe un&nbsp;<strong>dictamen de Protecci\u00f3n Civil<\/strong>&nbsp;que se\u00f1ala que el inmueble representa un&nbsp;<strong>riesgo<\/strong>&nbsp;para ser habitado.&nbsp;<\/p>\n\n\n\n<p class=\"wp-block-paragraph\">Seg\u00fan explic\u00f3, el&nbsp;<strong>primer dictamen<\/strong>&nbsp;fue emitido en&nbsp;<strong>2022<\/strong>&nbsp;y posteriormente fue actualizado; adem\u00e1s,&nbsp;se\u00f1al\u00f3 que el&nbsp;<strong>documento<\/strong>&nbsp;m\u00e1s reciente, realizado en&nbsp;<strong>2026<\/strong>, mantiene la conclusi\u00f3n de que existe&nbsp;<strong>riesgo<\/strong>&nbsp;de habitar el edificio y que lo recomendable es&nbsp;<strong>desalojarlo<\/strong>.<\/p>\n\n\n\n<p class=\"wp-block-paragraph\">Un reporte publicado el 13 de agosto de&nbsp;<strong>2026<\/strong>&nbsp;se\u00f1al\u00f3 que&nbsp;<strong>familias<\/strong>&nbsp;del edificio 40 continuaban viviendo en departamentos con&nbsp;<strong>grietas<\/strong>&nbsp;y otros&nbsp;<strong>da\u00f1os<\/strong>, pese a que los residentes aseguraban contar con un&nbsp;<strong>dictamen<\/strong>&nbsp;que advert\u00eda que el inmueble no era apto para ser habitado.<\/p>\n\n\n\n<p class=\"wp-block-paragraph\">Con las&nbsp;<strong>precipitaciones recientes<\/strong>, el&nbsp;<strong>deterioro<\/strong>&nbsp;volvi\u00f3 a quedar expuesto y ahora los&nbsp;<strong>vecinos<\/strong>&nbsp;reportan el&nbsp;<strong>desplome<\/strong>&nbsp;de una parte de la&nbsp;<strong>estructura<\/strong>.<\/p>\n\n\n\n<h2 id=\"h-desde-cuando-tienen-problemas-los-edificios-en-nbsp-valle-del-mezquite\" class=\"wp-block-heading\">\u00bfDesde cu\u00e1ndo tienen problemas los edificios en&nbsp;<strong>Valle del Mezquite<\/strong>?<\/h2>\n\n\n\n<p class=\"wp-block-paragraph\">En&nbsp;<strong>2024<\/strong>,&nbsp;<strong>POSTA Baja California Sur<\/strong>&nbsp;document\u00f3 el caso de los edificios 41 y 42, donde una enorme&nbsp;<strong>fisura<\/strong>&nbsp;hab\u00eda provocado&nbsp;<strong>preocupaci\u00f3n<\/strong>&nbsp;entre las&nbsp;<strong>familias<\/strong>que viv\u00edan en el lugar.<\/p>\n\n\n\n<p class=\"wp-block-paragraph\">En ese momento, residentes explicaron que las&nbsp;<strong>grietas<\/strong>&nbsp;hab\u00edan aumentado y que algunas&nbsp;<strong>estructuras<\/strong>&nbsp;comenzaban a separarse, tambi\u00e9n se\u00f1alaron que durante las lluvias el agua se filtraba en diferentes puntos de los inmuebles.<\/p>\n\n\n\n<p class=\"wp-block-paragraph\"><a href=\"https:\/\/www.posta.com.mx\/mexico\/aseguradora-evalua-danos-en-valle-del-mezquite\/vl1609936\">En septiembre de 2024, una aseguradora realiz\u00f3 una revisi\u00f3n de los edificios afectados<\/a>, el t\u00e9cnico&nbsp;<strong>David Caballero<\/strong>&nbsp;explic\u00f3 entonces que los trabajos inclu\u00edan exploraciones del suelo y una&nbsp;<strong>revisi\u00f3n<\/strong>&nbsp;general de las&nbsp;<strong>estructuras<\/strong>&nbsp;de 20 inmuebles.<\/p>\n\n\n\n<p class=\"wp-block-paragraph\">El tema tambi\u00e9n fue abordado por&nbsp;<strong>Infonavit<\/strong>, ya que en agosto de&nbsp;<strong>2024<\/strong>&nbsp;el delegado regional del organismo&nbsp;<strong>Jos\u00e9 Alberto Cese\u00f1a Cos\u00edo<\/strong>&nbsp;explic\u00f3 que los habitantes pod\u00edan hacer uso del&nbsp;<strong>seguro de calidad<\/strong>&nbsp;de la vivienda para solicitar una evaluaci\u00f3n de los&nbsp;<strong>da\u00f1os<\/strong>.<\/p>\n\n\n\n<p class=\"wp-block-paragraph\">El delegado se\u00f1al\u00f3 que era necesario que los residentes se organizaran para que la&nbsp;<strong>aseguradora<\/strong>&nbsp;<strong>pudiera revisar el edificio completo.<\/strong><\/p>\n\n\n\n<p class=\"wp-block-paragraph\">Tambi\u00e9n explic\u00f3 que, si una vivienda era considerada&nbsp;<strong>p\u00e9rdida total, el seguro<\/strong>pod\u00eda cubrir el&nbsp;<strong>cr\u00e9dito pendiente<\/strong>&nbsp;y entregar al acreditado la diferencia correspondiente.<\/p>\n\n\n\n<p class=\"wp-block-paragraph\">Los&nbsp;<strong>vecinos<\/strong>&nbsp;continuaron con las&nbsp;<strong>denuncias<\/strong>&nbsp;durante los siguientes meses debido a que las&nbsp;<strong>grietas y<\/strong>&nbsp;<strong>da\u00f1os<\/strong>&nbsp;permanecieron.<\/p>\n\n\n\n<p class=\"wp-block-paragraph\">En agosto de&nbsp;<strong>2026<\/strong>, un reporte de&nbsp;<strong>El Imparcial<\/strong>&nbsp;retom\u00f3 nuevamente el caso y se\u00f1al\u00f3 que las&nbsp;<strong>familias<\/strong>&nbsp;segu\u00edan esperando una&nbsp;<strong>soluci\u00f3n definitiva<\/strong>.<\/p>\n\n\n\n<h2 id=\"h-por-que-las-nbsp-familias-nbsp-siguen-viviendo-en-el-edificio-de-nbsp-valle-del-mezquite\" class=\"wp-block-heading\">\u00bfPor qu\u00e9 las&nbsp;<strong>familias<\/strong>&nbsp;siguen viviendo en el edificio de&nbsp;<strong>Valle del Mezquite<\/strong>?<\/h2>\n\n\n\n<p class=\"wp-block-paragraph\">El antecedente m\u00e1s importante es el&nbsp;<strong>dictamen de Protecci\u00f3n Civil<\/strong>&nbsp;mencionado por&nbsp;<strong>Jeh\u00fa Fernando V\u00e1zquez Sav\u00edn<\/strong>&nbsp;durante una conferencia de prensa del 17 de agosto de&nbsp;<strong>2026<\/strong>.<\/p>\n\n\n\n<p class=\"wp-block-paragraph\">De acuerdo con lo expuesto por el funcionario, el&nbsp;<strong>documento<\/strong>&nbsp;establece que existe un&nbsp;<strong>riesgo<\/strong>&nbsp;real para quienes permanecen en el inmueble y que lo recomendable es&nbsp;<strong>desalojarlo<\/strong>.<\/p>\n\n\n\n<p class=\"wp-block-paragraph\">Tambi\u00e9n explic\u00f3 que el&nbsp;<strong>problema<\/strong>&nbsp;relacionado con la vivienda involucra a&nbsp;<strong>particulares<\/strong>, la empresa que construy\u00f3 los departamentos y a&nbsp;<strong>Infonavit<\/strong>, por lo que el Ayuntamiento no puede resolver la parte legal del conflicto.&nbsp;<\/p>\n\n\n\n<p class=\"wp-block-paragraph\">Sin embargo, indic\u00f3 que desde&nbsp;<strong>Protecci\u00f3n Civil<\/strong>&nbsp;se pod\u00eda insistir en la necesidad de que las&nbsp;<strong>familias<\/strong>&nbsp;de la zona fueran desalojadas.<\/p>\n\n\n\n<p class=\"wp-block-paragraph\">La situaci\u00f3n se complica porque algunas&nbsp;<strong>familias<\/strong>&nbsp;contin\u00faan habitando los departamentos y necesitan una&nbsp;<strong>alternativa de vivienda<\/strong>&nbsp;antes de poder&nbsp;<strong>salir<\/strong>.<\/p>\n\n\n\n<p class=\"wp-block-paragraph\">El caso ha avanzado durante a\u00f1os entre&nbsp;<strong>revisiones<\/strong>,&nbsp;<strong>seguros<\/strong>&nbsp;y&nbsp;<strong>gestiones<\/strong>&nbsp;de los residentes, como en&nbsp;<strong>2024<\/strong>&nbsp;cuando los&nbsp;<strong>vecinos<\/strong>&nbsp;ya hab\u00edan solicitado que se revisaran los edificios y que se determinara si pod\u00edan ser reparados o si los&nbsp;<strong>da\u00f1os<\/strong>&nbsp;correspond\u00edan a una&nbsp;<strong>p\u00e9rdida total<\/strong>.<\/p>\n\n\n\n<p class=\"wp-block-paragraph\">Ahora, despu\u00e9s de las lluvias del&nbsp;<strong>31 de agosto<\/strong>, los residentes reportaron el&nbsp;<strong>desplome<\/strong>&nbsp;por la parte de arriba de uno de los edificios.<\/p>\n\n\n\n<p class=\"wp-block-paragraph\">Hasta el momento, el reporte publicado por&nbsp;<strong>M\u00e1s Noticias de BCS<\/strong>&nbsp;se\u00f1ala el da\u00f1o en la&nbsp;<strong>estructura<\/strong>, mientras que las&nbsp;<strong>im\u00e1genes<\/strong>&nbsp;difundidas muestran la zona afectada.&nbsp;<\/p>\n\n\n\n<p class=\"wp-block-paragraph\">El antecedente de los&nbsp;<strong>dict\u00e1menes<\/strong>&nbsp;y las&nbsp;<strong>denuncias<\/strong>&nbsp;de los&nbsp;<strong>vecinos<\/strong>&nbsp;coloca el nuevo&nbsp;<strong>colapso<\/strong>&nbsp;dentro de un&nbsp;<strong>problema<\/strong>&nbsp;que lleva varios a\u00f1os sin una&nbsp;<strong>soluci\u00f3n definitiva<\/strong>.<\/p>\n\n\n\n<p class=\"wp-block-paragraph\">La situaci\u00f3n vuelve a preocupar a&nbsp;<a href=\"https:\/\/www.posta.com.mx\/mexico\/desesperacion-en-valle-del-mezquite-vecinos-luchan-por-hogares-seguros\/v-vl1585512\">las familias que permanecen en el lugar y que desde hace tiempo han pedido una vivienda segura<\/a>; mientras tanto, la&nbsp;<strong>preocupaci\u00f3n<\/strong>&nbsp;aumenta ante la posibilidad de que contin\u00faen las lluvias y los&nbsp;<strong>da\u00f1os<\/strong>&nbsp;en las&nbsp;<strong>estructuras<\/strong>&nbsp;puedan empeorar.<\/p>\n\n\n\n<p class=\"wp-block-paragraph\"><\/p>\n","protected":false},"excerpt":{"rendered":"<p>El Edificio en Valle del Mezquite ya hab\u00eda sido se\u00f1alado por habitantes debido al riesgo que representaba por sus da\u00f1os&#8230;<\/p>\n","protected":false},"author":2,"featured_media":14944,"comment_status":"open","ping_status":"open","sticky":false,"template":"","format":"standard","meta":{"footnotes":""},"categories":[25],"tags":[],"class_list":["post-14943","post","type-post","status-publish","format-standard","has-post-thumbnail","hentry","category-sociedad"],"yoast_head":"<!-- This site is optimized with the Yoast SEO Premium plugin v26.8 (Yoast SEO v28.4) - https:\/\/yoast.com\/product\/yoast-seo-premium-wordpress\/ -->\n<title>Edificio en Valle del Mezquite que llevaba a\u00f1os con grietas colapsa tras las lluvias en La Paz - Buenos D\u00edas BCS<\/title>\n<meta name=\"robots\" content=\"index, follow, max-snippet:-1, max-image-preview:large, max-video-preview:-1\" \/>\n<link rel=\"canonical\" href=\"https:\/\/buenosdiasbcs.com\/?p=14943\" \/>\n<meta property=\"og:locale\" content=\"es_ES\" \/>\n<meta property=\"og:type\" content=\"article\" \/>\n<meta property=\"og:title\" content=\"Edificio en Valle del Mezquite que llevaba a\u00f1os con grietas colapsa tras las lluvias en La Paz\" \/>\n<meta property=\"og:description\" content=\"El Edificio en Valle del Mezquite ya hab\u00eda sido se\u00f1alado por habitantes debido al riesgo que representaba por sus da\u00f1os...\" \/>\n<meta property=\"og:url\" content=\"https:\/\/buenosdiasbcs.com\/?p=14943\" \/>\n<meta property=\"og:site_name\" content=\"Buenos D\u00edas BCS\" \/>\n<meta property=\"article:published_time\" content=\"2026-09-02T07:25:00+00:00\" \/>\n<meta property=\"og:image\" content=\"https:\/\/buenosdiasbcs.com\/wp-content\/uploads\/2026\/09\/edificio-en-valle-del-mezquite-que-llevaba-anos-con-grietas-colapsa-tras-las-lluvias-en-la-paz-cf159e0c-focus-0-0-1479-828.webp\" \/>\n\t<meta property=\"og:image:width\" content=\"1280\" \/>\n\t<meta property=\"og:image:height\" content=\"720\" \/>\n\t<meta property=\"og:image:type\" content=\"image\/webp\" \/>\n<meta name=\"author\" content=\"Edici\u00f3n Buenos D\u00edas\" \/>\n<meta name=\"twitter:card\" content=\"summary_large_image\" \/>\n<meta name=\"twitter:label1\" content=\"Escrito por\" \/>\n\t<meta name=\"twitter:data1\" content=\"Edici\u00f3n Buenos D\u00edas\" \/>\n\t<meta name=\"twitter:label2\" content=\"Tiempo de lectura\" \/>\n\t<meta name=\"twitter:data2\" content=\"5 minutos\" \/>\n<script type=\"application\/ld+json\" class=\"yoast-schema-graph\">{\"@context\":\"https:\\\/\\\/schema.org\",\"@graph\":[{\"@type\":\"Article\",\"@id\":\"https:\\\/\\\/buenosdiasbcs.com\\\/?p=14943#article\",\"isPartOf\":{\"@id\":\"https:\\\/\\\/buenosdiasbcs.com\\\/?p=14943\"},\"author\":{\"name\":\"Edici\u00f3n Buenos D\u00edas\",\"@id\":\"https:\\\/\\\/buenosdiasbcs.com\\\/#\\\/schema\\\/person\\\/15aedc247eab7070ee5d76d6d069a821\"},\"headline\":\"Edificio en Valle del Mezquite que llevaba a\u00f1os con grietas colapsa tras las lluvias en La Paz\",\"datePublished\":\"2026-09-02T07:25:00+00:00\",\"mainEntityOfPage\":{\"@id\":\"https:\\\/\\\/buenosdiasbcs.com\\\/?p=14943\"},\"wordCount\":1217,\"commentCount\":0,\"publisher\":{\"@id\":\"https:\\\/\\\/buenosdiasbcs.com\\\/#organization\"},\"image\":{\"@id\":\"https:\\\/\\\/buenosdiasbcs.com\\\/?p=14943#primaryimage\"},\"thumbnailUrl\":\"https:\\\/\\\/buenosdiasbcs.com\\\/wp-content\\\/uploads\\\/2026\\\/09\\\/edificio-en-valle-del-mezquite-que-llevaba-anos-con-grietas-colapsa-tras-las-lluvias-en-la-paz-cf159e0c-focus-0-0-1479-828.webp\",\"articleSection\":[\"Sociedad\"],\"inLanguage\":\"es\",\"potentialAction\":[{\"@type\":\"CommentAction\",\"name\":\"Comment\",\"target\":[\"https:\\\/\\\/buenosdiasbcs.com\\\/?p=14943#respond\"]}]},{\"@type\":\"WebPage\",\"@id\":\"https:\\\/\\\/buenosdiasbcs.com\\\/?p=14943\",\"url\":\"https:\\\/\\\/buenosdiasbcs.com\\\/?p=14943\",\"name\":\"Edificio en Valle del Mezquite que llevaba a\u00f1os con grietas colapsa tras las lluvias en La Paz - Buenos D\u00edas BCS\",\"isPartOf\":{\"@id\":\"https:\\\/\\\/buenosdiasbcs.com\\\/#website\"},\"primaryImageOfPage\":{\"@id\":\"https:\\\/\\\/buenosdiasbcs.com\\\/?p=14943#primaryimage\"},\"image\":{\"@id\":\"https:\\\/\\\/buenosdiasbcs.com\\\/?p=14943#primaryimage\"},\"thumbnailUrl\":\"https:\\\/\\\/buenosdiasbcs.com\\\/wp-content\\\/uploads\\\/2026\\\/09\\\/edificio-en-valle-del-mezquite-que-llevaba-anos-con-grietas-colapsa-tras-las-lluvias-en-la-paz-cf159e0c-focus-0-0-1479-828.webp\",\"datePublished\":\"2026-09-02T07:25:00+00:00\",\"breadcrumb\":{\"@id\":\"https:\\\/\\\/buenosdiasbcs.com\\\/?p=14943#breadcrumb\"},\"inLanguage\":\"es\",\"potentialAction\":[{\"@type\":\"ReadAction\",\"target\":[\"https:\\\/\\\/buenosdiasbcs.com\\\/?p=14943\"]}]},{\"@type\":\"ImageObject\",\"inLanguage\":\"es\",\"@id\":\"https:\\\/\\\/buenosdiasbcs.com\\\/?p=14943#primaryimage\",\"url\":\"https:\\\/\\\/buenosdiasbcs.com\\\/wp-content\\\/uploads\\\/2026\\\/09\\\/edificio-en-valle-del-mezquite-que-llevaba-anos-con-grietas-colapsa-tras-las-lluvias-en-la-paz-cf159e0c-focus-0-0-1479-828.webp\",\"contentUrl\":\"https:\\\/\\\/buenosdiasbcs.com\\\/wp-content\\\/uploads\\\/2026\\\/09\\\/edificio-en-valle-del-mezquite-que-llevaba-anos-con-grietas-colapsa-tras-las-lluvias-en-la-paz-cf159e0c-focus-0-0-1479-828.webp\",\"width\":1280,\"height\":720},{\"@type\":\"BreadcrumbList\",\"@id\":\"https:\\\/\\\/buenosdiasbcs.com\\\/?p=14943#breadcrumb\",\"itemListElement\":[{\"@type\":\"ListItem\",\"position\":1,\"name\":\"Portada\",\"item\":\"https:\\\/\\\/buenosdiasbcs.com\\\/\"},{\"@type\":\"ListItem\",\"position\":2,\"name\":\"Edificio en Valle del Mezquite que llevaba a\u00f1os con grietas colapsa tras las lluvias en La Paz\"}]},{\"@type\":\"WebSite\",\"@id\":\"https:\\\/\\\/buenosdiasbcs.com\\\/#website\",\"url\":\"https:\\\/\\\/buenosdiasbcs.com\\\/\",\"name\":\"Buenos D\u00edas BCS\",\"description\":\"\",\"publisher\":{\"@id\":\"https:\\\/\\\/buenosdiasbcs.com\\\/#organization\"},\"potentialAction\":[{\"@type\":\"SearchAction\",\"target\":{\"@type\":\"EntryPoint\",\"urlTemplate\":\"https:\\\/\\\/buenosdiasbcs.com\\\/?s={search_term_string}\"},\"query-input\":{\"@type\":\"PropertyValueSpecification\",\"valueRequired\":true,\"valueName\":\"search_term_string\"}}],\"inLanguage\":\"es\"},{\"@type\":\"Organization\",\"@id\":\"https:\\\/\\\/buenosdiasbcs.com\\\/#organization\",\"name\":\"Buenos D\u00edas BCS\",\"url\":\"https:\\\/\\\/buenosdiasbcs.com\\\/\",\"logo\":{\"@type\":\"ImageObject\",\"inLanguage\":\"es\",\"@id\":\"https:\\\/\\\/buenosdiasbcs.com\\\/#\\\/schema\\\/logo\\\/image\\\/\",\"url\":\"https:\\\/\\\/buenosdiasbcs.com\\\/wp-content\\\/uploads\\\/2026\\\/01\\\/logo-buenos-dias-40-01.png\",\"contentUrl\":\"https:\\\/\\\/buenosdiasbcs.com\\\/wp-content\\\/uploads\\\/2026\\\/01\\\/logo-buenos-dias-40-01.png\",\"width\":277,\"height\":40,\"caption\":\"Buenos D\u00edas BCS\"},\"image\":{\"@id\":\"https:\\\/\\\/buenosdiasbcs.com\\\/#\\\/schema\\\/logo\\\/image\\\/\"}},{\"@type\":\"Person\",\"@id\":\"https:\\\/\\\/buenosdiasbcs.com\\\/#\\\/schema\\\/person\\\/15aedc247eab7070ee5d76d6d069a821\",\"name\":\"Edici\u00f3n Buenos D\u00edas\",\"image\":{\"@type\":\"ImageObject\",\"inLanguage\":\"es\",\"@id\":\"https:\\\/\\\/buenosdiasbcs.com\\\/wp-content\\\/uploads\\\/2026\\\/01\\\/cropped-sol-96x96.png\",\"url\":\"https:\\\/\\\/buenosdiasbcs.com\\\/wp-content\\\/uploads\\\/2026\\\/01\\\/cropped-sol-96x96.png\",\"contentUrl\":\"https:\\\/\\\/buenosdiasbcs.com\\\/wp-content\\\/uploads\\\/2026\\\/01\\\/cropped-sol-96x96.png\",\"caption\":\"Edici\u00f3n Buenos D\u00edas\"},\"url\":\"https:\\\/\\\/buenosdiasbcs.com\\\/?author=2\"}]}<\/script>\n<!-- \/ Yoast SEO Premium plugin. -->","yoast_head_json":{"title":"Edificio en Valle del Mezquite que llevaba a\u00f1os con grietas colapsa tras las lluvias en La Paz - Buenos D\u00edas BCS","robots":{"index":"index","follow":"follow","max-snippet":"max-snippet:-1","max-image-preview":"max-image-preview:large","max-video-preview":"max-video-preview:-1"},"canonical":"https:\/\/buenosdiasbcs.com\/?p=14943","og_locale":"es_ES","og_type":"article","og_title":"Edificio en Valle del Mezquite que llevaba a\u00f1os con grietas colapsa tras las lluvias en La Paz","og_description":"El Edificio en Valle del Mezquite ya hab\u00eda sido se\u00f1alado por habitantes debido al riesgo que representaba por sus da\u00f1os...","og_url":"https:\/\/buenosdiasbcs.com\/?p=14943","og_site_name":"Buenos D\u00edas BCS","article_published_time":"2026-09-02T07:25:00+00:00","og_image":[{"width":1280,"height":720,"url":"https:\/\/buenosdiasbcs.com\/wp-content\/uploads\/2026\/09\/edificio-en-valle-del-mezquite-que-llevaba-anos-con-grietas-colapsa-tras-las-lluvias-en-la-paz-cf159e0c-focus-0-0-1479-828.webp","type":"image\/webp"}],"author":"Edici\u00f3n Buenos D\u00edas","twitter_card":"summary_large_image","twitter_misc":{"Escrito por":"Edici\u00f3n Buenos D\u00edas","Tiempo de lectura":"5 minutos"},"schema":{"@context":"https:\/\/schema.org","@graph":[{"@type":"Article","@id":"https:\/\/buenosdiasbcs.com\/?p=14943#article","isPartOf":{"@id":"https:\/\/buenosdiasbcs.com\/?p=14943"},"author":{"name":"Edici\u00f3n Buenos D\u00edas","@id":"https:\/\/buenosdiasbcs.com\/#\/schema\/person\/15aedc247eab7070ee5d76d6d069a821"},"headline":"Edificio en Valle del Mezquite que llevaba a\u00f1os con grietas colapsa tras las lluvias en La Paz","datePublished":"2026-09-02T07:25:00+00:00","mainEntityOfPage":{"@id":"https:\/\/buenosdiasbcs.com\/?p=14943"},"wordCount":1217,"commentCount":0,"publisher":{"@id":"https:\/\/buenosdiasbcs.com\/#organization"},"image":{"@id":"https:\/\/buenosdiasbcs.com\/?p=14943#primaryimage"},"thumbnailUrl":"https:\/\/buenosdiasbcs.com\/wp-content\/uploads\/2026\/09\/edificio-en-valle-del-mezquite-que-llevaba-anos-con-grietas-colapsa-tras-las-lluvias-en-la-paz-cf159e0c-focus-0-0-1479-828.webp","articleSection":["Sociedad"],"inLanguage":"es","potentialAction":[{"@type":"CommentAction","name":"Comment","target":["https:\/\/buenosdiasbcs.com\/?p=14943#respond"]}]},{"@type":"WebPage","@id":"https:\/\/buenosdiasbcs.com\/?p=14943","url":"https:\/\/buenosdiasbcs.com\/?p=14943","name":"Edificio en Valle del Mezquite que llevaba a\u00f1os con grietas colapsa tras las lluvias en La Paz - Buenos D\u00edas BCS","isPartOf":{"@id":"https:\/\/buenosdiasbcs.com\/#website"},"primaryImageOfPage":{"@id":"https:\/\/buenosdiasbcs.com\/?p=14943#primaryimage"},"image":{"@id":"https:\/\/buenosdiasbcs.com\/?p=14943#primaryimage"},"thumbnailUrl":"https:\/\/buenosdiasbcs.com\/wp-content\/uploads\/2026\/09\/edificio-en-valle-del-mezquite-que-llevaba-anos-con-grietas-colapsa-tras-las-lluvias-en-la-paz-cf159e0c-focus-0-0-1479-828.webp","datePublished":"2026-09-02T07:25:00+00:00","breadcrumb":{"@id":"https:\/\/buenosdiasbcs.com\/?p=14943#breadcrumb"},"inLanguage":"es","potentialAction":[{"@type":"ReadAction","target":["https:\/\/buenosdiasbcs.com\/?p=14943"]}]},{"@type":"ImageObject","inLanguage":"es","@id":"https:\/\/buenosdiasbcs.com\/?p=14943#primaryimage","url":"https:\/\/buenosdiasbcs.com\/wp-content\/uploads\/2026\/09\/edificio-en-valle-del-mezquite-que-llevaba-anos-con-grietas-colapsa-tras-las-lluvias-en-la-paz-cf159e0c-focus-0-0-1479-828.webp","contentUrl":"https:\/\/buenosdiasbcs.com\/wp-content\/uploads\/2026\/09\/edificio-en-valle-del-mezquite-que-llevaba-anos-con-grietas-colapsa-tras-las-lluvias-en-la-paz-cf159e0c-focus-0-0-1479-828.webp","width":1280,"height":720},{"@type":"BreadcrumbList","@id":"https:\/\/buenosdiasbcs.com\/?p=14943#breadcrumb","itemListElement":[{"@type":"ListItem","position":1,"name":"Portada","item":"https:\/\/buenosdiasbcs.com\/"},{"@type":"ListItem","position":2,"name":"Edificio en Valle del Mezquite que llevaba a\u00f1os con grietas colapsa tras las lluvias en La Paz"}]},{"@type":"WebSite","@id":"https:\/\/buenosdiasbcs.com\/#website","url":"https:\/\/buenosdiasbcs.com\/","name":"Buenos D\u00edas BCS","description":"","publisher":{"@id":"https:\/\/buenosdiasbcs.com\/#organization"},"potentialAction":[{"@type":"SearchAction","target":{"@type":"EntryPoint","urlTemplate":"https:\/\/buenosdiasbcs.com\/?s={search_term_string}"},"query-input":{"@type":"PropertyValueSpecification","valueRequired":true,"valueName":"search_term_string"}}],"inLanguage":"es"},{"@type":"Organization","@id":"https:\/\/buenosdiasbcs.com\/#organization","name":"Buenos D\u00edas BCS","url":"https:\/\/buenosdiasbcs.com\/","logo":{"@type":"ImageObject","inLanguage":"es","@id":"https:\/\/buenosdiasbcs.com\/#\/schema\/logo\/image\/","url":"https:\/\/buenosdiasbcs.com\/wp-content\/uploads\/2026\/01\/logo-buenos-dias-40-01.png","contentUrl":"https:\/\/buenosdiasbcs.com\/wp-content\/uploads\/2026\/01\/logo-buenos-dias-40-01.png","width":277,"height":40,"caption":"Buenos D\u00edas BCS"},"image":{"@id":"https:\/\/buenosdiasbcs.com\/#\/schema\/logo\/image\/"}},{"@type":"Person","@id":"https:\/\/buenosdiasbcs.com\/#\/schema\/person\/15aedc247eab7070ee5d76d6d069a821","name":"Edici\u00f3n Buenos D\u00edas","image":{"@type":"ImageObject","inLanguage":"es","@id":"https:\/\/buenosdiasbcs.com\/wp-content\/uploads\/2026\/01\/cropped-sol-96x96.png","url":"https:\/\/buenosdiasbcs.com\/wp-content\/uploads\/2026\/01\/cropped-sol-96x96.png","contentUrl":"https:\/\/buenosdiasbcs.com\/wp-content\/uploads\/2026\/01\/cropped-sol-96x96.png","caption":"Edici\u00f3n Buenos D\u00edas"},"url":"https:\/\/buenosdiasbcs.com\/?author=2"}]}},"amp_enabled":true,"_links":{"self":[{"href":"https:\/\/buenosdiasbcs.com\/index.php?rest_route=\/wp\/v2\/posts\/14943","targetHints":{"allow":["GET"]}}],"collection":[{"href":"https:\/\/buenosdiasbcs.com\/index.php?rest_route=\/wp\/v2\/posts"}],"about":[{"href":"https:\/\/buenosdiasbcs.com\/index.php?rest_route=\/wp\/v2\/types\/post"}],"author":[{"embeddable":true,"href":"https:\/\/buenosdiasbcs.com\/index.php?rest_route=\/wp\/v2\/users\/2"}],"replies":[{"embeddable":true,"href":"https:\/\/buenosdiasbcs.com\/index.php?rest_route=%2Fwp%2Fv2%2Fcomments&post=14943"}],"version-history":[{"count":1,"href":"https:\/\/buenosdiasbcs.com\/index.php?rest_route=\/wp\/v2\/posts\/14943\/revisions"}],"predecessor-version":[{"id":14945,"href":"https:\/\/buenosdiasbcs.com\/index.php?rest_route=\/wp\/v2\/posts\/14943\/revisions\/14945"}],"wp:featuredmedia":[{"embeddable":true,"href":"https:\/\/buenosdiasbcs.com\/index.php?rest_route=\/wp\/v2\/media\/14944"}],"wp:attachment":[{"href":"https:\/\/buenosdiasbcs.com\/index.php?rest_route=%2Fwp%2Fv2%2Fmedia&parent=14943"}],"wp:term":[{"taxonomy":"category","embeddable":true,"href":"https:\/\/buenosdiasbcs.com\/index.php?rest_route=%2Fwp%2Fv2%2Fcategories&post=14943"},{"taxonomy":"post_tag","embeddable":true,"href":"https:\/\/buenosdiasbcs.com\/index.php?rest_route=%2Fwp%2Fv2%2Ftags&post=14943"}],"curies":[{"name":"wp","href":"https:\/\/api.w.org\/{rel}","templated":true}]}}