{"id":14940,"date":"2026-09-02T00:40:00","date_gmt":"2026-09-02T07:40:00","guid":{"rendered":"https:\/\/buenosdiasbcs.com\/?p=14940"},"modified":"2026-09-01T21:24:58","modified_gmt":"2026-09-02T04:24:58","slug":"causan-lluvias-caos-en-vados-de-la-paz","status":"publish","type":"post","link":"https:\/\/buenosdiasbcs.com\/?p=14940","title":{"rendered":"Causan lluvias caos en vados de La Paz"},"content":{"rendered":"\n<p class=\"wp-block-paragraph\">Preocupados por las complicaciones de seguridad, vialidad y salud que ocasionan los m\u00faltiples cauces de arroyo como&nbsp;<strong>El Cajoncito y El Calandrio<\/strong>&nbsp;que crecen sobre la ciudad al presentarse lluvias desde copiosas a torrenciales, los ciudadanos de La Paz alzan la voz en la exigencia a los gobiernos para construir puentes sobre estos vados.<\/p>\n\n\n\n<p class=\"wp-block-paragraph\">Sobre todo en la temporada de ciclones y huracanes, se hace necesario que este tipo de estructuras sean construidas en base a estudios de factibilidad serios, pues el riesgo que implica la corrida de agua vulnera el bienestar de los ciudadanos, quienes no pueden pasar de un lado a otro de la ciudad, la actividad se detiene y est\u00e1n expuestos adem\u00e1s a esperar bajo los efectos de la lluvia, truenos y rel\u00e1mpagos.<\/p>\n\n\n\n<p class=\"wp-block-paragraph\">Otros puntos identificados, son varios cruces en las colonias del centro, donde el agua inmediatamente se acumula y desemboca en el malec\u00f3n. De igual manera, presenta complicaciones el vado aleda\u00f1o a&nbsp;<strong>Fidepaz<\/strong>&nbsp;y en&nbsp;<strong>El Centenario y Chametla.<\/strong><\/p>\n\n\n\n<p class=\"wp-block-paragraph\">Un total de 20 vados fueron cerrados a la circulaci\u00f3n por el tercer d\u00eda de consecutivo de lluvias torrenciales en La Paz, por lo que se activ\u00f3 el programa Cruce seguro.<\/p>\n\n\n\n<p class=\"wp-block-paragraph\">Estos son los vados que se cerraron al paso veh\u00edcular, seg\u00fan el Operativo del Ayuntamiento de La Paz:<\/p>\n\n\n\n<p class=\"wp-block-paragraph\">Vado 5 de febrero<\/p>\n\n\n\n<p class=\"wp-block-paragraph\">Vado IMSS Cl\u00ednica 34<\/p>\n\n\n\n<p class=\"wp-block-paragraph\">Vado El Mezquitito<\/p>\n\n\n\n<p class=\"wp-block-paragraph\">Vado Palo Fierro<\/p>\n\n\n\n<p class=\"wp-block-paragraph\">Brecha Mezquitito-Pen\u00ednsula Sur<\/p>\n\n\n\n<p class=\"wp-block-paragraph\">Vado Pen\u00ednsula Sur<\/p>\n\n\n\n<p class=\"wp-block-paragraph\">Vado Tutus<\/p>\n\n\n\n<p class=\"wp-block-paragraph\">Vado calle Inform\u00e1tica (Calandrio)<\/p>\n\n\n\n<p class=\"wp-block-paragraph\">Vado Altamira-La Pitahaya<\/p>\n\n\n\n<p class=\"wp-block-paragraph\">Vado La Pitahaya<\/p>\n\n\n\n<p class=\"wp-block-paragraph\">Arroyo Riolita<\/p>\n\n\n\n<p class=\"wp-block-paragraph\">Vado La Fuente<\/p>\n\n\n\n<p class=\"wp-block-paragraph\">Vado Jeric\u00f3<\/p>\n\n\n\n<p class=\"wp-block-paragraph\">Vado El Viento<\/p>\n\n\n\n<p class=\"wp-block-paragraph\">Vado Col. Palmar II<\/p>\n\n\n\n<p class=\"wp-block-paragraph\">Vado \u00cdndigo<\/p>\n\n\n\n<p class=\"wp-block-paragraph\">Vado San Ram\u00f3n<\/p>\n\n\n\n<p class=\"wp-block-paragraph\">Vado Ayuntamiento<\/p>\n\n\n\n<p class=\"wp-block-paragraph\">Vado Art\u00edculo 115<\/p>\n\n\n\n<p class=\"wp-block-paragraph\">Vado Caligas<\/p>\n\n\n\n<p class=\"wp-block-paragraph\">Las indicaciones son conducir con precauci\u00f3n y si es posible consultar la informaci\u00f3n en tiempo real en:&nbsp;<a href=\"https:\/\/www.lapaz.gob.mx\/\" target=\"_blank\" rel=\"noopener\">https:\/\/www.lapaz.gob.mx<\/a><\/p>\n\n\n\n<p class=\"wp-block-paragraph\"><\/p>\n","protected":false},"excerpt":{"rendered":"<p>Preocupados por las complicaciones de seguridad, vialidad y salud que ocasionan los m\u00faltiples cauces de arroyo como&nbsp;El Cajoncito y El&#8230;<\/p>\n","protected":false},"author":2,"featured_media":14941,"comment_status":"open","ping_status":"open","sticky":false,"template":"","format":"standard","meta":{"footnotes":""},"categories":[23],"tags":[],"class_list":["post-14940","post","type-post","status-publish","format-standard","has-post-thumbnail","hentry","category-clima"],"yoast_head":"<!-- This site is optimized with the Yoast SEO Premium plugin v26.8 (Yoast SEO v28.4) - https:\/\/yoast.com\/product\/yoast-seo-premium-wordpress\/ -->\n<title>Causan lluvias caos en vados de La Paz - Buenos D\u00edas BCS<\/title>\n<meta name=\"robots\" content=\"index, follow, max-snippet:-1, max-image-preview:large, max-video-preview:-1\" \/>\n<link rel=\"canonical\" href=\"https:\/\/buenosdiasbcs.com\/?p=14940\" \/>\n<meta property=\"og:locale\" content=\"es_ES\" \/>\n<meta property=\"og:type\" content=\"article\" \/>\n<meta property=\"og:title\" content=\"Causan lluvias caos en vados de La Paz\" \/>\n<meta property=\"og:description\" content=\"Preocupados por las complicaciones de seguridad, vialidad y salud que ocasionan los m\u00faltiples cauces de arroyo como&nbsp;El Cajoncito y El...\" \/>\n<meta property=\"og:url\" content=\"https:\/\/buenosdiasbcs.com\/?p=14940\" \/>\n<meta property=\"og:site_name\" content=\"Buenos D\u00edas BCS\" \/>\n<meta property=\"article:published_time\" content=\"2026-09-02T07:40:00+00:00\" \/>\n<meta property=\"og:image\" content=\"https:\/\/buenosdiasbcs.com\/wp-content\/uploads\/2026\/09\/whatsapp-image-2025-09-25-at-41133-pm-eb397434-focus-0-0-1479-828.webp\" \/>\n\t<meta property=\"og:image:width\" content=\"1479\" \/>\n\t<meta property=\"og:image:height\" content=\"828\" \/>\n\t<meta property=\"og:image:type\" content=\"image\/webp\" \/>\n<meta name=\"author\" content=\"Edici\u00f3n Buenos D\u00edas\" \/>\n<meta name=\"twitter:card\" content=\"summary_large_image\" \/>\n<meta name=\"twitter:label1\" content=\"Escrito por\" \/>\n\t<meta name=\"twitter:data1\" content=\"Edici\u00f3n Buenos D\u00edas\" \/>\n\t<meta name=\"twitter:label2\" content=\"Tiempo de lectura\" \/>\n\t<meta name=\"twitter:data2\" content=\"2 minutos\" \/>\n<script type=\"application\/ld+json\" class=\"yoast-schema-graph\">{\"@context\":\"https:\\\/\\\/schema.org\",\"@graph\":[{\"@type\":\"Article\",\"@id\":\"https:\\\/\\\/buenosdiasbcs.com\\\/?p=14940#article\",\"isPartOf\":{\"@id\":\"https:\\\/\\\/buenosdiasbcs.com\\\/?p=14940\"},\"author\":{\"name\":\"Edici\u00f3n Buenos D\u00edas\",\"@id\":\"https:\\\/\\\/buenosdiasbcs.com\\\/#\\\/schema\\\/person\\\/15aedc247eab7070ee5d76d6d069a821\"},\"headline\":\"Causan lluvias caos en vados de La Paz\",\"datePublished\":\"2026-09-02T07:40:00+00:00\",\"mainEntityOfPage\":{\"@id\":\"https:\\\/\\\/buenosdiasbcs.com\\\/?p=14940\"},\"wordCount\":321,\"commentCount\":0,\"publisher\":{\"@id\":\"https:\\\/\\\/buenosdiasbcs.com\\\/#organization\"},\"image\":{\"@id\":\"https:\\\/\\\/buenosdiasbcs.com\\\/?p=14940#primaryimage\"},\"thumbnailUrl\":\"https:\\\/\\\/buenosdiasbcs.com\\\/wp-content\\\/uploads\\\/2026\\\/09\\\/whatsapp-image-2025-09-25-at-41133-pm-eb397434-focus-0-0-1479-828.webp\",\"articleSection\":[\"Clima\"],\"inLanguage\":\"es\",\"potentialAction\":[{\"@type\":\"CommentAction\",\"name\":\"Comment\",\"target\":[\"https:\\\/\\\/buenosdiasbcs.com\\\/?p=14940#respond\"]}]},{\"@type\":\"WebPage\",\"@id\":\"https:\\\/\\\/buenosdiasbcs.com\\\/?p=14940\",\"url\":\"https:\\\/\\\/buenosdiasbcs.com\\\/?p=14940\",\"name\":\"Causan lluvias caos en vados de La Paz - Buenos D\u00edas BCS\",\"isPartOf\":{\"@id\":\"https:\\\/\\\/buenosdiasbcs.com\\\/#website\"},\"primaryImageOfPage\":{\"@id\":\"https:\\\/\\\/buenosdiasbcs.com\\\/?p=14940#primaryimage\"},\"image\":{\"@id\":\"https:\\\/\\\/buenosdiasbcs.com\\\/?p=14940#primaryimage\"},\"thumbnailUrl\":\"https:\\\/\\\/buenosdiasbcs.com\\\/wp-content\\\/uploads\\\/2026\\\/09\\\/whatsapp-image-2025-09-25-at-41133-pm-eb397434-focus-0-0-1479-828.webp\",\"datePublished\":\"2026-09-02T07:40:00+00:00\",\"breadcrumb\":{\"@id\":\"https:\\\/\\\/buenosdiasbcs.com\\\/?p=14940#breadcrumb\"},\"inLanguage\":\"es\",\"potentialAction\":[{\"@type\":\"ReadAction\",\"target\":[\"https:\\\/\\\/buenosdiasbcs.com\\\/?p=14940\"]}]},{\"@type\":\"ImageObject\",\"inLanguage\":\"es\",\"@id\":\"https:\\\/\\\/buenosdiasbcs.com\\\/?p=14940#primaryimage\",\"url\":\"https:\\\/\\\/buenosdiasbcs.com\\\/wp-content\\\/uploads\\\/2026\\\/09\\\/whatsapp-image-2025-09-25-at-41133-pm-eb397434-focus-0-0-1479-828.webp\",\"contentUrl\":\"https:\\\/\\\/buenosdiasbcs.com\\\/wp-content\\\/uploads\\\/2026\\\/09\\\/whatsapp-image-2025-09-25-at-41133-pm-eb397434-focus-0-0-1479-828.webp\",\"width\":1479,\"height\":828},{\"@type\":\"BreadcrumbList\",\"@id\":\"https:\\\/\\\/buenosdiasbcs.com\\\/?p=14940#breadcrumb\",\"itemListElement\":[{\"@type\":\"ListItem\",\"position\":1,\"name\":\"Portada\",\"item\":\"https:\\\/\\\/buenosdiasbcs.com\\\/\"},{\"@type\":\"ListItem\",\"position\":2,\"name\":\"Causan lluvias caos en vados de La Paz\"}]},{\"@type\":\"WebSite\",\"@id\":\"https:\\\/\\\/buenosdiasbcs.com\\\/#website\",\"url\":\"https:\\\/\\\/buenosdiasbcs.com\\\/\",\"name\":\"Buenos D\u00edas BCS\",\"description\":\"\",\"publisher\":{\"@id\":\"https:\\\/\\\/buenosdiasbcs.com\\\/#organization\"},\"potentialAction\":[{\"@type\":\"SearchAction\",\"target\":{\"@type\":\"EntryPoint\",\"urlTemplate\":\"https:\\\/\\\/buenosdiasbcs.com\\\/?s={search_term_string}\"},\"query-input\":{\"@type\":\"PropertyValueSpecification\",\"valueRequired\":true,\"valueName\":\"search_term_string\"}}],\"inLanguage\":\"es\"},{\"@type\":\"Organization\",\"@id\":\"https:\\\/\\\/buenosdiasbcs.com\\\/#organization\",\"name\":\"Buenos D\u00edas BCS\",\"url\":\"https:\\\/\\\/buenosdiasbcs.com\\\/\",\"logo\":{\"@type\":\"ImageObject\",\"inLanguage\":\"es\",\"@id\":\"https:\\\/\\\/buenosdiasbcs.com\\\/#\\\/schema\\\/logo\\\/image\\\/\",\"url\":\"https:\\\/\\\/buenosdiasbcs.com\\\/wp-content\\\/uploads\\\/2026\\\/01\\\/logo-buenos-dias-40-01.png\",\"contentUrl\":\"https:\\\/\\\/buenosdiasbcs.com\\\/wp-content\\\/uploads\\\/2026\\\/01\\\/logo-buenos-dias-40-01.png\",\"width\":277,\"height\":40,\"caption\":\"Buenos D\u00edas BCS\"},\"image\":{\"@id\":\"https:\\\/\\\/buenosdiasbcs.com\\\/#\\\/schema\\\/logo\\\/image\\\/\"}},{\"@type\":\"Person\",\"@id\":\"https:\\\/\\\/buenosdiasbcs.com\\\/#\\\/schema\\\/person\\\/15aedc247eab7070ee5d76d6d069a821\",\"name\":\"Edici\u00f3n Buenos D\u00edas\",\"image\":{\"@type\":\"ImageObject\",\"inLanguage\":\"es\",\"@id\":\"https:\\\/\\\/buenosdiasbcs.com\\\/wp-content\\\/uploads\\\/2026\\\/01\\\/cropped-sol-96x96.png\",\"url\":\"https:\\\/\\\/buenosdiasbcs.com\\\/wp-content\\\/uploads\\\/2026\\\/01\\\/cropped-sol-96x96.png\",\"contentUrl\":\"https:\\\/\\\/buenosdiasbcs.com\\\/wp-content\\\/uploads\\\/2026\\\/01\\\/cropped-sol-96x96.png\",\"caption\":\"Edici\u00f3n Buenos D\u00edas\"},\"url\":\"https:\\\/\\\/buenosdiasbcs.com\\\/?author=2\"}]}<\/script>\n<!-- \/ Yoast SEO Premium plugin. -->","yoast_head_json":{"title":"Causan lluvias caos en vados de La Paz - Buenos D\u00edas BCS","robots":{"index":"index","follow":"follow","max-snippet":"max-snippet:-1","max-image-preview":"max-image-preview:large","max-video-preview":"max-video-preview:-1"},"canonical":"https:\/\/buenosdiasbcs.com\/?p=14940","og_locale":"es_ES","og_type":"article","og_title":"Causan lluvias caos en vados de La Paz","og_description":"Preocupados por las complicaciones de seguridad, vialidad y salud que ocasionan los m\u00faltiples cauces de arroyo como&nbsp;El Cajoncito y El...","og_url":"https:\/\/buenosdiasbcs.com\/?p=14940","og_site_name":"Buenos D\u00edas BCS","article_published_time":"2026-09-02T07:40:00+00:00","og_image":[{"width":1479,"height":828,"url":"https:\/\/buenosdiasbcs.com\/wp-content\/uploads\/2026\/09\/whatsapp-image-2025-09-25-at-41133-pm-eb397434-focus-0-0-1479-828.webp","type":"image\/webp"}],"author":"Edici\u00f3n Buenos D\u00edas","twitter_card":"summary_large_image","twitter_misc":{"Escrito por":"Edici\u00f3n Buenos D\u00edas","Tiempo de lectura":"2 minutos"},"schema":{"@context":"https:\/\/schema.org","@graph":[{"@type":"Article","@id":"https:\/\/buenosdiasbcs.com\/?p=14940#article","isPartOf":{"@id":"https:\/\/buenosdiasbcs.com\/?p=14940"},"author":{"name":"Edici\u00f3n Buenos D\u00edas","@id":"https:\/\/buenosdiasbcs.com\/#\/schema\/person\/15aedc247eab7070ee5d76d6d069a821"},"headline":"Causan lluvias caos en vados de La Paz","datePublished":"2026-09-02T07:40:00+00:00","mainEntityOfPage":{"@id":"https:\/\/buenosdiasbcs.com\/?p=14940"},"wordCount":321,"commentCount":0,"publisher":{"@id":"https:\/\/buenosdiasbcs.com\/#organization"},"image":{"@id":"https:\/\/buenosdiasbcs.com\/?p=14940#primaryimage"},"thumbnailUrl":"https:\/\/buenosdiasbcs.com\/wp-content\/uploads\/2026\/09\/whatsapp-image-2025-09-25-at-41133-pm-eb397434-focus-0-0-1479-828.webp","articleSection":["Clima"],"inLanguage":"es","potentialAction":[{"@type":"CommentAction","name":"Comment","target":["https:\/\/buenosdiasbcs.com\/?p=14940#respond"]}]},{"@type":"WebPage","@id":"https:\/\/buenosdiasbcs.com\/?p=14940","url":"https:\/\/buenosdiasbcs.com\/?p=14940","name":"Causan lluvias caos en vados de La Paz - Buenos D\u00edas BCS","isPartOf":{"@id":"https:\/\/buenosdiasbcs.com\/#website"},"primaryImageOfPage":{"@id":"https:\/\/buenosdiasbcs.com\/?p=14940#primaryimage"},"image":{"@id":"https:\/\/buenosdiasbcs.com\/?p=14940#primaryimage"},"thumbnailUrl":"https:\/\/buenosdiasbcs.com\/wp-content\/uploads\/2026\/09\/whatsapp-image-2025-09-25-at-41133-pm-eb397434-focus-0-0-1479-828.webp","datePublished":"2026-09-02T07:40:00+00:00","breadcrumb":{"@id":"https:\/\/buenosdiasbcs.com\/?p=14940#breadcrumb"},"inLanguage":"es","potentialAction":[{"@type":"ReadAction","target":["https:\/\/buenosdiasbcs.com\/?p=14940"]}]},{"@type":"ImageObject","inLanguage":"es","@id":"https:\/\/buenosdiasbcs.com\/?p=14940#primaryimage","url":"https:\/\/buenosdiasbcs.com\/wp-content\/uploads\/2026\/09\/whatsapp-image-2025-09-25-at-41133-pm-eb397434-focus-0-0-1479-828.webp","contentUrl":"https:\/\/buenosdiasbcs.com\/wp-content\/uploads\/2026\/09\/whatsapp-image-2025-09-25-at-41133-pm-eb397434-focus-0-0-1479-828.webp","width":1479,"height":828},{"@type":"BreadcrumbList","@id":"https:\/\/buenosdiasbcs.com\/?p=14940#breadcrumb","itemListElement":[{"@type":"ListItem","position":1,"name":"Portada","item":"https:\/\/buenosdiasbcs.com\/"},{"@type":"ListItem","position":2,"name":"Causan lluvias caos en vados de La Paz"}]},{"@type":"WebSite","@id":"https:\/\/buenosdiasbcs.com\/#website","url":"https:\/\/buenosdiasbcs.com\/","name":"Buenos D\u00edas BCS","description":"","publisher":{"@id":"https:\/\/buenosdiasbcs.com\/#organization"},"potentialAction":[{"@type":"SearchAction","target":{"@type":"EntryPoint","urlTemplate":"https:\/\/buenosdiasbcs.com\/?s={search_term_string}"},"query-input":{"@type":"PropertyValueSpecification","valueRequired":true,"valueName":"search_term_string"}}],"inLanguage":"es"},{"@type":"Organization","@id":"https:\/\/buenosdiasbcs.com\/#organization","name":"Buenos D\u00edas BCS","url":"https:\/\/buenosdiasbcs.com\/","logo":{"@type":"ImageObject","inLanguage":"es","@id":"https:\/\/buenosdiasbcs.com\/#\/schema\/logo\/image\/","url":"https:\/\/buenosdiasbcs.com\/wp-content\/uploads\/2026\/01\/logo-buenos-dias-40-01.png","contentUrl":"https:\/\/buenosdiasbcs.com\/wp-content\/uploads\/2026\/01\/logo-buenos-dias-40-01.png","width":277,"height":40,"caption":"Buenos D\u00edas BCS"},"image":{"@id":"https:\/\/buenosdiasbcs.com\/#\/schema\/logo\/image\/"}},{"@type":"Person","@id":"https:\/\/buenosdiasbcs.com\/#\/schema\/person\/15aedc247eab7070ee5d76d6d069a821","name":"Edici\u00f3n Buenos D\u00edas","image":{"@type":"ImageObject","inLanguage":"es","@id":"https:\/\/buenosdiasbcs.com\/wp-content\/uploads\/2026\/01\/cropped-sol-96x96.png","url":"https:\/\/buenosdiasbcs.com\/wp-content\/uploads\/2026\/01\/cropped-sol-96x96.png","contentUrl":"https:\/\/buenosdiasbcs.com\/wp-content\/uploads\/2026\/01\/cropped-sol-96x96.png","caption":"Edici\u00f3n Buenos D\u00edas"},"url":"https:\/\/buenosdiasbcs.com\/?author=2"}]}},"amp_enabled":true,"_links":{"self":[{"href":"https:\/\/buenosdiasbcs.com\/index.php?rest_route=\/wp\/v2\/posts\/14940","targetHints":{"allow":["GET"]}}],"collection":[{"href":"https:\/\/buenosdiasbcs.com\/index.php?rest_route=\/wp\/v2\/posts"}],"about":[{"href":"https:\/\/buenosdiasbcs.com\/index.php?rest_route=\/wp\/v2\/types\/post"}],"author":[{"embeddable":true,"href":"https:\/\/buenosdiasbcs.com\/index.php?rest_route=\/wp\/v2\/users\/2"}],"replies":[{"embeddable":true,"href":"https:\/\/buenosdiasbcs.com\/index.php?rest_route=%2Fwp%2Fv2%2Fcomments&post=14940"}],"version-history":[{"count":1,"href":"https:\/\/buenosdiasbcs.com\/index.php?rest_route=\/wp\/v2\/posts\/14940\/revisions"}],"predecessor-version":[{"id":14942,"href":"https:\/\/buenosdiasbcs.com\/index.php?rest_route=\/wp\/v2\/posts\/14940\/revisions\/14942"}],"wp:featuredmedia":[{"embeddable":true,"href":"https:\/\/buenosdiasbcs.com\/index.php?rest_route=\/wp\/v2\/media\/14941"}],"wp:attachment":[{"href":"https:\/\/buenosdiasbcs.com\/index.php?rest_route=%2Fwp%2Fv2%2Fmedia&parent=14940"}],"wp:term":[{"taxonomy":"category","embeddable":true,"href":"https:\/\/buenosdiasbcs.com\/index.php?rest_route=%2Fwp%2Fv2%2Fcategories&post=14940"},{"taxonomy":"post_tag","embeddable":true,"href":"https:\/\/buenosdiasbcs.com\/index.php?rest_route=%2Fwp%2Fv2%2Ftags&post=14940"}],"curies":[{"name":"wp","href":"https:\/\/api.w.org\/{rel}","templated":true}]}}