{"id":14934,"date":"2026-09-02T00:15:00","date_gmt":"2026-09-02T07:15:00","guid":{"rendered":"https:\/\/buenosdiasbcs.com\/?p=14934"},"modified":"2026-09-01T21:17:31","modified_gmt":"2026-09-02T04:17:31","slug":"creador-de-contenido-de-cabo-san-lucas-es-reportado-como-desaparecido-esto-es-lo-que-se-sabe-del-caso","status":"publish","type":"post","link":"https:\/\/buenosdiasbcs.com\/?p=14934","title":{"rendered":"Creador de contenido de Cabo San Lucas es reportado como desaparecido; esto es lo que se sabe del caso"},"content":{"rendered":"\n<h2 id=\"h-el-creador-de-contenido-de-cabo-san-lucas-jesus-bertin-fue-visto-por-ultima-vez-en-su-domicilio-de-la-colonia-tierra-y-libertad\" class=\"wp-block-heading\">El creador de contenido de Cabo San Lucas Jes\u00fas Bert\u00edn fue visto por \u00faltima vez en su domicilio de la colonia Tierra y Libertad.<\/h2>\n\n\n\n<p class=\"wp-block-paragraph\">Un&nbsp;<strong>creador de contenido<\/strong>&nbsp;de&nbsp;<strong>Cabo San Lucas<\/strong>&nbsp;en el municipio de Los Cabos fue reportado como&nbsp;<strong>desaparecido<\/strong>recientemente, un caso que se suma a otros registrados recientemente en Baja California Sur,&nbsp;<a href=\"https:\/\/www.posta.com.mx\/bcs\/continua-busqueda-de-heriberto-osuna-pescador-de-bahia-tortugas-desaparecido-desde-el-15-de-agosto\/vl2248489\">como el de Heriberto Osuna, pescador de Bah\u00eda Tortugas desaparecido desde el 15 de agosto.<\/a><\/p>\n\n\n\n<p class=\"wp-block-paragraph\"><strong>Familiares<\/strong>, amigos y&nbsp;<strong>usuarios de redes sociales<\/strong>&nbsp;comenzaron a compartir&nbsp;<strong>informaci\u00f3n<\/strong>&nbsp;para ayudar a localizarlo y pidieron a la comunidad mantenerse atenta ante cualquier dato que pueda ayudar a conocer su paradero.<\/p>\n\n\n\n<h2 id=\"h-que-se-sabe-sobre-la-nbsp-desaparicion-nbsp-del-nbsp-creador-de-contenido-nbsp-de-nbsp-cabo-san-lucas\" class=\"wp-block-heading\">\u00bfQu\u00e9 se sabe sobre la&nbsp;<strong>desaparici\u00f3n<\/strong>&nbsp;del&nbsp;<strong>creador de contenido<\/strong>&nbsp;de&nbsp;<strong>Cabo San Lucas<\/strong>?<\/h2>\n\n\n\n<p class=\"wp-block-paragraph\"><strong>Jes\u00fas Bert\u00edn Ortega Loyo<\/strong>&nbsp;fue reportado como&nbsp;<strong>desaparecido<\/strong>&nbsp;en&nbsp;<strong>Cabo San Lucas<\/strong>, por lo que&nbsp;<strong>familiares<\/strong>, amigos y personas cercanas comenzaron a difundir&nbsp;<strong>informaci\u00f3n<\/strong>&nbsp;en&nbsp;<strong>redes sociales<\/strong>&nbsp;para pedir apoyo en su&nbsp;<strong>b\u00fasqueda<\/strong>.<\/p>\n\n\n\n<p class=\"wp-block-paragraph\">De acuerdo con la publicaci\u00f3n difundida para solicitar ayuda, la&nbsp;<strong>\u00faltima vez<\/strong>&nbsp;que se tuvo conocimiento de su paradero fue en su&nbsp;<strong>domicilio<\/strong>, ubicado en la&nbsp;<strong>colonia Tierra y Libertad<\/strong>.&nbsp;<\/p>\n\n\n\n<p class=\"wp-block-paragraph\">Tambi\u00e9n se inform\u00f3 que algunas de sus&nbsp;<strong>pertenencias personales<\/strong>, entre ellas&nbsp;<strong>tel\u00e9fonos celulares<\/strong>&nbsp;y una&nbsp;<strong>cartera<\/strong>, fueron encontradas dentro de su veh\u00edculo.<\/p>\n\n\n\n<p class=\"wp-block-paragraph\">La misma publicaci\u00f3n se\u00f1ala que&nbsp;<strong>familiares<\/strong>&nbsp;presentaron una&nbsp;<strong>denuncia<\/strong>&nbsp;por&nbsp;<strong>desaparici\u00f3n<\/strong>&nbsp;ante la&nbsp;<strong>Fiscal\u00eda<\/strong>. Hasta el momento, la&nbsp;<strong>informaci\u00f3n<\/strong>&nbsp;difundida p\u00fablicamente sobre el caso proviene principalmente de las&nbsp;<strong>publicaciones<\/strong>realizadas para solicitar ayuda.<\/p>\n\n\n\n<p class=\"wp-block-paragraph\">El&nbsp;<strong>Colectivo de B\u00fasqueda<\/strong>&nbsp;de&nbsp;<strong>San Jos\u00e9<\/strong>&nbsp;tambi\u00e9n comparti\u00f3 una ficha de&nbsp;<strong>b\u00fasqueda<\/strong>&nbsp;y se\u00f1al\u00f3 que el hombre est\u00e1&nbsp;<strong>desaparecido<\/strong>&nbsp;desde el&nbsp;<strong>lunes 31 de agosto<\/strong>.<\/p>\n\n\n\n<p class=\"wp-block-paragraph\">La publicaci\u00f3n fue difundida como una&nbsp;<strong>b\u00fasqueda urgente<\/strong>&nbsp;y pidi\u00f3 a la&nbsp;<strong>poblaci\u00f3n<\/strong>&nbsp;aportar cualquier dato que pueda ayudar a encontrarlo.<\/p>\n\n\n\n<p class=\"wp-block-paragraph\">Para quienes tengan&nbsp;<strong>informaci\u00f3n<\/strong>&nbsp;que pueda ser \u00fatil para la&nbsp;<strong>b\u00fasqueda<\/strong>, se habilit\u00f3 el&nbsp;<strong>n\u00famero<\/strong>&nbsp;<strong>624 113 6020<\/strong>, tambi\u00e9n se pidi\u00f3 compartir la publicaci\u00f3n para ampliar su alcance.&nbsp;Los&nbsp;<strong>datos<\/strong>&nbsp;difundidos hasta ahora son:<\/p>\n\n\n\n<ul class=\"wp-block-list\">\n<li><strong>\u00daltimo lugar donde se tuvo conocimiento de su paradero:<\/strong>\u00a0su\u00a0<strong>domicilio<\/strong>\u00a0en la\u00a0<strong>colonia Tierra y Libertad<\/strong><\/li>\n\n\n\n<li><strong>Fecha en que fue reportado como desaparecido:<\/strong>\u00a0<strong>lunes 31 de agosto<\/strong><\/li>\n\n\n\n<li><strong>Pertenencias encontradas:<\/strong>\u00a0<strong>tel\u00e9fonos celulares<\/strong>\u00a0y una\u00a0<strong>cartera<\/strong>, seg\u00fan la publicaci\u00f3n de\u00a0<strong>b\u00fasqueda<\/strong><\/li>\n\n\n\n<li><strong>Denuncia:<\/strong>\u00a0las\u00a0<strong>publicaciones<\/strong>\u00a0se\u00f1alan que fue presentada ante la\u00a0<strong>Fiscal\u00eda<\/strong><\/li>\n\n\n\n<li><strong>Tel\u00e9fono para aportar informaci\u00f3n:<\/strong>\u00a0<strong>624 113 6020<\/strong><\/li>\n<\/ul>\n\n\n\n<p class=\"wp-block-paragraph\">La&nbsp;<strong>informaci\u00f3n<\/strong>&nbsp;podr\u00eda&nbsp;<strong>actualizarse<\/strong>&nbsp;conforme avance la&nbsp;<strong>b\u00fasqueda<\/strong>&nbsp;y se conozcan nuevos&nbsp;<strong>datos<\/strong>&nbsp;sobre el paradero del&nbsp;<strong>creador de contenido<\/strong>.<\/p>\n\n\n\n<p class=\"wp-block-paragraph\"><img fetchpriority=\"high\" decoding=\"async\" width=\"825\" height=\"464\" src=\"https:\/\/blob.posta.com.mx\/images\/2026\/09\/01\/ue-se-sabe-sobre-la-desaparicion-del-creador-de-contenido-de-cabo-san-lucas-5386f750-focus-0-0-825-464.webp\" alt=\"Personas cercanas al creador de contenido pidieron apoyo para obtener informaci\u00f3n sobre su paradero. Foto: Facebook \/ Jes\u00fas Bert\u00edn Ortega Loyo\"><\/p>\n\n\n\n<p class=\"wp-block-paragraph\">Personas cercanas al creador de contenido pidieron apoyo para obtener informaci\u00f3n sobre su paradero. Foto: Facebook \/ Jes\u00fas Bert\u00edn Ortega Loyo<\/p>\n\n\n\n<h2 id=\"h-quien-es-nbsp-jesus-bertin-ortega-loyo\" class=\"wp-block-heading\">\u00bfQui\u00e9n es&nbsp;<strong>Jes\u00fas Bert\u00edn Ortega Loyo<\/strong>?<\/h2>\n\n\n\n<p class=\"wp-block-paragraph\"><strong>Jes\u00fas Bert\u00edn Ortega Loyo<\/strong>&nbsp;es conocido en&nbsp;<strong>Cabo San Lucas<\/strong>&nbsp;por su actividad como&nbsp;<strong>creador de contenido en redes sociales<\/strong>.<\/p>\n\n\n\n<p class=\"wp-block-paragraph\">Adem\u00e1s de su presencia en plataformas digitales, cuenta con un&nbsp;<strong>negocio<\/strong>&nbsp;identificado como&nbsp;<strong>Bert\u00edn Express BCS<\/strong>, dedicado a ofrecer servicios de&nbsp;<strong>viajes y paqueter\u00eda<\/strong>.<\/p>\n\n\n\n<p class=\"wp-block-paragraph\">Su&nbsp;<strong>actividad comercial<\/strong>&nbsp;est\u00e1 relacionada con&nbsp;<strong>traslados<\/strong>&nbsp;y&nbsp;<strong>env\u00edo de paquetes<\/strong>, mientras que en&nbsp;<strong>redes sociales<\/strong>tambi\u00e9n mantiene&nbsp;<strong>contenido<\/strong>&nbsp;dirigido a sudcalifornianos.<\/p>\n\n\n\n<p class=\"wp-block-paragraph\">Antes de su&nbsp;<strong>desaparici\u00f3n<\/strong>, tambi\u00e9n ten\u00eda previsto comenzar un&nbsp;<strong>nuevo proyecto<\/strong>&nbsp;de&nbsp;<strong>contenido<\/strong>&nbsp;llamado&nbsp;<strong>\u201cBert\u00edn al volante BCS\u201d<\/strong>, de acuerdo con la&nbsp;<strong>informaci\u00f3n<\/strong>&nbsp;proporcionada sobre sus proyectos.<\/p>\n\n\n\n<p class=\"wp-block-paragraph\">El&nbsp;<strong>proyecto<\/strong>&nbsp;estaba relacionado con la&nbsp;<strong>conducci\u00f3n<\/strong>&nbsp;y los&nbsp;<strong>recorridos<\/strong>, siguiendo una l\u00ednea de&nbsp;<strong>contenido<\/strong>&nbsp;vinculada con los viajes y el movimiento por la regi\u00f3n.<\/p>\n\n\n\n<p class=\"wp-block-paragraph\">Por ahora, la&nbsp;<strong>informaci\u00f3n<\/strong>&nbsp;disponible sobre su&nbsp;<strong>desaparici\u00f3n<\/strong>&nbsp;se concentra en las&nbsp;<strong>publicaciones<\/strong>&nbsp;que han comenzado a circular en&nbsp;<strong>redes sociales<\/strong>&nbsp;y en la ficha compartida por el&nbsp;<strong>Colectivo de B\u00fasqueda<\/strong>&nbsp;de&nbsp;<strong>San Jos\u00e9<\/strong>.<\/p>\n\n\n\n<p class=\"wp-block-paragraph\">La difusi\u00f3n de su&nbsp;<strong>fotograf\u00eda<\/strong>,&nbsp;<strong>nombre<\/strong>&nbsp;y&nbsp;<strong>datos<\/strong>&nbsp;de contacto busca que cualquier persona que pueda reconocerlo o que tenga&nbsp;<strong>informaci\u00f3n<\/strong>&nbsp;sobre sus&nbsp;<strong>\u00faltimos movimientos<\/strong>&nbsp;pueda compartirla y ayudar a localizarlo.<\/p>\n\n\n\n<p class=\"wp-block-paragraph\">Ante casos de&nbsp;<strong>desaparici\u00f3n<\/strong>,&nbsp;<a href=\"https:\/\/www.posta.com.mx\/bcs\/que-hacer-ante-una-desaparicion-en-bcs-estos-son-los-datos-que-debes-compartir\/vl2240005\">colectivos como B\u00fasqueda x La Paz tambi\u00e9n han impulsado campa\u00f1as como \u201cCada minuto cuenta\u201d<\/a>, con&nbsp;<strong>informaci\u00f3n<\/strong>&nbsp;sobre los pasos que se pueden seguir cuando una persona desaparece.<\/p>\n\n\n\n<p class=\"wp-block-paragraph\"><\/p>\n","protected":false},"excerpt":{"rendered":"<p>El creador de contenido de Cabo San Lucas Jes\u00fas Bert\u00edn fue visto por \u00faltima vez en su domicilio de la&#8230;<\/p>\n","protected":false},"author":2,"featured_media":14935,"comment_status":"open","ping_status":"open","sticky":false,"template":"","format":"standard","meta":{"footnotes":""},"categories":[237],"tags":[],"class_list":["post-14934","post","type-post","status-publish","format-standard","has-post-thumbnail","hentry","category-seguridad"],"yoast_head":"<!-- This site is optimized with the Yoast SEO Premium plugin v26.8 (Yoast SEO v28.4) - https:\/\/yoast.com\/product\/yoast-seo-premium-wordpress\/ -->\n<title>Creador de contenido de Cabo San Lucas es reportado como desaparecido; esto es lo que se sabe del caso - Buenos D\u00edas BCS<\/title>\n<meta name=\"robots\" content=\"index, follow, max-snippet:-1, max-image-preview:large, max-video-preview:-1\" \/>\n<link rel=\"canonical\" href=\"https:\/\/buenosdiasbcs.com\/?p=14934\" \/>\n<meta property=\"og:locale\" content=\"es_ES\" \/>\n<meta property=\"og:type\" content=\"article\" \/>\n<meta property=\"og:title\" content=\"Creador de contenido de Cabo San Lucas es reportado como desaparecido; esto es lo que se sabe del caso\" \/>\n<meta property=\"og:description\" content=\"El creador de contenido de Cabo San Lucas Jes\u00fas Bert\u00edn fue visto por \u00faltima vez en su domicilio de la...\" \/>\n<meta property=\"og:url\" content=\"https:\/\/buenosdiasbcs.com\/?p=14934\" \/>\n<meta property=\"og:site_name\" content=\"Buenos D\u00edas BCS\" \/>\n<meta property=\"article:published_time\" content=\"2026-09-02T07:15:00+00:00\" \/>\n<meta property=\"og:image\" content=\"https:\/\/buenosdiasbcs.com\/wp-content\/uploads\/2026\/09\/creador-de-contenido-de-cabo-san-lucas-es-reportado-como-desaparecido-esto-es-lo-que-se-sabe-del-caso-aeb56c49-focus-0-0-1479-828.webp\" \/>\n\t<meta property=\"og:image:width\" content=\"1280\" \/>\n\t<meta property=\"og:image:height\" content=\"720\" \/>\n\t<meta property=\"og:image:type\" content=\"image\/webp\" \/>\n<meta name=\"author\" content=\"Edici\u00f3n Buenos D\u00edas\" \/>\n<meta name=\"twitter:card\" content=\"summary_large_image\" \/>\n<meta name=\"twitter:label1\" content=\"Escrito por\" \/>\n\t<meta name=\"twitter:data1\" content=\"Edici\u00f3n Buenos D\u00edas\" \/>\n\t<meta name=\"twitter:label2\" content=\"Tiempo de lectura\" \/>\n\t<meta name=\"twitter:data2\" content=\"4 minutos\" \/>\n<script type=\"application\/ld+json\" class=\"yoast-schema-graph\">{\"@context\":\"https:\\\/\\\/schema.org\",\"@graph\":[{\"@type\":\"Article\",\"@id\":\"https:\\\/\\\/buenosdiasbcs.com\\\/?p=14934#article\",\"isPartOf\":{\"@id\":\"https:\\\/\\\/buenosdiasbcs.com\\\/?p=14934\"},\"author\":{\"name\":\"Edici\u00f3n Buenos D\u00edas\",\"@id\":\"https:\\\/\\\/buenosdiasbcs.com\\\/#\\\/schema\\\/person\\\/15aedc247eab7070ee5d76d6d069a821\"},\"headline\":\"Creador de contenido de Cabo San Lucas es reportado como desaparecido; esto es lo que se sabe del caso\",\"datePublished\":\"2026-09-02T07:15:00+00:00\",\"mainEntityOfPage\":{\"@id\":\"https:\\\/\\\/buenosdiasbcs.com\\\/?p=14934\"},\"wordCount\":844,\"commentCount\":0,\"publisher\":{\"@id\":\"https:\\\/\\\/buenosdiasbcs.com\\\/#organization\"},\"image\":{\"@id\":\"https:\\\/\\\/buenosdiasbcs.com\\\/?p=14934#primaryimage\"},\"thumbnailUrl\":\"https:\\\/\\\/buenosdiasbcs.com\\\/wp-content\\\/uploads\\\/2026\\\/09\\\/creador-de-contenido-de-cabo-san-lucas-es-reportado-como-desaparecido-esto-es-lo-que-se-sabe-del-caso-aeb56c49-focus-0-0-1479-828.webp\",\"articleSection\":[\"Seguridad\"],\"inLanguage\":\"es\",\"potentialAction\":[{\"@type\":\"CommentAction\",\"name\":\"Comment\",\"target\":[\"https:\\\/\\\/buenosdiasbcs.com\\\/?p=14934#respond\"]}]},{\"@type\":\"WebPage\",\"@id\":\"https:\\\/\\\/buenosdiasbcs.com\\\/?p=14934\",\"url\":\"https:\\\/\\\/buenosdiasbcs.com\\\/?p=14934\",\"name\":\"Creador de contenido de Cabo San Lucas es reportado como desaparecido; esto es lo que se sabe del caso - Buenos D\u00edas BCS\",\"isPartOf\":{\"@id\":\"https:\\\/\\\/buenosdiasbcs.com\\\/#website\"},\"primaryImageOfPage\":{\"@id\":\"https:\\\/\\\/buenosdiasbcs.com\\\/?p=14934#primaryimage\"},\"image\":{\"@id\":\"https:\\\/\\\/buenosdiasbcs.com\\\/?p=14934#primaryimage\"},\"thumbnailUrl\":\"https:\\\/\\\/buenosdiasbcs.com\\\/wp-content\\\/uploads\\\/2026\\\/09\\\/creador-de-contenido-de-cabo-san-lucas-es-reportado-como-desaparecido-esto-es-lo-que-se-sabe-del-caso-aeb56c49-focus-0-0-1479-828.webp\",\"datePublished\":\"2026-09-02T07:15:00+00:00\",\"breadcrumb\":{\"@id\":\"https:\\\/\\\/buenosdiasbcs.com\\\/?p=14934#breadcrumb\"},\"inLanguage\":\"es\",\"potentialAction\":[{\"@type\":\"ReadAction\",\"target\":[\"https:\\\/\\\/buenosdiasbcs.com\\\/?p=14934\"]}]},{\"@type\":\"ImageObject\",\"inLanguage\":\"es\",\"@id\":\"https:\\\/\\\/buenosdiasbcs.com\\\/?p=14934#primaryimage\",\"url\":\"https:\\\/\\\/buenosdiasbcs.com\\\/wp-content\\\/uploads\\\/2026\\\/09\\\/creador-de-contenido-de-cabo-san-lucas-es-reportado-como-desaparecido-esto-es-lo-que-se-sabe-del-caso-aeb56c49-focus-0-0-1479-828.webp\",\"contentUrl\":\"https:\\\/\\\/buenosdiasbcs.com\\\/wp-content\\\/uploads\\\/2026\\\/09\\\/creador-de-contenido-de-cabo-san-lucas-es-reportado-como-desaparecido-esto-es-lo-que-se-sabe-del-caso-aeb56c49-focus-0-0-1479-828.webp\",\"width\":1280,\"height\":720},{\"@type\":\"BreadcrumbList\",\"@id\":\"https:\\\/\\\/buenosdiasbcs.com\\\/?p=14934#breadcrumb\",\"itemListElement\":[{\"@type\":\"ListItem\",\"position\":1,\"name\":\"Portada\",\"item\":\"https:\\\/\\\/buenosdiasbcs.com\\\/\"},{\"@type\":\"ListItem\",\"position\":2,\"name\":\"Creador de contenido de Cabo San Lucas es reportado como desaparecido; esto es lo que se sabe del caso\"}]},{\"@type\":\"WebSite\",\"@id\":\"https:\\\/\\\/buenosdiasbcs.com\\\/#website\",\"url\":\"https:\\\/\\\/buenosdiasbcs.com\\\/\",\"name\":\"Buenos D\u00edas BCS\",\"description\":\"\",\"publisher\":{\"@id\":\"https:\\\/\\\/buenosdiasbcs.com\\\/#organization\"},\"potentialAction\":[{\"@type\":\"SearchAction\",\"target\":{\"@type\":\"EntryPoint\",\"urlTemplate\":\"https:\\\/\\\/buenosdiasbcs.com\\\/?s={search_term_string}\"},\"query-input\":{\"@type\":\"PropertyValueSpecification\",\"valueRequired\":true,\"valueName\":\"search_term_string\"}}],\"inLanguage\":\"es\"},{\"@type\":\"Organization\",\"@id\":\"https:\\\/\\\/buenosdiasbcs.com\\\/#organization\",\"name\":\"Buenos D\u00edas BCS\",\"url\":\"https:\\\/\\\/buenosdiasbcs.com\\\/\",\"logo\":{\"@type\":\"ImageObject\",\"inLanguage\":\"es\",\"@id\":\"https:\\\/\\\/buenosdiasbcs.com\\\/#\\\/schema\\\/logo\\\/image\\\/\",\"url\":\"https:\\\/\\\/buenosdiasbcs.com\\\/wp-content\\\/uploads\\\/2026\\\/01\\\/logo-buenos-dias-40-01.png\",\"contentUrl\":\"https:\\\/\\\/buenosdiasbcs.com\\\/wp-content\\\/uploads\\\/2026\\\/01\\\/logo-buenos-dias-40-01.png\",\"width\":277,\"height\":40,\"caption\":\"Buenos D\u00edas BCS\"},\"image\":{\"@id\":\"https:\\\/\\\/buenosdiasbcs.com\\\/#\\\/schema\\\/logo\\\/image\\\/\"}},{\"@type\":\"Person\",\"@id\":\"https:\\\/\\\/buenosdiasbcs.com\\\/#\\\/schema\\\/person\\\/15aedc247eab7070ee5d76d6d069a821\",\"name\":\"Edici\u00f3n Buenos D\u00edas\",\"image\":{\"@type\":\"ImageObject\",\"inLanguage\":\"es\",\"@id\":\"https:\\\/\\\/buenosdiasbcs.com\\\/wp-content\\\/uploads\\\/2026\\\/01\\\/cropped-sol-96x96.png\",\"url\":\"https:\\\/\\\/buenosdiasbcs.com\\\/wp-content\\\/uploads\\\/2026\\\/01\\\/cropped-sol-96x96.png\",\"contentUrl\":\"https:\\\/\\\/buenosdiasbcs.com\\\/wp-content\\\/uploads\\\/2026\\\/01\\\/cropped-sol-96x96.png\",\"caption\":\"Edici\u00f3n Buenos D\u00edas\"},\"url\":\"https:\\\/\\\/buenosdiasbcs.com\\\/?author=2\"}]}<\/script>\n<!-- \/ Yoast SEO Premium plugin. -->","yoast_head_json":{"title":"Creador de contenido de Cabo San Lucas es reportado como desaparecido; esto es lo que se sabe del caso - Buenos D\u00edas BCS","robots":{"index":"index","follow":"follow","max-snippet":"max-snippet:-1","max-image-preview":"max-image-preview:large","max-video-preview":"max-video-preview:-1"},"canonical":"https:\/\/buenosdiasbcs.com\/?p=14934","og_locale":"es_ES","og_type":"article","og_title":"Creador de contenido de Cabo San Lucas es reportado como desaparecido; esto es lo que se sabe del caso","og_description":"El creador de contenido de Cabo San Lucas Jes\u00fas Bert\u00edn fue visto por \u00faltima vez en su domicilio de la...","og_url":"https:\/\/buenosdiasbcs.com\/?p=14934","og_site_name":"Buenos D\u00edas BCS","article_published_time":"2026-09-02T07:15:00+00:00","og_image":[{"width":1280,"height":720,"url":"https:\/\/buenosdiasbcs.com\/wp-content\/uploads\/2026\/09\/creador-de-contenido-de-cabo-san-lucas-es-reportado-como-desaparecido-esto-es-lo-que-se-sabe-del-caso-aeb56c49-focus-0-0-1479-828.webp","type":"image\/webp"}],"author":"Edici\u00f3n Buenos D\u00edas","twitter_card":"summary_large_image","twitter_misc":{"Escrito por":"Edici\u00f3n Buenos D\u00edas","Tiempo de lectura":"4 minutos"},"schema":{"@context":"https:\/\/schema.org","@graph":[{"@type":"Article","@id":"https:\/\/buenosdiasbcs.com\/?p=14934#article","isPartOf":{"@id":"https:\/\/buenosdiasbcs.com\/?p=14934"},"author":{"name":"Edici\u00f3n Buenos D\u00edas","@id":"https:\/\/buenosdiasbcs.com\/#\/schema\/person\/15aedc247eab7070ee5d76d6d069a821"},"headline":"Creador de contenido de Cabo San Lucas es reportado como desaparecido; esto es lo que se sabe del caso","datePublished":"2026-09-02T07:15:00+00:00","mainEntityOfPage":{"@id":"https:\/\/buenosdiasbcs.com\/?p=14934"},"wordCount":844,"commentCount":0,"publisher":{"@id":"https:\/\/buenosdiasbcs.com\/#organization"},"image":{"@id":"https:\/\/buenosdiasbcs.com\/?p=14934#primaryimage"},"thumbnailUrl":"https:\/\/buenosdiasbcs.com\/wp-content\/uploads\/2026\/09\/creador-de-contenido-de-cabo-san-lucas-es-reportado-como-desaparecido-esto-es-lo-que-se-sabe-del-caso-aeb56c49-focus-0-0-1479-828.webp","articleSection":["Seguridad"],"inLanguage":"es","potentialAction":[{"@type":"CommentAction","name":"Comment","target":["https:\/\/buenosdiasbcs.com\/?p=14934#respond"]}]},{"@type":"WebPage","@id":"https:\/\/buenosdiasbcs.com\/?p=14934","url":"https:\/\/buenosdiasbcs.com\/?p=14934","name":"Creador de contenido de Cabo San Lucas es reportado como desaparecido; esto es lo que se sabe del caso - Buenos D\u00edas BCS","isPartOf":{"@id":"https:\/\/buenosdiasbcs.com\/#website"},"primaryImageOfPage":{"@id":"https:\/\/buenosdiasbcs.com\/?p=14934#primaryimage"},"image":{"@id":"https:\/\/buenosdiasbcs.com\/?p=14934#primaryimage"},"thumbnailUrl":"https:\/\/buenosdiasbcs.com\/wp-content\/uploads\/2026\/09\/creador-de-contenido-de-cabo-san-lucas-es-reportado-como-desaparecido-esto-es-lo-que-se-sabe-del-caso-aeb56c49-focus-0-0-1479-828.webp","datePublished":"2026-09-02T07:15:00+00:00","breadcrumb":{"@id":"https:\/\/buenosdiasbcs.com\/?p=14934#breadcrumb"},"inLanguage":"es","potentialAction":[{"@type":"ReadAction","target":["https:\/\/buenosdiasbcs.com\/?p=14934"]}]},{"@type":"ImageObject","inLanguage":"es","@id":"https:\/\/buenosdiasbcs.com\/?p=14934#primaryimage","url":"https:\/\/buenosdiasbcs.com\/wp-content\/uploads\/2026\/09\/creador-de-contenido-de-cabo-san-lucas-es-reportado-como-desaparecido-esto-es-lo-que-se-sabe-del-caso-aeb56c49-focus-0-0-1479-828.webp","contentUrl":"https:\/\/buenosdiasbcs.com\/wp-content\/uploads\/2026\/09\/creador-de-contenido-de-cabo-san-lucas-es-reportado-como-desaparecido-esto-es-lo-que-se-sabe-del-caso-aeb56c49-focus-0-0-1479-828.webp","width":1280,"height":720},{"@type":"BreadcrumbList","@id":"https:\/\/buenosdiasbcs.com\/?p=14934#breadcrumb","itemListElement":[{"@type":"ListItem","position":1,"name":"Portada","item":"https:\/\/buenosdiasbcs.com\/"},{"@type":"ListItem","position":2,"name":"Creador de contenido de Cabo San Lucas es reportado como desaparecido; esto es lo que se sabe del caso"}]},{"@type":"WebSite","@id":"https:\/\/buenosdiasbcs.com\/#website","url":"https:\/\/buenosdiasbcs.com\/","name":"Buenos D\u00edas BCS","description":"","publisher":{"@id":"https:\/\/buenosdiasbcs.com\/#organization"},"potentialAction":[{"@type":"SearchAction","target":{"@type":"EntryPoint","urlTemplate":"https:\/\/buenosdiasbcs.com\/?s={search_term_string}"},"query-input":{"@type":"PropertyValueSpecification","valueRequired":true,"valueName":"search_term_string"}}],"inLanguage":"es"},{"@type":"Organization","@id":"https:\/\/buenosdiasbcs.com\/#organization","name":"Buenos D\u00edas BCS","url":"https:\/\/buenosdiasbcs.com\/","logo":{"@type":"ImageObject","inLanguage":"es","@id":"https:\/\/buenosdiasbcs.com\/#\/schema\/logo\/image\/","url":"https:\/\/buenosdiasbcs.com\/wp-content\/uploads\/2026\/01\/logo-buenos-dias-40-01.png","contentUrl":"https:\/\/buenosdiasbcs.com\/wp-content\/uploads\/2026\/01\/logo-buenos-dias-40-01.png","width":277,"height":40,"caption":"Buenos D\u00edas BCS"},"image":{"@id":"https:\/\/buenosdiasbcs.com\/#\/schema\/logo\/image\/"}},{"@type":"Person","@id":"https:\/\/buenosdiasbcs.com\/#\/schema\/person\/15aedc247eab7070ee5d76d6d069a821","name":"Edici\u00f3n Buenos D\u00edas","image":{"@type":"ImageObject","inLanguage":"es","@id":"https:\/\/buenosdiasbcs.com\/wp-content\/uploads\/2026\/01\/cropped-sol-96x96.png","url":"https:\/\/buenosdiasbcs.com\/wp-content\/uploads\/2026\/01\/cropped-sol-96x96.png","contentUrl":"https:\/\/buenosdiasbcs.com\/wp-content\/uploads\/2026\/01\/cropped-sol-96x96.png","caption":"Edici\u00f3n Buenos D\u00edas"},"url":"https:\/\/buenosdiasbcs.com\/?author=2"}]}},"amp_enabled":true,"_links":{"self":[{"href":"https:\/\/buenosdiasbcs.com\/index.php?rest_route=\/wp\/v2\/posts\/14934","targetHints":{"allow":["GET"]}}],"collection":[{"href":"https:\/\/buenosdiasbcs.com\/index.php?rest_route=\/wp\/v2\/posts"}],"about":[{"href":"https:\/\/buenosdiasbcs.com\/index.php?rest_route=\/wp\/v2\/types\/post"}],"author":[{"embeddable":true,"href":"https:\/\/buenosdiasbcs.com\/index.php?rest_route=\/wp\/v2\/users\/2"}],"replies":[{"embeddable":true,"href":"https:\/\/buenosdiasbcs.com\/index.php?rest_route=%2Fwp%2Fv2%2Fcomments&post=14934"}],"version-history":[{"count":1,"href":"https:\/\/buenosdiasbcs.com\/index.php?rest_route=\/wp\/v2\/posts\/14934\/revisions"}],"predecessor-version":[{"id":14936,"href":"https:\/\/buenosdiasbcs.com\/index.php?rest_route=\/wp\/v2\/posts\/14934\/revisions\/14936"}],"wp:featuredmedia":[{"embeddable":true,"href":"https:\/\/buenosdiasbcs.com\/index.php?rest_route=\/wp\/v2\/media\/14935"}],"wp:attachment":[{"href":"https:\/\/buenosdiasbcs.com\/index.php?rest_route=%2Fwp%2Fv2%2Fmedia&parent=14934"}],"wp:term":[{"taxonomy":"category","embeddable":true,"href":"https:\/\/buenosdiasbcs.com\/index.php?rest_route=%2Fwp%2Fv2%2Fcategories&post=14934"},{"taxonomy":"post_tag","embeddable":true,"href":"https:\/\/buenosdiasbcs.com\/index.php?rest_route=%2Fwp%2Fv2%2Ftags&post=14934"}],"curies":[{"name":"wp","href":"https:\/\/api.w.org\/{rel}","templated":true}]}}