{"id":14928,"date":"2026-09-02T00:06:00","date_gmt":"2026-09-02T07:06:00","guid":{"rendered":"https:\/\/buenosdiasbcs.com\/?p=14928"},"modified":"2026-09-01T21:11:59","modified_gmt":"2026-09-02T04:11:59","slug":"juez-de-distrito-declara-inconstitucional-la-reforma-judicial-de-2024-jufed-celebra-historico-fallo","status":"publish","type":"post","link":"https:\/\/buenosdiasbcs.com\/?p=14928","title":{"rendered":"Juez de Distrito declara inconstitucional la reforma judicial de 2024; JUFED celebra &#8216;hist\u00f3rico fallo&#8217;"},"content":{"rendered":"\n<h2 id=\"h-en-su-sentencia-el-juez-cuestiona-el-proceso-legislativo-de-la-reforma-y-plantea-que-la-designacion-de-jueces-y-magistrados-por-eleccion-popular-excedio-los-limites-establecidos-en-el-articulo-135-constitucional\" class=\"wp-block-heading\">En su sentencia, el juez cuestiona el proceso legislativo de la reforma y plantea que la designaci\u00f3n de jueces y magistrados por elecci\u00f3n popular excedi\u00f3 los l\u00edmites establecidos en el art\u00edculo 135 constitucional.<\/h2>\n\n\n\n<p class=\"wp-block-paragraph\">Un juez de Distrito&nbsp;<strong>declar\u00f3 inconstitucional la reforma judicial de 2024<\/strong>&nbsp;y otorg\u00f3 un amparo contra \u00e9sta, inform\u00f3 la Asociaci\u00f3n Nacional de Magistrados de Circuito y Jueces de Distrito del Poder Judicial de la Federaci\u00f3n (JUFED).<\/p>\n\n\n\n<p class=\"wp-block-paragraph\">La sentencia del titular del Juzgado S\u00e9ptimo de Distrito en Materia Administrativa en el Estado de Jalisco, con residencia en Zapopan,&nbsp;<strong>Agust\u00edn Archundia Ortiz,<\/strong>&nbsp;en el juicio de amparo 491\/2025, fue calificada como \u201chist\u00f3rica\u201d por JUFED.<\/p>\n\n\n\n<p class=\"wp-block-paragraph\">En un comunicado, los juzgadores se\u00f1alaron que la resoluci\u00f3n demuestra \u201cque la s\u00f3lida preparaci\u00f3n t\u00e9cnica y el conocimiento de la ley son<strong>&nbsp;la \u00fanica v\u00eda para garantizar los derechos de la ciudadan\u00eda\u201d.<\/strong><\/p>\n\n\n\n<p class=\"wp-block-paragraph\">De acuerdo con JUFED, el an\u00e1lisis realizado por el juez<strong>&nbsp;\u201cdesnud\u00f3\u201d la invalidez de la t\u00f3mbola&nbsp;<\/strong><strong>utilizada<\/strong>&nbsp;en el proceso de renovaci\u00f3n del Poder Judicial y determin\u00f3 la nulidad del proceso legislativo en la C\u00e1mara de Diputados.<\/p>\n\n\n\n<p class=\"wp-block-paragraph\">La asociaci\u00f3n se\u00f1al\u00f3 que la sentencia acredit\u00f3 la nulidad absoluta de la sesi\u00f3n de la C\u00e1mara de Diputados del<strong>&nbsp;3 de septiembre de 2024,<\/strong>&nbsp;en la cual se aprob\u00f3 la reforma judicial, debido a que no hubo certidumbre normativa<strong>&nbsp;sobre el qu\u00f3rum legal exigido.<\/strong><\/p>\n\n\n<div class=\"wp-block-image\">\n<figure class=\"aligncenter is-resized\"><a href=\"https:\/\/editorial.aristeguinoticias.com\/wp-content\/uploads\/2024\/09\/ricardo-monreal-camara-diputados-sesion-discutir-reforma-judicial-sede-alterna-magdalena-mixhuca-4-pm-03092024.jpg\"><img decoding=\"async\" data-src=\"https:\/\/editorial.aristeguinoticias.com\/wp-content\/uploads\/2024\/09\/ricardo-monreal-camara-diputados-sesion-discutir-reforma-judicial-sede-alterna-magdalena-mixhuca-4-pm-03092024-700x420.jpg\" alt=\"\" style=\"--smush-placeholder-width: 700px; --smush-placeholder-aspect-ratio: 700\/420;width:760px;height:auto\" src=\"data:image\/svg+xml;base64,PHN2ZyB3aWR0aD0iMSIgaGVpZ2h0PSIxIiB4bWxucz0iaHR0cDovL3d3dy53My5vcmcvMjAwMC9zdmciPjwvc3ZnPg==\" class=\"lazyload\" \/><\/a><\/figure>\n<\/div>\n\n\n<p class=\"wp-block-paragraph\"><a href=\"https:\/\/editorial.aristeguinoticias.com\/wp-content\/uploads\/2024\/09\/ricardo-monreal-camara-diputados-sesion-discutir-reforma-judicial-sede-alterna-magdalena-mixhuca-4-pm-03092024.jpg\"><\/a><\/p>\n\n\n\n<p class=\"wp-block-paragraph\"><a href=\"https:\/\/editorial.aristeguinoticias.com\/wp-content\/uploads\/2024\/09\/ricardo-monreal-camara-diputados-sesion-discutir-reforma-judicial-sede-alterna-magdalena-mixhuca-4-pm-03092024.jpg\"><\/a>Destac\u00f3 que la Mesa Directiva de San L\u00e1zaro\u00a0<strong>se neg\u00f3 a realizar la verificaci\u00f3n correspondiente<\/strong>\u00a0respecto al n\u00famero real de legisladores presentes en dicha sesi\u00f3n.<\/p>\n\n\n\n<p class=\"wp-block-paragraph\">JUFED sostuvo que la resoluci\u00f3n representa<strong>&nbsp;\u201cuna correcci\u00f3n profunda\u201d<\/strong>&nbsp;a la reforma judicial, que revalora el Estado de Derecho.<\/p>\n\n\n\n<p class=\"wp-block-paragraph\">La asociaci\u00f3n inform\u00f3 adem\u00e1s que conoce la existencia de un segundo expediente,<strong>&nbsp;el juicio de amparo indirecto 1462\/2024-II,<\/strong>&nbsp;cuyos considerandos desarrollan argumentos adicionales en el mismo sentido.<\/p>\n\n\n\n<p class=\"wp-block-paragraph\">En particular, se\u00f1al\u00f3 que el an\u00e1lisis de esa segunda sentencia establece que el Legislativo&nbsp;<strong>excedi\u00f3 los l\u00edmites que le impone el art\u00edculo 135 constitucional<\/strong>&nbsp;al modificar, mediante una reforma, un aspecto que el Constituyente originario de 1917 reserv\u00f3 expresamente a la designaci\u00f3n de jueces y magistrados por el propio Poder Judicial, y&nbsp;<strong>\u201cno por elecci\u00f3n popular o criterios pol\u00edticos\u201d.<\/strong><\/p>\n\n\n\n<p class=\"wp-block-paragraph\">El comunicado agrega que el fallo tambi\u00e9n se\u00f1ala que&nbsp;<strong>la destituci\u00f3n generalizada de personas juzgadoras y trabajadoras<\/strong>&nbsp;del Poder Judicial, sin fundamentar ni motivar individualmente cada caso y sin dejarles recurso alguno para impugnarla,<strong>&nbsp;constituye una denegaci\u00f3n de justicia<\/strong>&nbsp;contraria a los art\u00edculos 14, 16 y 17 de la Constituci\u00f3n.<\/p>\n\n\n\n<p class=\"wp-block-paragraph\">JUFED destac\u00f3 la trayectoria del juez Archundia, a quien calific\u00f3 como \u201cexperto\u201d y afirm\u00f3 que cuenta con&nbsp;<strong>m\u00e1s de dos d\u00e9cadas de trayectoria en la carrera judicial.<\/strong>&nbsp;Para la organizaci\u00f3n, la resoluci\u00f3n confirma que las decisiones que protegen de fondo los derechos humanos derivan de<strong>&nbsp;\u201cla preparaci\u00f3n, la experiencia y un exhaustivo rigor jur\u00eddico\u201d.<\/strong><\/p>\n\n\n\n<p class=\"wp-block-paragraph\">La asociaci\u00f3n cuestion\u00f3 la viabilidad de la reforma judicial&nbsp;<strong>a un a\u00f1o de su implementaci\u00f3n&nbsp;<\/strong>y afirm\u00f3 que la reciente sentencia evidencia&nbsp;<strong>\u201cla enorme brecha que hay entre la judicatura profesional independiente<\/strong>&nbsp;y una c\u00fapula judicial que ha quedado reducida a la improvisaci\u00f3n\u201d.<\/p>\n\n\n\n<p class=\"wp-block-paragraph\">\u201cLa sentencia demuestra que, mientras las y los juzgadores de carrera resuelven controversias mediante el dominio de la ley para proteger a la ciudadan\u00eda frente a la arbitrariedad,<strong>&nbsp;la actual Suprema Corte<\/strong>, por ejemplo, ha entregado p\u00e9simos resultados marcados por la lectura aut\u00f3mata de guiones, la falta de concentraci\u00f3n en el debate procesal y la incapacidad t\u00e9cnica para interpretar la Constituci\u00f3n de forma independiente\u201d, agreg\u00f3.<\/p>\n\n\n\n<p class=\"wp-block-paragraph\">Sostuvo que \u201csustituir los m\u00e9ritos acad\u00e9micos, los ex\u00e1menes de oposici\u00f3n y la experiencia por esquemas de azar en t\u00f3mbolas o cuotas partidistas no s\u00f3lo degrada el nivel de la justicia, sino que vulnera el est\u00e1ndar de trato justo para la sociedad y&nbsp;<strong>expone a las v\u00edctimas a resoluciones desprovistas de solidez\u201d.<\/strong><\/p>\n\n\n\n<p class=\"wp-block-paragraph\">Los juzgadores precisaron que ambas sentencias son de primera instancia y sus efectos&nbsp;<strong>benefician exclusivamente a las partes quejosas,<\/strong>&nbsp;adem\u00e1s de que a\u00fan pueden ser&nbsp;<strong>impugnadas mediante recursos de revisi\u00f3n.<\/strong><\/p>\n\n\n\n<p class=\"wp-block-paragraph\">JUFED concluy\u00f3 que la funci\u00f3n jurisdiccional&nbsp;<strong>\u201cno puede improvisarse ni supeditarse a consensos pol\u00edticos\u201d<\/strong>&nbsp;y reconoci\u00f3 lo que calific\u00f3 como la \u201cvalent\u00eda t\u00e9cnica de la judicatura independiente\u201d. La organizaci\u00f3n reiter\u00f3 su compromiso con la defensa de la carrera judicial, a la que calific\u00f3 como<strong>&nbsp;\u201cel \u00fanico mecanismo garante de la certeza jur\u00eddica en M\u00e9xico\u201d.<\/strong><\/p>\n\n\n\n<p class=\"wp-block-paragraph\"><\/p>\n","protected":false},"excerpt":{"rendered":"<p>En su sentencia, el juez cuestiona el proceso legislativo de la reforma y plantea que la designaci\u00f3n de jueces y&#8230;<\/p>\n","protected":false},"author":2,"featured_media":14929,"comment_status":"open","ping_status":"open","sticky":false,"template":"","format":"standard","meta":{"footnotes":""},"categories":[32],"tags":[],"class_list":["post-14928","post","type-post","status-publish","format-standard","has-post-thumbnail","hentry","category-la-nacion"],"yoast_head":"<!-- This site is optimized with the Yoast SEO Premium plugin v26.8 (Yoast SEO v28.4) - https:\/\/yoast.com\/product\/yoast-seo-premium-wordpress\/ -->\n<title>Juez de Distrito declara inconstitucional la reforma judicial de 2024; JUFED celebra &#039;hist\u00f3rico fallo&#039; - Buenos D\u00edas BCS<\/title>\n<meta name=\"robots\" content=\"index, follow, max-snippet:-1, max-image-preview:large, max-video-preview:-1\" \/>\n<link rel=\"canonical\" href=\"https:\/\/buenosdiasbcs.com\/?p=14928\" \/>\n<meta property=\"og:locale\" content=\"es_ES\" \/>\n<meta property=\"og:type\" content=\"article\" \/>\n<meta property=\"og:title\" content=\"Juez de Distrito declara inconstitucional la reforma judicial de 2024; JUFED celebra &#039;hist\u00f3rico fallo&#039;\" \/>\n<meta property=\"og:description\" content=\"En su sentencia, el juez cuestiona el proceso legislativo de la reforma y plantea que la designaci\u00f3n de jueces y...\" \/>\n<meta property=\"og:url\" content=\"https:\/\/buenosdiasbcs.com\/?p=14928\" \/>\n<meta property=\"og:site_name\" content=\"Buenos D\u00edas BCS\" \/>\n<meta property=\"article:published_time\" content=\"2026-09-02T07:06:00+00:00\" \/>\n<meta property=\"og:image\" content=\"https:\/\/buenosdiasbcs.com\/wp-content\/uploads\/2026\/09\/justicia-jueces-reforma-judicial-pexels-11082026.jpg\" \/>\n\t<meta property=\"og:image:width\" content=\"1200\" \/>\n\t<meta property=\"og:image:height\" content=\"750\" \/>\n\t<meta property=\"og:image:type\" content=\"image\/jpeg\" \/>\n<meta name=\"author\" content=\"Edici\u00f3n Buenos D\u00edas\" \/>\n<meta name=\"twitter:card\" content=\"summary_large_image\" \/>\n<meta name=\"twitter:label1\" content=\"Escrito por\" \/>\n\t<meta name=\"twitter:data1\" content=\"Edici\u00f3n Buenos D\u00edas\" \/>\n\t<meta name=\"twitter:label2\" content=\"Tiempo de lectura\" \/>\n\t<meta name=\"twitter:data2\" content=\"4 minutos\" \/>\n<script type=\"application\/ld+json\" class=\"yoast-schema-graph\">{\"@context\":\"https:\\\/\\\/schema.org\",\"@graph\":[{\"@type\":\"Article\",\"@id\":\"https:\\\/\\\/buenosdiasbcs.com\\\/?p=14928#article\",\"isPartOf\":{\"@id\":\"https:\\\/\\\/buenosdiasbcs.com\\\/?p=14928\"},\"author\":{\"name\":\"Edici\u00f3n Buenos D\u00edas\",\"@id\":\"https:\\\/\\\/buenosdiasbcs.com\\\/#\\\/schema\\\/person\\\/15aedc247eab7070ee5d76d6d069a821\"},\"headline\":\"Juez de Distrito declara inconstitucional la reforma judicial de 2024; JUFED celebra &#8216;hist\u00f3rico fallo&#8217;\",\"datePublished\":\"2026-09-02T07:06:00+00:00\",\"mainEntityOfPage\":{\"@id\":\"https:\\\/\\\/buenosdiasbcs.com\\\/?p=14928\"},\"wordCount\":817,\"commentCount\":0,\"publisher\":{\"@id\":\"https:\\\/\\\/buenosdiasbcs.com\\\/#organization\"},\"image\":{\"@id\":\"https:\\\/\\\/buenosdiasbcs.com\\\/?p=14928#primaryimage\"},\"thumbnailUrl\":\"https:\\\/\\\/buenosdiasbcs.com\\\/wp-content\\\/uploads\\\/2026\\\/09\\\/justicia-jueces-reforma-judicial-pexels-11082026.jpg\",\"articleSection\":[\"La Naci\u00f3n\"],\"inLanguage\":\"es\",\"potentialAction\":[{\"@type\":\"CommentAction\",\"name\":\"Comment\",\"target\":[\"https:\\\/\\\/buenosdiasbcs.com\\\/?p=14928#respond\"]}]},{\"@type\":\"WebPage\",\"@id\":\"https:\\\/\\\/buenosdiasbcs.com\\\/?p=14928\",\"url\":\"https:\\\/\\\/buenosdiasbcs.com\\\/?p=14928\",\"name\":\"Juez de Distrito declara inconstitucional la reforma judicial de 2024; JUFED celebra 'hist\u00f3rico fallo' - Buenos D\u00edas BCS\",\"isPartOf\":{\"@id\":\"https:\\\/\\\/buenosdiasbcs.com\\\/#website\"},\"primaryImageOfPage\":{\"@id\":\"https:\\\/\\\/buenosdiasbcs.com\\\/?p=14928#primaryimage\"},\"image\":{\"@id\":\"https:\\\/\\\/buenosdiasbcs.com\\\/?p=14928#primaryimage\"},\"thumbnailUrl\":\"https:\\\/\\\/buenosdiasbcs.com\\\/wp-content\\\/uploads\\\/2026\\\/09\\\/justicia-jueces-reforma-judicial-pexels-11082026.jpg\",\"datePublished\":\"2026-09-02T07:06:00+00:00\",\"breadcrumb\":{\"@id\":\"https:\\\/\\\/buenosdiasbcs.com\\\/?p=14928#breadcrumb\"},\"inLanguage\":\"es\",\"potentialAction\":[{\"@type\":\"ReadAction\",\"target\":[\"https:\\\/\\\/buenosdiasbcs.com\\\/?p=14928\"]}]},{\"@type\":\"ImageObject\",\"inLanguage\":\"es\",\"@id\":\"https:\\\/\\\/buenosdiasbcs.com\\\/?p=14928#primaryimage\",\"url\":\"https:\\\/\\\/buenosdiasbcs.com\\\/wp-content\\\/uploads\\\/2026\\\/09\\\/justicia-jueces-reforma-judicial-pexels-11082026.jpg\",\"contentUrl\":\"https:\\\/\\\/buenosdiasbcs.com\\\/wp-content\\\/uploads\\\/2026\\\/09\\\/justicia-jueces-reforma-judicial-pexels-11082026.jpg\",\"width\":1200,\"height\":750},{\"@type\":\"BreadcrumbList\",\"@id\":\"https:\\\/\\\/buenosdiasbcs.com\\\/?p=14928#breadcrumb\",\"itemListElement\":[{\"@type\":\"ListItem\",\"position\":1,\"name\":\"Portada\",\"item\":\"https:\\\/\\\/buenosdiasbcs.com\\\/\"},{\"@type\":\"ListItem\",\"position\":2,\"name\":\"Juez de Distrito declara inconstitucional la reforma judicial de 2024; JUFED celebra &#8216;hist\u00f3rico fallo&#8217;\"}]},{\"@type\":\"WebSite\",\"@id\":\"https:\\\/\\\/buenosdiasbcs.com\\\/#website\",\"url\":\"https:\\\/\\\/buenosdiasbcs.com\\\/\",\"name\":\"Buenos D\u00edas BCS\",\"description\":\"\",\"publisher\":{\"@id\":\"https:\\\/\\\/buenosdiasbcs.com\\\/#organization\"},\"potentialAction\":[{\"@type\":\"SearchAction\",\"target\":{\"@type\":\"EntryPoint\",\"urlTemplate\":\"https:\\\/\\\/buenosdiasbcs.com\\\/?s={search_term_string}\"},\"query-input\":{\"@type\":\"PropertyValueSpecification\",\"valueRequired\":true,\"valueName\":\"search_term_string\"}}],\"inLanguage\":\"es\"},{\"@type\":\"Organization\",\"@id\":\"https:\\\/\\\/buenosdiasbcs.com\\\/#organization\",\"name\":\"Buenos D\u00edas BCS\",\"url\":\"https:\\\/\\\/buenosdiasbcs.com\\\/\",\"logo\":{\"@type\":\"ImageObject\",\"inLanguage\":\"es\",\"@id\":\"https:\\\/\\\/buenosdiasbcs.com\\\/#\\\/schema\\\/logo\\\/image\\\/\",\"url\":\"https:\\\/\\\/buenosdiasbcs.com\\\/wp-content\\\/uploads\\\/2026\\\/01\\\/logo-buenos-dias-40-01.png\",\"contentUrl\":\"https:\\\/\\\/buenosdiasbcs.com\\\/wp-content\\\/uploads\\\/2026\\\/01\\\/logo-buenos-dias-40-01.png\",\"width\":277,\"height\":40,\"caption\":\"Buenos D\u00edas BCS\"},\"image\":{\"@id\":\"https:\\\/\\\/buenosdiasbcs.com\\\/#\\\/schema\\\/logo\\\/image\\\/\"}},{\"@type\":\"Person\",\"@id\":\"https:\\\/\\\/buenosdiasbcs.com\\\/#\\\/schema\\\/person\\\/15aedc247eab7070ee5d76d6d069a821\",\"name\":\"Edici\u00f3n Buenos D\u00edas\",\"image\":{\"@type\":\"ImageObject\",\"inLanguage\":\"es\",\"@id\":\"https:\\\/\\\/buenosdiasbcs.com\\\/wp-content\\\/uploads\\\/2026\\\/01\\\/cropped-sol-96x96.png\",\"url\":\"https:\\\/\\\/buenosdiasbcs.com\\\/wp-content\\\/uploads\\\/2026\\\/01\\\/cropped-sol-96x96.png\",\"contentUrl\":\"https:\\\/\\\/buenosdiasbcs.com\\\/wp-content\\\/uploads\\\/2026\\\/01\\\/cropped-sol-96x96.png\",\"caption\":\"Edici\u00f3n Buenos D\u00edas\"},\"url\":\"https:\\\/\\\/buenosdiasbcs.com\\\/?author=2\"}]}<\/script>\n<!-- \/ Yoast SEO Premium plugin. -->","yoast_head_json":{"title":"Juez de Distrito declara inconstitucional la reforma judicial de 2024; JUFED celebra 'hist\u00f3rico fallo' - Buenos D\u00edas BCS","robots":{"index":"index","follow":"follow","max-snippet":"max-snippet:-1","max-image-preview":"max-image-preview:large","max-video-preview":"max-video-preview:-1"},"canonical":"https:\/\/buenosdiasbcs.com\/?p=14928","og_locale":"es_ES","og_type":"article","og_title":"Juez de Distrito declara inconstitucional la reforma judicial de 2024; JUFED celebra 'hist\u00f3rico fallo'","og_description":"En su sentencia, el juez cuestiona el proceso legislativo de la reforma y plantea que la designaci\u00f3n de jueces y...","og_url":"https:\/\/buenosdiasbcs.com\/?p=14928","og_site_name":"Buenos D\u00edas BCS","article_published_time":"2026-09-02T07:06:00+00:00","og_image":[{"width":1200,"height":750,"url":"https:\/\/buenosdiasbcs.com\/wp-content\/uploads\/2026\/09\/justicia-jueces-reforma-judicial-pexels-11082026.jpg","type":"image\/jpeg"}],"author":"Edici\u00f3n Buenos D\u00edas","twitter_card":"summary_large_image","twitter_misc":{"Escrito por":"Edici\u00f3n Buenos D\u00edas","Tiempo de lectura":"4 minutos"},"schema":{"@context":"https:\/\/schema.org","@graph":[{"@type":"Article","@id":"https:\/\/buenosdiasbcs.com\/?p=14928#article","isPartOf":{"@id":"https:\/\/buenosdiasbcs.com\/?p=14928"},"author":{"name":"Edici\u00f3n Buenos D\u00edas","@id":"https:\/\/buenosdiasbcs.com\/#\/schema\/person\/15aedc247eab7070ee5d76d6d069a821"},"headline":"Juez de Distrito declara inconstitucional la reforma judicial de 2024; JUFED celebra &#8216;hist\u00f3rico fallo&#8217;","datePublished":"2026-09-02T07:06:00+00:00","mainEntityOfPage":{"@id":"https:\/\/buenosdiasbcs.com\/?p=14928"},"wordCount":817,"commentCount":0,"publisher":{"@id":"https:\/\/buenosdiasbcs.com\/#organization"},"image":{"@id":"https:\/\/buenosdiasbcs.com\/?p=14928#primaryimage"},"thumbnailUrl":"https:\/\/buenosdiasbcs.com\/wp-content\/uploads\/2026\/09\/justicia-jueces-reforma-judicial-pexels-11082026.jpg","articleSection":["La Naci\u00f3n"],"inLanguage":"es","potentialAction":[{"@type":"CommentAction","name":"Comment","target":["https:\/\/buenosdiasbcs.com\/?p=14928#respond"]}]},{"@type":"WebPage","@id":"https:\/\/buenosdiasbcs.com\/?p=14928","url":"https:\/\/buenosdiasbcs.com\/?p=14928","name":"Juez de Distrito declara inconstitucional la reforma judicial de 2024; JUFED celebra 'hist\u00f3rico fallo' - Buenos D\u00edas BCS","isPartOf":{"@id":"https:\/\/buenosdiasbcs.com\/#website"},"primaryImageOfPage":{"@id":"https:\/\/buenosdiasbcs.com\/?p=14928#primaryimage"},"image":{"@id":"https:\/\/buenosdiasbcs.com\/?p=14928#primaryimage"},"thumbnailUrl":"https:\/\/buenosdiasbcs.com\/wp-content\/uploads\/2026\/09\/justicia-jueces-reforma-judicial-pexels-11082026.jpg","datePublished":"2026-09-02T07:06:00+00:00","breadcrumb":{"@id":"https:\/\/buenosdiasbcs.com\/?p=14928#breadcrumb"},"inLanguage":"es","potentialAction":[{"@type":"ReadAction","target":["https:\/\/buenosdiasbcs.com\/?p=14928"]}]},{"@type":"ImageObject","inLanguage":"es","@id":"https:\/\/buenosdiasbcs.com\/?p=14928#primaryimage","url":"https:\/\/buenosdiasbcs.com\/wp-content\/uploads\/2026\/09\/justicia-jueces-reforma-judicial-pexels-11082026.jpg","contentUrl":"https:\/\/buenosdiasbcs.com\/wp-content\/uploads\/2026\/09\/justicia-jueces-reforma-judicial-pexels-11082026.jpg","width":1200,"height":750},{"@type":"BreadcrumbList","@id":"https:\/\/buenosdiasbcs.com\/?p=14928#breadcrumb","itemListElement":[{"@type":"ListItem","position":1,"name":"Portada","item":"https:\/\/buenosdiasbcs.com\/"},{"@type":"ListItem","position":2,"name":"Juez de Distrito declara inconstitucional la reforma judicial de 2024; JUFED celebra &#8216;hist\u00f3rico fallo&#8217;"}]},{"@type":"WebSite","@id":"https:\/\/buenosdiasbcs.com\/#website","url":"https:\/\/buenosdiasbcs.com\/","name":"Buenos D\u00edas BCS","description":"","publisher":{"@id":"https:\/\/buenosdiasbcs.com\/#organization"},"potentialAction":[{"@type":"SearchAction","target":{"@type":"EntryPoint","urlTemplate":"https:\/\/buenosdiasbcs.com\/?s={search_term_string}"},"query-input":{"@type":"PropertyValueSpecification","valueRequired":true,"valueName":"search_term_string"}}],"inLanguage":"es"},{"@type":"Organization","@id":"https:\/\/buenosdiasbcs.com\/#organization","name":"Buenos D\u00edas BCS","url":"https:\/\/buenosdiasbcs.com\/","logo":{"@type":"ImageObject","inLanguage":"es","@id":"https:\/\/buenosdiasbcs.com\/#\/schema\/logo\/image\/","url":"https:\/\/buenosdiasbcs.com\/wp-content\/uploads\/2026\/01\/logo-buenos-dias-40-01.png","contentUrl":"https:\/\/buenosdiasbcs.com\/wp-content\/uploads\/2026\/01\/logo-buenos-dias-40-01.png","width":277,"height":40,"caption":"Buenos D\u00edas BCS"},"image":{"@id":"https:\/\/buenosdiasbcs.com\/#\/schema\/logo\/image\/"}},{"@type":"Person","@id":"https:\/\/buenosdiasbcs.com\/#\/schema\/person\/15aedc247eab7070ee5d76d6d069a821","name":"Edici\u00f3n Buenos D\u00edas","image":{"@type":"ImageObject","inLanguage":"es","@id":"https:\/\/buenosdiasbcs.com\/wp-content\/uploads\/2026\/01\/cropped-sol-96x96.png","url":"https:\/\/buenosdiasbcs.com\/wp-content\/uploads\/2026\/01\/cropped-sol-96x96.png","contentUrl":"https:\/\/buenosdiasbcs.com\/wp-content\/uploads\/2026\/01\/cropped-sol-96x96.png","caption":"Edici\u00f3n Buenos D\u00edas"},"url":"https:\/\/buenosdiasbcs.com\/?author=2"}]}},"amp_enabled":true,"_links":{"self":[{"href":"https:\/\/buenosdiasbcs.com\/index.php?rest_route=\/wp\/v2\/posts\/14928","targetHints":{"allow":["GET"]}}],"collection":[{"href":"https:\/\/buenosdiasbcs.com\/index.php?rest_route=\/wp\/v2\/posts"}],"about":[{"href":"https:\/\/buenosdiasbcs.com\/index.php?rest_route=\/wp\/v2\/types\/post"}],"author":[{"embeddable":true,"href":"https:\/\/buenosdiasbcs.com\/index.php?rest_route=\/wp\/v2\/users\/2"}],"replies":[{"embeddable":true,"href":"https:\/\/buenosdiasbcs.com\/index.php?rest_route=%2Fwp%2Fv2%2Fcomments&post=14928"}],"version-history":[{"count":1,"href":"https:\/\/buenosdiasbcs.com\/index.php?rest_route=\/wp\/v2\/posts\/14928\/revisions"}],"predecessor-version":[{"id":14930,"href":"https:\/\/buenosdiasbcs.com\/index.php?rest_route=\/wp\/v2\/posts\/14928\/revisions\/14930"}],"wp:featuredmedia":[{"embeddable":true,"href":"https:\/\/buenosdiasbcs.com\/index.php?rest_route=\/wp\/v2\/media\/14929"}],"wp:attachment":[{"href":"https:\/\/buenosdiasbcs.com\/index.php?rest_route=%2Fwp%2Fv2%2Fmedia&parent=14928"}],"wp:term":[{"taxonomy":"category","embeddable":true,"href":"https:\/\/buenosdiasbcs.com\/index.php?rest_route=%2Fwp%2Fv2%2Fcategories&post=14928"},{"taxonomy":"post_tag","embeddable":true,"href":"https:\/\/buenosdiasbcs.com\/index.php?rest_route=%2Fwp%2Fv2%2Ftags&post=14928"}],"curies":[{"name":"wp","href":"https:\/\/api.w.org\/{rel}","templated":true}]}}