{"id":14922,"date":"2026-09-02T00:01:00","date_gmt":"2026-09-02T07:01:00","guid":{"rendered":"https:\/\/buenosdiasbcs.com\/?p=14922"},"modified":"2026-09-01T21:03:27","modified_gmt":"2026-09-02T04:03:27","slug":"segundo-informe-de-gobierno-de-sheinbaum-seguridad-inversion-y-economia","status":"publish","type":"post","link":"https:\/\/buenosdiasbcs.com\/?p=14922","title":{"rendered":"Segundo Informe de Gobierno de Sheinbaum: seguridad, inversi\u00f3n y econom\u00eda"},"content":{"rendered":"\n<h2 id=\"h-uno-de-los-grandes-temas-que-marcaron-el-segundo-ano-de-la-presidenta-claudia-sheinbaum-fueron-las-negociaciones-con-estados-unidos\" class=\"wp-block-heading\">Uno de los grandes temas que marcaron el segundo a\u00f1o de la presidenta Claudia Sheinbaum, fueron las negociaciones con Estados Unidos.<\/h2>\n\n\n\n<p class=\"wp-block-paragraph\">Este martes, la presidenta Claudia Sheinbaum present\u00f3 su&nbsp;<strong>Segundo Informe de<\/strong>&nbsp;<strong>Gobierno<\/strong>, un balance marcado por los desaf\u00edos en seguridad, las presiones comerciales de Estados Unidos y los esfuerzos para impulsar la inversi\u00f3n y mantener la estabilidad econ\u00f3mica.<\/p>\n\n\n\n<h2 id=\"h-seguridad-un-giro-frente-al-sexenio-anterior\" class=\"wp-block-heading\">Seguridad: un giro frente al sexenio anterior<\/h2>\n\n\n\n<p class=\"wp-block-paragraph\">Uno de los principales cambios que Sheinbaum ha buscado imprimir a su administraci\u00f3n se encuentra en la estrategia de&nbsp;<strong>seguridad<\/strong>. Entre octubre de 2024 y julio de este a\u00f1o, las autoridades reportaron la detenci\u00f3n de m\u00e1s de 63 mil personas. Adem\u00e1s, en febrero se produjo uno de los golpes m\u00e1s relevantes contra el crimen organizado con la captura y posterior abatimiento de&nbsp;<strong>Nemesio Oseguera Cervantes, \u201cEl Mencho\u201d<\/strong>, considerado l\u00edder del C\u00e1rtel Jalisco Nueva Generaci\u00f3n.<\/p>\n\n\n\n<p class=\"wp-block-paragraph\">La estrategia tambi\u00e9n se reflej\u00f3 en las<strong>&nbsp;cifras de homicidios<\/strong>. De acuerdo con datos oficiales, la tasa de homicidios cerr\u00f3 2025 en 21.4 por cada 100 mil habitantes, frente a los 25.8 registrados el a\u00f1o anterior. Sin embargo, la violencia contin\u00faa representando un desaf\u00edo en algunas regiones, entre ellas Sinaloa.<\/p>\n\n\n\n<p class=\"wp-block-paragraph\">En materia de cooperaci\u00f3n con Estados Unidos,&nbsp;<strong>M\u00e9xico envi\u00f3 92 narcotraficantes mexicanos&nbsp;<\/strong>entre febrero de 2025 y enero pasado, en una muestra de la estrecha coordinaci\u00f3n entre ambos pa\u00edses en materia de seguridad.<\/p>\n\n\n\n<h2 id=\"h-la-relacion-con-trump-entre-cooperacion-y-tensiones-comerciales\" class=\"wp-block-heading\">La relaci\u00f3n con Trump, entre cooperaci\u00f3n y tensiones comerciales<\/h2>\n\n\n\n<p class=\"wp-block-paragraph\">Otro de los grandes temas que marcaron el segundo a\u00f1o de Sheinbaum fueron las&nbsp;<strong>negociaciones con Estados Unidos.<\/strong>&nbsp;La presidenta ha defendido la estrategia de \u201ccooperaci\u00f3n sin subordinaci\u00f3n\u201d, mientras busca proteger los intereses econ\u00f3micos de M\u00e9xico frente a las medidas impulsadas por Donald Trump.<\/p>\n\n\n\n<p class=\"wp-block-paragraph\">Pese a las tensiones, e<strong>l intercambio comercial bilateral super\u00f3 los 872 mil millones de d\u00f3lares<\/strong>&nbsp;durante el a\u00f1o pasado. El gobierno mexicano tambi\u00e9n mantuvo conversaciones con Washington para intentar revertir los aranceles que afectan a distintos sectores. Entre ellos se encuentra un impuesto de 10% a productos que no est\u00e1n cubiertos por el T-MEC, un arancel de 25% para camiones medianos y pesados y otro de 50% para el acero y el aluminio.<\/p>\n\n\n\n<p class=\"wp-block-paragraph\">Durante su mensaje, Sheinbaum reconoci\u00f3 que estas medidas han sometido a M\u00e9xico a circunstancias econ\u00f3micas complicadas.<\/p>\n\n\n\n<p class=\"wp-block-paragraph\">La relaci\u00f3n bilateral tambi\u00e9n registr\u00f3 diferencias en materia migratoria. En julio, M\u00e9xico elev\u00f3 sus reclamos ante Estados Unidos por la muerte de 17 ciudadanos mexicanos y solicit\u00f3 investigaciones penales sobre los fallecimientos de migrantes ocurridos bajo custodia del Servicio de Inmigraci\u00f3n y Control de Aduanas (ICE) o durante operativos de esa agencia.<\/p>\n\n\n\n<h2 id=\"h-un-frente-interno-por-las-acusaciones-contra-rocha-moya\" class=\"wp-block-heading\">Un frente interno por las acusaciones contra Rocha Moya<\/h2>\n\n\n\n<p class=\"wp-block-paragraph\">En el \u00e1mbito pol\u00edtico, uno de los episodios m\u00e1s delicados ocurri\u00f3 a finales de abril, cuando la Fiscal\u00eda de Nueva York acus\u00f3 al&nbsp;<strong>gobernador de Sinaloa, Rub\u00e9n Rocha Moya<\/strong>, y a otros nueve funcionarios activos y retirados de colaborar con el C\u00e1rtel de Sinaloa y solicit\u00f3 a M\u00e9xico detenerlos con fines de extradici\u00f3n.<\/p>\n\n\n\n<p class=\"wp-block-paragraph\">En un primer momento, Sheinbaum respald\u00f3 al gobernador, pero posteriormente surgieron diferencias despu\u00e9s de que Rocha Moya decidi\u00f3 regresar a sus funciones, una decisi\u00f3n que provoc\u00f3 pol\u00e9mica dentro de Morena y gener\u00f3 presi\u00f3n sobre el gobierno federal. El conflicto termin\u00f3 por encauzarse en agosto, cuando&nbsp;<strong>el gobernador se separ\u00f3 de manera indefinida de la gubernatura de Sinaloa.<\/strong><\/p>\n\n\n\n<h2 id=\"h-paquete-economico-2027-inversion-bienestar-salud-y-educacion\" class=\"wp-block-heading\">Paquete Econ\u00f3mico 2027: inversi\u00f3n, bienestar, salud y educaci\u00f3n<\/h2>\n\n\n\n<p class=\"wp-block-paragraph\">Como parte de su Segundo Informe, Sheinbaum tambi\u00e9n adelant\u00f3 los principales objetivos del&nbsp;<strong>Paquete Econ\u00f3mico 2027<\/strong>, que estar\u00e1 enfocado en cuatro \u00e1reas:&nbsp;<\/p>\n\n\n\n<ul class=\"wp-block-list\">\n<li>Inversi\u00f3n<\/li>\n\n\n\n<li>Bienestar<\/li>\n\n\n\n<li>Salud<\/li>\n\n\n\n<li>Educaci\u00f3n.<\/li>\n<\/ul>\n\n\n\n<p class=\"wp-block-paragraph\">La presidenta asegur\u00f3 que se tratar\u00e1 de un proyecto responsable, dise\u00f1ado para avanzar en la consolidaci\u00f3n fiscal sin sacrificar la inversi\u00f3n p\u00fablica ni los programas de bienestar.<\/p>\n\n\n\n<h2 id=\"h-mexico-apuesta-por-la-inversion-mixta\" class=\"wp-block-heading\">M\u00e9xico apuesta por la inversi\u00f3n mixta<\/h2>\n\n\n\n<p class=\"wp-block-paragraph\">La mandataria tambi\u00e9n inform\u00f3 que recientemente fue aprobada la&nbsp;<strong>ley para la inversi\u00f3n<\/strong>, una medida que, de acuerdo con su administraci\u00f3n, permiti\u00f3 acelerar la&nbsp;<strong>inversi\u00f3n p\u00fablica y mixta<\/strong>&nbsp;durante el segundo semestre de 2026.<\/p>\n\n\n\n<p class=\"wp-block-paragraph\">El proyecto busca fortalecer la infraestructura y recuperar la capacidad del Estado para participar en la planeaci\u00f3n del desarrollo nacional, despu\u00e9s de d\u00e9cadas en las que, seg\u00fan Sheinbaum, se redujo su participaci\u00f3n econ\u00f3mica mediante privatizaciones y concesiones.<\/p>\n\n\n\n<p class=\"wp-block-paragraph\">La estrategia contempla utilizar instrumentos financieros para ampliar la inversi\u00f3n sin ceder el control del inter\u00e9s p\u00fablico.<\/p>\n\n\n\n<p class=\"wp-block-paragraph\">En el marco del&nbsp;<strong>Plan M\u00e9xico<\/strong>, que busca incrementar la producci\u00f3n nacional, sustituir importaciones y fortalecer y diversificar el comercio exterior, el gobierno public\u00f3 adem\u00e1s dos decretos con incentivos para la inversi\u00f3n privada.<\/p>\n\n\n\n<p class=\"wp-block-paragraph\">Estos incentivos est\u00e1n dirigidos especialmente a 25 polos de desarrollo econ\u00f3mico para el bienestar, de los cuales 10 ya se encuentran en proceso de implementaci\u00f3n.<\/p>\n\n\n\n<p class=\"wp-block-paragraph\">Con informaci\u00f3n de AP e Infobae<\/p>\n\n\n\n<p class=\"wp-block-paragraph\"><\/p>\n","protected":false},"excerpt":{"rendered":"<p>Uno de los grandes temas que marcaron el segundo a\u00f1o de la presidenta Claudia Sheinbaum, fueron las negociaciones con Estados&#8230;<\/p>\n","protected":false},"author":2,"featured_media":14923,"comment_status":"open","ping_status":"open","sticky":false,"template":"","format":"standard","meta":{"footnotes":""},"categories":[32],"tags":[],"class_list":["post-14922","post","type-post","status-publish","format-standard","has-post-thumbnail","hentry","category-la-nacion"],"yoast_head":"<!-- This site is optimized with the Yoast SEO Premium plugin v26.8 (Yoast SEO v28.4) - https:\/\/yoast.com\/product\/yoast-seo-premium-wordpress\/ -->\n<title>Segundo Informe de Gobierno de Sheinbaum: seguridad, inversi\u00f3n y econom\u00eda - Buenos D\u00edas BCS<\/title>\n<meta name=\"robots\" content=\"index, follow, max-snippet:-1, max-image-preview:large, max-video-preview:-1\" \/>\n<link rel=\"canonical\" href=\"https:\/\/buenosdiasbcs.com\/?p=14922\" \/>\n<meta property=\"og:locale\" content=\"es_ES\" \/>\n<meta property=\"og:type\" content=\"article\" \/>\n<meta property=\"og:title\" content=\"Segundo Informe de Gobierno de Sheinbaum: seguridad, inversi\u00f3n y econom\u00eda\" \/>\n<meta property=\"og:description\" content=\"Uno de los grandes temas que marcaron el segundo a\u00f1o de la presidenta Claudia Sheinbaum, fueron las negociaciones con Estados...\" \/>\n<meta property=\"og:url\" content=\"https:\/\/buenosdiasbcs.com\/?p=14922\" \/>\n<meta property=\"og:site_name\" content=\"Buenos D\u00edas BCS\" \/>\n<meta property=\"article:published_time\" content=\"2026-09-02T07:01:00+00:00\" \/>\n<meta property=\"og:image\" content=\"https:\/\/buenosdiasbcs.com\/wp-content\/uploads\/2026\/09\/1788289913545.png.webp\" \/>\n\t<meta property=\"og:image:width\" content=\"820\" \/>\n\t<meta property=\"og:image:height\" content=\"508\" \/>\n\t<meta property=\"og:image:type\" content=\"image\/webp\" \/>\n<meta name=\"author\" content=\"Edici\u00f3n Buenos D\u00edas\" \/>\n<meta name=\"twitter:card\" content=\"summary_large_image\" \/>\n<meta name=\"twitter:label1\" content=\"Escrito por\" \/>\n\t<meta name=\"twitter:data1\" content=\"Edici\u00f3n Buenos D\u00edas\" \/>\n\t<meta name=\"twitter:label2\" content=\"Tiempo de lectura\" \/>\n\t<meta name=\"twitter:data2\" content=\"4 minutos\" \/>\n<script type=\"application\/ld+json\" class=\"yoast-schema-graph\">{\"@context\":\"https:\\\/\\\/schema.org\",\"@graph\":[{\"@type\":\"Article\",\"@id\":\"https:\\\/\\\/buenosdiasbcs.com\\\/?p=14922#article\",\"isPartOf\":{\"@id\":\"https:\\\/\\\/buenosdiasbcs.com\\\/?p=14922\"},\"author\":{\"name\":\"Edici\u00f3n Buenos D\u00edas\",\"@id\":\"https:\\\/\\\/buenosdiasbcs.com\\\/#\\\/schema\\\/person\\\/15aedc247eab7070ee5d76d6d069a821\"},\"headline\":\"Segundo Informe de Gobierno de Sheinbaum: seguridad, inversi\u00f3n y econom\u00eda\",\"datePublished\":\"2026-09-02T07:01:00+00:00\",\"mainEntityOfPage\":{\"@id\":\"https:\\\/\\\/buenosdiasbcs.com\\\/?p=14922\"},\"wordCount\":851,\"commentCount\":0,\"publisher\":{\"@id\":\"https:\\\/\\\/buenosdiasbcs.com\\\/#organization\"},\"image\":{\"@id\":\"https:\\\/\\\/buenosdiasbcs.com\\\/?p=14922#primaryimage\"},\"thumbnailUrl\":\"https:\\\/\\\/buenosdiasbcs.com\\\/wp-content\\\/uploads\\\/2026\\\/09\\\/1788289913545.png.webp\",\"articleSection\":[\"La Naci\u00f3n\"],\"inLanguage\":\"es\",\"potentialAction\":[{\"@type\":\"CommentAction\",\"name\":\"Comment\",\"target\":[\"https:\\\/\\\/buenosdiasbcs.com\\\/?p=14922#respond\"]}]},{\"@type\":\"WebPage\",\"@id\":\"https:\\\/\\\/buenosdiasbcs.com\\\/?p=14922\",\"url\":\"https:\\\/\\\/buenosdiasbcs.com\\\/?p=14922\",\"name\":\"Segundo Informe de Gobierno de Sheinbaum: seguridad, inversi\u00f3n y econom\u00eda - Buenos D\u00edas BCS\",\"isPartOf\":{\"@id\":\"https:\\\/\\\/buenosdiasbcs.com\\\/#website\"},\"primaryImageOfPage\":{\"@id\":\"https:\\\/\\\/buenosdiasbcs.com\\\/?p=14922#primaryimage\"},\"image\":{\"@id\":\"https:\\\/\\\/buenosdiasbcs.com\\\/?p=14922#primaryimage\"},\"thumbnailUrl\":\"https:\\\/\\\/buenosdiasbcs.com\\\/wp-content\\\/uploads\\\/2026\\\/09\\\/1788289913545.png.webp\",\"datePublished\":\"2026-09-02T07:01:00+00:00\",\"breadcrumb\":{\"@id\":\"https:\\\/\\\/buenosdiasbcs.com\\\/?p=14922#breadcrumb\"},\"inLanguage\":\"es\",\"potentialAction\":[{\"@type\":\"ReadAction\",\"target\":[\"https:\\\/\\\/buenosdiasbcs.com\\\/?p=14922\"]}]},{\"@type\":\"ImageObject\",\"inLanguage\":\"es\",\"@id\":\"https:\\\/\\\/buenosdiasbcs.com\\\/?p=14922#primaryimage\",\"url\":\"https:\\\/\\\/buenosdiasbcs.com\\\/wp-content\\\/uploads\\\/2026\\\/09\\\/1788289913545.png.webp\",\"contentUrl\":\"https:\\\/\\\/buenosdiasbcs.com\\\/wp-content\\\/uploads\\\/2026\\\/09\\\/1788289913545.png.webp\",\"width\":820,\"height\":508},{\"@type\":\"BreadcrumbList\",\"@id\":\"https:\\\/\\\/buenosdiasbcs.com\\\/?p=14922#breadcrumb\",\"itemListElement\":[{\"@type\":\"ListItem\",\"position\":1,\"name\":\"Portada\",\"item\":\"https:\\\/\\\/buenosdiasbcs.com\\\/\"},{\"@type\":\"ListItem\",\"position\":2,\"name\":\"Segundo Informe de Gobierno de Sheinbaum: seguridad, inversi\u00f3n y econom\u00eda\"}]},{\"@type\":\"WebSite\",\"@id\":\"https:\\\/\\\/buenosdiasbcs.com\\\/#website\",\"url\":\"https:\\\/\\\/buenosdiasbcs.com\\\/\",\"name\":\"Buenos D\u00edas BCS\",\"description\":\"\",\"publisher\":{\"@id\":\"https:\\\/\\\/buenosdiasbcs.com\\\/#organization\"},\"potentialAction\":[{\"@type\":\"SearchAction\",\"target\":{\"@type\":\"EntryPoint\",\"urlTemplate\":\"https:\\\/\\\/buenosdiasbcs.com\\\/?s={search_term_string}\"},\"query-input\":{\"@type\":\"PropertyValueSpecification\",\"valueRequired\":true,\"valueName\":\"search_term_string\"}}],\"inLanguage\":\"es\"},{\"@type\":\"Organization\",\"@id\":\"https:\\\/\\\/buenosdiasbcs.com\\\/#organization\",\"name\":\"Buenos D\u00edas BCS\",\"url\":\"https:\\\/\\\/buenosdiasbcs.com\\\/\",\"logo\":{\"@type\":\"ImageObject\",\"inLanguage\":\"es\",\"@id\":\"https:\\\/\\\/buenosdiasbcs.com\\\/#\\\/schema\\\/logo\\\/image\\\/\",\"url\":\"https:\\\/\\\/buenosdiasbcs.com\\\/wp-content\\\/uploads\\\/2026\\\/01\\\/logo-buenos-dias-40-01.png\",\"contentUrl\":\"https:\\\/\\\/buenosdiasbcs.com\\\/wp-content\\\/uploads\\\/2026\\\/01\\\/logo-buenos-dias-40-01.png\",\"width\":277,\"height\":40,\"caption\":\"Buenos D\u00edas BCS\"},\"image\":{\"@id\":\"https:\\\/\\\/buenosdiasbcs.com\\\/#\\\/schema\\\/logo\\\/image\\\/\"}},{\"@type\":\"Person\",\"@id\":\"https:\\\/\\\/buenosdiasbcs.com\\\/#\\\/schema\\\/person\\\/15aedc247eab7070ee5d76d6d069a821\",\"name\":\"Edici\u00f3n Buenos D\u00edas\",\"image\":{\"@type\":\"ImageObject\",\"inLanguage\":\"es\",\"@id\":\"https:\\\/\\\/buenosdiasbcs.com\\\/wp-content\\\/uploads\\\/2026\\\/01\\\/cropped-sol-96x96.png\",\"url\":\"https:\\\/\\\/buenosdiasbcs.com\\\/wp-content\\\/uploads\\\/2026\\\/01\\\/cropped-sol-96x96.png\",\"contentUrl\":\"https:\\\/\\\/buenosdiasbcs.com\\\/wp-content\\\/uploads\\\/2026\\\/01\\\/cropped-sol-96x96.png\",\"caption\":\"Edici\u00f3n Buenos D\u00edas\"},\"url\":\"https:\\\/\\\/buenosdiasbcs.com\\\/?author=2\"}]}<\/script>\n<!-- \/ Yoast SEO Premium plugin. -->","yoast_head_json":{"title":"Segundo Informe de Gobierno de Sheinbaum: seguridad, inversi\u00f3n y econom\u00eda - Buenos D\u00edas BCS","robots":{"index":"index","follow":"follow","max-snippet":"max-snippet:-1","max-image-preview":"max-image-preview:large","max-video-preview":"max-video-preview:-1"},"canonical":"https:\/\/buenosdiasbcs.com\/?p=14922","og_locale":"es_ES","og_type":"article","og_title":"Segundo Informe de Gobierno de Sheinbaum: seguridad, inversi\u00f3n y econom\u00eda","og_description":"Uno de los grandes temas que marcaron el segundo a\u00f1o de la presidenta Claudia Sheinbaum, fueron las negociaciones con Estados...","og_url":"https:\/\/buenosdiasbcs.com\/?p=14922","og_site_name":"Buenos D\u00edas BCS","article_published_time":"2026-09-02T07:01:00+00:00","og_image":[{"width":820,"height":508,"url":"https:\/\/buenosdiasbcs.com\/wp-content\/uploads\/2026\/09\/1788289913545.png.webp","type":"image\/webp"}],"author":"Edici\u00f3n Buenos D\u00edas","twitter_card":"summary_large_image","twitter_misc":{"Escrito por":"Edici\u00f3n Buenos D\u00edas","Tiempo de lectura":"4 minutos"},"schema":{"@context":"https:\/\/schema.org","@graph":[{"@type":"Article","@id":"https:\/\/buenosdiasbcs.com\/?p=14922#article","isPartOf":{"@id":"https:\/\/buenosdiasbcs.com\/?p=14922"},"author":{"name":"Edici\u00f3n Buenos D\u00edas","@id":"https:\/\/buenosdiasbcs.com\/#\/schema\/person\/15aedc247eab7070ee5d76d6d069a821"},"headline":"Segundo Informe de Gobierno de Sheinbaum: seguridad, inversi\u00f3n y econom\u00eda","datePublished":"2026-09-02T07:01:00+00:00","mainEntityOfPage":{"@id":"https:\/\/buenosdiasbcs.com\/?p=14922"},"wordCount":851,"commentCount":0,"publisher":{"@id":"https:\/\/buenosdiasbcs.com\/#organization"},"image":{"@id":"https:\/\/buenosdiasbcs.com\/?p=14922#primaryimage"},"thumbnailUrl":"https:\/\/buenosdiasbcs.com\/wp-content\/uploads\/2026\/09\/1788289913545.png.webp","articleSection":["La Naci\u00f3n"],"inLanguage":"es","potentialAction":[{"@type":"CommentAction","name":"Comment","target":["https:\/\/buenosdiasbcs.com\/?p=14922#respond"]}]},{"@type":"WebPage","@id":"https:\/\/buenosdiasbcs.com\/?p=14922","url":"https:\/\/buenosdiasbcs.com\/?p=14922","name":"Segundo Informe de Gobierno de Sheinbaum: seguridad, inversi\u00f3n y econom\u00eda - Buenos D\u00edas BCS","isPartOf":{"@id":"https:\/\/buenosdiasbcs.com\/#website"},"primaryImageOfPage":{"@id":"https:\/\/buenosdiasbcs.com\/?p=14922#primaryimage"},"image":{"@id":"https:\/\/buenosdiasbcs.com\/?p=14922#primaryimage"},"thumbnailUrl":"https:\/\/buenosdiasbcs.com\/wp-content\/uploads\/2026\/09\/1788289913545.png.webp","datePublished":"2026-09-02T07:01:00+00:00","breadcrumb":{"@id":"https:\/\/buenosdiasbcs.com\/?p=14922#breadcrumb"},"inLanguage":"es","potentialAction":[{"@type":"ReadAction","target":["https:\/\/buenosdiasbcs.com\/?p=14922"]}]},{"@type":"ImageObject","inLanguage":"es","@id":"https:\/\/buenosdiasbcs.com\/?p=14922#primaryimage","url":"https:\/\/buenosdiasbcs.com\/wp-content\/uploads\/2026\/09\/1788289913545.png.webp","contentUrl":"https:\/\/buenosdiasbcs.com\/wp-content\/uploads\/2026\/09\/1788289913545.png.webp","width":820,"height":508},{"@type":"BreadcrumbList","@id":"https:\/\/buenosdiasbcs.com\/?p=14922#breadcrumb","itemListElement":[{"@type":"ListItem","position":1,"name":"Portada","item":"https:\/\/buenosdiasbcs.com\/"},{"@type":"ListItem","position":2,"name":"Segundo Informe de Gobierno de Sheinbaum: seguridad, inversi\u00f3n y econom\u00eda"}]},{"@type":"WebSite","@id":"https:\/\/buenosdiasbcs.com\/#website","url":"https:\/\/buenosdiasbcs.com\/","name":"Buenos D\u00edas BCS","description":"","publisher":{"@id":"https:\/\/buenosdiasbcs.com\/#organization"},"potentialAction":[{"@type":"SearchAction","target":{"@type":"EntryPoint","urlTemplate":"https:\/\/buenosdiasbcs.com\/?s={search_term_string}"},"query-input":{"@type":"PropertyValueSpecification","valueRequired":true,"valueName":"search_term_string"}}],"inLanguage":"es"},{"@type":"Organization","@id":"https:\/\/buenosdiasbcs.com\/#organization","name":"Buenos D\u00edas BCS","url":"https:\/\/buenosdiasbcs.com\/","logo":{"@type":"ImageObject","inLanguage":"es","@id":"https:\/\/buenosdiasbcs.com\/#\/schema\/logo\/image\/","url":"https:\/\/buenosdiasbcs.com\/wp-content\/uploads\/2026\/01\/logo-buenos-dias-40-01.png","contentUrl":"https:\/\/buenosdiasbcs.com\/wp-content\/uploads\/2026\/01\/logo-buenos-dias-40-01.png","width":277,"height":40,"caption":"Buenos D\u00edas BCS"},"image":{"@id":"https:\/\/buenosdiasbcs.com\/#\/schema\/logo\/image\/"}},{"@type":"Person","@id":"https:\/\/buenosdiasbcs.com\/#\/schema\/person\/15aedc247eab7070ee5d76d6d069a821","name":"Edici\u00f3n Buenos D\u00edas","image":{"@type":"ImageObject","inLanguage":"es","@id":"https:\/\/buenosdiasbcs.com\/wp-content\/uploads\/2026\/01\/cropped-sol-96x96.png","url":"https:\/\/buenosdiasbcs.com\/wp-content\/uploads\/2026\/01\/cropped-sol-96x96.png","contentUrl":"https:\/\/buenosdiasbcs.com\/wp-content\/uploads\/2026\/01\/cropped-sol-96x96.png","caption":"Edici\u00f3n Buenos D\u00edas"},"url":"https:\/\/buenosdiasbcs.com\/?author=2"}]}},"amp_enabled":true,"_links":{"self":[{"href":"https:\/\/buenosdiasbcs.com\/index.php?rest_route=\/wp\/v2\/posts\/14922","targetHints":{"allow":["GET"]}}],"collection":[{"href":"https:\/\/buenosdiasbcs.com\/index.php?rest_route=\/wp\/v2\/posts"}],"about":[{"href":"https:\/\/buenosdiasbcs.com\/index.php?rest_route=\/wp\/v2\/types\/post"}],"author":[{"embeddable":true,"href":"https:\/\/buenosdiasbcs.com\/index.php?rest_route=\/wp\/v2\/users\/2"}],"replies":[{"embeddable":true,"href":"https:\/\/buenosdiasbcs.com\/index.php?rest_route=%2Fwp%2Fv2%2Fcomments&post=14922"}],"version-history":[{"count":1,"href":"https:\/\/buenosdiasbcs.com\/index.php?rest_route=\/wp\/v2\/posts\/14922\/revisions"}],"predecessor-version":[{"id":14924,"href":"https:\/\/buenosdiasbcs.com\/index.php?rest_route=\/wp\/v2\/posts\/14922\/revisions\/14924"}],"wp:featuredmedia":[{"embeddable":true,"href":"https:\/\/buenosdiasbcs.com\/index.php?rest_route=\/wp\/v2\/media\/14923"}],"wp:attachment":[{"href":"https:\/\/buenosdiasbcs.com\/index.php?rest_route=%2Fwp%2Fv2%2Fmedia&parent=14922"}],"wp:term":[{"taxonomy":"category","embeddable":true,"href":"https:\/\/buenosdiasbcs.com\/index.php?rest_route=%2Fwp%2Fv2%2Fcategories&post=14922"},{"taxonomy":"post_tag","embeddable":true,"href":"https:\/\/buenosdiasbcs.com\/index.php?rest_route=%2Fwp%2Fv2%2Ftags&post=14922"}],"curies":[{"name":"wp","href":"https:\/\/api.w.org\/{rel}","templated":true}]}}