{"id":14907,"date":"2026-09-02T00:47:00","date_gmt":"2026-09-02T07:47:00","guid":{"rendered":"https:\/\/buenosdiasbcs.com\/?p=14907"},"modified":"2026-09-01T20:49:20","modified_gmt":"2026-09-02T03:49:20","slug":"carlos-alvarez-el-sucesor-de-alvaro-fidalgo-en-el-america","status":"publish","type":"post","link":"https:\/\/buenosdiasbcs.com\/?p=14907","title":{"rendered":"Carlos \u00c1lvarez, el sucesor de \u00c1lvaro Fidalgo en el Am\u00e9rica"},"content":{"rendered":"\n<h2 id=\"h-mas-alla-de-la-nacionalidad-existen-varias-similitudes-entre-el-nuevo-fichaje-del-america-y-fidalgo-como-su-edad-al-llegar-a-mexico-y-su-estilo-de-juego\" class=\"wp-block-heading\">M\u00e1s all\u00e1 de la nacionalidad, existen varias similitudes entre el nuevo fichaje del Am\u00e9rica y Fidalgo, como su edad al llegar a M\u00e9xico y su estilo de juego<\/h2>\n\n\n\n<p class=\"wp-block-paragraph\">No es la nacionalidad m\u00e1s popular en lo que a fichajes de jugadores extranjeros en M\u00e9xico se refiere. De hecho,&nbsp;<strong>Carlos \u00c1lvarez<\/strong>&nbsp;<a href=\"https:\/\/www.excelsior.com.mx\/deportes\/america-fija-joya-espanola-carlos-alvarez-levante\" target=\"_blank\" rel=\"noopener\">ser\u00eda el espa\u00f1ol n\u00famero 31 en participar en la liga mexicana<\/a>&nbsp;de futbol profesional.<\/p>\n\n\n\n<p class=\"wp-block-paragraph\">Sin embargo, m\u00e1s all\u00e1 que&nbsp;<strong>tanto Carlos \u00c1lvarez como \u00c1lvaro Fidalgo<\/strong>&nbsp;nacieron en Espa\u00f1a y ambos llegaron a M\u00e9xico para fichar con las&nbsp;<strong>\u00c1guilas del Am\u00e9rica<\/strong>, hay caracter\u00edsticas espec\u00edficas dentro del campo que nos hacen pensar que Carlos ser\u00e1 el sucesor del \u201cMaguito\u201d.<\/p>\n\n\n\n<h2 id=\"h-las-similitudes-en-su-llegada-a-mexico\" class=\"wp-block-heading\">Las similitudes en su llegada a M\u00e9xico<\/h2>\n\n\n\n<p class=\"wp-block-paragraph\">La llegada de&nbsp;<strong>\u00c1lvaro Fidalgo<\/strong>&nbsp;se hizo oficial a inicios de febrero de 2021, durante el&nbsp;<strong>torneo Guardianes<\/strong>&nbsp;de ese a\u00f1o. Al igual que Carlos, Fidalgo no lleg\u00f3 proveniente de un club medi\u00e1tico de Espa\u00f1a. Lleg\u00f3 del Castell\u00f3n, equipo que en ese momento compet\u00eda en la&nbsp;<strong>Segunda Divisi\u00f3n de Espa\u00f1a<\/strong>.<\/p>\n\n\n\n<p class=\"wp-block-paragraph\"><strong>Fidalgo<\/strong>&nbsp;se incorpor\u00f3 al Am\u00e9rica inicialmente a pr\u00e9stamo por seis meses con opci\u00f3n de compra.&nbsp;<a href=\"https:\/\/www.excelsior.com.mx\/deportes\/alvaro-fidalgo-sigue-sin-jugar-con-betis-pese-promesa-pellegrini\" target=\"_blank\" rel=\"noopener\">Tras sus destacadas actuaciones de inmediato<\/a>, el&nbsp;<strong>Am\u00e9rica ejerci\u00f3 la opci\u00f3n de compra<\/strong>&nbsp;ese mismo a\u00f1o para adquirir sus derechos federativos de manera definitiva.<\/p>\n\n\n\n<p class=\"wp-block-paragraph\">Fue el Director T\u00e9cnico&nbsp;<strong>Santiago Solari<\/strong><strong>&nbsp;<\/strong>quien solicit\u00f3 expl\u00edcitamente su contrataci\u00f3n, ya que lo conoc\u00eda perfectamente porque lo dirigi\u00f3 durante su etapa en la&nbsp;<strong>cantera del Real Madrid<\/strong>, espec\u00edficamente en el<strong>&nbsp;Real Madrid Castilla<\/strong>.<\/p>\n\n\n\n<h2 id=\"h-llegan-a-mexico-a-los-23-anos-de-edad\" class=\"wp-block-heading\">Llegan a M\u00e9xico a los 23 a\u00f1os de edad<\/h2>\n\n\n\n<p class=\"wp-block-paragraph\">A diferencia de Fidalgo,&nbsp;<strong>Carlos \u00c1lvarez llegar\u00e1<\/strong>&nbsp;proveniente del Levante U.D. de La Liga, con suficiente actividad en la&nbsp;<strong>Primera Divisi\u00f3n de Espa\u00f1a<\/strong>, pese a que ambos arribaron a M\u00e9xico&nbsp;<strong>a la misma edad, 23 a\u00f1os<\/strong>.<\/p>\n\n\n\n<p class=\"wp-block-paragraph\">Carlos milit\u00f3 desde el 2023 con el Levante, ha participado en&nbsp;<strong>105 partidos y ha marcado 14 goles<\/strong>.<\/p>\n\n\n\n<h2 id=\"h-las-principales-similitudes-estan-dentro-del-campo\" class=\"wp-block-heading\">Las principales similitudes est\u00e1n dentro del campo<\/h2>\n\n\n\n<p class=\"wp-block-paragraph\"><strong>Carlos \u00c1lvarez<\/strong>, el mediocampista que est\u00e1&nbsp;<strong>a punto de llegar al Am\u00e9rica<\/strong>, tiene un estilo de juego de media punta cl\u00e1sico, con el 10 en los dorsales, que act\u00faa como enganche o falso extremo derecho. Su principal virtud radica en recibir el bal\u00f3n entre la l\u00ednea de volantes y defensores rivales para girar r\u00e1pidamente.<\/p>\n\n\n\n<p class=\"wp-block-paragraph\"><strong>Destaca por la pausa<\/strong>&nbsp;en el \u00faltimo tercio del campo y la precisi\u00f3n para dar el \u00faltimo pase a los delanteros de \u00e1rea, caracter\u00edstica muy destacada en&nbsp;<strong>Fidalgo<\/strong>.<\/p>\n\n\n\n<p class=\"wp-block-paragraph\">Al igual que Fidalgo, Carlos&nbsp;<strong>no cuenta con una corpulencia f\u00edsica imponente<\/strong>,&nbsp;<strong>mide 1.68<\/strong>&nbsp;metros. Sin embargo, as\u00ed como el&nbsp;<strong>\u201cMaguito\u201d<\/strong>, compensa con un bajo centro de gravedad, rapidez mental y habilidad para salir del acoso rival en espacios reducidos.<\/p>\n\n\n\n<h2 id=\"h-el-maguito-deja-la-vara-alta-a-carlos-alvarez\" class=\"wp-block-heading\">El \u201cMaguito\u201d deja la vara alta a Carlos \u00c1lvarez<\/h2>\n\n\n\n<p class=\"wp-block-paragraph\">Si la carrera de&nbsp;<strong>Carlos \u00c1lvarez&nbsp;<\/strong>en M\u00e9xico se mide con los n\u00fameros alcanzados por&nbsp;<strong>\u00c1lvaro Fidalgo<\/strong>, definitivamente tiene la vara muy alta por alcanzar.<\/p>\n\n\n\n<p class=\"wp-block-paragraph\">\u00c1lvaro particip\u00f3 en&nbsp;<strong>227 partidos con el Am\u00e9rica<\/strong>, marc\u00f3 22 goles, dio 30 asistencias y&nbsp;<strong>obtuvo 5 t\u00edtulos<\/strong>. Fueron&nbsp;<strong>casi 20 mil minutos de juego durante casi 5 a\u00f1os<\/strong>&nbsp;vistiendo la jersey del Am\u00e9rica.&nbsp;<a href=\"https:\/\/www.excelsior.com.mx\/deportes\/todos-sonamos-partido-alvaro-fidalgo-entusiasma-por-mexico-vs-inglaterra\" target=\"_blank\" rel=\"noopener\">Por si fuera poco, se naturaliz\u00f3 mexicano y&nbsp;<\/a><strong>represent\u00f3 a M\u00e9xico<\/strong>&nbsp;en la pasada Copa del Mundo de la FIFA 2026.&nbsp;<strong>Jug\u00f3 97 minutos<\/strong>&nbsp;y particip\u00f3 en los partidos contra&nbsp;<strong>Sud\u00e1frica, Chequia e Inglaterra<\/strong>.&nbsp;<\/p>\n\n\n\n<p class=\"wp-block-paragraph\"><\/p>\n","protected":false},"excerpt":{"rendered":"<p>M\u00e1s all\u00e1 de la nacionalidad, existen varias similitudes entre el nuevo fichaje del Am\u00e9rica y Fidalgo, como su edad al&#8230;<\/p>\n","protected":false},"author":2,"featured_media":14908,"comment_status":"open","ping_status":"open","sticky":false,"template":"","format":"standard","meta":{"footnotes":""},"categories":[34],"tags":[],"class_list":["post-14907","post","type-post","status-publish","format-standard","has-post-thumbnail","hentry","category-deportes"],"yoast_head":"<!-- This site is optimized with the Yoast SEO Premium plugin v26.8 (Yoast SEO v28.4) - https:\/\/yoast.com\/product\/yoast-seo-premium-wordpress\/ -->\n<title>Carlos \u00c1lvarez, el sucesor de \u00c1lvaro Fidalgo en el Am\u00e9rica - Buenos D\u00edas BCS<\/title>\n<meta name=\"robots\" content=\"index, follow, max-snippet:-1, max-image-preview:large, max-video-preview:-1\" \/>\n<link rel=\"canonical\" href=\"https:\/\/buenosdiasbcs.com\/?p=14907\" \/>\n<meta property=\"og:locale\" content=\"es_ES\" \/>\n<meta property=\"og:type\" content=\"article\" \/>\n<meta property=\"og:title\" content=\"Carlos \u00c1lvarez, el sucesor de \u00c1lvaro Fidalgo en el Am\u00e9rica\" \/>\n<meta property=\"og:description\" content=\"M\u00e1s all\u00e1 de la nacionalidad, existen varias similitudes entre el nuevo fichaje del Am\u00e9rica y Fidalgo, como su edad al...\" \/>\n<meta property=\"og:url\" content=\"https:\/\/buenosdiasbcs.com\/?p=14907\" \/>\n<meta property=\"og:site_name\" content=\"Buenos D\u00edas BCS\" \/>\n<meta property=\"article:published_time\" content=\"2026-09-02T07:47:00+00:00\" \/>\n<meta property=\"og:image\" content=\"https:\/\/buenosdiasbcs.com\/wp-content\/uploads\/2026\/09\/6a97615545811.jpeg\" \/>\n\t<meta property=\"og:image:width\" content=\"813\" \/>\n\t<meta property=\"og:image:height\" content=\"542\" \/>\n\t<meta property=\"og:image:type\" content=\"image\/jpeg\" \/>\n<meta name=\"author\" content=\"Edici\u00f3n Buenos D\u00edas\" \/>\n<meta name=\"twitter:card\" content=\"summary_large_image\" \/>\n<meta name=\"twitter:label1\" content=\"Escrito por\" \/>\n\t<meta name=\"twitter:data1\" content=\"Edici\u00f3n Buenos D\u00edas\" \/>\n\t<meta name=\"twitter:label2\" content=\"Tiempo de lectura\" \/>\n\t<meta name=\"twitter:data2\" content=\"3 minutos\" \/>\n<script type=\"application\/ld+json\" class=\"yoast-schema-graph\">{\"@context\":\"https:\\\/\\\/schema.org\",\"@graph\":[{\"@type\":\"Article\",\"@id\":\"https:\\\/\\\/buenosdiasbcs.com\\\/?p=14907#article\",\"isPartOf\":{\"@id\":\"https:\\\/\\\/buenosdiasbcs.com\\\/?p=14907\"},\"author\":{\"name\":\"Edici\u00f3n Buenos D\u00edas\",\"@id\":\"https:\\\/\\\/buenosdiasbcs.com\\\/#\\\/schema\\\/person\\\/15aedc247eab7070ee5d76d6d069a821\"},\"headline\":\"Carlos \u00c1lvarez, el sucesor de \u00c1lvaro Fidalgo en el Am\u00e9rica\",\"datePublished\":\"2026-09-02T07:47:00+00:00\",\"mainEntityOfPage\":{\"@id\":\"https:\\\/\\\/buenosdiasbcs.com\\\/?p=14907\"},\"wordCount\":628,\"commentCount\":0,\"publisher\":{\"@id\":\"https:\\\/\\\/buenosdiasbcs.com\\\/#organization\"},\"image\":{\"@id\":\"https:\\\/\\\/buenosdiasbcs.com\\\/?p=14907#primaryimage\"},\"thumbnailUrl\":\"https:\\\/\\\/buenosdiasbcs.com\\\/wp-content\\\/uploads\\\/2026\\\/09\\\/6a97615545811.jpeg\",\"articleSection\":[\"Deportes\"],\"inLanguage\":\"es\",\"potentialAction\":[{\"@type\":\"CommentAction\",\"name\":\"Comment\",\"target\":[\"https:\\\/\\\/buenosdiasbcs.com\\\/?p=14907#respond\"]}]},{\"@type\":\"WebPage\",\"@id\":\"https:\\\/\\\/buenosdiasbcs.com\\\/?p=14907\",\"url\":\"https:\\\/\\\/buenosdiasbcs.com\\\/?p=14907\",\"name\":\"Carlos \u00c1lvarez, el sucesor de \u00c1lvaro Fidalgo en el Am\u00e9rica - Buenos D\u00edas BCS\",\"isPartOf\":{\"@id\":\"https:\\\/\\\/buenosdiasbcs.com\\\/#website\"},\"primaryImageOfPage\":{\"@id\":\"https:\\\/\\\/buenosdiasbcs.com\\\/?p=14907#primaryimage\"},\"image\":{\"@id\":\"https:\\\/\\\/buenosdiasbcs.com\\\/?p=14907#primaryimage\"},\"thumbnailUrl\":\"https:\\\/\\\/buenosdiasbcs.com\\\/wp-content\\\/uploads\\\/2026\\\/09\\\/6a97615545811.jpeg\",\"datePublished\":\"2026-09-02T07:47:00+00:00\",\"breadcrumb\":{\"@id\":\"https:\\\/\\\/buenosdiasbcs.com\\\/?p=14907#breadcrumb\"},\"inLanguage\":\"es\",\"potentialAction\":[{\"@type\":\"ReadAction\",\"target\":[\"https:\\\/\\\/buenosdiasbcs.com\\\/?p=14907\"]}]},{\"@type\":\"ImageObject\",\"inLanguage\":\"es\",\"@id\":\"https:\\\/\\\/buenosdiasbcs.com\\\/?p=14907#primaryimage\",\"url\":\"https:\\\/\\\/buenosdiasbcs.com\\\/wp-content\\\/uploads\\\/2026\\\/09\\\/6a97615545811.jpeg\",\"contentUrl\":\"https:\\\/\\\/buenosdiasbcs.com\\\/wp-content\\\/uploads\\\/2026\\\/09\\\/6a97615545811.jpeg\",\"width\":813,\"height\":542},{\"@type\":\"BreadcrumbList\",\"@id\":\"https:\\\/\\\/buenosdiasbcs.com\\\/?p=14907#breadcrumb\",\"itemListElement\":[{\"@type\":\"ListItem\",\"position\":1,\"name\":\"Portada\",\"item\":\"https:\\\/\\\/buenosdiasbcs.com\\\/\"},{\"@type\":\"ListItem\",\"position\":2,\"name\":\"Carlos \u00c1lvarez, el sucesor de \u00c1lvaro Fidalgo en el Am\u00e9rica\"}]},{\"@type\":\"WebSite\",\"@id\":\"https:\\\/\\\/buenosdiasbcs.com\\\/#website\",\"url\":\"https:\\\/\\\/buenosdiasbcs.com\\\/\",\"name\":\"Buenos D\u00edas BCS\",\"description\":\"\",\"publisher\":{\"@id\":\"https:\\\/\\\/buenosdiasbcs.com\\\/#organization\"},\"potentialAction\":[{\"@type\":\"SearchAction\",\"target\":{\"@type\":\"EntryPoint\",\"urlTemplate\":\"https:\\\/\\\/buenosdiasbcs.com\\\/?s={search_term_string}\"},\"query-input\":{\"@type\":\"PropertyValueSpecification\",\"valueRequired\":true,\"valueName\":\"search_term_string\"}}],\"inLanguage\":\"es\"},{\"@type\":\"Organization\",\"@id\":\"https:\\\/\\\/buenosdiasbcs.com\\\/#organization\",\"name\":\"Buenos D\u00edas BCS\",\"url\":\"https:\\\/\\\/buenosdiasbcs.com\\\/\",\"logo\":{\"@type\":\"ImageObject\",\"inLanguage\":\"es\",\"@id\":\"https:\\\/\\\/buenosdiasbcs.com\\\/#\\\/schema\\\/logo\\\/image\\\/\",\"url\":\"https:\\\/\\\/buenosdiasbcs.com\\\/wp-content\\\/uploads\\\/2026\\\/01\\\/logo-buenos-dias-40-01.png\",\"contentUrl\":\"https:\\\/\\\/buenosdiasbcs.com\\\/wp-content\\\/uploads\\\/2026\\\/01\\\/logo-buenos-dias-40-01.png\",\"width\":277,\"height\":40,\"caption\":\"Buenos D\u00edas BCS\"},\"image\":{\"@id\":\"https:\\\/\\\/buenosdiasbcs.com\\\/#\\\/schema\\\/logo\\\/image\\\/\"}},{\"@type\":\"Person\",\"@id\":\"https:\\\/\\\/buenosdiasbcs.com\\\/#\\\/schema\\\/person\\\/15aedc247eab7070ee5d76d6d069a821\",\"name\":\"Edici\u00f3n Buenos D\u00edas\",\"image\":{\"@type\":\"ImageObject\",\"inLanguage\":\"es\",\"@id\":\"https:\\\/\\\/buenosdiasbcs.com\\\/wp-content\\\/uploads\\\/2026\\\/01\\\/cropped-sol-96x96.png\",\"url\":\"https:\\\/\\\/buenosdiasbcs.com\\\/wp-content\\\/uploads\\\/2026\\\/01\\\/cropped-sol-96x96.png\",\"contentUrl\":\"https:\\\/\\\/buenosdiasbcs.com\\\/wp-content\\\/uploads\\\/2026\\\/01\\\/cropped-sol-96x96.png\",\"caption\":\"Edici\u00f3n Buenos D\u00edas\"},\"url\":\"https:\\\/\\\/buenosdiasbcs.com\\\/?author=2\"}]}<\/script>\n<!-- \/ Yoast SEO Premium plugin. -->","yoast_head_json":{"title":"Carlos \u00c1lvarez, el sucesor de \u00c1lvaro Fidalgo en el Am\u00e9rica - Buenos D\u00edas BCS","robots":{"index":"index","follow":"follow","max-snippet":"max-snippet:-1","max-image-preview":"max-image-preview:large","max-video-preview":"max-video-preview:-1"},"canonical":"https:\/\/buenosdiasbcs.com\/?p=14907","og_locale":"es_ES","og_type":"article","og_title":"Carlos \u00c1lvarez, el sucesor de \u00c1lvaro Fidalgo en el Am\u00e9rica","og_description":"M\u00e1s all\u00e1 de la nacionalidad, existen varias similitudes entre el nuevo fichaje del Am\u00e9rica y Fidalgo, como su edad al...","og_url":"https:\/\/buenosdiasbcs.com\/?p=14907","og_site_name":"Buenos D\u00edas BCS","article_published_time":"2026-09-02T07:47:00+00:00","og_image":[{"width":813,"height":542,"url":"https:\/\/buenosdiasbcs.com\/wp-content\/uploads\/2026\/09\/6a97615545811.jpeg","type":"image\/jpeg"}],"author":"Edici\u00f3n Buenos D\u00edas","twitter_card":"summary_large_image","twitter_misc":{"Escrito por":"Edici\u00f3n Buenos D\u00edas","Tiempo de lectura":"3 minutos"},"schema":{"@context":"https:\/\/schema.org","@graph":[{"@type":"Article","@id":"https:\/\/buenosdiasbcs.com\/?p=14907#article","isPartOf":{"@id":"https:\/\/buenosdiasbcs.com\/?p=14907"},"author":{"name":"Edici\u00f3n Buenos D\u00edas","@id":"https:\/\/buenosdiasbcs.com\/#\/schema\/person\/15aedc247eab7070ee5d76d6d069a821"},"headline":"Carlos \u00c1lvarez, el sucesor de \u00c1lvaro Fidalgo en el Am\u00e9rica","datePublished":"2026-09-02T07:47:00+00:00","mainEntityOfPage":{"@id":"https:\/\/buenosdiasbcs.com\/?p=14907"},"wordCount":628,"commentCount":0,"publisher":{"@id":"https:\/\/buenosdiasbcs.com\/#organization"},"image":{"@id":"https:\/\/buenosdiasbcs.com\/?p=14907#primaryimage"},"thumbnailUrl":"https:\/\/buenosdiasbcs.com\/wp-content\/uploads\/2026\/09\/6a97615545811.jpeg","articleSection":["Deportes"],"inLanguage":"es","potentialAction":[{"@type":"CommentAction","name":"Comment","target":["https:\/\/buenosdiasbcs.com\/?p=14907#respond"]}]},{"@type":"WebPage","@id":"https:\/\/buenosdiasbcs.com\/?p=14907","url":"https:\/\/buenosdiasbcs.com\/?p=14907","name":"Carlos \u00c1lvarez, el sucesor de \u00c1lvaro Fidalgo en el Am\u00e9rica - Buenos D\u00edas BCS","isPartOf":{"@id":"https:\/\/buenosdiasbcs.com\/#website"},"primaryImageOfPage":{"@id":"https:\/\/buenosdiasbcs.com\/?p=14907#primaryimage"},"image":{"@id":"https:\/\/buenosdiasbcs.com\/?p=14907#primaryimage"},"thumbnailUrl":"https:\/\/buenosdiasbcs.com\/wp-content\/uploads\/2026\/09\/6a97615545811.jpeg","datePublished":"2026-09-02T07:47:00+00:00","breadcrumb":{"@id":"https:\/\/buenosdiasbcs.com\/?p=14907#breadcrumb"},"inLanguage":"es","potentialAction":[{"@type":"ReadAction","target":["https:\/\/buenosdiasbcs.com\/?p=14907"]}]},{"@type":"ImageObject","inLanguage":"es","@id":"https:\/\/buenosdiasbcs.com\/?p=14907#primaryimage","url":"https:\/\/buenosdiasbcs.com\/wp-content\/uploads\/2026\/09\/6a97615545811.jpeg","contentUrl":"https:\/\/buenosdiasbcs.com\/wp-content\/uploads\/2026\/09\/6a97615545811.jpeg","width":813,"height":542},{"@type":"BreadcrumbList","@id":"https:\/\/buenosdiasbcs.com\/?p=14907#breadcrumb","itemListElement":[{"@type":"ListItem","position":1,"name":"Portada","item":"https:\/\/buenosdiasbcs.com\/"},{"@type":"ListItem","position":2,"name":"Carlos \u00c1lvarez, el sucesor de \u00c1lvaro Fidalgo en el Am\u00e9rica"}]},{"@type":"WebSite","@id":"https:\/\/buenosdiasbcs.com\/#website","url":"https:\/\/buenosdiasbcs.com\/","name":"Buenos D\u00edas BCS","description":"","publisher":{"@id":"https:\/\/buenosdiasbcs.com\/#organization"},"potentialAction":[{"@type":"SearchAction","target":{"@type":"EntryPoint","urlTemplate":"https:\/\/buenosdiasbcs.com\/?s={search_term_string}"},"query-input":{"@type":"PropertyValueSpecification","valueRequired":true,"valueName":"search_term_string"}}],"inLanguage":"es"},{"@type":"Organization","@id":"https:\/\/buenosdiasbcs.com\/#organization","name":"Buenos D\u00edas BCS","url":"https:\/\/buenosdiasbcs.com\/","logo":{"@type":"ImageObject","inLanguage":"es","@id":"https:\/\/buenosdiasbcs.com\/#\/schema\/logo\/image\/","url":"https:\/\/buenosdiasbcs.com\/wp-content\/uploads\/2026\/01\/logo-buenos-dias-40-01.png","contentUrl":"https:\/\/buenosdiasbcs.com\/wp-content\/uploads\/2026\/01\/logo-buenos-dias-40-01.png","width":277,"height":40,"caption":"Buenos D\u00edas BCS"},"image":{"@id":"https:\/\/buenosdiasbcs.com\/#\/schema\/logo\/image\/"}},{"@type":"Person","@id":"https:\/\/buenosdiasbcs.com\/#\/schema\/person\/15aedc247eab7070ee5d76d6d069a821","name":"Edici\u00f3n Buenos D\u00edas","image":{"@type":"ImageObject","inLanguage":"es","@id":"https:\/\/buenosdiasbcs.com\/wp-content\/uploads\/2026\/01\/cropped-sol-96x96.png","url":"https:\/\/buenosdiasbcs.com\/wp-content\/uploads\/2026\/01\/cropped-sol-96x96.png","contentUrl":"https:\/\/buenosdiasbcs.com\/wp-content\/uploads\/2026\/01\/cropped-sol-96x96.png","caption":"Edici\u00f3n Buenos D\u00edas"},"url":"https:\/\/buenosdiasbcs.com\/?author=2"}]}},"amp_enabled":true,"_links":{"self":[{"href":"https:\/\/buenosdiasbcs.com\/index.php?rest_route=\/wp\/v2\/posts\/14907","targetHints":{"allow":["GET"]}}],"collection":[{"href":"https:\/\/buenosdiasbcs.com\/index.php?rest_route=\/wp\/v2\/posts"}],"about":[{"href":"https:\/\/buenosdiasbcs.com\/index.php?rest_route=\/wp\/v2\/types\/post"}],"author":[{"embeddable":true,"href":"https:\/\/buenosdiasbcs.com\/index.php?rest_route=\/wp\/v2\/users\/2"}],"replies":[{"embeddable":true,"href":"https:\/\/buenosdiasbcs.com\/index.php?rest_route=%2Fwp%2Fv2%2Fcomments&post=14907"}],"version-history":[{"count":1,"href":"https:\/\/buenosdiasbcs.com\/index.php?rest_route=\/wp\/v2\/posts\/14907\/revisions"}],"predecessor-version":[{"id":14909,"href":"https:\/\/buenosdiasbcs.com\/index.php?rest_route=\/wp\/v2\/posts\/14907\/revisions\/14909"}],"wp:featuredmedia":[{"embeddable":true,"href":"https:\/\/buenosdiasbcs.com\/index.php?rest_route=\/wp\/v2\/media\/14908"}],"wp:attachment":[{"href":"https:\/\/buenosdiasbcs.com\/index.php?rest_route=%2Fwp%2Fv2%2Fmedia&parent=14907"}],"wp:term":[{"taxonomy":"category","embeddable":true,"href":"https:\/\/buenosdiasbcs.com\/index.php?rest_route=%2Fwp%2Fv2%2Fcategories&post=14907"},{"taxonomy":"post_tag","embeddable":true,"href":"https:\/\/buenosdiasbcs.com\/index.php?rest_route=%2Fwp%2Fv2%2Ftags&post=14907"}],"curies":[{"name":"wp","href":"https:\/\/api.w.org\/{rel}","templated":true}]}}