{"id":14898,"date":"2026-09-01T01:29:28","date_gmt":"2026-09-01T08:29:28","guid":{"rendered":"https:\/\/buenosdiasbcs.com\/?p=14898"},"modified":"2026-09-01T01:29:30","modified_gmt":"2026-09-01T08:29:30","slug":"tiene-el-prd-fuerza-suficiente-para-competir-solo-en-las-elecciones-del-2027","status":"publish","type":"post","link":"https:\/\/buenosdiasbcs.com\/?p=14898","title":{"rendered":"\u00bfTiene el PRD fuerza suficiente para competir solo en las elecciones del 2027?"},"content":{"rendered":"\n<h2 id=\"h-apoyado-en-un-padron-de-miles-de-afiliados-y-nuevos-simpatizantes-el-dirigente-del-prd-confia-en-la-capacidad-del-partido-para-figurar-en-la-boleta-electoral\" class=\"wp-block-heading\">Apoyado en un padr\u00f3n de miles de afiliados y nuevos simpatizantes, el dirigente del PRD conf\u00eda en la capacidad del partido para figurar en la boleta electoral<\/h2>\n\n\n\n<p class=\"wp-block-paragraph\">Una de las grandes interrogantes en el escenario pol\u00edtico de&nbsp;<strong>Baja California Sur&nbsp;<\/strong>es si&nbsp;<strong>el Partido de la Revoluci\u00f3n Democr\u00e1tica (PRD) cuenta con la fortaleza territorial y humana para competir sin coaliciones en 2027.&nbsp;<\/strong><\/p>\n\n\n\n<p class=\"wp-block-paragraph\">Ante esto,&nbsp;<strong>No\u00e9 Jer\u00f3nimo De la Rosa Ojeda, actual presidente del PRD en BCS,<\/strong>&nbsp;defendi\u00f3 la estructura y el alcance de su militancia y c\u00f3mo se est\u00e1n preparando para competir en los comicios del 2027, sea en alianza o incluso si deciden ir solos por los cargos pol\u00edticos que estar\u00e1n en juego a nivel municipal, estatal y federal.<\/p>\n\n\n\n<p class=\"wp-block-paragraph\">Al desglosar las cifras que respaldan el optimismo del partido para enfrentar las elecciones de manera independiente, De la Rosa Ojeda subray\u00f3:&nbsp;<\/p>\n\n\n\n<blockquote class=\"wp-block-quote is-layout-flow wp-block-quote-is-layout-flow\">\n<p class=\"wp-block-paragraph\">\u201cTenemos la fuerza suficiente. Hace cinco a\u00f1os ten\u00edamos 10 mil afiliados en nuestro padr\u00f3n, a los que debemos sumar todos aquellos ciudadanos que se han ido sumando en a\u00f1os recientes gracias a nuestro trabajo en tierra\u201d.<\/p>\n<\/blockquote>\n\n\n\n<p class=\"wp-block-paragraph\">El dirigente explic\u00f3 que el PRD ha mantenido un padr\u00f3n s\u00f3lido y una estructura territorial leal, capaz de movilizar&nbsp;<strong>el voto en los cinco municipios del estado: Los Cabos, La Paz, Comond\u00fa, Loreto y Muleg\u00e9<\/strong>. Esta organizaci\u00f3n permite al partido evaluar seriamente la posibilidad de postular cuadros propios para todos los cargos, incluyendo los&nbsp;<strong>16 distritos<\/strong>&nbsp;de mayor\u00eda relativa que conformar\u00e1n el nuevo Congreso del Estado.<\/p>\n\n\n\n<h1 id=\"h-el-prd-ira-solo-o-buscara-coaliciones-y-alianzas-para-2027\" class=\"wp-block-heading\">\u00bfEl PRD ir\u00e1 solo o buscar\u00e1 coaliciones y alianzas para 2027?<\/h1>\n\n\n\n<p class=\"wp-block-paragraph\">Aunque&nbsp;<strong>la independencia pol\u00edtica es vista por el PRD como una herramienta para recuperar la identidad de izquierda<\/strong>&nbsp;que el partido hist\u00f3ricamente ha promovido en Baja California Sur, ofreciendo a la ciudadan\u00eda opciones concretas alejadas del desgaste de los acuerdos c\u00fapula, tampoco desvirt\u00faa la importancia las coaliciones y las alianzas y no las descartan para 2027.<\/p>\n\n\n\n<blockquote class=\"wp-block-quote is-layout-flow wp-block-quote-is-layout-flow\">\n<p class=\"wp-block-paragraph\"><strong>\u201cHemos demostrado la fortaleza que ha tenido el partido al realizar alianzas en el pasado, y evaluaremos las mejores coaliciones para construir un proyecto ganador en 2027.\u201d<\/strong><\/p>\n<\/blockquote>\n\n\n\n<p class=\"wp-block-paragraph\">El dirigente sostuvo que tras las elecciones del 2021 y del 2024 la estructura del PRD se ha fortalecido en los cinco municipios de Baja California Sur y que el partido busca llegar a 2027 con una organizaci\u00f3n capaz de presentar candidaturas competitivas.<\/p>\n\n\n\n<p class=\"wp-block-paragraph\">De la Rosa Ojeda tambi\u00e9n resalt\u00f3 que el partido mantiene abierta la posibilidad de construir acuerdos con otras fuerzas pol\u00edticas, aunque ha insistido en que la primera alianza del PRD es con la ciudadan\u00eda.<\/p>\n\n\n\n<h2 id=\"h-que-se-elegira-en-bcs-en-2027\" class=\"wp-block-heading\">\u00bfQu\u00e9 se elegir\u00e1 en BCS en 2027?<\/h2>\n\n\n\n<p class=\"wp-block-paragraph\">Cabe recordar que en las elecciones que habr\u00e1 el pr\u00f3ximo 6 de junio de&nbsp;<strong>2027, en Baja California Sur se renovar\u00e1 la gubernatura, 21 diputaciones locales, cinco ayuntamientos y dos diputaciones federales, adem\u00e1s de sindicaturas y regidur\u00edas<\/strong><\/p>\n\n\n\n<p class=\"wp-block-paragraph\">No olviden que toda la informaci\u00f3n sobre las pr\u00f3ximas elecciones del 2027 la pueden ver en nuestro programa \u201cVoto y Veto\u201d, que se transmite todos los lunes de 7:00 a 8:00 de la noche en el canal 10.1 de TV Mar y tambi\u00e9n pueden verlo las veces que gusten en nuestro canal de YouTube Tribuna de M\u00e9xico Oficial.<\/p>\n\n\n\n<p class=\"wp-block-paragraph\"><\/p>\n","protected":false},"excerpt":{"rendered":"<p>Apoyado en un padr\u00f3n de miles de afiliados y nuevos simpatizantes, el dirigente del PRD conf\u00eda en la capacidad del&#8230;<\/p>\n","protected":false},"author":2,"featured_media":14899,"comment_status":"open","ping_status":"open","sticky":false,"template":"","format":"standard","meta":{"footnotes":""},"categories":[247],"tags":[],"class_list":["post-14898","post","type-post","status-publish","format-standard","has-post-thumbnail","hentry","category-elecciones-2027"],"yoast_head":"<!-- This site is optimized with the Yoast SEO Premium plugin v26.8 (Yoast SEO v28.3) - https:\/\/yoast.com\/product\/yoast-seo-premium-wordpress\/ -->\n<title>\u00bfTiene el PRD fuerza suficiente para competir solo en las elecciones del 2027? - Buenos D\u00edas BCS<\/title>\n<meta name=\"robots\" content=\"index, follow, max-snippet:-1, max-image-preview:large, max-video-preview:-1\" \/>\n<link rel=\"canonical\" href=\"https:\/\/buenosdiasbcs.com\/?p=14898\" \/>\n<meta property=\"og:locale\" content=\"es_ES\" \/>\n<meta property=\"og:type\" content=\"article\" \/>\n<meta property=\"og:title\" content=\"\u00bfTiene el PRD fuerza suficiente para competir solo en las elecciones del 2027?\" \/>\n<meta property=\"og:description\" content=\"Apoyado en un padr\u00f3n de miles de afiliados y nuevos simpatizantes, el dirigente del PRD conf\u00eda en la capacidad del...\" \/>\n<meta property=\"og:url\" content=\"https:\/\/buenosdiasbcs.com\/?p=14898\" \/>\n<meta property=\"og:site_name\" content=\"Buenos D\u00edas BCS\" \/>\n<meta property=\"article:published_time\" content=\"2026-09-01T08:29:28+00:00\" \/>\n<meta property=\"article:modified_time\" content=\"2026-09-01T08:29:30+00:00\" \/>\n<meta property=\"og:image\" content=\"https:\/\/buenosdiasbcs.com\/wp-content\/uploads\/2026\/09\/Elecciones-BCS-Noe-Jeronimo-De-la-Rosa-Ojeda-presidente-del-PRD-en-BCS-905x613.jpg.webp\" \/>\n\t<meta property=\"og:image:width\" content=\"905\" \/>\n\t<meta property=\"og:image:height\" content=\"613\" \/>\n\t<meta property=\"og:image:type\" content=\"image\/webp\" \/>\n<meta name=\"author\" content=\"Edici\u00f3n Buenos D\u00edas\" \/>\n<meta name=\"twitter:card\" content=\"summary_large_image\" \/>\n<meta name=\"twitter:label1\" content=\"Escrito por\" \/>\n\t<meta name=\"twitter:data1\" content=\"Edici\u00f3n Buenos D\u00edas\" \/>\n\t<meta name=\"twitter:label2\" content=\"Tiempo de lectura\" \/>\n\t<meta name=\"twitter:data2\" content=\"3 minutos\" \/>\n<script type=\"application\/ld+json\" class=\"yoast-schema-graph\">{\"@context\":\"https:\\\/\\\/schema.org\",\"@graph\":[{\"@type\":\"Article\",\"@id\":\"https:\\\/\\\/buenosdiasbcs.com\\\/?p=14898#article\",\"isPartOf\":{\"@id\":\"https:\\\/\\\/buenosdiasbcs.com\\\/?p=14898\"},\"author\":{\"name\":\"Edici\u00f3n Buenos D\u00edas\",\"@id\":\"https:\\\/\\\/buenosdiasbcs.com\\\/#\\\/schema\\\/person\\\/15aedc247eab7070ee5d76d6d069a821\"},\"headline\":\"\u00bfTiene el PRD fuerza suficiente para competir solo en las elecciones del 2027?\",\"datePublished\":\"2026-09-01T08:29:28+00:00\",\"dateModified\":\"2026-09-01T08:29:30+00:00\",\"mainEntityOfPage\":{\"@id\":\"https:\\\/\\\/buenosdiasbcs.com\\\/?p=14898\"},\"wordCount\":559,\"commentCount\":0,\"publisher\":{\"@id\":\"https:\\\/\\\/buenosdiasbcs.com\\\/#organization\"},\"image\":{\"@id\":\"https:\\\/\\\/buenosdiasbcs.com\\\/?p=14898#primaryimage\"},\"thumbnailUrl\":\"https:\\\/\\\/buenosdiasbcs.com\\\/wp-content\\\/uploads\\\/2026\\\/09\\\/Elecciones-BCS-Noe-Jeronimo-De-la-Rosa-Ojeda-presidente-del-PRD-en-BCS-905x613.jpg.webp\",\"articleSection\":[\"Elecciones 2027\"],\"inLanguage\":\"es\",\"potentialAction\":[{\"@type\":\"CommentAction\",\"name\":\"Comment\",\"target\":[\"https:\\\/\\\/buenosdiasbcs.com\\\/?p=14898#respond\"]}]},{\"@type\":\"WebPage\",\"@id\":\"https:\\\/\\\/buenosdiasbcs.com\\\/?p=14898\",\"url\":\"https:\\\/\\\/buenosdiasbcs.com\\\/?p=14898\",\"name\":\"\u00bfTiene el PRD fuerza suficiente para competir solo en las elecciones del 2027? - Buenos D\u00edas BCS\",\"isPartOf\":{\"@id\":\"https:\\\/\\\/buenosdiasbcs.com\\\/#website\"},\"primaryImageOfPage\":{\"@id\":\"https:\\\/\\\/buenosdiasbcs.com\\\/?p=14898#primaryimage\"},\"image\":{\"@id\":\"https:\\\/\\\/buenosdiasbcs.com\\\/?p=14898#primaryimage\"},\"thumbnailUrl\":\"https:\\\/\\\/buenosdiasbcs.com\\\/wp-content\\\/uploads\\\/2026\\\/09\\\/Elecciones-BCS-Noe-Jeronimo-De-la-Rosa-Ojeda-presidente-del-PRD-en-BCS-905x613.jpg.webp\",\"datePublished\":\"2026-09-01T08:29:28+00:00\",\"dateModified\":\"2026-09-01T08:29:30+00:00\",\"breadcrumb\":{\"@id\":\"https:\\\/\\\/buenosdiasbcs.com\\\/?p=14898#breadcrumb\"},\"inLanguage\":\"es\",\"potentialAction\":[{\"@type\":\"ReadAction\",\"target\":[\"https:\\\/\\\/buenosdiasbcs.com\\\/?p=14898\"]}]},{\"@type\":\"ImageObject\",\"inLanguage\":\"es\",\"@id\":\"https:\\\/\\\/buenosdiasbcs.com\\\/?p=14898#primaryimage\",\"url\":\"https:\\\/\\\/buenosdiasbcs.com\\\/wp-content\\\/uploads\\\/2026\\\/09\\\/Elecciones-BCS-Noe-Jeronimo-De-la-Rosa-Ojeda-presidente-del-PRD-en-BCS-905x613.jpg.webp\",\"contentUrl\":\"https:\\\/\\\/buenosdiasbcs.com\\\/wp-content\\\/uploads\\\/2026\\\/09\\\/Elecciones-BCS-Noe-Jeronimo-De-la-Rosa-Ojeda-presidente-del-PRD-en-BCS-905x613.jpg.webp\",\"width\":905,\"height\":613},{\"@type\":\"BreadcrumbList\",\"@id\":\"https:\\\/\\\/buenosdiasbcs.com\\\/?p=14898#breadcrumb\",\"itemListElement\":[{\"@type\":\"ListItem\",\"position\":1,\"name\":\"Portada\",\"item\":\"https:\\\/\\\/buenosdiasbcs.com\\\/\"},{\"@type\":\"ListItem\",\"position\":2,\"name\":\"\u00bfTiene el PRD fuerza suficiente para competir solo en las elecciones del 2027?\"}]},{\"@type\":\"WebSite\",\"@id\":\"https:\\\/\\\/buenosdiasbcs.com\\\/#website\",\"url\":\"https:\\\/\\\/buenosdiasbcs.com\\\/\",\"name\":\"Buenos D\u00edas BCS\",\"description\":\"\",\"publisher\":{\"@id\":\"https:\\\/\\\/buenosdiasbcs.com\\\/#organization\"},\"potentialAction\":[{\"@type\":\"SearchAction\",\"target\":{\"@type\":\"EntryPoint\",\"urlTemplate\":\"https:\\\/\\\/buenosdiasbcs.com\\\/?s={search_term_string}\"},\"query-input\":{\"@type\":\"PropertyValueSpecification\",\"valueRequired\":true,\"valueName\":\"search_term_string\"}}],\"inLanguage\":\"es\"},{\"@type\":\"Organization\",\"@id\":\"https:\\\/\\\/buenosdiasbcs.com\\\/#organization\",\"name\":\"Buenos D\u00edas BCS\",\"url\":\"https:\\\/\\\/buenosdiasbcs.com\\\/\",\"logo\":{\"@type\":\"ImageObject\",\"inLanguage\":\"es\",\"@id\":\"https:\\\/\\\/buenosdiasbcs.com\\\/#\\\/schema\\\/logo\\\/image\\\/\",\"url\":\"https:\\\/\\\/buenosdiasbcs.com\\\/wp-content\\\/uploads\\\/2026\\\/01\\\/logo-buenos-dias-40-01.png\",\"contentUrl\":\"https:\\\/\\\/buenosdiasbcs.com\\\/wp-content\\\/uploads\\\/2026\\\/01\\\/logo-buenos-dias-40-01.png\",\"width\":277,\"height\":40,\"caption\":\"Buenos D\u00edas BCS\"},\"image\":{\"@id\":\"https:\\\/\\\/buenosdiasbcs.com\\\/#\\\/schema\\\/logo\\\/image\\\/\"}},{\"@type\":\"Person\",\"@id\":\"https:\\\/\\\/buenosdiasbcs.com\\\/#\\\/schema\\\/person\\\/15aedc247eab7070ee5d76d6d069a821\",\"name\":\"Edici\u00f3n Buenos D\u00edas\",\"image\":{\"@type\":\"ImageObject\",\"inLanguage\":\"es\",\"@id\":\"https:\\\/\\\/buenosdiasbcs.com\\\/wp-content\\\/uploads\\\/2026\\\/01\\\/cropped-sol-96x96.png\",\"url\":\"https:\\\/\\\/buenosdiasbcs.com\\\/wp-content\\\/uploads\\\/2026\\\/01\\\/cropped-sol-96x96.png\",\"contentUrl\":\"https:\\\/\\\/buenosdiasbcs.com\\\/wp-content\\\/uploads\\\/2026\\\/01\\\/cropped-sol-96x96.png\",\"caption\":\"Edici\u00f3n Buenos D\u00edas\"},\"url\":\"https:\\\/\\\/buenosdiasbcs.com\\\/?author=2\"}]}<\/script>\n<!-- \/ Yoast SEO Premium plugin. -->","yoast_head_json":{"title":"\u00bfTiene el PRD fuerza suficiente para competir solo en las elecciones del 2027? - Buenos D\u00edas BCS","robots":{"index":"index","follow":"follow","max-snippet":"max-snippet:-1","max-image-preview":"max-image-preview:large","max-video-preview":"max-video-preview:-1"},"canonical":"https:\/\/buenosdiasbcs.com\/?p=14898","og_locale":"es_ES","og_type":"article","og_title":"\u00bfTiene el PRD fuerza suficiente para competir solo en las elecciones del 2027?","og_description":"Apoyado en un padr\u00f3n de miles de afiliados y nuevos simpatizantes, el dirigente del PRD conf\u00eda en la capacidad del...","og_url":"https:\/\/buenosdiasbcs.com\/?p=14898","og_site_name":"Buenos D\u00edas BCS","article_published_time":"2026-09-01T08:29:28+00:00","article_modified_time":"2026-09-01T08:29:30+00:00","og_image":[{"width":905,"height":613,"url":"https:\/\/buenosdiasbcs.com\/wp-content\/uploads\/2026\/09\/Elecciones-BCS-Noe-Jeronimo-De-la-Rosa-Ojeda-presidente-del-PRD-en-BCS-905x613.jpg.webp","type":"image\/webp"}],"author":"Edici\u00f3n Buenos D\u00edas","twitter_card":"summary_large_image","twitter_misc":{"Escrito por":"Edici\u00f3n Buenos D\u00edas","Tiempo de lectura":"3 minutos"},"schema":{"@context":"https:\/\/schema.org","@graph":[{"@type":"Article","@id":"https:\/\/buenosdiasbcs.com\/?p=14898#article","isPartOf":{"@id":"https:\/\/buenosdiasbcs.com\/?p=14898"},"author":{"name":"Edici\u00f3n Buenos D\u00edas","@id":"https:\/\/buenosdiasbcs.com\/#\/schema\/person\/15aedc247eab7070ee5d76d6d069a821"},"headline":"\u00bfTiene el PRD fuerza suficiente para competir solo en las elecciones del 2027?","datePublished":"2026-09-01T08:29:28+00:00","dateModified":"2026-09-01T08:29:30+00:00","mainEntityOfPage":{"@id":"https:\/\/buenosdiasbcs.com\/?p=14898"},"wordCount":559,"commentCount":0,"publisher":{"@id":"https:\/\/buenosdiasbcs.com\/#organization"},"image":{"@id":"https:\/\/buenosdiasbcs.com\/?p=14898#primaryimage"},"thumbnailUrl":"https:\/\/buenosdiasbcs.com\/wp-content\/uploads\/2026\/09\/Elecciones-BCS-Noe-Jeronimo-De-la-Rosa-Ojeda-presidente-del-PRD-en-BCS-905x613.jpg.webp","articleSection":["Elecciones 2027"],"inLanguage":"es","potentialAction":[{"@type":"CommentAction","name":"Comment","target":["https:\/\/buenosdiasbcs.com\/?p=14898#respond"]}]},{"@type":"WebPage","@id":"https:\/\/buenosdiasbcs.com\/?p=14898","url":"https:\/\/buenosdiasbcs.com\/?p=14898","name":"\u00bfTiene el PRD fuerza suficiente para competir solo en las elecciones del 2027? - Buenos D\u00edas BCS","isPartOf":{"@id":"https:\/\/buenosdiasbcs.com\/#website"},"primaryImageOfPage":{"@id":"https:\/\/buenosdiasbcs.com\/?p=14898#primaryimage"},"image":{"@id":"https:\/\/buenosdiasbcs.com\/?p=14898#primaryimage"},"thumbnailUrl":"https:\/\/buenosdiasbcs.com\/wp-content\/uploads\/2026\/09\/Elecciones-BCS-Noe-Jeronimo-De-la-Rosa-Ojeda-presidente-del-PRD-en-BCS-905x613.jpg.webp","datePublished":"2026-09-01T08:29:28+00:00","dateModified":"2026-09-01T08:29:30+00:00","breadcrumb":{"@id":"https:\/\/buenosdiasbcs.com\/?p=14898#breadcrumb"},"inLanguage":"es","potentialAction":[{"@type":"ReadAction","target":["https:\/\/buenosdiasbcs.com\/?p=14898"]}]},{"@type":"ImageObject","inLanguage":"es","@id":"https:\/\/buenosdiasbcs.com\/?p=14898#primaryimage","url":"https:\/\/buenosdiasbcs.com\/wp-content\/uploads\/2026\/09\/Elecciones-BCS-Noe-Jeronimo-De-la-Rosa-Ojeda-presidente-del-PRD-en-BCS-905x613.jpg.webp","contentUrl":"https:\/\/buenosdiasbcs.com\/wp-content\/uploads\/2026\/09\/Elecciones-BCS-Noe-Jeronimo-De-la-Rosa-Ojeda-presidente-del-PRD-en-BCS-905x613.jpg.webp","width":905,"height":613},{"@type":"BreadcrumbList","@id":"https:\/\/buenosdiasbcs.com\/?p=14898#breadcrumb","itemListElement":[{"@type":"ListItem","position":1,"name":"Portada","item":"https:\/\/buenosdiasbcs.com\/"},{"@type":"ListItem","position":2,"name":"\u00bfTiene el PRD fuerza suficiente para competir solo en las elecciones del 2027?"}]},{"@type":"WebSite","@id":"https:\/\/buenosdiasbcs.com\/#website","url":"https:\/\/buenosdiasbcs.com\/","name":"Buenos D\u00edas BCS","description":"","publisher":{"@id":"https:\/\/buenosdiasbcs.com\/#organization"},"potentialAction":[{"@type":"SearchAction","target":{"@type":"EntryPoint","urlTemplate":"https:\/\/buenosdiasbcs.com\/?s={search_term_string}"},"query-input":{"@type":"PropertyValueSpecification","valueRequired":true,"valueName":"search_term_string"}}],"inLanguage":"es"},{"@type":"Organization","@id":"https:\/\/buenosdiasbcs.com\/#organization","name":"Buenos D\u00edas BCS","url":"https:\/\/buenosdiasbcs.com\/","logo":{"@type":"ImageObject","inLanguage":"es","@id":"https:\/\/buenosdiasbcs.com\/#\/schema\/logo\/image\/","url":"https:\/\/buenosdiasbcs.com\/wp-content\/uploads\/2026\/01\/logo-buenos-dias-40-01.png","contentUrl":"https:\/\/buenosdiasbcs.com\/wp-content\/uploads\/2026\/01\/logo-buenos-dias-40-01.png","width":277,"height":40,"caption":"Buenos D\u00edas BCS"},"image":{"@id":"https:\/\/buenosdiasbcs.com\/#\/schema\/logo\/image\/"}},{"@type":"Person","@id":"https:\/\/buenosdiasbcs.com\/#\/schema\/person\/15aedc247eab7070ee5d76d6d069a821","name":"Edici\u00f3n Buenos D\u00edas","image":{"@type":"ImageObject","inLanguage":"es","@id":"https:\/\/buenosdiasbcs.com\/wp-content\/uploads\/2026\/01\/cropped-sol-96x96.png","url":"https:\/\/buenosdiasbcs.com\/wp-content\/uploads\/2026\/01\/cropped-sol-96x96.png","contentUrl":"https:\/\/buenosdiasbcs.com\/wp-content\/uploads\/2026\/01\/cropped-sol-96x96.png","caption":"Edici\u00f3n Buenos D\u00edas"},"url":"https:\/\/buenosdiasbcs.com\/?author=2"}]}},"amp_enabled":true,"_links":{"self":[{"href":"https:\/\/buenosdiasbcs.com\/index.php?rest_route=\/wp\/v2\/posts\/14898","targetHints":{"allow":["GET"]}}],"collection":[{"href":"https:\/\/buenosdiasbcs.com\/index.php?rest_route=\/wp\/v2\/posts"}],"about":[{"href":"https:\/\/buenosdiasbcs.com\/index.php?rest_route=\/wp\/v2\/types\/post"}],"author":[{"embeddable":true,"href":"https:\/\/buenosdiasbcs.com\/index.php?rest_route=\/wp\/v2\/users\/2"}],"replies":[{"embeddable":true,"href":"https:\/\/buenosdiasbcs.com\/index.php?rest_route=%2Fwp%2Fv2%2Fcomments&post=14898"}],"version-history":[{"count":1,"href":"https:\/\/buenosdiasbcs.com\/index.php?rest_route=\/wp\/v2\/posts\/14898\/revisions"}],"predecessor-version":[{"id":14900,"href":"https:\/\/buenosdiasbcs.com\/index.php?rest_route=\/wp\/v2\/posts\/14898\/revisions\/14900"}],"wp:featuredmedia":[{"embeddable":true,"href":"https:\/\/buenosdiasbcs.com\/index.php?rest_route=\/wp\/v2\/media\/14899"}],"wp:attachment":[{"href":"https:\/\/buenosdiasbcs.com\/index.php?rest_route=%2Fwp%2Fv2%2Fmedia&parent=14898"}],"wp:term":[{"taxonomy":"category","embeddable":true,"href":"https:\/\/buenosdiasbcs.com\/index.php?rest_route=%2Fwp%2Fv2%2Fcategories&post=14898"},{"taxonomy":"post_tag","embeddable":true,"href":"https:\/\/buenosdiasbcs.com\/index.php?rest_route=%2Fwp%2Fv2%2Ftags&post=14898"}],"curies":[{"name":"wp","href":"https:\/\/api.w.org\/{rel}","templated":true}]}}