{"id":14889,"date":"2026-09-01T01:19:12","date_gmt":"2026-09-01T08:19:12","guid":{"rendered":"https:\/\/buenosdiasbcs.com\/?p=14889"},"modified":"2026-09-01T01:19:14","modified_gmt":"2026-09-01T08:19:14","slug":"messi-anuncia-su-retiro-de-la-seleccion-argentina-duele-en-el-alma","status":"publish","type":"post","link":"https:\/\/buenosdiasbcs.com\/?p=14889","title":{"rendered":"Messi anuncia su retiro de la Selecci\u00f3n argentina: \u2018Duele en el alma\u2019"},"content":{"rendered":"\n<h2 id=\"h-messi-revelo-ademas-que-las-palabras-publicadas-este-lunes-habian-sido-escritas-el-21-de-julio-apenas-dos-dias-despues-de-la-final-del-mundial-2026\" class=\"wp-block-heading\">Messi revel\u00f3 adem\u00e1s que las palabras publicadas este lunes hab\u00edan sido escritas el 21 de julio, apenas dos d\u00edas despu\u00e9s de la final del Mundial 2026.<\/h2>\n\n\n\n<p class=\"wp-block-paragraph\">Lionel Messi confirm\u00f3 este lunes 31 de agosto su retiro de la Selecci\u00f3n argentina, poniendo fin a una etapa de dos d\u00e9cadas con la camiseta albiceleste y despu\u00e9s de m\u00e1s de 200 partidos internacionales, seis Mundiales y 125 goles.<\/p>\n\n\n\n<h2 id=\"h-fue-una-decision-que-dolio-y-duele-en-el-alma\" class=\"wp-block-heading\">\u2018Fue una decisi\u00f3n que doli\u00f3 y duele en el alma\u2019<\/h2>\n\n\n\n<p class=\"wp-block-paragraph\">El astro argentino, de 39 a\u00f1os, comunic\u00f3 su decisi\u00f3n a trav\u00e9s de una extensa publicaci\u00f3n en Instagram, en la que explic\u00f3 que tom\u00f3 la determinaci\u00f3n despu\u00e9s de pensar durante meses sobre su futuro con el combinado nacional.&nbsp;<\/p>\n\n\n\n<p class=\"wp-block-paragraph\">La despedida llega despu\u00e9s de un periodo especialmente dif\u00edcil para el futbolista, marcado por la derrota de Argentina ante Espa\u00f1a en la final del Mundial 2026 y por el reciente fallecimiento de su padre y representante,&nbsp;<strong><a href=\"https:\/\/sipse.com\/deportes\/fallece-jorge-messi-padre-de-lionel-messi-a-los-68-anos-513226.html\" target=\"_blank\" rel=\"noopener\">Jorge Messi.<\/a><\/strong><\/p>\n\n\n\n<blockquote class=\"wp-block-quote is-layout-flow wp-block-quote-is-layout-flow\">\n<p class=\"wp-block-paragraph\"><em>\u201cDespu\u00e9s de este tiempo que pas\u00f3 desde la final, pens\u00e1ndolo mucho, quiero comunicarles a todos que me retiro de la Selecci\u00f3n. Fue una decisi\u00f3n que doli\u00f3 y duele en el alma pero entiendo que es el momento\u201d, declar\u00f3.&nbsp;<\/em><\/p>\n<\/blockquote>\n\n\n\n<p class=\"wp-block-paragraph\">El campe\u00f3n del mundo en Qatar 2022 asegur\u00f3 que durante sus 20 a\u00f1os con la Albiceleste siempre entreg\u00f3 todo por la camiseta, incluso antes de conquistar los t\u00edtulos que marcaron la etapa m\u00e1s exitosa de su carrera internacional.<\/p>\n\n\n\n<blockquote class=\"wp-block-quote is-layout-flow wp-block-quote-is-layout-flow\">\n<p class=\"wp-block-paragraph\"><em>\u201cSiempre dej\u00e9 todo, no solo los \u00faltimos a\u00f1os que se gan\u00f3 todo antes tambi\u00e9n y siempre pele\u00e9 y me dej\u00e9 todo por esta camiseta, por darles alegr\u00edas y hacer que se sientan orgullosos de ser argentinos a trav\u00e9s del f\u00fatbol\u201d, expres\u00f3.<\/em><\/p>\n<\/blockquote>\n\n\n\n<h2 id=\"h-messi-reconoce-que-es-momento-del-relevo-generacional\" class=\"wp-block-heading\">Messi reconoce que es momento del relevo generacional<\/h2>\n\n\n\n<p class=\"wp-block-paragraph\">En su mensaje, el capit\u00e1n argentino tambi\u00e9n destac\u00f3 la aparici\u00f3n de nuevos talentos que, considera, merecen ocupar un lugar en la Selecci\u00f3n.<\/p>\n\n\n\n<blockquote class=\"wp-block-quote is-layout-flow wp-block-quote-is-layout-flow\">\n<p class=\"wp-block-paragraph\"><em>\u201cAmo, am\u00e9 y amar\u00e9 siempre estar en la Selecci\u00f3n. Me vaci\u00e9, ya no tengo m\u00e1s para dar y aparte vienen chicos muy grandes atr\u00e1s que merecen estar\u201d<\/em>, asegur\u00f3.<\/p>\n\n\n\n<p class=\"wp-block-paragraph\"><em>\u201cGracias por todo el cari\u00f1o de estos 20 a\u00f1os. Voy a extra\u00f1ar mucho escucharlos desde adentro. Ahora voy a ser uno m\u00e1s de ustedes, alentando y bancando siempre desde afuera (en las buenas y en las malas, mucho m\u00e1s)\u201d.<\/em><\/p>\n<\/blockquote>\n\n\n\n<h2 id=\"h-la-decision-ya-estaba-escrita-desde-julio\" class=\"wp-block-heading\">La decisi\u00f3n ya estaba escrita desde julio<\/h2>\n\n\n\n<p class=\"wp-block-paragraph\">Messi revel\u00f3 adem\u00e1s que las palabras publicadas hoy hab\u00edan sido escritas el 21 de julio, apenas dos d\u00edas despu\u00e9s de la final del Mundial 2026, aunque decidi\u00f3 hacerlas p\u00fablicas posteriormente.<\/p>\n\n\n\n<p class=\"wp-block-paragraph\">El jugador explic\u00f3 que el fallecimiento de su padre reforz\u00f3 todav\u00eda m\u00e1s su decisi\u00f3n de abandonar la Selecci\u00f3n.<\/p>\n\n\n\n<blockquote class=\"wp-block-quote is-layout-flow wp-block-quote-is-layout-flow\">\n<p class=\"wp-block-paragraph\"><em>\u201cDespu\u00e9s de lo de mi pap\u00e1, estoy m\u00e1s convencido que antes\u201d, se\u00f1al\u00f3.<\/em><\/p>\n<\/blockquote>\n\n\n\n<p class=\"wp-block-paragraph\">Con informaci\u00f3n de AP y El Financiero<\/p>\n\n\n\n<p class=\"wp-block-paragraph\"><\/p>\n","protected":false},"excerpt":{"rendered":"<p>Messi revel\u00f3 adem\u00e1s que las palabras publicadas este lunes hab\u00edan sido escritas el 21 de julio, apenas dos d\u00edas despu\u00e9s&#8230;<\/p>\n","protected":false},"author":2,"featured_media":14890,"comment_status":"open","ping_status":"open","sticky":false,"template":"","format":"standard","meta":{"footnotes":""},"categories":[34],"tags":[],"class_list":["post-14889","post","type-post","status-publish","format-standard","has-post-thumbnail","hentry","category-deportes"],"yoast_head":"<!-- This site is optimized with the Yoast SEO Premium plugin v26.8 (Yoast SEO v28.3) - https:\/\/yoast.com\/product\/yoast-seo-premium-wordpress\/ -->\n<title>Messi anuncia su retiro de la Selecci\u00f3n argentina: \u2018Duele en el alma\u2019 - Buenos D\u00edas BCS<\/title>\n<meta name=\"robots\" content=\"index, follow, max-snippet:-1, max-image-preview:large, max-video-preview:-1\" \/>\n<link rel=\"canonical\" href=\"https:\/\/buenosdiasbcs.com\/?p=14889\" \/>\n<meta property=\"og:locale\" content=\"es_ES\" \/>\n<meta property=\"og:type\" content=\"article\" \/>\n<meta property=\"og:title\" content=\"Messi anuncia su retiro de la Selecci\u00f3n argentina: \u2018Duele en el alma\u2019\" \/>\n<meta property=\"og:description\" content=\"Messi revel\u00f3 adem\u00e1s que las palabras publicadas este lunes hab\u00edan sido escritas el 21 de julio, apenas dos d\u00edas despu\u00e9s...\" \/>\n<meta property=\"og:url\" content=\"https:\/\/buenosdiasbcs.com\/?p=14889\" \/>\n<meta property=\"og:site_name\" content=\"Buenos D\u00edas BCS\" \/>\n<meta property=\"article:published_time\" content=\"2026-09-01T08:19:12+00:00\" \/>\n<meta property=\"article:modified_time\" content=\"2026-09-01T08:19:14+00:00\" \/>\n<meta property=\"og:image\" content=\"https:\/\/buenosdiasbcs.com\/wp-content\/uploads\/2026\/09\/1788193863630.png.webp\" \/>\n\t<meta property=\"og:image:width\" content=\"820\" \/>\n\t<meta property=\"og:image:height\" content=\"508\" \/>\n\t<meta property=\"og:image:type\" content=\"image\/webp\" \/>\n<meta name=\"author\" content=\"Edici\u00f3n Buenos D\u00edas\" \/>\n<meta name=\"twitter:card\" content=\"summary_large_image\" \/>\n<meta name=\"twitter:label1\" content=\"Escrito por\" \/>\n\t<meta name=\"twitter:data1\" content=\"Edici\u00f3n Buenos D\u00edas\" \/>\n\t<meta name=\"twitter:label2\" content=\"Tiempo de lectura\" \/>\n\t<meta name=\"twitter:data2\" content=\"2 minutos\" \/>\n<script type=\"application\/ld+json\" class=\"yoast-schema-graph\">{\"@context\":\"https:\\\/\\\/schema.org\",\"@graph\":[{\"@type\":\"Article\",\"@id\":\"https:\\\/\\\/buenosdiasbcs.com\\\/?p=14889#article\",\"isPartOf\":{\"@id\":\"https:\\\/\\\/buenosdiasbcs.com\\\/?p=14889\"},\"author\":{\"name\":\"Edici\u00f3n Buenos D\u00edas\",\"@id\":\"https:\\\/\\\/buenosdiasbcs.com\\\/#\\\/schema\\\/person\\\/15aedc247eab7070ee5d76d6d069a821\"},\"headline\":\"Messi anuncia su retiro de la Selecci\u00f3n argentina: \u2018Duele en el alma\u2019\",\"datePublished\":\"2026-09-01T08:19:12+00:00\",\"dateModified\":\"2026-09-01T08:19:14+00:00\",\"mainEntityOfPage\":{\"@id\":\"https:\\\/\\\/buenosdiasbcs.com\\\/?p=14889\"},\"wordCount\":499,\"commentCount\":0,\"publisher\":{\"@id\":\"https:\\\/\\\/buenosdiasbcs.com\\\/#organization\"},\"image\":{\"@id\":\"https:\\\/\\\/buenosdiasbcs.com\\\/?p=14889#primaryimage\"},\"thumbnailUrl\":\"https:\\\/\\\/buenosdiasbcs.com\\\/wp-content\\\/uploads\\\/2026\\\/09\\\/1788193863630.png.webp\",\"articleSection\":[\"Deportes\"],\"inLanguage\":\"es\",\"potentialAction\":[{\"@type\":\"CommentAction\",\"name\":\"Comment\",\"target\":[\"https:\\\/\\\/buenosdiasbcs.com\\\/?p=14889#respond\"]}]},{\"@type\":\"WebPage\",\"@id\":\"https:\\\/\\\/buenosdiasbcs.com\\\/?p=14889\",\"url\":\"https:\\\/\\\/buenosdiasbcs.com\\\/?p=14889\",\"name\":\"Messi anuncia su retiro de la Selecci\u00f3n argentina: \u2018Duele en el alma\u2019 - Buenos D\u00edas BCS\",\"isPartOf\":{\"@id\":\"https:\\\/\\\/buenosdiasbcs.com\\\/#website\"},\"primaryImageOfPage\":{\"@id\":\"https:\\\/\\\/buenosdiasbcs.com\\\/?p=14889#primaryimage\"},\"image\":{\"@id\":\"https:\\\/\\\/buenosdiasbcs.com\\\/?p=14889#primaryimage\"},\"thumbnailUrl\":\"https:\\\/\\\/buenosdiasbcs.com\\\/wp-content\\\/uploads\\\/2026\\\/09\\\/1788193863630.png.webp\",\"datePublished\":\"2026-09-01T08:19:12+00:00\",\"dateModified\":\"2026-09-01T08:19:14+00:00\",\"breadcrumb\":{\"@id\":\"https:\\\/\\\/buenosdiasbcs.com\\\/?p=14889#breadcrumb\"},\"inLanguage\":\"es\",\"potentialAction\":[{\"@type\":\"ReadAction\",\"target\":[\"https:\\\/\\\/buenosdiasbcs.com\\\/?p=14889\"]}]},{\"@type\":\"ImageObject\",\"inLanguage\":\"es\",\"@id\":\"https:\\\/\\\/buenosdiasbcs.com\\\/?p=14889#primaryimage\",\"url\":\"https:\\\/\\\/buenosdiasbcs.com\\\/wp-content\\\/uploads\\\/2026\\\/09\\\/1788193863630.png.webp\",\"contentUrl\":\"https:\\\/\\\/buenosdiasbcs.com\\\/wp-content\\\/uploads\\\/2026\\\/09\\\/1788193863630.png.webp\",\"width\":820,\"height\":508},{\"@type\":\"BreadcrumbList\",\"@id\":\"https:\\\/\\\/buenosdiasbcs.com\\\/?p=14889#breadcrumb\",\"itemListElement\":[{\"@type\":\"ListItem\",\"position\":1,\"name\":\"Portada\",\"item\":\"https:\\\/\\\/buenosdiasbcs.com\\\/\"},{\"@type\":\"ListItem\",\"position\":2,\"name\":\"Messi anuncia su retiro de la Selecci\u00f3n argentina: \u2018Duele en el alma\u2019\"}]},{\"@type\":\"WebSite\",\"@id\":\"https:\\\/\\\/buenosdiasbcs.com\\\/#website\",\"url\":\"https:\\\/\\\/buenosdiasbcs.com\\\/\",\"name\":\"Buenos D\u00edas BCS\",\"description\":\"\",\"publisher\":{\"@id\":\"https:\\\/\\\/buenosdiasbcs.com\\\/#organization\"},\"potentialAction\":[{\"@type\":\"SearchAction\",\"target\":{\"@type\":\"EntryPoint\",\"urlTemplate\":\"https:\\\/\\\/buenosdiasbcs.com\\\/?s={search_term_string}\"},\"query-input\":{\"@type\":\"PropertyValueSpecification\",\"valueRequired\":true,\"valueName\":\"search_term_string\"}}],\"inLanguage\":\"es\"},{\"@type\":\"Organization\",\"@id\":\"https:\\\/\\\/buenosdiasbcs.com\\\/#organization\",\"name\":\"Buenos D\u00edas BCS\",\"url\":\"https:\\\/\\\/buenosdiasbcs.com\\\/\",\"logo\":{\"@type\":\"ImageObject\",\"inLanguage\":\"es\",\"@id\":\"https:\\\/\\\/buenosdiasbcs.com\\\/#\\\/schema\\\/logo\\\/image\\\/\",\"url\":\"https:\\\/\\\/buenosdiasbcs.com\\\/wp-content\\\/uploads\\\/2026\\\/01\\\/logo-buenos-dias-40-01.png\",\"contentUrl\":\"https:\\\/\\\/buenosdiasbcs.com\\\/wp-content\\\/uploads\\\/2026\\\/01\\\/logo-buenos-dias-40-01.png\",\"width\":277,\"height\":40,\"caption\":\"Buenos D\u00edas BCS\"},\"image\":{\"@id\":\"https:\\\/\\\/buenosdiasbcs.com\\\/#\\\/schema\\\/logo\\\/image\\\/\"}},{\"@type\":\"Person\",\"@id\":\"https:\\\/\\\/buenosdiasbcs.com\\\/#\\\/schema\\\/person\\\/15aedc247eab7070ee5d76d6d069a821\",\"name\":\"Edici\u00f3n Buenos D\u00edas\",\"image\":{\"@type\":\"ImageObject\",\"inLanguage\":\"es\",\"@id\":\"https:\\\/\\\/buenosdiasbcs.com\\\/wp-content\\\/uploads\\\/2026\\\/01\\\/cropped-sol-96x96.png\",\"url\":\"https:\\\/\\\/buenosdiasbcs.com\\\/wp-content\\\/uploads\\\/2026\\\/01\\\/cropped-sol-96x96.png\",\"contentUrl\":\"https:\\\/\\\/buenosdiasbcs.com\\\/wp-content\\\/uploads\\\/2026\\\/01\\\/cropped-sol-96x96.png\",\"caption\":\"Edici\u00f3n Buenos D\u00edas\"},\"url\":\"https:\\\/\\\/buenosdiasbcs.com\\\/?author=2\"}]}<\/script>\n<!-- \/ Yoast SEO Premium plugin. -->","yoast_head_json":{"title":"Messi anuncia su retiro de la Selecci\u00f3n argentina: \u2018Duele en el alma\u2019 - Buenos D\u00edas BCS","robots":{"index":"index","follow":"follow","max-snippet":"max-snippet:-1","max-image-preview":"max-image-preview:large","max-video-preview":"max-video-preview:-1"},"canonical":"https:\/\/buenosdiasbcs.com\/?p=14889","og_locale":"es_ES","og_type":"article","og_title":"Messi anuncia su retiro de la Selecci\u00f3n argentina: \u2018Duele en el alma\u2019","og_description":"Messi revel\u00f3 adem\u00e1s que las palabras publicadas este lunes hab\u00edan sido escritas el 21 de julio, apenas dos d\u00edas despu\u00e9s...","og_url":"https:\/\/buenosdiasbcs.com\/?p=14889","og_site_name":"Buenos D\u00edas BCS","article_published_time":"2026-09-01T08:19:12+00:00","article_modified_time":"2026-09-01T08:19:14+00:00","og_image":[{"width":820,"height":508,"url":"https:\/\/buenosdiasbcs.com\/wp-content\/uploads\/2026\/09\/1788193863630.png.webp","type":"image\/webp"}],"author":"Edici\u00f3n Buenos D\u00edas","twitter_card":"summary_large_image","twitter_misc":{"Escrito por":"Edici\u00f3n Buenos D\u00edas","Tiempo de lectura":"2 minutos"},"schema":{"@context":"https:\/\/schema.org","@graph":[{"@type":"Article","@id":"https:\/\/buenosdiasbcs.com\/?p=14889#article","isPartOf":{"@id":"https:\/\/buenosdiasbcs.com\/?p=14889"},"author":{"name":"Edici\u00f3n Buenos D\u00edas","@id":"https:\/\/buenosdiasbcs.com\/#\/schema\/person\/15aedc247eab7070ee5d76d6d069a821"},"headline":"Messi anuncia su retiro de la Selecci\u00f3n argentina: \u2018Duele en el alma\u2019","datePublished":"2026-09-01T08:19:12+00:00","dateModified":"2026-09-01T08:19:14+00:00","mainEntityOfPage":{"@id":"https:\/\/buenosdiasbcs.com\/?p=14889"},"wordCount":499,"commentCount":0,"publisher":{"@id":"https:\/\/buenosdiasbcs.com\/#organization"},"image":{"@id":"https:\/\/buenosdiasbcs.com\/?p=14889#primaryimage"},"thumbnailUrl":"https:\/\/buenosdiasbcs.com\/wp-content\/uploads\/2026\/09\/1788193863630.png.webp","articleSection":["Deportes"],"inLanguage":"es","potentialAction":[{"@type":"CommentAction","name":"Comment","target":["https:\/\/buenosdiasbcs.com\/?p=14889#respond"]}]},{"@type":"WebPage","@id":"https:\/\/buenosdiasbcs.com\/?p=14889","url":"https:\/\/buenosdiasbcs.com\/?p=14889","name":"Messi anuncia su retiro de la Selecci\u00f3n argentina: \u2018Duele en el alma\u2019 - Buenos D\u00edas BCS","isPartOf":{"@id":"https:\/\/buenosdiasbcs.com\/#website"},"primaryImageOfPage":{"@id":"https:\/\/buenosdiasbcs.com\/?p=14889#primaryimage"},"image":{"@id":"https:\/\/buenosdiasbcs.com\/?p=14889#primaryimage"},"thumbnailUrl":"https:\/\/buenosdiasbcs.com\/wp-content\/uploads\/2026\/09\/1788193863630.png.webp","datePublished":"2026-09-01T08:19:12+00:00","dateModified":"2026-09-01T08:19:14+00:00","breadcrumb":{"@id":"https:\/\/buenosdiasbcs.com\/?p=14889#breadcrumb"},"inLanguage":"es","potentialAction":[{"@type":"ReadAction","target":["https:\/\/buenosdiasbcs.com\/?p=14889"]}]},{"@type":"ImageObject","inLanguage":"es","@id":"https:\/\/buenosdiasbcs.com\/?p=14889#primaryimage","url":"https:\/\/buenosdiasbcs.com\/wp-content\/uploads\/2026\/09\/1788193863630.png.webp","contentUrl":"https:\/\/buenosdiasbcs.com\/wp-content\/uploads\/2026\/09\/1788193863630.png.webp","width":820,"height":508},{"@type":"BreadcrumbList","@id":"https:\/\/buenosdiasbcs.com\/?p=14889#breadcrumb","itemListElement":[{"@type":"ListItem","position":1,"name":"Portada","item":"https:\/\/buenosdiasbcs.com\/"},{"@type":"ListItem","position":2,"name":"Messi anuncia su retiro de la Selecci\u00f3n argentina: \u2018Duele en el alma\u2019"}]},{"@type":"WebSite","@id":"https:\/\/buenosdiasbcs.com\/#website","url":"https:\/\/buenosdiasbcs.com\/","name":"Buenos D\u00edas BCS","description":"","publisher":{"@id":"https:\/\/buenosdiasbcs.com\/#organization"},"potentialAction":[{"@type":"SearchAction","target":{"@type":"EntryPoint","urlTemplate":"https:\/\/buenosdiasbcs.com\/?s={search_term_string}"},"query-input":{"@type":"PropertyValueSpecification","valueRequired":true,"valueName":"search_term_string"}}],"inLanguage":"es"},{"@type":"Organization","@id":"https:\/\/buenosdiasbcs.com\/#organization","name":"Buenos D\u00edas BCS","url":"https:\/\/buenosdiasbcs.com\/","logo":{"@type":"ImageObject","inLanguage":"es","@id":"https:\/\/buenosdiasbcs.com\/#\/schema\/logo\/image\/","url":"https:\/\/buenosdiasbcs.com\/wp-content\/uploads\/2026\/01\/logo-buenos-dias-40-01.png","contentUrl":"https:\/\/buenosdiasbcs.com\/wp-content\/uploads\/2026\/01\/logo-buenos-dias-40-01.png","width":277,"height":40,"caption":"Buenos D\u00edas BCS"},"image":{"@id":"https:\/\/buenosdiasbcs.com\/#\/schema\/logo\/image\/"}},{"@type":"Person","@id":"https:\/\/buenosdiasbcs.com\/#\/schema\/person\/15aedc247eab7070ee5d76d6d069a821","name":"Edici\u00f3n Buenos D\u00edas","image":{"@type":"ImageObject","inLanguage":"es","@id":"https:\/\/buenosdiasbcs.com\/wp-content\/uploads\/2026\/01\/cropped-sol-96x96.png","url":"https:\/\/buenosdiasbcs.com\/wp-content\/uploads\/2026\/01\/cropped-sol-96x96.png","contentUrl":"https:\/\/buenosdiasbcs.com\/wp-content\/uploads\/2026\/01\/cropped-sol-96x96.png","caption":"Edici\u00f3n Buenos D\u00edas"},"url":"https:\/\/buenosdiasbcs.com\/?author=2"}]}},"amp_enabled":true,"_links":{"self":[{"href":"https:\/\/buenosdiasbcs.com\/index.php?rest_route=\/wp\/v2\/posts\/14889","targetHints":{"allow":["GET"]}}],"collection":[{"href":"https:\/\/buenosdiasbcs.com\/index.php?rest_route=\/wp\/v2\/posts"}],"about":[{"href":"https:\/\/buenosdiasbcs.com\/index.php?rest_route=\/wp\/v2\/types\/post"}],"author":[{"embeddable":true,"href":"https:\/\/buenosdiasbcs.com\/index.php?rest_route=\/wp\/v2\/users\/2"}],"replies":[{"embeddable":true,"href":"https:\/\/buenosdiasbcs.com\/index.php?rest_route=%2Fwp%2Fv2%2Fcomments&post=14889"}],"version-history":[{"count":1,"href":"https:\/\/buenosdiasbcs.com\/index.php?rest_route=\/wp\/v2\/posts\/14889\/revisions"}],"predecessor-version":[{"id":14891,"href":"https:\/\/buenosdiasbcs.com\/index.php?rest_route=\/wp\/v2\/posts\/14889\/revisions\/14891"}],"wp:featuredmedia":[{"embeddable":true,"href":"https:\/\/buenosdiasbcs.com\/index.php?rest_route=\/wp\/v2\/media\/14890"}],"wp:attachment":[{"href":"https:\/\/buenosdiasbcs.com\/index.php?rest_route=%2Fwp%2Fv2%2Fmedia&parent=14889"}],"wp:term":[{"taxonomy":"category","embeddable":true,"href":"https:\/\/buenosdiasbcs.com\/index.php?rest_route=%2Fwp%2Fv2%2Fcategories&post=14889"},{"taxonomy":"post_tag","embeddable":true,"href":"https:\/\/buenosdiasbcs.com\/index.php?rest_route=%2Fwp%2Fv2%2Ftags&post=14889"}],"curies":[{"name":"wp","href":"https:\/\/api.w.org\/{rel}","templated":true}]}}