{"id":14877,"date":"2026-09-01T01:11:29","date_gmt":"2026-09-01T08:11:29","guid":{"rendered":"https:\/\/buenosdiasbcs.com\/?p=14877"},"modified":"2026-09-01T01:11:31","modified_gmt":"2026-09-01T08:11:31","slug":"mexico-rebasa-los-134-mil-desaparecidos-y-la-cifra-sigue-en-aumento","status":"publish","type":"post","link":"https:\/\/buenosdiasbcs.com\/?p=14877","title":{"rendered":"M\u00e9xico rebasa los 134 mil desaparecidos y la cifra sigue en aumento"},"content":{"rendered":"\n<h2 id=\"h-el-informe-detalla-que-cinco-estados-concentran-42-de-los-casos-y-que-la-violencia-contra-mujeres-repunta\" class=\"wp-block-heading\">El informe detalla que cinco estados concentran 42% de los casos y que la violencia contra mujeres repunta.<\/h2>\n\n\n\n<p class=\"wp-block-paragraph\"><strong>Ciudad de M\u00e9xico.-<\/strong>&nbsp;El&nbsp;<strong>Registro Nacional de Personas Desaparecidas y No Localizadas (RNPDNL)<\/strong>&nbsp;report\u00f3&nbsp;<strong>134 mil 257<\/strong>&nbsp;personas desaparecidas y no localizadas en M\u00e9xico, de acuerdo con el Informe Nacional de Personas Desaparecidas 2026 presentado por&nbsp;<strong>Red Lupa<\/strong>&nbsp;y el&nbsp;<strong>Instituto Mexicano de Derechos Humanos y Democracia (IMDHD)<\/strong>, con corte al&nbsp;<strong>16 de mayo de 2026<\/strong>.<\/p>\n\n\n\n<p class=\"wp-block-paragraph\">Del total registrado,&nbsp;<strong>104 mil 833<\/strong>&nbsp;personas desaparecidas son hombres,&nbsp;<strong>29 mil 27<\/strong>&nbsp;son mujeres y&nbsp;<strong>397<\/strong>&nbsp;aparecen sin identidad de g\u00e9nero definida. Seg\u00fan el informe, del&nbsp;<strong>2025<\/strong>&nbsp;al&nbsp;<strong>2026<\/strong>&nbsp;la desaparici\u00f3n de personas aument\u00f3&nbsp;<strong>4.33%<\/strong>, y las cifras siguen en ascenso: un mes despu\u00e9s del corte, al 16 de junio, el registro ya sumaba&nbsp;<strong>135 mil 48<\/strong>&nbsp;casos, es decir,&nbsp;<strong>791<\/strong>desapariciones m\u00e1s en apenas 31 d\u00edas.<\/p>\n\n\n\n<p class=\"wp-block-paragraph\">Cinco estados concentran el&nbsp;<strong>42%<\/strong>&nbsp;del total de personas desaparecidas registradas, una composici\u00f3n distinta a la de 2025, cuando&nbsp;<strong>Jalisco<\/strong>,&nbsp;<strong>Estado de M\u00e9xico<\/strong>,&nbsp;<strong>Tamaulipas<\/strong>,&nbsp;<strong>Veracruz<\/strong>&nbsp;y&nbsp;<strong>Nuevo Le\u00f3n<\/strong>&nbsp;encabezaban la lista. Jalisco pas\u00f3 del primer al tercer lugar, con una reducci\u00f3n de&nbsp;<strong>2,522<\/strong>&nbsp;registros, cambio que Red Lupa se\u00f1al\u00f3 como motivo de dudas sobre la consistencia de los datos, sobre todo por su cercan\u00eda con el caso del&nbsp;<strong>Rancho Izaguirre<\/strong>.<\/p>\n\n\n\n<p class=\"wp-block-paragraph\">El informe tambi\u00e9n documenta un repunte en la violencia contra mujeres y ni\u00f1as: cinco entidades \u2014<strong>Estado de M\u00e9xico<\/strong>,&nbsp;<strong>Tamaulipas<\/strong>,&nbsp;<strong>Ciudad de M\u00e9xico<\/strong>,&nbsp;<strong>Nuevo Le\u00f3n<\/strong>&nbsp;y&nbsp;<strong>Jalisco<\/strong>\u2014 concentran el&nbsp;<strong>48%<\/strong>&nbsp;de las desapariciones de este grupo.&nbsp;<strong>Coahuila<\/strong>&nbsp;fue la \u00fanica entidad que contuvo la tendencia, al registrar el mismo n\u00famero de casos que en 2025.<\/p>\n\n\n\n<p class=\"wp-block-paragraph\">Red Lupa se\u00f1al\u00f3 que del total hist\u00f3rico, el&nbsp;<strong>91%<\/strong>&nbsp;de los casos ocurri\u00f3 entre el a\u00f1o 2000 y lo que va de 2026, y que el Estado mexicano a\u00fan no ha desarrollado una estrategia preventiva capaz de reducir de forma significativa la incidencia del delito.<\/p>\n\n\n\n<p class=\"wp-block-paragraph\"><\/p>\n","protected":false},"excerpt":{"rendered":"<p>El informe detalla que cinco estados concentran 42% de los casos y que la violencia contra mujeres repunta. Ciudad de&#8230;<\/p>\n","protected":false},"author":2,"featured_media":14878,"comment_status":"open","ping_status":"open","sticky":false,"template":"","format":"standard","meta":{"footnotes":""},"categories":[32],"tags":[],"class_list":["post-14877","post","type-post","status-publish","format-standard","has-post-thumbnail","hentry","category-la-nacion"],"yoast_head":"<!-- This site is optimized with the Yoast SEO Premium plugin v26.8 (Yoast SEO v28.3) - https:\/\/yoast.com\/product\/yoast-seo-premium-wordpress\/ -->\n<title>M\u00e9xico rebasa los 134 mil desaparecidos y la cifra sigue en aumento - Buenos D\u00edas BCS<\/title>\n<meta name=\"robots\" content=\"index, follow, max-snippet:-1, max-image-preview:large, max-video-preview:-1\" \/>\n<link rel=\"canonical\" href=\"https:\/\/buenosdiasbcs.com\/?p=14877\" \/>\n<meta property=\"og:locale\" content=\"es_ES\" \/>\n<meta property=\"og:type\" content=\"article\" \/>\n<meta property=\"og:title\" content=\"M\u00e9xico rebasa los 134 mil desaparecidos y la cifra sigue en aumento\" \/>\n<meta property=\"og:description\" content=\"El informe detalla que cinco estados concentran 42% de los casos y que la violencia contra mujeres repunta. Ciudad de...\" \/>\n<meta property=\"og:url\" content=\"https:\/\/buenosdiasbcs.com\/?p=14877\" \/>\n<meta property=\"og:site_name\" content=\"Buenos D\u00edas BCS\" \/>\n<meta property=\"article:published_time\" content=\"2026-09-01T08:11:29+00:00\" \/>\n<meta property=\"article:modified_time\" content=\"2026-09-01T08:11:31+00:00\" \/>\n<meta property=\"og:image\" content=\"https:\/\/buenosdiasbcs.com\/wp-content\/uploads\/2026\/09\/desaprecidos32.jpg\" \/>\n\t<meta property=\"og:image:width\" content=\"650\" \/>\n\t<meta property=\"og:image:height\" content=\"417\" \/>\n\t<meta property=\"og:image:type\" content=\"image\/jpeg\" \/>\n<meta name=\"author\" content=\"Edici\u00f3n Buenos D\u00edas\" \/>\n<meta name=\"twitter:card\" content=\"summary_large_image\" \/>\n<meta name=\"twitter:label1\" content=\"Escrito por\" \/>\n\t<meta name=\"twitter:data1\" content=\"Edici\u00f3n Buenos D\u00edas\" \/>\n\t<meta name=\"twitter:label2\" content=\"Tiempo de lectura\" \/>\n\t<meta name=\"twitter:data2\" content=\"2 minutos\" \/>\n<script type=\"application\/ld+json\" class=\"yoast-schema-graph\">{\"@context\":\"https:\\\/\\\/schema.org\",\"@graph\":[{\"@type\":\"Article\",\"@id\":\"https:\\\/\\\/buenosdiasbcs.com\\\/?p=14877#article\",\"isPartOf\":{\"@id\":\"https:\\\/\\\/buenosdiasbcs.com\\\/?p=14877\"},\"author\":{\"name\":\"Edici\u00f3n Buenos D\u00edas\",\"@id\":\"https:\\\/\\\/buenosdiasbcs.com\\\/#\\\/schema\\\/person\\\/15aedc247eab7070ee5d76d6d069a821\"},\"headline\":\"M\u00e9xico rebasa los 134 mil desaparecidos y la cifra sigue en aumento\",\"datePublished\":\"2026-09-01T08:11:29+00:00\",\"dateModified\":\"2026-09-01T08:11:31+00:00\",\"mainEntityOfPage\":{\"@id\":\"https:\\\/\\\/buenosdiasbcs.com\\\/?p=14877\"},\"wordCount\":367,\"commentCount\":0,\"publisher\":{\"@id\":\"https:\\\/\\\/buenosdiasbcs.com\\\/#organization\"},\"image\":{\"@id\":\"https:\\\/\\\/buenosdiasbcs.com\\\/?p=14877#primaryimage\"},\"thumbnailUrl\":\"https:\\\/\\\/buenosdiasbcs.com\\\/wp-content\\\/uploads\\\/2026\\\/09\\\/desaprecidos32.jpg\",\"articleSection\":[\"La Naci\u00f3n\"],\"inLanguage\":\"es\",\"potentialAction\":[{\"@type\":\"CommentAction\",\"name\":\"Comment\",\"target\":[\"https:\\\/\\\/buenosdiasbcs.com\\\/?p=14877#respond\"]}]},{\"@type\":\"WebPage\",\"@id\":\"https:\\\/\\\/buenosdiasbcs.com\\\/?p=14877\",\"url\":\"https:\\\/\\\/buenosdiasbcs.com\\\/?p=14877\",\"name\":\"M\u00e9xico rebasa los 134 mil desaparecidos y la cifra sigue en aumento - Buenos D\u00edas BCS\",\"isPartOf\":{\"@id\":\"https:\\\/\\\/buenosdiasbcs.com\\\/#website\"},\"primaryImageOfPage\":{\"@id\":\"https:\\\/\\\/buenosdiasbcs.com\\\/?p=14877#primaryimage\"},\"image\":{\"@id\":\"https:\\\/\\\/buenosdiasbcs.com\\\/?p=14877#primaryimage\"},\"thumbnailUrl\":\"https:\\\/\\\/buenosdiasbcs.com\\\/wp-content\\\/uploads\\\/2026\\\/09\\\/desaprecidos32.jpg\",\"datePublished\":\"2026-09-01T08:11:29+00:00\",\"dateModified\":\"2026-09-01T08:11:31+00:00\",\"breadcrumb\":{\"@id\":\"https:\\\/\\\/buenosdiasbcs.com\\\/?p=14877#breadcrumb\"},\"inLanguage\":\"es\",\"potentialAction\":[{\"@type\":\"ReadAction\",\"target\":[\"https:\\\/\\\/buenosdiasbcs.com\\\/?p=14877\"]}]},{\"@type\":\"ImageObject\",\"inLanguage\":\"es\",\"@id\":\"https:\\\/\\\/buenosdiasbcs.com\\\/?p=14877#primaryimage\",\"url\":\"https:\\\/\\\/buenosdiasbcs.com\\\/wp-content\\\/uploads\\\/2026\\\/09\\\/desaprecidos32.jpg\",\"contentUrl\":\"https:\\\/\\\/buenosdiasbcs.com\\\/wp-content\\\/uploads\\\/2026\\\/09\\\/desaprecidos32.jpg\",\"width\":650,\"height\":417},{\"@type\":\"BreadcrumbList\",\"@id\":\"https:\\\/\\\/buenosdiasbcs.com\\\/?p=14877#breadcrumb\",\"itemListElement\":[{\"@type\":\"ListItem\",\"position\":1,\"name\":\"Portada\",\"item\":\"https:\\\/\\\/buenosdiasbcs.com\\\/\"},{\"@type\":\"ListItem\",\"position\":2,\"name\":\"M\u00e9xico rebasa los 134 mil desaparecidos y la cifra sigue en aumento\"}]},{\"@type\":\"WebSite\",\"@id\":\"https:\\\/\\\/buenosdiasbcs.com\\\/#website\",\"url\":\"https:\\\/\\\/buenosdiasbcs.com\\\/\",\"name\":\"Buenos D\u00edas BCS\",\"description\":\"\",\"publisher\":{\"@id\":\"https:\\\/\\\/buenosdiasbcs.com\\\/#organization\"},\"potentialAction\":[{\"@type\":\"SearchAction\",\"target\":{\"@type\":\"EntryPoint\",\"urlTemplate\":\"https:\\\/\\\/buenosdiasbcs.com\\\/?s={search_term_string}\"},\"query-input\":{\"@type\":\"PropertyValueSpecification\",\"valueRequired\":true,\"valueName\":\"search_term_string\"}}],\"inLanguage\":\"es\"},{\"@type\":\"Organization\",\"@id\":\"https:\\\/\\\/buenosdiasbcs.com\\\/#organization\",\"name\":\"Buenos D\u00edas BCS\",\"url\":\"https:\\\/\\\/buenosdiasbcs.com\\\/\",\"logo\":{\"@type\":\"ImageObject\",\"inLanguage\":\"es\",\"@id\":\"https:\\\/\\\/buenosdiasbcs.com\\\/#\\\/schema\\\/logo\\\/image\\\/\",\"url\":\"https:\\\/\\\/buenosdiasbcs.com\\\/wp-content\\\/uploads\\\/2026\\\/01\\\/logo-buenos-dias-40-01.png\",\"contentUrl\":\"https:\\\/\\\/buenosdiasbcs.com\\\/wp-content\\\/uploads\\\/2026\\\/01\\\/logo-buenos-dias-40-01.png\",\"width\":277,\"height\":40,\"caption\":\"Buenos D\u00edas BCS\"},\"image\":{\"@id\":\"https:\\\/\\\/buenosdiasbcs.com\\\/#\\\/schema\\\/logo\\\/image\\\/\"}},{\"@type\":\"Person\",\"@id\":\"https:\\\/\\\/buenosdiasbcs.com\\\/#\\\/schema\\\/person\\\/15aedc247eab7070ee5d76d6d069a821\",\"name\":\"Edici\u00f3n Buenos D\u00edas\",\"image\":{\"@type\":\"ImageObject\",\"inLanguage\":\"es\",\"@id\":\"https:\\\/\\\/buenosdiasbcs.com\\\/wp-content\\\/uploads\\\/2026\\\/01\\\/cropped-sol-96x96.png\",\"url\":\"https:\\\/\\\/buenosdiasbcs.com\\\/wp-content\\\/uploads\\\/2026\\\/01\\\/cropped-sol-96x96.png\",\"contentUrl\":\"https:\\\/\\\/buenosdiasbcs.com\\\/wp-content\\\/uploads\\\/2026\\\/01\\\/cropped-sol-96x96.png\",\"caption\":\"Edici\u00f3n Buenos D\u00edas\"},\"url\":\"https:\\\/\\\/buenosdiasbcs.com\\\/?author=2\"}]}<\/script>\n<!-- \/ Yoast SEO Premium plugin. -->","yoast_head_json":{"title":"M\u00e9xico rebasa los 134 mil desaparecidos y la cifra sigue en aumento - Buenos D\u00edas BCS","robots":{"index":"index","follow":"follow","max-snippet":"max-snippet:-1","max-image-preview":"max-image-preview:large","max-video-preview":"max-video-preview:-1"},"canonical":"https:\/\/buenosdiasbcs.com\/?p=14877","og_locale":"es_ES","og_type":"article","og_title":"M\u00e9xico rebasa los 134 mil desaparecidos y la cifra sigue en aumento","og_description":"El informe detalla que cinco estados concentran 42% de los casos y que la violencia contra mujeres repunta. Ciudad de...","og_url":"https:\/\/buenosdiasbcs.com\/?p=14877","og_site_name":"Buenos D\u00edas BCS","article_published_time":"2026-09-01T08:11:29+00:00","article_modified_time":"2026-09-01T08:11:31+00:00","og_image":[{"width":650,"height":417,"url":"https:\/\/buenosdiasbcs.com\/wp-content\/uploads\/2026\/09\/desaprecidos32.jpg","type":"image\/jpeg"}],"author":"Edici\u00f3n Buenos D\u00edas","twitter_card":"summary_large_image","twitter_misc":{"Escrito por":"Edici\u00f3n Buenos D\u00edas","Tiempo de lectura":"2 minutos"},"schema":{"@context":"https:\/\/schema.org","@graph":[{"@type":"Article","@id":"https:\/\/buenosdiasbcs.com\/?p=14877#article","isPartOf":{"@id":"https:\/\/buenosdiasbcs.com\/?p=14877"},"author":{"name":"Edici\u00f3n Buenos D\u00edas","@id":"https:\/\/buenosdiasbcs.com\/#\/schema\/person\/15aedc247eab7070ee5d76d6d069a821"},"headline":"M\u00e9xico rebasa los 134 mil desaparecidos y la cifra sigue en aumento","datePublished":"2026-09-01T08:11:29+00:00","dateModified":"2026-09-01T08:11:31+00:00","mainEntityOfPage":{"@id":"https:\/\/buenosdiasbcs.com\/?p=14877"},"wordCount":367,"commentCount":0,"publisher":{"@id":"https:\/\/buenosdiasbcs.com\/#organization"},"image":{"@id":"https:\/\/buenosdiasbcs.com\/?p=14877#primaryimage"},"thumbnailUrl":"https:\/\/buenosdiasbcs.com\/wp-content\/uploads\/2026\/09\/desaprecidos32.jpg","articleSection":["La Naci\u00f3n"],"inLanguage":"es","potentialAction":[{"@type":"CommentAction","name":"Comment","target":["https:\/\/buenosdiasbcs.com\/?p=14877#respond"]}]},{"@type":"WebPage","@id":"https:\/\/buenosdiasbcs.com\/?p=14877","url":"https:\/\/buenosdiasbcs.com\/?p=14877","name":"M\u00e9xico rebasa los 134 mil desaparecidos y la cifra sigue en aumento - Buenos D\u00edas BCS","isPartOf":{"@id":"https:\/\/buenosdiasbcs.com\/#website"},"primaryImageOfPage":{"@id":"https:\/\/buenosdiasbcs.com\/?p=14877#primaryimage"},"image":{"@id":"https:\/\/buenosdiasbcs.com\/?p=14877#primaryimage"},"thumbnailUrl":"https:\/\/buenosdiasbcs.com\/wp-content\/uploads\/2026\/09\/desaprecidos32.jpg","datePublished":"2026-09-01T08:11:29+00:00","dateModified":"2026-09-01T08:11:31+00:00","breadcrumb":{"@id":"https:\/\/buenosdiasbcs.com\/?p=14877#breadcrumb"},"inLanguage":"es","potentialAction":[{"@type":"ReadAction","target":["https:\/\/buenosdiasbcs.com\/?p=14877"]}]},{"@type":"ImageObject","inLanguage":"es","@id":"https:\/\/buenosdiasbcs.com\/?p=14877#primaryimage","url":"https:\/\/buenosdiasbcs.com\/wp-content\/uploads\/2026\/09\/desaprecidos32.jpg","contentUrl":"https:\/\/buenosdiasbcs.com\/wp-content\/uploads\/2026\/09\/desaprecidos32.jpg","width":650,"height":417},{"@type":"BreadcrumbList","@id":"https:\/\/buenosdiasbcs.com\/?p=14877#breadcrumb","itemListElement":[{"@type":"ListItem","position":1,"name":"Portada","item":"https:\/\/buenosdiasbcs.com\/"},{"@type":"ListItem","position":2,"name":"M\u00e9xico rebasa los 134 mil desaparecidos y la cifra sigue en aumento"}]},{"@type":"WebSite","@id":"https:\/\/buenosdiasbcs.com\/#website","url":"https:\/\/buenosdiasbcs.com\/","name":"Buenos D\u00edas BCS","description":"","publisher":{"@id":"https:\/\/buenosdiasbcs.com\/#organization"},"potentialAction":[{"@type":"SearchAction","target":{"@type":"EntryPoint","urlTemplate":"https:\/\/buenosdiasbcs.com\/?s={search_term_string}"},"query-input":{"@type":"PropertyValueSpecification","valueRequired":true,"valueName":"search_term_string"}}],"inLanguage":"es"},{"@type":"Organization","@id":"https:\/\/buenosdiasbcs.com\/#organization","name":"Buenos D\u00edas BCS","url":"https:\/\/buenosdiasbcs.com\/","logo":{"@type":"ImageObject","inLanguage":"es","@id":"https:\/\/buenosdiasbcs.com\/#\/schema\/logo\/image\/","url":"https:\/\/buenosdiasbcs.com\/wp-content\/uploads\/2026\/01\/logo-buenos-dias-40-01.png","contentUrl":"https:\/\/buenosdiasbcs.com\/wp-content\/uploads\/2026\/01\/logo-buenos-dias-40-01.png","width":277,"height":40,"caption":"Buenos D\u00edas BCS"},"image":{"@id":"https:\/\/buenosdiasbcs.com\/#\/schema\/logo\/image\/"}},{"@type":"Person","@id":"https:\/\/buenosdiasbcs.com\/#\/schema\/person\/15aedc247eab7070ee5d76d6d069a821","name":"Edici\u00f3n Buenos D\u00edas","image":{"@type":"ImageObject","inLanguage":"es","@id":"https:\/\/buenosdiasbcs.com\/wp-content\/uploads\/2026\/01\/cropped-sol-96x96.png","url":"https:\/\/buenosdiasbcs.com\/wp-content\/uploads\/2026\/01\/cropped-sol-96x96.png","contentUrl":"https:\/\/buenosdiasbcs.com\/wp-content\/uploads\/2026\/01\/cropped-sol-96x96.png","caption":"Edici\u00f3n Buenos D\u00edas"},"url":"https:\/\/buenosdiasbcs.com\/?author=2"}]}},"amp_enabled":true,"_links":{"self":[{"href":"https:\/\/buenosdiasbcs.com\/index.php?rest_route=\/wp\/v2\/posts\/14877","targetHints":{"allow":["GET"]}}],"collection":[{"href":"https:\/\/buenosdiasbcs.com\/index.php?rest_route=\/wp\/v2\/posts"}],"about":[{"href":"https:\/\/buenosdiasbcs.com\/index.php?rest_route=\/wp\/v2\/types\/post"}],"author":[{"embeddable":true,"href":"https:\/\/buenosdiasbcs.com\/index.php?rest_route=\/wp\/v2\/users\/2"}],"replies":[{"embeddable":true,"href":"https:\/\/buenosdiasbcs.com\/index.php?rest_route=%2Fwp%2Fv2%2Fcomments&post=14877"}],"version-history":[{"count":1,"href":"https:\/\/buenosdiasbcs.com\/index.php?rest_route=\/wp\/v2\/posts\/14877\/revisions"}],"predecessor-version":[{"id":14879,"href":"https:\/\/buenosdiasbcs.com\/index.php?rest_route=\/wp\/v2\/posts\/14877\/revisions\/14879"}],"wp:featuredmedia":[{"embeddable":true,"href":"https:\/\/buenosdiasbcs.com\/index.php?rest_route=\/wp\/v2\/media\/14878"}],"wp:attachment":[{"href":"https:\/\/buenosdiasbcs.com\/index.php?rest_route=%2Fwp%2Fv2%2Fmedia&parent=14877"}],"wp:term":[{"taxonomy":"category","embeddable":true,"href":"https:\/\/buenosdiasbcs.com\/index.php?rest_route=%2Fwp%2Fv2%2Fcategories&post=14877"},{"taxonomy":"post_tag","embeddable":true,"href":"https:\/\/buenosdiasbcs.com\/index.php?rest_route=%2Fwp%2Fv2%2Ftags&post=14877"}],"curies":[{"name":"wp","href":"https:\/\/api.w.org\/{rel}","templated":true}]}}