{"id":14874,"date":"2026-09-01T01:07:54","date_gmt":"2026-09-01T08:07:54","guid":{"rendered":"https:\/\/buenosdiasbcs.com\/?p=14874"},"modified":"2026-09-01T01:07:56","modified_gmt":"2026-09-01T08:07:56","slug":"tren-maya-se-sale-de-la-via-en-campeche-no-hay-heridos","status":"publish","type":"post","link":"https:\/\/buenosdiasbcs.com\/?p=14874","title":{"rendered":"Tren Maya se sale de la v\u00eda en Campeche: no hay heridos"},"content":{"rendered":"\n<h2 id=\"h-un-percance-en-la-via-cerca-de-la-estacion-san-francisco-de-campeche-obligo-a-detener-el-tren-maya\" class=\"wp-block-heading\">Un percance en la v\u00eda cerca de la estaci\u00f3n San Francisco de Campeche oblig\u00f3 a detener el Tren Maya.<\/h2>\n\n\n\n<p class=\"wp-block-paragraph\"><a href=\"https:\/\/images.sipse.com\/l6XX1vZVeqEok3Ilibh9sFcrMAI=\/1640x1016\/smart\/filters:format(webp)\/2026\/09\/01\/1788232950054.jpg?_gl=1*1sexjwo*_gcl_au*MTAxMTM0MDMzNS4xNzg0MjQwMjkx*_ga*MjAzNzk3NzM0Mi4xNzY4NTkwNjk3*_ga_DJPPY7B8GB*czE3ODgyNDk4MzYkbzM2OSRnMSR0MTc4ODI1MDAwNiRqNDQkbDAkaDE3MzcwOTYyNCRkOGphU3lwWndPTE9YdWY5LWs0d3RpUTJWc3cybWE4ZWphQQ..\"><\/a>Tren Maya se sale de la v\u00eda en Campeche: no hay heridos\u00a0Un percance de v\u00eda en el \u00faltimo vag\u00f3n del Tren Maya interrumpi\u00f3 la ruta Canc\u00fan-Palenque la tarde de este lunes cerca de la estaci\u00f3n San Francisco de Campeche. Los 123 pasajeros resultaron ilesos.<\/p>\n\n\n\n<h2 id=\"h-tren-maya-se-sale-de-la-via-en-campeche\" class=\"wp-block-heading\">Tren Maya se sale de la v\u00eda en Campeche<\/h2>\n\n\n\n<p class=\"wp-block-paragraph\">Alrededor de las 15:30 horas de este 31 de agosto de 2026, la unidad que cubr\u00eda el trayecto desde Canc\u00fan hacia Palenque registr\u00f3 un percance en la v\u00eda a 50 metros de haber salido de la estaci\u00f3n San Francisco de Campeche, seg\u00fan inform\u00f3 la administraci\u00f3n del Tren Maya mediante un comunicado oficial.<\/p>\n\n\n\n<p class=\"wp-block-paragraph\">Conforme a los procedimientos t\u00e9cnicos establecidos, el maquinista detuvo la marcha de la unidad de forma inmediata. Tras la verificaci\u00f3n de la cabina y vagones, se confirm\u00f3 que ninguno de los 123 pasajeros a bordo sufri\u00f3 lesiones a causa del incidente.<\/p>\n\n\n\n<ul class=\"wp-block-list\">\n<li><strong>Ruta afectada:<\/strong>\u00a0Canc\u00fan-Palenque.<\/li>\n\n\n\n<li><strong>Lugar del percance:<\/strong>\u00a0A 50 metros de la salida de la estaci\u00f3n San Francisco de Campeche, en la capital campechana.<\/li>\n\n\n\n<li><strong>Pasajeros a bordo:<\/strong>\u00a0123 personas, reportadas sin lesiones.<\/li>\n\n\n\n<li><strong>Protocolo de atenci\u00f3n:<\/strong>\u00a0Descenso ordenado a partir de las 16:00 horas, entrega de hidrataci\u00f3n y alimentaci\u00f3n.<\/li>\n\n\n\n<li><strong>Plan de contingencia:<\/strong>\u00a0Traslado terrestre a la estaci\u00f3n Edzn\u00e1 para reanudar el viaje en otro tren.<\/li>\n<\/ul>\n\n\n\n<h2 id=\"h-accidente-del-tren-maya-no-dejo-lesionados\" class=\"wp-block-heading\">Accidente del Tren Maya no dej\u00f3 lesionados<\/h2>\n\n\n\n<p class=\"wp-block-paragraph\">De acuerdo con el reporte oficial, el personal de atenci\u00f3n a clientes inici\u00f3 el protocolo de auxilio a las 16:00 horas, proporcionando alimento e hidrataci\u00f3n a las personas usuarias antes de coordinar su descenso de la unidad.<\/p>\n\n\n\n<p class=\"wp-block-paragraph\">Posteriormente, los viajeros fueron trasladados por v\u00eda terrestre hacia la pr\u00f3xima estaci\u00f3n, Edzn\u00e1, donde abordaron un nuevo tren para continuar con su recorrido original. La empresa lament\u00f3 los inconvenientes ocasionados por la eventualidad y refrend\u00f3 su compromiso con la seguridad del servicio.<\/p>\n\n\n\n<h2 id=\"h-investigacion-tecnica-y-estado-del-servicio\" class=\"wp-block-heading\">Investigaci\u00f3n t\u00e9cnica y estado del servicio<\/h2>\n\n\n\n<p class=\"wp-block-paragraph\">Para determinar las causas del hecho, se integr\u00f3 la Comisi\u00f3n Dictaminadora de Accidentes Ferroviarios, instancia encargada de realizar la investigaci\u00f3n t\u00e9cnica correspondiente en el tramo afectado.<\/p>\n\n\n\n<p class=\"wp-block-paragraph\">Finalmente, la administraci\u00f3n precis\u00f3 que el resto de los servicios de la red operan con normalidad. En caso de requerirse ajustes de horario o itinerarios derivados de las maniobras de revisi\u00f3n, se informar\u00e1 de manera oportuna a los usuarios.<\/p>\n\n\n\n<p class=\"wp-block-paragraph\"><\/p>\n","protected":false},"excerpt":{"rendered":"<p>Un percance en la v\u00eda cerca de la estaci\u00f3n San Francisco de Campeche oblig\u00f3 a detener el Tren Maya. Tren&#8230;<\/p>\n","protected":false},"author":2,"featured_media":14875,"comment_status":"open","ping_status":"open","sticky":false,"template":"","format":"standard","meta":{"footnotes":""},"categories":[32],"tags":[],"class_list":["post-14874","post","type-post","status-publish","format-standard","has-post-thumbnail","hentry","category-la-nacion"],"yoast_head":"<!-- This site is optimized with the Yoast SEO Premium plugin v26.8 (Yoast SEO v28.3) - https:\/\/yoast.com\/product\/yoast-seo-premium-wordpress\/ -->\n<title>Tren Maya se sale de la v\u00eda en Campeche: no hay heridos - Buenos D\u00edas BCS<\/title>\n<meta name=\"robots\" content=\"index, follow, max-snippet:-1, max-image-preview:large, max-video-preview:-1\" \/>\n<link rel=\"canonical\" href=\"https:\/\/buenosdiasbcs.com\/?p=14874\" \/>\n<meta property=\"og:locale\" content=\"es_ES\" \/>\n<meta property=\"og:type\" content=\"article\" \/>\n<meta property=\"og:title\" content=\"Tren Maya se sale de la v\u00eda en Campeche: no hay heridos\" \/>\n<meta property=\"og:description\" content=\"Un percance en la v\u00eda cerca de la estaci\u00f3n San Francisco de Campeche oblig\u00f3 a detener el Tren Maya. Tren...\" \/>\n<meta property=\"og:url\" content=\"https:\/\/buenosdiasbcs.com\/?p=14874\" \/>\n<meta property=\"og:site_name\" content=\"Buenos D\u00edas BCS\" \/>\n<meta property=\"article:published_time\" content=\"2026-09-01T08:07:54+00:00\" \/>\n<meta property=\"article:modified_time\" content=\"2026-09-01T08:07:56+00:00\" \/>\n<meta property=\"og:image\" content=\"https:\/\/buenosdiasbcs.com\/wp-content\/uploads\/2026\/09\/1788232950054.jpg.webp\" \/>\n\t<meta property=\"og:image:width\" content=\"820\" \/>\n\t<meta property=\"og:image:height\" content=\"508\" \/>\n\t<meta property=\"og:image:type\" content=\"image\/webp\" \/>\n<meta name=\"author\" content=\"Edici\u00f3n Buenos D\u00edas\" \/>\n<meta name=\"twitter:card\" content=\"summary_large_image\" \/>\n<meta name=\"twitter:label1\" content=\"Escrito por\" \/>\n\t<meta name=\"twitter:data1\" content=\"Edici\u00f3n Buenos D\u00edas\" \/>\n\t<meta name=\"twitter:label2\" content=\"Tiempo de lectura\" \/>\n\t<meta name=\"twitter:data2\" content=\"2 minutos\" \/>\n<script type=\"application\/ld+json\" class=\"yoast-schema-graph\">{\"@context\":\"https:\\\/\\\/schema.org\",\"@graph\":[{\"@type\":\"Article\",\"@id\":\"https:\\\/\\\/buenosdiasbcs.com\\\/?p=14874#article\",\"isPartOf\":{\"@id\":\"https:\\\/\\\/buenosdiasbcs.com\\\/?p=14874\"},\"author\":{\"name\":\"Edici\u00f3n Buenos D\u00edas\",\"@id\":\"https:\\\/\\\/buenosdiasbcs.com\\\/#\\\/schema\\\/person\\\/15aedc247eab7070ee5d76d6d069a821\"},\"headline\":\"Tren Maya se sale de la v\u00eda en Campeche: no hay heridos\",\"datePublished\":\"2026-09-01T08:07:54+00:00\",\"dateModified\":\"2026-09-01T08:07:56+00:00\",\"mainEntityOfPage\":{\"@id\":\"https:\\\/\\\/buenosdiasbcs.com\\\/?p=14874\"},\"wordCount\":423,\"commentCount\":0,\"publisher\":{\"@id\":\"https:\\\/\\\/buenosdiasbcs.com\\\/#organization\"},\"image\":{\"@id\":\"https:\\\/\\\/buenosdiasbcs.com\\\/?p=14874#primaryimage\"},\"thumbnailUrl\":\"https:\\\/\\\/buenosdiasbcs.com\\\/wp-content\\\/uploads\\\/2026\\\/09\\\/1788232950054.jpg.webp\",\"articleSection\":[\"La Naci\u00f3n\"],\"inLanguage\":\"es\",\"potentialAction\":[{\"@type\":\"CommentAction\",\"name\":\"Comment\",\"target\":[\"https:\\\/\\\/buenosdiasbcs.com\\\/?p=14874#respond\"]}]},{\"@type\":\"WebPage\",\"@id\":\"https:\\\/\\\/buenosdiasbcs.com\\\/?p=14874\",\"url\":\"https:\\\/\\\/buenosdiasbcs.com\\\/?p=14874\",\"name\":\"Tren Maya se sale de la v\u00eda en Campeche: no hay heridos - Buenos D\u00edas BCS\",\"isPartOf\":{\"@id\":\"https:\\\/\\\/buenosdiasbcs.com\\\/#website\"},\"primaryImageOfPage\":{\"@id\":\"https:\\\/\\\/buenosdiasbcs.com\\\/?p=14874#primaryimage\"},\"image\":{\"@id\":\"https:\\\/\\\/buenosdiasbcs.com\\\/?p=14874#primaryimage\"},\"thumbnailUrl\":\"https:\\\/\\\/buenosdiasbcs.com\\\/wp-content\\\/uploads\\\/2026\\\/09\\\/1788232950054.jpg.webp\",\"datePublished\":\"2026-09-01T08:07:54+00:00\",\"dateModified\":\"2026-09-01T08:07:56+00:00\",\"breadcrumb\":{\"@id\":\"https:\\\/\\\/buenosdiasbcs.com\\\/?p=14874#breadcrumb\"},\"inLanguage\":\"es\",\"potentialAction\":[{\"@type\":\"ReadAction\",\"target\":[\"https:\\\/\\\/buenosdiasbcs.com\\\/?p=14874\"]}]},{\"@type\":\"ImageObject\",\"inLanguage\":\"es\",\"@id\":\"https:\\\/\\\/buenosdiasbcs.com\\\/?p=14874#primaryimage\",\"url\":\"https:\\\/\\\/buenosdiasbcs.com\\\/wp-content\\\/uploads\\\/2026\\\/09\\\/1788232950054.jpg.webp\",\"contentUrl\":\"https:\\\/\\\/buenosdiasbcs.com\\\/wp-content\\\/uploads\\\/2026\\\/09\\\/1788232950054.jpg.webp\",\"width\":820,\"height\":508},{\"@type\":\"BreadcrumbList\",\"@id\":\"https:\\\/\\\/buenosdiasbcs.com\\\/?p=14874#breadcrumb\",\"itemListElement\":[{\"@type\":\"ListItem\",\"position\":1,\"name\":\"Portada\",\"item\":\"https:\\\/\\\/buenosdiasbcs.com\\\/\"},{\"@type\":\"ListItem\",\"position\":2,\"name\":\"Tren Maya se sale de la v\u00eda en Campeche: no hay heridos\"}]},{\"@type\":\"WebSite\",\"@id\":\"https:\\\/\\\/buenosdiasbcs.com\\\/#website\",\"url\":\"https:\\\/\\\/buenosdiasbcs.com\\\/\",\"name\":\"Buenos D\u00edas BCS\",\"description\":\"\",\"publisher\":{\"@id\":\"https:\\\/\\\/buenosdiasbcs.com\\\/#organization\"},\"potentialAction\":[{\"@type\":\"SearchAction\",\"target\":{\"@type\":\"EntryPoint\",\"urlTemplate\":\"https:\\\/\\\/buenosdiasbcs.com\\\/?s={search_term_string}\"},\"query-input\":{\"@type\":\"PropertyValueSpecification\",\"valueRequired\":true,\"valueName\":\"search_term_string\"}}],\"inLanguage\":\"es\"},{\"@type\":\"Organization\",\"@id\":\"https:\\\/\\\/buenosdiasbcs.com\\\/#organization\",\"name\":\"Buenos D\u00edas BCS\",\"url\":\"https:\\\/\\\/buenosdiasbcs.com\\\/\",\"logo\":{\"@type\":\"ImageObject\",\"inLanguage\":\"es\",\"@id\":\"https:\\\/\\\/buenosdiasbcs.com\\\/#\\\/schema\\\/logo\\\/image\\\/\",\"url\":\"https:\\\/\\\/buenosdiasbcs.com\\\/wp-content\\\/uploads\\\/2026\\\/01\\\/logo-buenos-dias-40-01.png\",\"contentUrl\":\"https:\\\/\\\/buenosdiasbcs.com\\\/wp-content\\\/uploads\\\/2026\\\/01\\\/logo-buenos-dias-40-01.png\",\"width\":277,\"height\":40,\"caption\":\"Buenos D\u00edas BCS\"},\"image\":{\"@id\":\"https:\\\/\\\/buenosdiasbcs.com\\\/#\\\/schema\\\/logo\\\/image\\\/\"}},{\"@type\":\"Person\",\"@id\":\"https:\\\/\\\/buenosdiasbcs.com\\\/#\\\/schema\\\/person\\\/15aedc247eab7070ee5d76d6d069a821\",\"name\":\"Edici\u00f3n Buenos D\u00edas\",\"image\":{\"@type\":\"ImageObject\",\"inLanguage\":\"es\",\"@id\":\"https:\\\/\\\/buenosdiasbcs.com\\\/wp-content\\\/uploads\\\/2026\\\/01\\\/cropped-sol-96x96.png\",\"url\":\"https:\\\/\\\/buenosdiasbcs.com\\\/wp-content\\\/uploads\\\/2026\\\/01\\\/cropped-sol-96x96.png\",\"contentUrl\":\"https:\\\/\\\/buenosdiasbcs.com\\\/wp-content\\\/uploads\\\/2026\\\/01\\\/cropped-sol-96x96.png\",\"caption\":\"Edici\u00f3n Buenos D\u00edas\"},\"url\":\"https:\\\/\\\/buenosdiasbcs.com\\\/?author=2\"}]}<\/script>\n<!-- \/ Yoast SEO Premium plugin. -->","yoast_head_json":{"title":"Tren Maya se sale de la v\u00eda en Campeche: no hay heridos - Buenos D\u00edas BCS","robots":{"index":"index","follow":"follow","max-snippet":"max-snippet:-1","max-image-preview":"max-image-preview:large","max-video-preview":"max-video-preview:-1"},"canonical":"https:\/\/buenosdiasbcs.com\/?p=14874","og_locale":"es_ES","og_type":"article","og_title":"Tren Maya se sale de la v\u00eda en Campeche: no hay heridos","og_description":"Un percance en la v\u00eda cerca de la estaci\u00f3n San Francisco de Campeche oblig\u00f3 a detener el Tren Maya. Tren...","og_url":"https:\/\/buenosdiasbcs.com\/?p=14874","og_site_name":"Buenos D\u00edas BCS","article_published_time":"2026-09-01T08:07:54+00:00","article_modified_time":"2026-09-01T08:07:56+00:00","og_image":[{"width":820,"height":508,"url":"https:\/\/buenosdiasbcs.com\/wp-content\/uploads\/2026\/09\/1788232950054.jpg.webp","type":"image\/webp"}],"author":"Edici\u00f3n Buenos D\u00edas","twitter_card":"summary_large_image","twitter_misc":{"Escrito por":"Edici\u00f3n Buenos D\u00edas","Tiempo de lectura":"2 minutos"},"schema":{"@context":"https:\/\/schema.org","@graph":[{"@type":"Article","@id":"https:\/\/buenosdiasbcs.com\/?p=14874#article","isPartOf":{"@id":"https:\/\/buenosdiasbcs.com\/?p=14874"},"author":{"name":"Edici\u00f3n Buenos D\u00edas","@id":"https:\/\/buenosdiasbcs.com\/#\/schema\/person\/15aedc247eab7070ee5d76d6d069a821"},"headline":"Tren Maya se sale de la v\u00eda en Campeche: no hay heridos","datePublished":"2026-09-01T08:07:54+00:00","dateModified":"2026-09-01T08:07:56+00:00","mainEntityOfPage":{"@id":"https:\/\/buenosdiasbcs.com\/?p=14874"},"wordCount":423,"commentCount":0,"publisher":{"@id":"https:\/\/buenosdiasbcs.com\/#organization"},"image":{"@id":"https:\/\/buenosdiasbcs.com\/?p=14874#primaryimage"},"thumbnailUrl":"https:\/\/buenosdiasbcs.com\/wp-content\/uploads\/2026\/09\/1788232950054.jpg.webp","articleSection":["La Naci\u00f3n"],"inLanguage":"es","potentialAction":[{"@type":"CommentAction","name":"Comment","target":["https:\/\/buenosdiasbcs.com\/?p=14874#respond"]}]},{"@type":"WebPage","@id":"https:\/\/buenosdiasbcs.com\/?p=14874","url":"https:\/\/buenosdiasbcs.com\/?p=14874","name":"Tren Maya se sale de la v\u00eda en Campeche: no hay heridos - Buenos D\u00edas BCS","isPartOf":{"@id":"https:\/\/buenosdiasbcs.com\/#website"},"primaryImageOfPage":{"@id":"https:\/\/buenosdiasbcs.com\/?p=14874#primaryimage"},"image":{"@id":"https:\/\/buenosdiasbcs.com\/?p=14874#primaryimage"},"thumbnailUrl":"https:\/\/buenosdiasbcs.com\/wp-content\/uploads\/2026\/09\/1788232950054.jpg.webp","datePublished":"2026-09-01T08:07:54+00:00","dateModified":"2026-09-01T08:07:56+00:00","breadcrumb":{"@id":"https:\/\/buenosdiasbcs.com\/?p=14874#breadcrumb"},"inLanguage":"es","potentialAction":[{"@type":"ReadAction","target":["https:\/\/buenosdiasbcs.com\/?p=14874"]}]},{"@type":"ImageObject","inLanguage":"es","@id":"https:\/\/buenosdiasbcs.com\/?p=14874#primaryimage","url":"https:\/\/buenosdiasbcs.com\/wp-content\/uploads\/2026\/09\/1788232950054.jpg.webp","contentUrl":"https:\/\/buenosdiasbcs.com\/wp-content\/uploads\/2026\/09\/1788232950054.jpg.webp","width":820,"height":508},{"@type":"BreadcrumbList","@id":"https:\/\/buenosdiasbcs.com\/?p=14874#breadcrumb","itemListElement":[{"@type":"ListItem","position":1,"name":"Portada","item":"https:\/\/buenosdiasbcs.com\/"},{"@type":"ListItem","position":2,"name":"Tren Maya se sale de la v\u00eda en Campeche: no hay heridos"}]},{"@type":"WebSite","@id":"https:\/\/buenosdiasbcs.com\/#website","url":"https:\/\/buenosdiasbcs.com\/","name":"Buenos D\u00edas BCS","description":"","publisher":{"@id":"https:\/\/buenosdiasbcs.com\/#organization"},"potentialAction":[{"@type":"SearchAction","target":{"@type":"EntryPoint","urlTemplate":"https:\/\/buenosdiasbcs.com\/?s={search_term_string}"},"query-input":{"@type":"PropertyValueSpecification","valueRequired":true,"valueName":"search_term_string"}}],"inLanguage":"es"},{"@type":"Organization","@id":"https:\/\/buenosdiasbcs.com\/#organization","name":"Buenos D\u00edas BCS","url":"https:\/\/buenosdiasbcs.com\/","logo":{"@type":"ImageObject","inLanguage":"es","@id":"https:\/\/buenosdiasbcs.com\/#\/schema\/logo\/image\/","url":"https:\/\/buenosdiasbcs.com\/wp-content\/uploads\/2026\/01\/logo-buenos-dias-40-01.png","contentUrl":"https:\/\/buenosdiasbcs.com\/wp-content\/uploads\/2026\/01\/logo-buenos-dias-40-01.png","width":277,"height":40,"caption":"Buenos D\u00edas BCS"},"image":{"@id":"https:\/\/buenosdiasbcs.com\/#\/schema\/logo\/image\/"}},{"@type":"Person","@id":"https:\/\/buenosdiasbcs.com\/#\/schema\/person\/15aedc247eab7070ee5d76d6d069a821","name":"Edici\u00f3n Buenos D\u00edas","image":{"@type":"ImageObject","inLanguage":"es","@id":"https:\/\/buenosdiasbcs.com\/wp-content\/uploads\/2026\/01\/cropped-sol-96x96.png","url":"https:\/\/buenosdiasbcs.com\/wp-content\/uploads\/2026\/01\/cropped-sol-96x96.png","contentUrl":"https:\/\/buenosdiasbcs.com\/wp-content\/uploads\/2026\/01\/cropped-sol-96x96.png","caption":"Edici\u00f3n Buenos D\u00edas"},"url":"https:\/\/buenosdiasbcs.com\/?author=2"}]}},"amp_enabled":true,"_links":{"self":[{"href":"https:\/\/buenosdiasbcs.com\/index.php?rest_route=\/wp\/v2\/posts\/14874","targetHints":{"allow":["GET"]}}],"collection":[{"href":"https:\/\/buenosdiasbcs.com\/index.php?rest_route=\/wp\/v2\/posts"}],"about":[{"href":"https:\/\/buenosdiasbcs.com\/index.php?rest_route=\/wp\/v2\/types\/post"}],"author":[{"embeddable":true,"href":"https:\/\/buenosdiasbcs.com\/index.php?rest_route=\/wp\/v2\/users\/2"}],"replies":[{"embeddable":true,"href":"https:\/\/buenosdiasbcs.com\/index.php?rest_route=%2Fwp%2Fv2%2Fcomments&post=14874"}],"version-history":[{"count":1,"href":"https:\/\/buenosdiasbcs.com\/index.php?rest_route=\/wp\/v2\/posts\/14874\/revisions"}],"predecessor-version":[{"id":14876,"href":"https:\/\/buenosdiasbcs.com\/index.php?rest_route=\/wp\/v2\/posts\/14874\/revisions\/14876"}],"wp:featuredmedia":[{"embeddable":true,"href":"https:\/\/buenosdiasbcs.com\/index.php?rest_route=\/wp\/v2\/media\/14875"}],"wp:attachment":[{"href":"https:\/\/buenosdiasbcs.com\/index.php?rest_route=%2Fwp%2Fv2%2Fmedia&parent=14874"}],"wp:term":[{"taxonomy":"category","embeddable":true,"href":"https:\/\/buenosdiasbcs.com\/index.php?rest_route=%2Fwp%2Fv2%2Fcategories&post=14874"},{"taxonomy":"post_tag","embeddable":true,"href":"https:\/\/buenosdiasbcs.com\/index.php?rest_route=%2Fwp%2Fv2%2Ftags&post=14874"}],"curies":[{"name":"wp","href":"https:\/\/api.w.org\/{rel}","templated":true}]}}