{"id":14871,"date":"2026-09-01T01:06:12","date_gmt":"2026-09-01T08:06:12","guid":{"rendered":"https:\/\/buenosdiasbcs.com\/?p=14871"},"modified":"2026-09-01T01:06:15","modified_gmt":"2026-09-01T08:06:15","slug":"enrique-inzunza-reaparece-en-el-senado-tras-118-dias-de-ausencia","status":"publish","type":"post","link":"https:\/\/buenosdiasbcs.com\/?p=14871","title":{"rendered":"Enrique Inzunza reaparece en el Senado tras 118 d\u00edas de ausencia"},"content":{"rendered":"\n<h2 id=\"h-el-senador-independiente-enrique-inzunza-reaparece-en-el-senado-presencialmente-en-conferencia-de-prensa-nego-tener-nexos-con-el-narcotrafico\" class=\"wp-block-heading\">El senador independiente Enrique Inzunza reaparece en el Senado presencialmente; en conferencia de prensa neg\u00f3 tener nexos con el narcotr\u00e1fico.<\/h2>\n\n\n\n<p class=\"wp-block-paragraph\">El senador Enrique Inzunza reapareci\u00f3 en el Senado este lunes 31 de agosto de 2026, tras 118 d\u00edas de ausencia, para&nbsp;<strong>en conferencia de presan negar acusaciones de narcotr\u00e1fico<\/strong>&nbsp;emitidas por fiscales de Estados Unidos.<\/p>\n\n\n\n<p class=\"wp-block-paragraph\">Inzunza reanud\u00f3 de manera presencial sus actividades en el Senado este lunes, luego de permanecer alejado de sus oficinas durante 118 d\u00edas.&nbsp;<\/p>\n\n\n\n<p class=\"wp-block-paragraph\">Su \u00faltima aparici\u00f3n en el recinto legislativo ocurri\u00f3 el 29 de abril de 2026, fecha en que fiscales de Estados Unidos revelaron cargos en su contra, as\u00ed como contra&nbsp;<strong>el gobernador con licencia de Sinaloa, Rub\u00e9n Rocha Moya<\/strong>, y otros funcionarios de la entidad por presunta colaboraci\u00f3n con el C\u00e1rtel de Sinaloa.&nbsp;<\/p>\n\n\n\n<p class=\"wp-block-paragraph\">Durante su ausencia, Inzunza no solicit\u00f3 licencia al cargo. Particip\u00f3 de forma remota en una sesi\u00f3n de la Comisi\u00f3n de Justicia y la semana pasada formaliz\u00f3 su renuncia a la bancada del partido Morena<strong>, anunciando que mantendr\u00e1 su esca\u00f1o como legislador independiente<\/strong>.&nbsp;<\/p>\n\n\n\n<p class=\"wp-block-paragraph\">Cuestionado sobre su alejamiento, el senador justific\u00f3 que el \u00f3rgano legislativo se encontraba en periodo de receso y que el grupo parlamentario al que&nbsp;<strong>pertenec\u00eda no lo convoc\u00f3 a integrarse a la Comisi\u00f3n Permanente<\/strong>.&nbsp;<\/p>\n\n\n\n<h2 id=\"h-respuestas-de-enrique-inzunza-ante-los-senalamientos-de-estados-unidos\" class=\"wp-block-heading\">Respuestas de Enrique Inzunza ante los se\u00f1alamientos de Estados Unidos<\/h2>\n\n\n\n<p class=\"wp-block-paragraph\">En conferencia de prensa, el senador&nbsp;<strong>rechaz\u00f3 los se\u00f1alamientos que lo vinculan con el crimen organizado<\/strong>&nbsp;y asegur\u00f3 que responder\u00e1 por las investigaciones desde su posici\u00f3n parlamentaria.&nbsp;<\/p>\n\n\n\n<blockquote class=\"wp-block-quote is-layout-flow wp-block-quote-is-layout-flow\">\n<p class=\"wp-block-paragraph\"><em>\u00abSoy constitucional y ver\u00eddicamente inocente\u00bb,&nbsp;<\/em><\/p>\n<\/blockquote>\n\n\n\n<p class=\"wp-block-paragraph\">asever\u00f3 Inzunza, se\u00f1alando que las acusaciones responden a una&nbsp;<strong>estrategia pol\u00edtica de sectores de oposici\u00f3n&nbsp;<\/strong>tras haber articulado jur\u00eddicamente un intento de juicio pol\u00edtico en contra de la gobernadora de Chihuahua, Maru Campos.&nbsp;<\/p>\n\n\n\n<p class=\"wp-block-paragraph\">El legislador comparti\u00f3 los siguientes detalles sobre su situaci\u00f3n jur\u00eddica y patrimonial:<\/p>\n\n\n\n<ul class=\"wp-block-list\">\n<li><strong>Involucramiento legal<\/strong>: Detall\u00f3 que solo ha comparecido en una ocasi\u00f3n ante el Ministerio P\u00fablico Federal de la Fiscal\u00eda General de la Rep\u00fablica (FGR) para atender los se\u00f1alamientos en su contra.\u00a0<\/li>\n\n\n\n<li><strong>Situaci\u00f3n bancaria<\/strong>: Confirm\u00f3 el bloqueo de sus cuentas bancarias, aunque precis\u00f3 que en ellas no acumula \u00abni un mill\u00f3n de pesos\u00bb, asegurando que no posee empresas ni negocios privados y que su trayectoria ha sido exclusivamente pol\u00edtica.\u00a0<\/li>\n\n\n\n<li><strong>Proceso penal<\/strong>: Afirm\u00f3 no tener temor a ingresar a prisi\u00f3n, respald\u00e1ndose en su trayectoria laboral y personal.\u00a0<\/li>\n<\/ul>\n\n\n\n<h2 id=\"h-inzunza-matiza-apoyo-a-rocha-moya-nbsp\" class=\"wp-block-heading\">Inzunza matiza apoyo a Rocha Moya&nbsp;<\/h2>\n\n\n\n<p class=\"wp-block-paragraph\">Durante el encuentro con los medios de comunicaci\u00f3n, Inzunza fue cuestionado sobre si respalda al gobernador con licencia Rub\u00e9n Rocha Moya, as\u00ed como a los exfuncionarios Enrique D\u00edaz Vega y Gerardo M\u00e9rida, estos dos \u00faltimo habi\u00e9ndose entregado a las autoridades de Estados Unidos.&nbsp;<\/p>\n\n\n\n<blockquote class=\"wp-block-quote is-layout-flow wp-block-quote-is-layout-flow\">\n<p class=\"wp-block-paragraph\"><em>\u00abLos hechos y los tiempos lo dir\u00e1n&#8230; Yo contesto los hechos propios, de los hechos de otros no tengo que opinar\u00bb,&nbsp;<\/em><\/p>\n<\/blockquote>\n\n\n\n<p class=\"wp-block-paragraph\">respondi\u00f3 el senador ante la pregunta expresa sobre si pon\u00eda \u201clas manos al fuego\u201d por el mandatario sinaloense.&nbsp;<\/p>\n\n\n\n<p class=\"wp-block-paragraph\">Agreg\u00f3 que las acciones de Rocha Moya corresponden de forma individual al gobernante con licencia y no se relacionan con sus funciones legislativas. Destac\u00f3 la carrera de Rocha Moya recordando sus actividades acad\u00e9micas, adem\u00e1s de calificarlo como una persona &#8220;honorable&#8221;.&nbsp;<\/p>\n\n\n\n<h2 id=\"h-situacion-en-el-senado-y-postura-partidista\" class=\"wp-block-heading\">Situaci\u00f3n en el Senado y postura partidista<\/h2>\n\n\n\n<p class=\"wp-block-paragraph\">Inzunza sostuvo que ninguna autoridad del partido Morena ni de la bancada le solicit\u00f3 renunciar al grupo parlamentario, se\u00f1alando que la permanencia en el movimiento responder\u00e1 a las decisiones que tome la propia fuerza pol\u00edtica.&nbsp;<\/p>\n\n\n\n<p class=\"wp-block-paragraph\">Asimismo, revel\u00f3 que no ha sostenido comunicaci\u00f3n con la presidenta Claudia Sheinbaum Pardo referente a una eventual solicitud de licencia para separarse de su cargo en la C\u00e1mara Alta.&nbsp;<\/p>\n\n\n\n<p class=\"wp-block-paragraph\">Sobre el sentido en que votar\u00eda dentro de sus labores en el Senado, Inzunza dijo que seguir\u00e1 defendiendo la llamada \u201ccuarta transformaci\u00f3n\u201d.<\/p>\n\n\n\n<p class=\"wp-block-paragraph\"><\/p>\n","protected":false},"excerpt":{"rendered":"<p>El senador independiente Enrique Inzunza reaparece en el Senado presencialmente; en conferencia de prensa neg\u00f3 tener nexos con el narcotr\u00e1fico&#8230;.<\/p>\n","protected":false},"author":2,"featured_media":14872,"comment_status":"open","ping_status":"open","sticky":false,"template":"","format":"standard","meta":{"footnotes":""},"categories":[32],"tags":[],"class_list":["post-14871","post","type-post","status-publish","format-standard","has-post-thumbnail","hentry","category-la-nacion"],"yoast_head":"<!-- This site is optimized with the Yoast SEO Premium plugin v26.8 (Yoast SEO v28.3) - https:\/\/yoast.com\/product\/yoast-seo-premium-wordpress\/ -->\n<title>Enrique Inzunza reaparece en el Senado tras 118 d\u00edas de ausencia - Buenos D\u00edas BCS<\/title>\n<meta name=\"robots\" content=\"index, follow, max-snippet:-1, max-image-preview:large, max-video-preview:-1\" \/>\n<link rel=\"canonical\" href=\"https:\/\/buenosdiasbcs.com\/?p=14871\" \/>\n<meta property=\"og:locale\" content=\"es_ES\" \/>\n<meta property=\"og:type\" content=\"article\" \/>\n<meta property=\"og:title\" content=\"Enrique Inzunza reaparece en el Senado tras 118 d\u00edas de ausencia\" \/>\n<meta property=\"og:description\" content=\"El senador independiente Enrique Inzunza reaparece en el Senado presencialmente; en conferencia de prensa neg\u00f3 tener nexos con el narcotr\u00e1fico....\" \/>\n<meta property=\"og:url\" content=\"https:\/\/buenosdiasbcs.com\/?p=14871\" \/>\n<meta property=\"og:site_name\" content=\"Buenos D\u00edas BCS\" \/>\n<meta property=\"article:published_time\" content=\"2026-09-01T08:06:12+00:00\" \/>\n<meta property=\"article:modified_time\" content=\"2026-09-01T08:06:15+00:00\" \/>\n<meta property=\"og:image\" content=\"https:\/\/buenosdiasbcs.com\/wp-content\/uploads\/2026\/09\/1788219269396.jpg.webp\" \/>\n\t<meta property=\"og:image:width\" content=\"820\" \/>\n\t<meta property=\"og:image:height\" content=\"508\" \/>\n\t<meta property=\"og:image:type\" content=\"image\/webp\" \/>\n<meta name=\"author\" content=\"Edici\u00f3n Buenos D\u00edas\" \/>\n<meta name=\"twitter:card\" content=\"summary_large_image\" \/>\n<meta name=\"twitter:label1\" content=\"Escrito por\" \/>\n\t<meta name=\"twitter:data1\" content=\"Edici\u00f3n Buenos D\u00edas\" \/>\n\t<meta name=\"twitter:label2\" content=\"Tiempo de lectura\" \/>\n\t<meta name=\"twitter:data2\" content=\"3 minutos\" \/>\n<script type=\"application\/ld+json\" class=\"yoast-schema-graph\">{\"@context\":\"https:\\\/\\\/schema.org\",\"@graph\":[{\"@type\":\"Article\",\"@id\":\"https:\\\/\\\/buenosdiasbcs.com\\\/?p=14871#article\",\"isPartOf\":{\"@id\":\"https:\\\/\\\/buenosdiasbcs.com\\\/?p=14871\"},\"author\":{\"name\":\"Edici\u00f3n Buenos D\u00edas\",\"@id\":\"https:\\\/\\\/buenosdiasbcs.com\\\/#\\\/schema\\\/person\\\/15aedc247eab7070ee5d76d6d069a821\"},\"headline\":\"Enrique Inzunza reaparece en el Senado tras 118 d\u00edas de ausencia\",\"datePublished\":\"2026-09-01T08:06:12+00:00\",\"dateModified\":\"2026-09-01T08:06:15+00:00\",\"mainEntityOfPage\":{\"@id\":\"https:\\\/\\\/buenosdiasbcs.com\\\/?p=14871\"},\"wordCount\":674,\"commentCount\":0,\"publisher\":{\"@id\":\"https:\\\/\\\/buenosdiasbcs.com\\\/#organization\"},\"image\":{\"@id\":\"https:\\\/\\\/buenosdiasbcs.com\\\/?p=14871#primaryimage\"},\"thumbnailUrl\":\"https:\\\/\\\/buenosdiasbcs.com\\\/wp-content\\\/uploads\\\/2026\\\/09\\\/1788219269396.jpg.webp\",\"articleSection\":[\"La Naci\u00f3n\"],\"inLanguage\":\"es\",\"potentialAction\":[{\"@type\":\"CommentAction\",\"name\":\"Comment\",\"target\":[\"https:\\\/\\\/buenosdiasbcs.com\\\/?p=14871#respond\"]}]},{\"@type\":\"WebPage\",\"@id\":\"https:\\\/\\\/buenosdiasbcs.com\\\/?p=14871\",\"url\":\"https:\\\/\\\/buenosdiasbcs.com\\\/?p=14871\",\"name\":\"Enrique Inzunza reaparece en el Senado tras 118 d\u00edas de ausencia - Buenos D\u00edas BCS\",\"isPartOf\":{\"@id\":\"https:\\\/\\\/buenosdiasbcs.com\\\/#website\"},\"primaryImageOfPage\":{\"@id\":\"https:\\\/\\\/buenosdiasbcs.com\\\/?p=14871#primaryimage\"},\"image\":{\"@id\":\"https:\\\/\\\/buenosdiasbcs.com\\\/?p=14871#primaryimage\"},\"thumbnailUrl\":\"https:\\\/\\\/buenosdiasbcs.com\\\/wp-content\\\/uploads\\\/2026\\\/09\\\/1788219269396.jpg.webp\",\"datePublished\":\"2026-09-01T08:06:12+00:00\",\"dateModified\":\"2026-09-01T08:06:15+00:00\",\"breadcrumb\":{\"@id\":\"https:\\\/\\\/buenosdiasbcs.com\\\/?p=14871#breadcrumb\"},\"inLanguage\":\"es\",\"potentialAction\":[{\"@type\":\"ReadAction\",\"target\":[\"https:\\\/\\\/buenosdiasbcs.com\\\/?p=14871\"]}]},{\"@type\":\"ImageObject\",\"inLanguage\":\"es\",\"@id\":\"https:\\\/\\\/buenosdiasbcs.com\\\/?p=14871#primaryimage\",\"url\":\"https:\\\/\\\/buenosdiasbcs.com\\\/wp-content\\\/uploads\\\/2026\\\/09\\\/1788219269396.jpg.webp\",\"contentUrl\":\"https:\\\/\\\/buenosdiasbcs.com\\\/wp-content\\\/uploads\\\/2026\\\/09\\\/1788219269396.jpg.webp\",\"width\":820,\"height\":508},{\"@type\":\"BreadcrumbList\",\"@id\":\"https:\\\/\\\/buenosdiasbcs.com\\\/?p=14871#breadcrumb\",\"itemListElement\":[{\"@type\":\"ListItem\",\"position\":1,\"name\":\"Portada\",\"item\":\"https:\\\/\\\/buenosdiasbcs.com\\\/\"},{\"@type\":\"ListItem\",\"position\":2,\"name\":\"Enrique Inzunza reaparece en el Senado tras 118 d\u00edas de ausencia\"}]},{\"@type\":\"WebSite\",\"@id\":\"https:\\\/\\\/buenosdiasbcs.com\\\/#website\",\"url\":\"https:\\\/\\\/buenosdiasbcs.com\\\/\",\"name\":\"Buenos D\u00edas BCS\",\"description\":\"\",\"publisher\":{\"@id\":\"https:\\\/\\\/buenosdiasbcs.com\\\/#organization\"},\"potentialAction\":[{\"@type\":\"SearchAction\",\"target\":{\"@type\":\"EntryPoint\",\"urlTemplate\":\"https:\\\/\\\/buenosdiasbcs.com\\\/?s={search_term_string}\"},\"query-input\":{\"@type\":\"PropertyValueSpecification\",\"valueRequired\":true,\"valueName\":\"search_term_string\"}}],\"inLanguage\":\"es\"},{\"@type\":\"Organization\",\"@id\":\"https:\\\/\\\/buenosdiasbcs.com\\\/#organization\",\"name\":\"Buenos D\u00edas BCS\",\"url\":\"https:\\\/\\\/buenosdiasbcs.com\\\/\",\"logo\":{\"@type\":\"ImageObject\",\"inLanguage\":\"es\",\"@id\":\"https:\\\/\\\/buenosdiasbcs.com\\\/#\\\/schema\\\/logo\\\/image\\\/\",\"url\":\"https:\\\/\\\/buenosdiasbcs.com\\\/wp-content\\\/uploads\\\/2026\\\/01\\\/logo-buenos-dias-40-01.png\",\"contentUrl\":\"https:\\\/\\\/buenosdiasbcs.com\\\/wp-content\\\/uploads\\\/2026\\\/01\\\/logo-buenos-dias-40-01.png\",\"width\":277,\"height\":40,\"caption\":\"Buenos D\u00edas BCS\"},\"image\":{\"@id\":\"https:\\\/\\\/buenosdiasbcs.com\\\/#\\\/schema\\\/logo\\\/image\\\/\"}},{\"@type\":\"Person\",\"@id\":\"https:\\\/\\\/buenosdiasbcs.com\\\/#\\\/schema\\\/person\\\/15aedc247eab7070ee5d76d6d069a821\",\"name\":\"Edici\u00f3n Buenos D\u00edas\",\"image\":{\"@type\":\"ImageObject\",\"inLanguage\":\"es\",\"@id\":\"https:\\\/\\\/buenosdiasbcs.com\\\/wp-content\\\/uploads\\\/2026\\\/01\\\/cropped-sol-96x96.png\",\"url\":\"https:\\\/\\\/buenosdiasbcs.com\\\/wp-content\\\/uploads\\\/2026\\\/01\\\/cropped-sol-96x96.png\",\"contentUrl\":\"https:\\\/\\\/buenosdiasbcs.com\\\/wp-content\\\/uploads\\\/2026\\\/01\\\/cropped-sol-96x96.png\",\"caption\":\"Edici\u00f3n Buenos D\u00edas\"},\"url\":\"https:\\\/\\\/buenosdiasbcs.com\\\/?author=2\"}]}<\/script>\n<!-- \/ Yoast SEO Premium plugin. -->","yoast_head_json":{"title":"Enrique Inzunza reaparece en el Senado tras 118 d\u00edas de ausencia - Buenos D\u00edas BCS","robots":{"index":"index","follow":"follow","max-snippet":"max-snippet:-1","max-image-preview":"max-image-preview:large","max-video-preview":"max-video-preview:-1"},"canonical":"https:\/\/buenosdiasbcs.com\/?p=14871","og_locale":"es_ES","og_type":"article","og_title":"Enrique Inzunza reaparece en el Senado tras 118 d\u00edas de ausencia","og_description":"El senador independiente Enrique Inzunza reaparece en el Senado presencialmente; en conferencia de prensa neg\u00f3 tener nexos con el narcotr\u00e1fico....","og_url":"https:\/\/buenosdiasbcs.com\/?p=14871","og_site_name":"Buenos D\u00edas BCS","article_published_time":"2026-09-01T08:06:12+00:00","article_modified_time":"2026-09-01T08:06:15+00:00","og_image":[{"width":820,"height":508,"url":"https:\/\/buenosdiasbcs.com\/wp-content\/uploads\/2026\/09\/1788219269396.jpg.webp","type":"image\/webp"}],"author":"Edici\u00f3n Buenos D\u00edas","twitter_card":"summary_large_image","twitter_misc":{"Escrito por":"Edici\u00f3n Buenos D\u00edas","Tiempo de lectura":"3 minutos"},"schema":{"@context":"https:\/\/schema.org","@graph":[{"@type":"Article","@id":"https:\/\/buenosdiasbcs.com\/?p=14871#article","isPartOf":{"@id":"https:\/\/buenosdiasbcs.com\/?p=14871"},"author":{"name":"Edici\u00f3n Buenos D\u00edas","@id":"https:\/\/buenosdiasbcs.com\/#\/schema\/person\/15aedc247eab7070ee5d76d6d069a821"},"headline":"Enrique Inzunza reaparece en el Senado tras 118 d\u00edas de ausencia","datePublished":"2026-09-01T08:06:12+00:00","dateModified":"2026-09-01T08:06:15+00:00","mainEntityOfPage":{"@id":"https:\/\/buenosdiasbcs.com\/?p=14871"},"wordCount":674,"commentCount":0,"publisher":{"@id":"https:\/\/buenosdiasbcs.com\/#organization"},"image":{"@id":"https:\/\/buenosdiasbcs.com\/?p=14871#primaryimage"},"thumbnailUrl":"https:\/\/buenosdiasbcs.com\/wp-content\/uploads\/2026\/09\/1788219269396.jpg.webp","articleSection":["La Naci\u00f3n"],"inLanguage":"es","potentialAction":[{"@type":"CommentAction","name":"Comment","target":["https:\/\/buenosdiasbcs.com\/?p=14871#respond"]}]},{"@type":"WebPage","@id":"https:\/\/buenosdiasbcs.com\/?p=14871","url":"https:\/\/buenosdiasbcs.com\/?p=14871","name":"Enrique Inzunza reaparece en el Senado tras 118 d\u00edas de ausencia - Buenos D\u00edas BCS","isPartOf":{"@id":"https:\/\/buenosdiasbcs.com\/#website"},"primaryImageOfPage":{"@id":"https:\/\/buenosdiasbcs.com\/?p=14871#primaryimage"},"image":{"@id":"https:\/\/buenosdiasbcs.com\/?p=14871#primaryimage"},"thumbnailUrl":"https:\/\/buenosdiasbcs.com\/wp-content\/uploads\/2026\/09\/1788219269396.jpg.webp","datePublished":"2026-09-01T08:06:12+00:00","dateModified":"2026-09-01T08:06:15+00:00","breadcrumb":{"@id":"https:\/\/buenosdiasbcs.com\/?p=14871#breadcrumb"},"inLanguage":"es","potentialAction":[{"@type":"ReadAction","target":["https:\/\/buenosdiasbcs.com\/?p=14871"]}]},{"@type":"ImageObject","inLanguage":"es","@id":"https:\/\/buenosdiasbcs.com\/?p=14871#primaryimage","url":"https:\/\/buenosdiasbcs.com\/wp-content\/uploads\/2026\/09\/1788219269396.jpg.webp","contentUrl":"https:\/\/buenosdiasbcs.com\/wp-content\/uploads\/2026\/09\/1788219269396.jpg.webp","width":820,"height":508},{"@type":"BreadcrumbList","@id":"https:\/\/buenosdiasbcs.com\/?p=14871#breadcrumb","itemListElement":[{"@type":"ListItem","position":1,"name":"Portada","item":"https:\/\/buenosdiasbcs.com\/"},{"@type":"ListItem","position":2,"name":"Enrique Inzunza reaparece en el Senado tras 118 d\u00edas de ausencia"}]},{"@type":"WebSite","@id":"https:\/\/buenosdiasbcs.com\/#website","url":"https:\/\/buenosdiasbcs.com\/","name":"Buenos D\u00edas BCS","description":"","publisher":{"@id":"https:\/\/buenosdiasbcs.com\/#organization"},"potentialAction":[{"@type":"SearchAction","target":{"@type":"EntryPoint","urlTemplate":"https:\/\/buenosdiasbcs.com\/?s={search_term_string}"},"query-input":{"@type":"PropertyValueSpecification","valueRequired":true,"valueName":"search_term_string"}}],"inLanguage":"es"},{"@type":"Organization","@id":"https:\/\/buenosdiasbcs.com\/#organization","name":"Buenos D\u00edas BCS","url":"https:\/\/buenosdiasbcs.com\/","logo":{"@type":"ImageObject","inLanguage":"es","@id":"https:\/\/buenosdiasbcs.com\/#\/schema\/logo\/image\/","url":"https:\/\/buenosdiasbcs.com\/wp-content\/uploads\/2026\/01\/logo-buenos-dias-40-01.png","contentUrl":"https:\/\/buenosdiasbcs.com\/wp-content\/uploads\/2026\/01\/logo-buenos-dias-40-01.png","width":277,"height":40,"caption":"Buenos D\u00edas BCS"},"image":{"@id":"https:\/\/buenosdiasbcs.com\/#\/schema\/logo\/image\/"}},{"@type":"Person","@id":"https:\/\/buenosdiasbcs.com\/#\/schema\/person\/15aedc247eab7070ee5d76d6d069a821","name":"Edici\u00f3n Buenos D\u00edas","image":{"@type":"ImageObject","inLanguage":"es","@id":"https:\/\/buenosdiasbcs.com\/wp-content\/uploads\/2026\/01\/cropped-sol-96x96.png","url":"https:\/\/buenosdiasbcs.com\/wp-content\/uploads\/2026\/01\/cropped-sol-96x96.png","contentUrl":"https:\/\/buenosdiasbcs.com\/wp-content\/uploads\/2026\/01\/cropped-sol-96x96.png","caption":"Edici\u00f3n Buenos D\u00edas"},"url":"https:\/\/buenosdiasbcs.com\/?author=2"}]}},"amp_enabled":true,"_links":{"self":[{"href":"https:\/\/buenosdiasbcs.com\/index.php?rest_route=\/wp\/v2\/posts\/14871","targetHints":{"allow":["GET"]}}],"collection":[{"href":"https:\/\/buenosdiasbcs.com\/index.php?rest_route=\/wp\/v2\/posts"}],"about":[{"href":"https:\/\/buenosdiasbcs.com\/index.php?rest_route=\/wp\/v2\/types\/post"}],"author":[{"embeddable":true,"href":"https:\/\/buenosdiasbcs.com\/index.php?rest_route=\/wp\/v2\/users\/2"}],"replies":[{"embeddable":true,"href":"https:\/\/buenosdiasbcs.com\/index.php?rest_route=%2Fwp%2Fv2%2Fcomments&post=14871"}],"version-history":[{"count":1,"href":"https:\/\/buenosdiasbcs.com\/index.php?rest_route=\/wp\/v2\/posts\/14871\/revisions"}],"predecessor-version":[{"id":14873,"href":"https:\/\/buenosdiasbcs.com\/index.php?rest_route=\/wp\/v2\/posts\/14871\/revisions\/14873"}],"wp:featuredmedia":[{"embeddable":true,"href":"https:\/\/buenosdiasbcs.com\/index.php?rest_route=\/wp\/v2\/media\/14872"}],"wp:attachment":[{"href":"https:\/\/buenosdiasbcs.com\/index.php?rest_route=%2Fwp%2Fv2%2Fmedia&parent=14871"}],"wp:term":[{"taxonomy":"category","embeddable":true,"href":"https:\/\/buenosdiasbcs.com\/index.php?rest_route=%2Fwp%2Fv2%2Fcategories&post=14871"},{"taxonomy":"post_tag","embeddable":true,"href":"https:\/\/buenosdiasbcs.com\/index.php?rest_route=%2Fwp%2Fv2%2Ftags&post=14871"}],"curies":[{"name":"wp","href":"https:\/\/api.w.org\/{rel}","templated":true}]}}